{"id":142274,"date":"2016-05-18T16:01:30","date_gmt":"2016-05-18T19:01:30","guid":{"rendered":"http:\/\/www.quersaberpolitica.com.br\/?p=142274"},"modified":"2016-05-18T15:00:58","modified_gmt":"2016-05-18T18:00:58","slug":"odacy-amorim-entrega-nesta-quarta-o-titulo-de-cidadao-pernambucano-ao-juiz-da-infancia-e-juventude-de-petrolina-marcos-bacelar","status":"publish","type":"post","link":"https:\/\/blogdofarnesio.com.br\/?p=142274","title":{"rendered":"JUIZ DA INF\u00c2NCIA E JUVENTUDE DE PETROLINA RECEBE NESTA QUARTA, O TITULO DE CIDAD\u00c3O PERNAMBUCANO"},"content":{"rendered":"<div style=\"text-align: justify\">\n<figure id=\"attachment_142284\" aria-describedby=\"caption-attachment-142284\" style=\"width: 363px\" class=\"wp-caption aligncenter\"><a href=\"http:\/\/www.quersaberpolitica.com.br\/2016\/wp-content\/uploads\/2016\/05\/blogqspjuizmarcelobacelar0.jpg\"><img loading=\"lazy\" decoding=\"async\" class=\"wp-image-142284\" src=\"http:\/\/www.quersaberpolitica.com.br\/2016\/wp-content\/uploads\/2016\/05\/blogqspjuizmarcelobacelar0.jpg\" alt=\"blogqspjuizmarcobacelar0\" width=\"363\" height=\"274\" \/><\/a><figcaption id=\"caption-attachment-142284\" class=\"wp-caption-text\">Juiz da Inf\u00e2ncia e Juventude de Petrolina Marco Bacelar<\/figcaption><\/figure>\n<\/div>\n<div style=\"text-align: justify\">\n<div>Em Reuni\u00e3o Solene bastante prestigiada ocorrida no final da manh\u00e3 desta quarta-feira 18, o deputado estadual Odacy Amorim, do PT de Petrolina, entregou ao juiz da Inf\u00e2ncia e Juventude a cidade, Marcos Franco Bacelar, o t\u00edtulo de cidad\u00e3o pernambucano. A cerim\u00f4nia ocorreu na Assembleia Legislativa de Pernambuco (Alepe) e contou com a presen\u00e7a do presidente da Casa Joaquim Nabuco, deputado estadual Guilherme Uch\u00f4a, do PDT.<\/div>\n<div><\/div>\n<div>Baiano de Feira de Santana, Marcos Bacelar construiu sua carreira de juiz de Direito praticamente atendendo ao povo de Petrolina e cidades vizinhas. Mas atendeu logo quando ingresso na carreira munic\u00edpios como Ferreiros, Macaparana e Santa Maria da Boa Vista. Marcos Bacelar \u00e9 professor tamb\u00e9m de cursos de Direito na regi\u00e3o e tem uma carreira de destaque na \u00e1rea da inf\u00e2ncia e adolesc\u00eancia do sert\u00e3o.<\/div>\n<div><\/div>\n<div>Conforme Odacy, a homenagem \u00e9 justa e de grande merecimento. &#8220;Essa \u00e9 mais uma das in\u00fameras homenagens que Dr. Marco Bacelar tem recebido ao longo de sua carreira brilhante, com importantes servi\u00e7os prestados ao povo pernambucano e em especial, a nossa querida Petrolina&#8221;, registrou Odacy.<\/div>\n<div><i>\u00a0<\/i><\/div>\n<div><i>Dia de Liberdade Religiosa &#8211;<\/i>\u00a0Ainda nesta quarta, o deputado estadual Odacy Amorim, comanda no plen\u00e1rio principal da Alepe,\u00e0s 18h, outra Reuni\u00e3o Solene celebrando o Dia Estadual de Liberdade Religiosa. A data \u00e9 fruto de uma lei de autoria de Odacy que \u00e9 lembrada dia 25 de maio, mas o parlamentar antecipou a celebra\u00e7\u00e3o da data para esta quarta-feira.<\/div>\n<div><\/div>\n<div>&#8220;Antecipamos para poder reunir representantes de todos os segmentos religiosos de nosso estado e porque o dia 25 \u00e9 perto de um feriado. Somos favor\u00e1veis a que as pessoas tenham sua forma de celebrar a presen\u00e7a de Deus na vida de cada um e ter um dia para lembrar dessa import\u00e2ncia em nossas vidas&#8221;, concluiu Odacy.<\/p>\n<div><\/div>\n<\/div>\n<\/div>\n<p><!--more--><\/p>\n<div style=\"text-align: justify\">\n<div>\n<div>\n<div>\n<div dir=\"ltr\">\n<div>\n<div dir=\"ltr\" style=\"text-align: justify\"><em>Cinara Marques<\/em><\/div>\n<\/div>\n<\/div>\n<\/div>\n<\/div>\n<\/div>\n<\/div>\n","protected":false},"excerpt":{"rendered":"<p>Em Reuni\u00e3o Solene bastante prestigiada ocorrida no final da manh\u00e3 desta quarta-feira 18, o deputado estadual Odacy Amorim, do PT de Petrolina, entregou ao juiz da Inf\u00e2ncia e Juventude a cidade, Marcos Franco Bacelar, o t\u00edtulo de cidad\u00e3o pernambucano. A cerim\u00f4nia ocorreu na Assembleia Legislativa de Pernambuco (Alepe) e contou com a presen\u00e7a do presidente da Casa Joaquim Nabuco, deputado estadual Guilherme Uch\u00f4a, do PDT. Baiano de Feira de Santana, Marcos Bacelar construiu sua carreira de juiz de Direito praticamente atendendo ao povo de Petrolina e cidades vizinhas. Mas atendeu logo quando ingresso na carreira munic\u00edpios como Ferreiros, Macaparana e Santa Maria da Boa Vista. Marcos Bacelar \u00e9 professor tamb\u00e9m de cursos de Direito na regi\u00e3o e tem uma carreira&hellip; <\/p>\n","protected":false},"author":7,"featured_media":0,"comment_status":"open","ping_status":"open","sticky":false,"template":"","format":"standard","meta":{"_acf_changed":false,"footnotes":""},"categories":[1],"tags":[],"class_list":["post-142274","post","type-post","status-publish","format-standard","hentry","category-politica"],"acf":[],"yoast_head":"<!-- This site is optimized with the Yoast SEO plugin v27.4 - https:\/\/yoast.com\/product\/yoast-seo-wordpress\/ -->\n<title>JUIZ DA INF\u00c2NCIA E JUVENTUDE DE PETROLINA RECEBE NESTA QUARTA, O TITULO DE CIDAD\u00c3O PERNAMBUCANO - Blog do Farn\u00e9sio<\/title>\n<meta name=\"robots\" content=\"index, follow, max-snippet:-1, max-image-preview:large, max-video-preview:-1\" \/>\n<link rel=\"canonical\" href=\"https:\/\/blogdofarnesio.com.br\/?p=142274\" \/>\n<meta property=\"og:locale\" content=\"pt_BR\" \/>\n<meta property=\"og:type\" content=\"article\" \/>\n<meta property=\"og:title\" content=\"JUIZ DA INF\u00c2NCIA E JUVENTUDE DE PETROLINA RECEBE NESTA QUARTA, O TITULO DE CIDAD\u00c3O PERNAMBUCANO - Blog do Farn\u00e9sio\" \/>\n<meta property=\"og:description\" content=\"Em Reuni\u00e3o Solene bastante prestigiada ocorrida no final da manh\u00e3 desta quarta-feira 18, o deputado estadual Odacy Amorim, do PT de Petrolina, entregou ao juiz da Inf\u00e2ncia e Juventude a cidade, Marcos Franco Bacelar, o t\u00edtulo de cidad\u00e3o pernambucano. A cerim\u00f4nia ocorreu na Assembleia Legislativa de Pernambuco (Alepe) e contou com a presen\u00e7a do presidente da Casa Joaquim Nabuco, deputado estadual Guilherme Uch\u00f4a, do PDT. Baiano de Feira de Santana, Marcos Bacelar construiu sua carreira de juiz de Direito praticamente atendendo ao povo de Petrolina e cidades vizinhas. Mas atendeu logo quando ingresso na carreira munic\u00edpios como Ferreiros, Macaparana e Santa Maria da Boa Vista. Marcos Bacelar \u00e9 professor tamb\u00e9m de cursos de Direito na regi\u00e3o e tem uma carreira&hellip;\" \/>\n<meta property=\"og:url\" content=\"https:\/\/blogdofarnesio.com.br\/?p=142274\" \/>\n<meta property=\"og:site_name\" content=\"Blog do Farn\u00e9sio\" \/>\n<meta property=\"article:publisher\" content=\"https:\/\/www.facebook.com\/BlogQuerSaberPolitica\/\" \/>\n<meta property=\"article:published_time\" content=\"2016-05-18T19:01:30+00:00\" \/>\n<meta property=\"og:image\" content=\"http:\/\/www.quersaberpolitica.com.br\/2016\/wp-content\/uploads\/2016\/05\/blogqspjuizmarcelobacelar0.jpg\" \/>\n<meta name=\"twitter:card\" content=\"summary_large_image\" \/>\n<meta name=\"twitter:label1\" content=\"Escrito por\" \/>\n\t<meta name=\"twitter:data1\" content=\"\" \/>\n\t<meta name=\"twitter:label2\" content=\"Est. tempo de leitura\" \/>\n\t<meta name=\"twitter:data2\" content=\"2 minutos\" \/>\n<script type=\"application\/ld+json\" class=\"yoast-schema-graph\">{\"@context\":\"https:\\\/\\\/schema.org\",\"@graph\":[{\"@type\":\"Article\",\"@id\":\"https:\\\/\\\/blogdofarnesio.com.br\\\/?p=142274#article\",\"isPartOf\":{\"@id\":\"https:\\\/\\\/blogdofarnesio.com.br\\\/?p=142274\"},\"author\":{\"name\":\"\",\"@id\":\"\"},\"headline\":\"JUIZ DA INF\u00c2NCIA E JUVENTUDE DE PETROLINA RECEBE NESTA QUARTA, O TITULO DE CIDAD\u00c3O PERNAMBUCANO\",\"datePublished\":\"2016-05-18T19:01:30+00:00\",\"mainEntityOfPage\":{\"@id\":\"https:\\\/\\\/blogdofarnesio.com.br\\\/?p=142274\"},\"wordCount\":339,\"commentCount\":0,\"publisher\":{\"@id\":\"https:\\\/\\\/blogdofarnesio.com.br\\\/#organization\"},\"image\":{\"@id\":\"https:\\\/\\\/blogdofarnesio.com.br\\\/?p=142274#primaryimage\"},\"thumbnailUrl\":\"http:\\\/\\\/www.quersaberpolitica.com.br\\\/2016\\\/wp-content\\\/uploads\\\/2016\\\/05\\\/blogqspjuizmarcelobacelar0.jpg\",\"articleSection\":[\"Pol\u00edtica\"],\"inLanguage\":\"pt-BR\",\"potentialAction\":[{\"@type\":\"CommentAction\",\"name\":\"Comment\",\"target\":[\"https:\\\/\\\/blogdofarnesio.com.br\\\/?p=142274#respond\"]}]},{\"@type\":\"WebPage\",\"@id\":\"https:\\\/\\\/blogdofarnesio.com.br\\\/?p=142274\",\"url\":\"https:\\\/\\\/blogdofarnesio.com.br\\\/?p=142274\",\"name\":\"JUIZ DA INF\u00c2NCIA E JUVENTUDE DE PETROLINA RECEBE NESTA QUARTA, O TITULO DE CIDAD\u00c3O PERNAMBUCANO - Blog do Farn\u00e9sio\",\"isPartOf\":{\"@id\":\"https:\\\/\\\/blogdofarnesio.com.br\\\/#website\"},\"primaryImageOfPage\":{\"@id\":\"https:\\\/\\\/blogdofarnesio.com.br\\\/?p=142274#primaryimage\"},\"image\":{\"@id\":\"https:\\\/\\\/blogdofarnesio.com.br\\\/?p=142274#primaryimage\"},\"thumbnailUrl\":\"http:\\\/\\\/www.quersaberpolitica.com.br\\\/2016\\\/wp-content\\\/uploads\\\/2016\\\/05\\\/blogqspjuizmarcelobacelar0.jpg\",\"datePublished\":\"2016-05-18T19:01:30+00:00\",\"breadcrumb\":{\"@id\":\"https:\\\/\\\/blogdofarnesio.com.br\\\/?p=142274#breadcrumb\"},\"inLanguage\":\"pt-BR\",\"potentialAction\":[{\"@type\":\"ReadAction\",\"target\":[\"https:\\\/\\\/blogdofarnesio.com.br\\\/?p=142274\"]}]},{\"@type\":\"ImageObject\",\"inLanguage\":\"pt-BR\",\"@id\":\"https:\\\/\\\/blogdofarnesio.com.br\\\/?p=142274#primaryimage\",\"url\":\"http:\\\/\\\/www.quersaberpolitica.com.br\\\/2016\\\/wp-content\\\/uploads\\\/2016\\\/05\\\/blogqspjuizmarcelobacelar0.jpg\",\"contentUrl\":\"http:\\\/\\\/www.quersaberpolitica.com.br\\\/2016\\\/wp-content\\\/uploads\\\/2016\\\/05\\\/blogqspjuizmarcelobacelar0.jpg\"},{\"@type\":\"BreadcrumbList\",\"@id\":\"https:\\\/\\\/blogdofarnesio.com.br\\\/?p=142274#breadcrumb\",\"itemListElement\":[{\"@type\":\"ListItem\",\"position\":1,\"name\":\"In\u00edcio\",\"item\":\"https:\\\/\\\/blogdofarnesio.com.br\\\/\"},{\"@type\":\"ListItem\",\"position\":2,\"name\":\"JUIZ DA INF\u00c2NCIA E JUVENTUDE DE PETROLINA RECEBE NESTA QUARTA, O TITULO DE CIDAD\u00c3O PERNAMBUCANO\"}]},{\"@type\":\"WebSite\",\"@id\":\"https:\\\/\\\/blogdofarnesio.com.br\\\/#website\",\"url\":\"https:\\\/\\\/blogdofarnesio.com.br\\\/\",\"name\":\"Blog do Farn\u00e9sio\",\"description\":\"Quer Saber Pol\u00edtica?\",\"publisher\":{\"@id\":\"https:\\\/\\\/blogdofarnesio.com.br\\\/#organization\"},\"potentialAction\":[{\"@type\":\"SearchAction\",\"target\":{\"@type\":\"EntryPoint\",\"urlTemplate\":\"https:\\\/\\\/blogdofarnesio.com.br\\\/?s={search_term_string}\"},\"query-input\":{\"@type\":\"PropertyValueSpecification\",\"valueRequired\":true,\"valueName\":\"search_term_string\"}}],\"inLanguage\":\"pt-BR\"},{\"@type\":\"Organization\",\"@id\":\"https:\\\/\\\/blogdofarnesio.com.br\\\/#organization\",\"name\":\"Blog do Farn\u00e9sio\",\"url\":\"https:\\\/\\\/blogdofarnesio.com.br\\\/\",\"logo\":{\"@type\":\"ImageObject\",\"inLanguage\":\"pt-BR\",\"@id\":\"https:\\\/\\\/blogdofarnesio.com.br\\\/#\\\/schema\\\/logo\\\/image\\\/\",\"url\":\"https:\\\/\\\/blogdofarnesio.com.br\\\/wp-content\\\/uploads\\\/2026\\\/03\\\/cropped-logo_new-1.png\",\"contentUrl\":\"https:\\\/\\\/blogdofarnesio.com.br\\\/wp-content\\\/uploads\\\/2026\\\/03\\\/cropped-logo_new-1.png\",\"width\":881,\"height\":685,\"caption\":\"Blog do Farn\u00e9sio\"},\"image\":{\"@id\":\"https:\\\/\\\/blogdofarnesio.com.br\\\/#\\\/schema\\\/logo\\\/image\\\/\"},\"sameAs\":[\"https:\\\/\\\/www.facebook.com\\\/BlogQuerSaberPolitica\\\/\"]},{\"@type\":\"Person\",\"@id\":\"\",\"url\":\"https:\\\/\\\/blogdofarnesio.com.br\\\/?author=7\"}]}<\/script>\n<!-- \/ Yoast SEO plugin. -->","yoast_head_json":{"title":"JUIZ DA INF\u00c2NCIA E JUVENTUDE DE PETROLINA RECEBE NESTA QUARTA, O TITULO DE CIDAD\u00c3O PERNAMBUCANO - Blog do Farn\u00e9sio","robots":{"index":"index","follow":"follow","max-snippet":"max-snippet:-1","max-image-preview":"max-image-preview:large","max-video-preview":"max-video-preview:-1"},"canonical":"https:\/\/blogdofarnesio.com.br\/?p=142274","og_locale":"pt_BR","og_type":"article","og_title":"JUIZ DA INF\u00c2NCIA E JUVENTUDE DE PETROLINA RECEBE NESTA QUARTA, O TITULO DE CIDAD\u00c3O PERNAMBUCANO - Blog do Farn\u00e9sio","og_description":"Em Reuni\u00e3o Solene bastante prestigiada ocorrida no final da manh\u00e3 desta quarta-feira 18, o deputado estadual Odacy Amorim, do PT de Petrolina, entregou ao juiz da Inf\u00e2ncia e Juventude a cidade, Marcos Franco Bacelar, o t\u00edtulo de cidad\u00e3o pernambucano. A cerim\u00f4nia ocorreu na Assembleia Legislativa de Pernambuco (Alepe) e contou com a presen\u00e7a do presidente da Casa Joaquim Nabuco, deputado estadual Guilherme Uch\u00f4a, do PDT. Baiano de Feira de Santana, Marcos Bacelar construiu sua carreira de juiz de Direito praticamente atendendo ao povo de Petrolina e cidades vizinhas. Mas atendeu logo quando ingresso na carreira munic\u00edpios como Ferreiros, Macaparana e Santa Maria da Boa Vista. Marcos Bacelar \u00e9 professor tamb\u00e9m de cursos de Direito na regi\u00e3o e tem uma carreira&hellip;","og_url":"https:\/\/blogdofarnesio.com.br\/?p=142274","og_site_name":"Blog do Farn\u00e9sio","article_publisher":"https:\/\/www.facebook.com\/BlogQuerSaberPolitica\/","article_published_time":"2016-05-18T19:01:30+00:00","og_image":[{"url":"http:\/\/www.quersaberpolitica.com.br\/2016\/wp-content\/uploads\/2016\/05\/blogqspjuizmarcelobacelar0.jpg","type":"","width":"","height":""}],"twitter_card":"summary_large_image","twitter_misc":{"Escrito por":"","Est. tempo de leitura":"2 minutos"},"schema":{"@context":"https:\/\/schema.org","@graph":[{"@type":"Article","@id":"https:\/\/blogdofarnesio.com.br\/?p=142274#article","isPartOf":{"@id":"https:\/\/blogdofarnesio.com.br\/?p=142274"},"author":{"name":"","@id":""},"headline":"JUIZ DA INF\u00c2NCIA E JUVENTUDE DE PETROLINA RECEBE NESTA QUARTA, O TITULO DE CIDAD\u00c3O PERNAMBUCANO","datePublished":"2016-05-18T19:01:30+00:00","mainEntityOfPage":{"@id":"https:\/\/blogdofarnesio.com.br\/?p=142274"},"wordCount":339,"commentCount":0,"publisher":{"@id":"https:\/\/blogdofarnesio.com.br\/#organization"},"image":{"@id":"https:\/\/blogdofarnesio.com.br\/?p=142274#primaryimage"},"thumbnailUrl":"http:\/\/www.quersaberpolitica.com.br\/2016\/wp-content\/uploads\/2016\/05\/blogqspjuizmarcelobacelar0.jpg","articleSection":["Pol\u00edtica"],"inLanguage":"pt-BR","potentialAction":[{"@type":"CommentAction","name":"Comment","target":["https:\/\/blogdofarnesio.com.br\/?p=142274#respond"]}]},{"@type":"WebPage","@id":"https:\/\/blogdofarnesio.com.br\/?p=142274","url":"https:\/\/blogdofarnesio.com.br\/?p=142274","name":"JUIZ DA INF\u00c2NCIA E JUVENTUDE DE PETROLINA RECEBE NESTA QUARTA, O TITULO DE CIDAD\u00c3O PERNAMBUCANO - Blog do Farn\u00e9sio","isPartOf":{"@id":"https:\/\/blogdofarnesio.com.br\/#website"},"primaryImageOfPage":{"@id":"https:\/\/blogdofarnesio.com.br\/?p=142274#primaryimage"},"image":{"@id":"https:\/\/blogdofarnesio.com.br\/?p=142274#primaryimage"},"thumbnailUrl":"http:\/\/www.quersaberpolitica.com.br\/2016\/wp-content\/uploads\/2016\/05\/blogqspjuizmarcelobacelar0.jpg","datePublished":"2016-05-18T19:01:30+00:00","breadcrumb":{"@id":"https:\/\/blogdofarnesio.com.br\/?p=142274#breadcrumb"},"inLanguage":"pt-BR","potentialAction":[{"@type":"ReadAction","target":["https:\/\/blogdofarnesio.com.br\/?p=142274"]}]},{"@type":"ImageObject","inLanguage":"pt-BR","@id":"https:\/\/blogdofarnesio.com.br\/?p=142274#primaryimage","url":"http:\/\/www.quersaberpolitica.com.br\/2016\/wp-content\/uploads\/2016\/05\/blogqspjuizmarcelobacelar0.jpg","contentUrl":"http:\/\/www.quersaberpolitica.com.br\/2016\/wp-content\/uploads\/2016\/05\/blogqspjuizmarcelobacelar0.jpg"},{"@type":"BreadcrumbList","@id":"https:\/\/blogdofarnesio.com.br\/?p=142274#breadcrumb","itemListElement":[{"@type":"ListItem","position":1,"name":"In\u00edcio","item":"https:\/\/blogdofarnesio.com.br\/"},{"@type":"ListItem","position":2,"name":"JUIZ DA INF\u00c2NCIA E JUVENTUDE DE PETROLINA RECEBE NESTA QUARTA, O TITULO DE CIDAD\u00c3O PERNAMBUCANO"}]},{"@type":"WebSite","@id":"https:\/\/blogdofarnesio.com.br\/#website","url":"https:\/\/blogdofarnesio.com.br\/","name":"Blog do Farn\u00e9sio","description":"Quer Saber Pol\u00edtica?","publisher":{"@id":"https:\/\/blogdofarnesio.com.br\/#organization"},"potentialAction":[{"@type":"SearchAction","target":{"@type":"EntryPoint","urlTemplate":"https:\/\/blogdofarnesio.com.br\/?s={search_term_string}"},"query-input":{"@type":"PropertyValueSpecification","valueRequired":true,"valueName":"search_term_string"}}],"inLanguage":"pt-BR"},{"@type":"Organization","@id":"https:\/\/blogdofarnesio.com.br\/#organization","name":"Blog do Farn\u00e9sio","url":"https:\/\/blogdofarnesio.com.br\/","logo":{"@type":"ImageObject","inLanguage":"pt-BR","@id":"https:\/\/blogdofarnesio.com.br\/#\/schema\/logo\/image\/","url":"https:\/\/blogdofarnesio.com.br\/wp-content\/uploads\/2026\/03\/cropped-logo_new-1.png","contentUrl":"https:\/\/blogdofarnesio.com.br\/wp-content\/uploads\/2026\/03\/cropped-logo_new-1.png","width":881,"height":685,"caption":"Blog do Farn\u00e9sio"},"image":{"@id":"https:\/\/blogdofarnesio.com.br\/#\/schema\/logo\/image\/"},"sameAs":["https:\/\/www.facebook.com\/BlogQuerSaberPolitica\/"]},{"@type":"Person","@id":"","url":"https:\/\/blogdofarnesio.com.br\/?author=7"}]}},"_links":{"self":[{"href":"https:\/\/blogdofarnesio.com.br\/index.php?rest_route=\/wp\/v2\/posts\/142274","targetHints":{"allow":["GET"]}}],"collection":[{"href":"https:\/\/blogdofarnesio.com.br\/index.php?rest_route=\/wp\/v2\/posts"}],"about":[{"href":"https:\/\/blogdofarnesio.com.br\/index.php?rest_route=\/wp\/v2\/types\/post"}],"author":[{"embeddable":true,"href":"https:\/\/blogdofarnesio.com.br\/index.php?rest_route=\/wp\/v2\/users\/7"}],"replies":[{"embeddable":true,"href":"https:\/\/blogdofarnesio.com.br\/index.php?rest_route=%2Fwp%2Fv2%2Fcomments&post=142274"}],"version-history":[{"count":0,"href":"https:\/\/blogdofarnesio.com.br\/index.php?rest_route=\/wp\/v2\/posts\/142274\/revisions"}],"wp:attachment":[{"href":"https:\/\/blogdofarnesio.com.br\/index.php?rest_route=%2Fwp%2Fv2%2Fmedia&parent=142274"}],"wp:term":[{"taxonomy":"category","embeddable":true,"href":"https:\/\/blogdofarnesio.com.br\/index.php?rest_route=%2Fwp%2Fv2%2Fcategories&post=142274"},{"taxonomy":"post_tag","embeddable":true,"href":"https:\/\/blogdofarnesio.com.br\/index.php?rest_route=%2Fwp%2Fv2%2Ftags&post=142274"}],"curies":[{"name":"wp","href":"https:\/\/api.w.org\/{rel}","templated":true}]}}