{"id":142257,"date":"2016-05-18T15:21:51","date_gmt":"2016-05-18T18:21:51","guid":{"rendered":"http:\/\/www.quersaberpolitica.com.br\/?p=142257"},"modified":"2016-05-18T14:02:19","modified_gmt":"2016-05-18T17:02:19","slug":"vereadores-de-oposicao-questionam-infraestrutura-do-cemiterio-central","status":"publish","type":"post","link":"https:\/\/blogdofarnesio.com.br\/?p=142257","title":{"rendered":"VEREADORES DE OPOSI\u00c7\u00c3O QUESTIONAM INFRAESTRUTURA DO CEMIT\u00c9RIO CENTRAL"},"content":{"rendered":"<p style=\"text-align: justify\"><a href=\"http:\/\/www.quersaberpolitica.com.br\/2016\/wp-content\/uploads\/2015\/09\/blogqsp-vereadora-neguinha.jpg\"><img loading=\"lazy\" decoding=\"async\" class=\" size-full wp-image-130701 aligncenter\" src=\"http:\/\/www.quersaberpolitica.com.br\/2016\/wp-content\/uploads\/2015\/09\/blogqsp-vereadora-neguinha.jpg\" alt=\"blogqsp-vereadora-neguinha\" width=\"448\" height=\"299\" srcset=\"https:\/\/blogdofarnesio.com.br\/wp-content\/uploads\/2015\/09\/blogqsp-vereadora-neguinha.jpg 448w, https:\/\/blogdofarnesio.com.br\/wp-content\/uploads\/2015\/09\/blogqsp-vereadora-neguinha-300x200.jpg 300w\" sizes=\"auto, (max-width: 448px) 100vw, 448px\" \/><\/a><\/p>\n<p style=\"text-align: justify\">Os vereadores de oposi\u00e7\u00e3o Valdeci Alves (PMDB) e Ben\u00e9 Marques (PSDB) usaram a tribuna na sess\u00e3o ordin\u00e1ria desta segunda-feira (16) para solicitar melhorias na infraestrutura e limpeza do cemit\u00e9rio central de Juazeiro.<\/p>\n<p style=\"text-align: justify\">\u201cO que est\u00e1 acontecendo naquele local \u00e9 um absurdo. Falta de responsabilidade do poder p\u00fablico com o cemit\u00e9rio de Juazeiro, que est\u00e1 cheio de mato, de lixo, falta de respeito total com as fam\u00edlias que v\u00e3o visitar seus entes queridos. Nas propagandas n\u00e3o aparece isso. Dizem que s\u00f3 os vereadores de oposi\u00e7\u00e3o querem enxergar defeito, mas nesses quase oito anos de mandato nada tem para mostrar de positivo para a sociedade. Isso \u00e9 uma vergonha para Juazeiro\u201d, declarou Neguinha da Santa Casa.<\/p>\n<p style=\"text-align: justify\">Marques classificou tal problem\u00e1tica como grav\u00edssima. \u201cPedi que fosse constru\u00eddo um novo cemit\u00e9rio no munic\u00edpio desde o meu primeiro mandato, mas nada \u00e9 feito. O do centro n\u00e3o teve nenhum projeto, sem passagem, cheio de mato, um desrespeito com os familiares. O do Jo\u00e3o Paulo II at\u00e9 que teve um certo planejamento, mas que tamb\u00e9m n\u00e3o d\u00e1 conta de suprir as necessidades do munic\u00edpio. A equipe do prefeito n\u00e3o tem dado import\u00e2ncia a essa situa\u00e7\u00e3o. A pessoa tem que ter pelo menos dignidade na hora de enterrar seus entes queridos. A limpeza \u00e9 uma coisa t\u00e3o simples de ser feita, \u00e9 falta de administra\u00e7\u00e3o. O ideal \u00e9 que fosse uma vez por m\u00eas, mas se fossem 2x ao ano, j\u00e1 traria uma melhoria para a popula\u00e7\u00e3o\u201d, concluiu.<\/p>\n<p style=\"text-align: justify\">Durante a sess\u00e3o, os vereadores demonstraram imagens da situa\u00e7\u00e3o do cemit\u00e9rio em meio aos lixo e o matagal.<\/p>\n<p><em>Por Laiza Campos<\/em><\/p>\n","protected":false},"excerpt":{"rendered":"<p>Os vereadores de oposi\u00e7\u00e3o Valdeci Alves (PMDB) e Ben\u00e9 Marques (PSDB) usaram a tribuna na sess\u00e3o ordin\u00e1ria desta segunda-feira (16) para solicitar melhorias na infraestrutura e limpeza do cemit\u00e9rio central de Juazeiro. \u201cO que est\u00e1 acontecendo naquele local \u00e9 um absurdo. Falta de responsabilidade do poder p\u00fablico com o cemit\u00e9rio de Juazeiro, que est\u00e1 cheio de mato, de lixo, falta de respeito total com as fam\u00edlias que v\u00e3o visitar seus entes queridos. Nas propagandas n\u00e3o aparece isso. Dizem que s\u00f3 os vereadores de oposi\u00e7\u00e3o querem enxergar defeito, mas nesses quase oito anos de mandato nada tem para mostrar de positivo para a sociedade. Isso \u00e9 uma vergonha para Juazeiro\u201d, declarou Neguinha da Santa Casa. Marques classificou tal problem\u00e1tica como grav\u00edssima.&hellip; <\/p>\n","protected":false},"author":7,"featured_media":0,"comment_status":"open","ping_status":"open","sticky":false,"template":"","format":"standard","meta":{"_acf_changed":false,"footnotes":""},"categories":[1],"tags":[],"class_list":["post-142257","post","type-post","status-publish","format-standard","hentry","category-politica"],"acf":[],"yoast_head":"<!-- This site is optimized with the Yoast SEO plugin v27.4 - https:\/\/yoast.com\/product\/yoast-seo-wordpress\/ -->\n<title>VEREADORES DE OPOSI\u00c7\u00c3O QUESTIONAM INFRAESTRUTURA DO CEMIT\u00c9RIO CENTRAL - Blog do Farn\u00e9sio<\/title>\n<meta name=\"robots\" content=\"index, follow, max-snippet:-1, max-image-preview:large, max-video-preview:-1\" \/>\n<link rel=\"canonical\" href=\"https:\/\/blogdofarnesio.com.br\/?p=142257\" \/>\n<meta property=\"og:locale\" content=\"pt_BR\" \/>\n<meta property=\"og:type\" content=\"article\" \/>\n<meta property=\"og:title\" content=\"VEREADORES DE OPOSI\u00c7\u00c3O QUESTIONAM INFRAESTRUTURA DO CEMIT\u00c9RIO CENTRAL - Blog do Farn\u00e9sio\" \/>\n<meta property=\"og:description\" content=\"Os vereadores de oposi\u00e7\u00e3o Valdeci Alves (PMDB) e Ben\u00e9 Marques (PSDB) usaram a tribuna na sess\u00e3o ordin\u00e1ria desta segunda-feira (16) para solicitar melhorias na infraestrutura e limpeza do cemit\u00e9rio central de Juazeiro. \u201cO que est\u00e1 acontecendo naquele local \u00e9 um absurdo. Falta de responsabilidade do poder p\u00fablico com o cemit\u00e9rio de Juazeiro, que est\u00e1 cheio de mato, de lixo, falta de respeito total com as fam\u00edlias que v\u00e3o visitar seus entes queridos. Nas propagandas n\u00e3o aparece isso. Dizem que s\u00f3 os vereadores de oposi\u00e7\u00e3o querem enxergar defeito, mas nesses quase oito anos de mandato nada tem para mostrar de positivo para a sociedade. Isso \u00e9 uma vergonha para Juazeiro\u201d, declarou Neguinha da Santa Casa. Marques classificou tal problem\u00e1tica como grav\u00edssima.&hellip;\" \/>\n<meta property=\"og:url\" content=\"https:\/\/blogdofarnesio.com.br\/?p=142257\" \/>\n<meta property=\"og:site_name\" content=\"Blog do Farn\u00e9sio\" \/>\n<meta property=\"article:publisher\" content=\"https:\/\/www.facebook.com\/BlogQuerSaberPolitica\/\" \/>\n<meta property=\"article:published_time\" content=\"2016-05-18T18:21:51+00:00\" \/>\n<meta property=\"og:image\" content=\"http:\/\/www.quersaberpolitica.com.br\/2016\/wp-content\/uploads\/2015\/09\/blogqsp-vereadora-neguinha.jpg\" \/>\n<meta name=\"twitter:card\" content=\"summary_large_image\" \/>\n<meta name=\"twitter:label1\" content=\"Escrito por\" \/>\n\t<meta name=\"twitter:data1\" content=\"\" \/>\n\t<meta name=\"twitter:label2\" content=\"Est. tempo de leitura\" \/>\n\t<meta name=\"twitter:data2\" content=\"1 minuto\" \/>\n<script type=\"application\/ld+json\" class=\"yoast-schema-graph\">{\"@context\":\"https:\\\/\\\/schema.org\",\"@graph\":[{\"@type\":\"Article\",\"@id\":\"https:\\\/\\\/blogdofarnesio.com.br\\\/?p=142257#article\",\"isPartOf\":{\"@id\":\"https:\\\/\\\/blogdofarnesio.com.br\\\/?p=142257\"},\"author\":{\"name\":\"\",\"@id\":\"\"},\"headline\":\"VEREADORES DE OPOSI\u00c7\u00c3O QUESTIONAM INFRAESTRUTURA DO CEMIT\u00c9RIO CENTRAL\",\"datePublished\":\"2016-05-18T18:21:51+00:00\",\"mainEntityOfPage\":{\"@id\":\"https:\\\/\\\/blogdofarnesio.com.br\\\/?p=142257\"},\"wordCount\":295,\"commentCount\":0,\"publisher\":{\"@id\":\"https:\\\/\\\/blogdofarnesio.com.br\\\/#organization\"},\"image\":{\"@id\":\"https:\\\/\\\/blogdofarnesio.com.br\\\/?p=142257#primaryimage\"},\"thumbnailUrl\":\"http:\\\/\\\/www.quersaberpolitica.com.br\\\/2016\\\/wp-content\\\/uploads\\\/2015\\\/09\\\/blogqsp-vereadora-neguinha.jpg\",\"articleSection\":[\"Pol\u00edtica\"],\"inLanguage\":\"pt-BR\",\"potentialAction\":[{\"@type\":\"CommentAction\",\"name\":\"Comment\",\"target\":[\"https:\\\/\\\/blogdofarnesio.com.br\\\/?p=142257#respond\"]}]},{\"@type\":\"WebPage\",\"@id\":\"https:\\\/\\\/blogdofarnesio.com.br\\\/?p=142257\",\"url\":\"https:\\\/\\\/blogdofarnesio.com.br\\\/?p=142257\",\"name\":\"VEREADORES DE OPOSI\u00c7\u00c3O QUESTIONAM INFRAESTRUTURA DO CEMIT\u00c9RIO CENTRAL - Blog do Farn\u00e9sio\",\"isPartOf\":{\"@id\":\"https:\\\/\\\/blogdofarnesio.com.br\\\/#website\"},\"primaryImageOfPage\":{\"@id\":\"https:\\\/\\\/blogdofarnesio.com.br\\\/?p=142257#primaryimage\"},\"image\":{\"@id\":\"https:\\\/\\\/blogdofarnesio.com.br\\\/?p=142257#primaryimage\"},\"thumbnailUrl\":\"http:\\\/\\\/www.quersaberpolitica.com.br\\\/2016\\\/wp-content\\\/uploads\\\/2015\\\/09\\\/blogqsp-vereadora-neguinha.jpg\",\"datePublished\":\"2016-05-18T18:21:51+00:00\",\"breadcrumb\":{\"@id\":\"https:\\\/\\\/blogdofarnesio.com.br\\\/?p=142257#breadcrumb\"},\"inLanguage\":\"pt-BR\",\"potentialAction\":[{\"@type\":\"ReadAction\",\"target\":[\"https:\\\/\\\/blogdofarnesio.com.br\\\/?p=142257\"]}]},{\"@type\":\"ImageObject\",\"inLanguage\":\"pt-BR\",\"@id\":\"https:\\\/\\\/blogdofarnesio.com.br\\\/?p=142257#primaryimage\",\"url\":\"http:\\\/\\\/www.quersaberpolitica.com.br\\\/2016\\\/wp-content\\\/uploads\\\/2015\\\/09\\\/blogqsp-vereadora-neguinha.jpg\",\"contentUrl\":\"http:\\\/\\\/www.quersaberpolitica.com.br\\\/2016\\\/wp-content\\\/uploads\\\/2015\\\/09\\\/blogqsp-vereadora-neguinha.jpg\"},{\"@type\":\"BreadcrumbList\",\"@id\":\"https:\\\/\\\/blogdofarnesio.com.br\\\/?p=142257#breadcrumb\",\"itemListElement\":[{\"@type\":\"ListItem\",\"position\":1,\"name\":\"In\u00edcio\",\"item\":\"https:\\\/\\\/blogdofarnesio.com.br\\\/\"},{\"@type\":\"ListItem\",\"position\":2,\"name\":\"VEREADORES DE OPOSI\u00c7\u00c3O QUESTIONAM INFRAESTRUTURA DO CEMIT\u00c9RIO CENTRAL\"}]},{\"@type\":\"WebSite\",\"@id\":\"https:\\\/\\\/blogdofarnesio.com.br\\\/#website\",\"url\":\"https:\\\/\\\/blogdofarnesio.com.br\\\/\",\"name\":\"Blog do Farn\u00e9sio\",\"description\":\"Quer Saber Pol\u00edtica?\",\"publisher\":{\"@id\":\"https:\\\/\\\/blogdofarnesio.com.br\\\/#organization\"},\"potentialAction\":[{\"@type\":\"SearchAction\",\"target\":{\"@type\":\"EntryPoint\",\"urlTemplate\":\"https:\\\/\\\/blogdofarnesio.com.br\\\/?s={search_term_string}\"},\"query-input\":{\"@type\":\"PropertyValueSpecification\",\"valueRequired\":true,\"valueName\":\"search_term_string\"}}],\"inLanguage\":\"pt-BR\"},{\"@type\":\"Organization\",\"@id\":\"https:\\\/\\\/blogdofarnesio.com.br\\\/#organization\",\"name\":\"Blog do Farn\u00e9sio\",\"url\":\"https:\\\/\\\/blogdofarnesio.com.br\\\/\",\"logo\":{\"@type\":\"ImageObject\",\"inLanguage\":\"pt-BR\",\"@id\":\"https:\\\/\\\/blogdofarnesio.com.br\\\/#\\\/schema\\\/logo\\\/image\\\/\",\"url\":\"https:\\\/\\\/blogdofarnesio.com.br\\\/wp-content\\\/uploads\\\/2026\\\/03\\\/cropped-logo_new-1.png\",\"contentUrl\":\"https:\\\/\\\/blogdofarnesio.com.br\\\/wp-content\\\/uploads\\\/2026\\\/03\\\/cropped-logo_new-1.png\",\"width\":881,\"height\":685,\"caption\":\"Blog do Farn\u00e9sio\"},\"image\":{\"@id\":\"https:\\\/\\\/blogdofarnesio.com.br\\\/#\\\/schema\\\/logo\\\/image\\\/\"},\"sameAs\":[\"https:\\\/\\\/www.facebook.com\\\/BlogQuerSaberPolitica\\\/\"]},{\"@type\":\"Person\",\"@id\":\"\",\"url\":\"https:\\\/\\\/blogdofarnesio.com.br\\\/?author=7\"}]}<\/script>\n<!-- \/ Yoast SEO plugin. -->","yoast_head_json":{"title":"VEREADORES DE OPOSI\u00c7\u00c3O QUESTIONAM INFRAESTRUTURA DO CEMIT\u00c9RIO CENTRAL - Blog do Farn\u00e9sio","robots":{"index":"index","follow":"follow","max-snippet":"max-snippet:-1","max-image-preview":"max-image-preview:large","max-video-preview":"max-video-preview:-1"},"canonical":"https:\/\/blogdofarnesio.com.br\/?p=142257","og_locale":"pt_BR","og_type":"article","og_title":"VEREADORES DE OPOSI\u00c7\u00c3O QUESTIONAM INFRAESTRUTURA DO CEMIT\u00c9RIO CENTRAL - Blog do Farn\u00e9sio","og_description":"Os vereadores de oposi\u00e7\u00e3o Valdeci Alves (PMDB) e Ben\u00e9 Marques (PSDB) usaram a tribuna na sess\u00e3o ordin\u00e1ria desta segunda-feira (16) para solicitar melhorias na infraestrutura e limpeza do cemit\u00e9rio central de Juazeiro. \u201cO que est\u00e1 acontecendo naquele local \u00e9 um absurdo. Falta de responsabilidade do poder p\u00fablico com o cemit\u00e9rio de Juazeiro, que est\u00e1 cheio de mato, de lixo, falta de respeito total com as fam\u00edlias que v\u00e3o visitar seus entes queridos. Nas propagandas n\u00e3o aparece isso. Dizem que s\u00f3 os vereadores de oposi\u00e7\u00e3o querem enxergar defeito, mas nesses quase oito anos de mandato nada tem para mostrar de positivo para a sociedade. Isso \u00e9 uma vergonha para Juazeiro\u201d, declarou Neguinha da Santa Casa. Marques classificou tal problem\u00e1tica como grav\u00edssima.&hellip;","og_url":"https:\/\/blogdofarnesio.com.br\/?p=142257","og_site_name":"Blog do Farn\u00e9sio","article_publisher":"https:\/\/www.facebook.com\/BlogQuerSaberPolitica\/","article_published_time":"2016-05-18T18:21:51+00:00","og_image":[{"url":"http:\/\/www.quersaberpolitica.com.br\/2016\/wp-content\/uploads\/2015\/09\/blogqsp-vereadora-neguinha.jpg","type":"","width":"","height":""}],"twitter_card":"summary_large_image","twitter_misc":{"Escrito por":"","Est. tempo de leitura":"1 minuto"},"schema":{"@context":"https:\/\/schema.org","@graph":[{"@type":"Article","@id":"https:\/\/blogdofarnesio.com.br\/?p=142257#article","isPartOf":{"@id":"https:\/\/blogdofarnesio.com.br\/?p=142257"},"author":{"name":"","@id":""},"headline":"VEREADORES DE OPOSI\u00c7\u00c3O QUESTIONAM INFRAESTRUTURA DO CEMIT\u00c9RIO CENTRAL","datePublished":"2016-05-18T18:21:51+00:00","mainEntityOfPage":{"@id":"https:\/\/blogdofarnesio.com.br\/?p=142257"},"wordCount":295,"commentCount":0,"publisher":{"@id":"https:\/\/blogdofarnesio.com.br\/#organization"},"image":{"@id":"https:\/\/blogdofarnesio.com.br\/?p=142257#primaryimage"},"thumbnailUrl":"http:\/\/www.quersaberpolitica.com.br\/2016\/wp-content\/uploads\/2015\/09\/blogqsp-vereadora-neguinha.jpg","articleSection":["Pol\u00edtica"],"inLanguage":"pt-BR","potentialAction":[{"@type":"CommentAction","name":"Comment","target":["https:\/\/blogdofarnesio.com.br\/?p=142257#respond"]}]},{"@type":"WebPage","@id":"https:\/\/blogdofarnesio.com.br\/?p=142257","url":"https:\/\/blogdofarnesio.com.br\/?p=142257","name":"VEREADORES DE OPOSI\u00c7\u00c3O QUESTIONAM INFRAESTRUTURA DO CEMIT\u00c9RIO CENTRAL - Blog do Farn\u00e9sio","isPartOf":{"@id":"https:\/\/blogdofarnesio.com.br\/#website"},"primaryImageOfPage":{"@id":"https:\/\/blogdofarnesio.com.br\/?p=142257#primaryimage"},"image":{"@id":"https:\/\/blogdofarnesio.com.br\/?p=142257#primaryimage"},"thumbnailUrl":"http:\/\/www.quersaberpolitica.com.br\/2016\/wp-content\/uploads\/2015\/09\/blogqsp-vereadora-neguinha.jpg","datePublished":"2016-05-18T18:21:51+00:00","breadcrumb":{"@id":"https:\/\/blogdofarnesio.com.br\/?p=142257#breadcrumb"},"inLanguage":"pt-BR","potentialAction":[{"@type":"ReadAction","target":["https:\/\/blogdofarnesio.com.br\/?p=142257"]}]},{"@type":"ImageObject","inLanguage":"pt-BR","@id":"https:\/\/blogdofarnesio.com.br\/?p=142257#primaryimage","url":"http:\/\/www.quersaberpolitica.com.br\/2016\/wp-content\/uploads\/2015\/09\/blogqsp-vereadora-neguinha.jpg","contentUrl":"http:\/\/www.quersaberpolitica.com.br\/2016\/wp-content\/uploads\/2015\/09\/blogqsp-vereadora-neguinha.jpg"},{"@type":"BreadcrumbList","@id":"https:\/\/blogdofarnesio.com.br\/?p=142257#breadcrumb","itemListElement":[{"@type":"ListItem","position":1,"name":"In\u00edcio","item":"https:\/\/blogdofarnesio.com.br\/"},{"@type":"ListItem","position":2,"name":"VEREADORES DE OPOSI\u00c7\u00c3O QUESTIONAM INFRAESTRUTURA DO CEMIT\u00c9RIO CENTRAL"}]},{"@type":"WebSite","@id":"https:\/\/blogdofarnesio.com.br\/#website","url":"https:\/\/blogdofarnesio.com.br\/","name":"Blog do Farn\u00e9sio","description":"Quer Saber Pol\u00edtica?","publisher":{"@id":"https:\/\/blogdofarnesio.com.br\/#organization"},"potentialAction":[{"@type":"SearchAction","target":{"@type":"EntryPoint","urlTemplate":"https:\/\/blogdofarnesio.com.br\/?s={search_term_string}"},"query-input":{"@type":"PropertyValueSpecification","valueRequired":true,"valueName":"search_term_string"}}],"inLanguage":"pt-BR"},{"@type":"Organization","@id":"https:\/\/blogdofarnesio.com.br\/#organization","name":"Blog do Farn\u00e9sio","url":"https:\/\/blogdofarnesio.com.br\/","logo":{"@type":"ImageObject","inLanguage":"pt-BR","@id":"https:\/\/blogdofarnesio.com.br\/#\/schema\/logo\/image\/","url":"https:\/\/blogdofarnesio.com.br\/wp-content\/uploads\/2026\/03\/cropped-logo_new-1.png","contentUrl":"https:\/\/blogdofarnesio.com.br\/wp-content\/uploads\/2026\/03\/cropped-logo_new-1.png","width":881,"height":685,"caption":"Blog do Farn\u00e9sio"},"image":{"@id":"https:\/\/blogdofarnesio.com.br\/#\/schema\/logo\/image\/"},"sameAs":["https:\/\/www.facebook.com\/BlogQuerSaberPolitica\/"]},{"@type":"Person","@id":"","url":"https:\/\/blogdofarnesio.com.br\/?author=7"}]}},"_links":{"self":[{"href":"https:\/\/blogdofarnesio.com.br\/index.php?rest_route=\/wp\/v2\/posts\/142257","targetHints":{"allow":["GET"]}}],"collection":[{"href":"https:\/\/blogdofarnesio.com.br\/index.php?rest_route=\/wp\/v2\/posts"}],"about":[{"href":"https:\/\/blogdofarnesio.com.br\/index.php?rest_route=\/wp\/v2\/types\/post"}],"author":[{"embeddable":true,"href":"https:\/\/blogdofarnesio.com.br\/index.php?rest_route=\/wp\/v2\/users\/7"}],"replies":[{"embeddable":true,"href":"https:\/\/blogdofarnesio.com.br\/index.php?rest_route=%2Fwp%2Fv2%2Fcomments&post=142257"}],"version-history":[{"count":0,"href":"https:\/\/blogdofarnesio.com.br\/index.php?rest_route=\/wp\/v2\/posts\/142257\/revisions"}],"wp:attachment":[{"href":"https:\/\/blogdofarnesio.com.br\/index.php?rest_route=%2Fwp%2Fv2%2Fmedia&parent=142257"}],"wp:term":[{"taxonomy":"category","embeddable":true,"href":"https:\/\/blogdofarnesio.com.br\/index.php?rest_route=%2Fwp%2Fv2%2Fcategories&post=142257"},{"taxonomy":"post_tag","embeddable":true,"href":"https:\/\/blogdofarnesio.com.br\/index.php?rest_route=%2Fwp%2Fv2%2Ftags&post=142257"}],"curies":[{"name":"wp","href":"https:\/\/api.w.org\/{rel}","templated":true}]}}