{"id":141830,"date":"2016-05-10T15:00:25","date_gmt":"2016-05-10T18:00:25","guid":{"rendered":"http:\/\/www.quersaberpolitica.com.br\/?p=141830"},"modified":"2016-05-10T10:47:22","modified_gmt":"2016-05-10T13:47:22","slug":"colegio-auxiliadora-realiza-esta-noite-missa-em-memoria-da-menina-beatriz","status":"publish","type":"post","link":"https:\/\/blogdofarnesio.com.br\/?p=141830","title":{"rendered":"COL\u00c9GIO AUXILIADORA REALIZA ESTA NOITE, MISSA EM MEM\u00d3RIA DA MENINA BEATRIZ"},"content":{"rendered":"<p><a href=\"http:\/\/www.quersaberpolitica.com.br\/2016\/wp-content\/uploads\/2016\/05\/blogqsp-missabeatriz.png\"><img loading=\"lazy\" decoding=\"async\" class=\" size-full wp-image-141831 aligncenter\" src=\"http:\/\/www.quersaberpolitica.com.br\/2016\/wp-content\/uploads\/2016\/05\/blogqsp-missabeatriz.png\" alt=\"blogqsp-missabeatriz\" width=\"442\" height=\"227\" srcset=\"https:\/\/blogdofarnesio.com.br\/wp-content\/uploads\/2016\/05\/blogqsp-missabeatriz.png 442w, https:\/\/blogdofarnesio.com.br\/wp-content\/uploads\/2016\/05\/blogqsp-missabeatriz-300x154.png 300w\" sizes=\"auto, (max-width: 442px) 100vw, 442px\" \/><\/a><\/p>\n<p>O dia 10 de maio marca 5 meses da morte prematura e tr\u00e1gica de Beatriz Angelica Mota, aluna do Col\u00e9gio Nossa Senhora Auxiliadora. Em mem\u00f3ria da menina, que partiu aos 7 anos, a comunidade acad\u00eamica e religiosa da escola vai realizar uma missa na Capela da unidade de ensino, \u00e0s 18h.<\/p>\n<p align=\"justify\">De acordo com o corpo diretivo do Auxiliadora, a oportunidade servir\u00e1 para reunir alunos, professores, pais e a fam\u00edlia de Beatriz em um momento de ora\u00e7\u00e3o e reflex\u00e3o. \u201cEstaremos juntos lembrando de Beatriz e rogando para que esse caso tenha um desfecho breve&#8221;, destaca Irm\u00e3 Julia Maria, diretora do Col\u00e9gio Auxiliadora, acrescentando que a missa \u00e9 aberta para todos que desejem participar.<\/p>\n<p align=\"justify\">Al\u00e9m de um ato religioso, o evento \u00e9 mais uma manifesta\u00e7\u00e3o do Col\u00e9gio para pedir justi\u00e7a pela morte de Beatriz e reivindicar que os respons\u00e1veis pelo crime sejam descobertos e punidos. A celebra\u00e7\u00e3o eucar\u00edstica ser\u00e1 presidida pelo Padre Ant\u00f4nio Moreno, diretor do Col\u00e9gio Dom Bosco e ser\u00e1 transmitida ao vivo pela Emissora Rural, a Voz do S\u00e3o Francisco.<\/p>\n<p align=\"justify\"><em>Ascom<\/em><\/p>\n<p>&nbsp;<\/p>\n","protected":false},"excerpt":{"rendered":"<p>O dia 10 de maio marca 5 meses da morte prematura e tr\u00e1gica de Beatriz Angelica Mota, aluna do Col\u00e9gio Nossa Senhora Auxiliadora. Em mem\u00f3ria da menina, que partiu aos 7 anos, a comunidade acad\u00eamica e religiosa da escola vai realizar uma missa na Capela da unidade de ensino, \u00e0s 18h. De acordo com o corpo diretivo do Auxiliadora, a oportunidade servir\u00e1 para reunir alunos, professores, pais e a fam\u00edlia de Beatriz em um momento de ora\u00e7\u00e3o e reflex\u00e3o. \u201cEstaremos juntos lembrando de Beatriz e rogando para que esse caso tenha um desfecho breve&#8221;, destaca Irm\u00e3 Julia Maria, diretora do Col\u00e9gio Auxiliadora, acrescentando que a missa \u00e9 aberta para todos que desejem participar. Al\u00e9m de um ato religioso, o evento&hellip; <\/p>\n","protected":false},"author":7,"featured_media":0,"comment_status":"open","ping_status":"open","sticky":false,"template":"","format":"standard","meta":{"_acf_changed":false,"footnotes":""},"categories":[7],"tags":[],"class_list":["post-141830","post","type-post","status-publish","format-standard","hentry","category-religiao"],"acf":[],"yoast_head":"<!-- This site is optimized with the Yoast SEO plugin v27.4 - https:\/\/yoast.com\/product\/yoast-seo-wordpress\/ -->\n<title>COL\u00c9GIO AUXILIADORA REALIZA ESTA NOITE, MISSA EM MEM\u00d3RIA DA MENINA BEATRIZ - Blog do Farn\u00e9sio<\/title>\n<meta name=\"robots\" content=\"index, follow, max-snippet:-1, max-image-preview:large, max-video-preview:-1\" \/>\n<link rel=\"canonical\" href=\"https:\/\/blogdofarnesio.com.br\/?p=141830\" \/>\n<meta property=\"og:locale\" content=\"pt_BR\" \/>\n<meta property=\"og:type\" content=\"article\" \/>\n<meta property=\"og:title\" content=\"COL\u00c9GIO AUXILIADORA REALIZA ESTA NOITE, MISSA EM MEM\u00d3RIA DA MENINA BEATRIZ - Blog do Farn\u00e9sio\" \/>\n<meta property=\"og:description\" content=\"O dia 10 de maio marca 5 meses da morte prematura e tr\u00e1gica de Beatriz Angelica Mota, aluna do Col\u00e9gio Nossa Senhora Auxiliadora. Em mem\u00f3ria da menina, que partiu aos 7 anos, a comunidade acad\u00eamica e religiosa da escola vai realizar uma missa na Capela da unidade de ensino, \u00e0s 18h. De acordo com o corpo diretivo do Auxiliadora, a oportunidade servir\u00e1 para reunir alunos, professores, pais e a fam\u00edlia de Beatriz em um momento de ora\u00e7\u00e3o e reflex\u00e3o. \u201cEstaremos juntos lembrando de Beatriz e rogando para que esse caso tenha um desfecho breve&#8221;, destaca Irm\u00e3 Julia Maria, diretora do Col\u00e9gio Auxiliadora, acrescentando que a missa \u00e9 aberta para todos que desejem participar. Al\u00e9m de um ato religioso, o evento&hellip;\" \/>\n<meta property=\"og:url\" content=\"https:\/\/blogdofarnesio.com.br\/?p=141830\" \/>\n<meta property=\"og:site_name\" content=\"Blog do Farn\u00e9sio\" \/>\n<meta property=\"article:publisher\" content=\"https:\/\/www.facebook.com\/BlogQuerSaberPolitica\/\" \/>\n<meta property=\"article:published_time\" content=\"2016-05-10T18:00:25+00:00\" \/>\n<meta property=\"og:image\" content=\"http:\/\/www.quersaberpolitica.com.br\/2016\/wp-content\/uploads\/2016\/05\/blogqsp-missabeatriz.png\" \/>\n<meta name=\"twitter:card\" content=\"summary_large_image\" \/>\n<meta name=\"twitter:label1\" content=\"Escrito por\" \/>\n\t<meta name=\"twitter:data1\" content=\"\" \/>\n\t<meta name=\"twitter:label2\" content=\"Est. tempo de leitura\" \/>\n\t<meta name=\"twitter:data2\" content=\"1 minuto\" \/>\n<script type=\"application\/ld+json\" class=\"yoast-schema-graph\">{\"@context\":\"https:\\\/\\\/schema.org\",\"@graph\":[{\"@type\":\"Article\",\"@id\":\"https:\\\/\\\/blogdofarnesio.com.br\\\/?p=141830#article\",\"isPartOf\":{\"@id\":\"https:\\\/\\\/blogdofarnesio.com.br\\\/?p=141830\"},\"author\":{\"name\":\"\",\"@id\":\"\"},\"headline\":\"COL\u00c9GIO AUXILIADORA REALIZA ESTA NOITE, MISSA EM MEM\u00d3RIA DA MENINA BEATRIZ\",\"datePublished\":\"2016-05-10T18:00:25+00:00\",\"mainEntityOfPage\":{\"@id\":\"https:\\\/\\\/blogdofarnesio.com.br\\\/?p=141830\"},\"wordCount\":199,\"commentCount\":0,\"publisher\":{\"@id\":\"https:\\\/\\\/blogdofarnesio.com.br\\\/#organization\"},\"image\":{\"@id\":\"https:\\\/\\\/blogdofarnesio.com.br\\\/?p=141830#primaryimage\"},\"thumbnailUrl\":\"http:\\\/\\\/www.quersaberpolitica.com.br\\\/2016\\\/wp-content\\\/uploads\\\/2016\\\/05\\\/blogqsp-missabeatriz.png\",\"articleSection\":[\"Religi\u00e3o\"],\"inLanguage\":\"pt-BR\",\"potentialAction\":[{\"@type\":\"CommentAction\",\"name\":\"Comment\",\"target\":[\"https:\\\/\\\/blogdofarnesio.com.br\\\/?p=141830#respond\"]}]},{\"@type\":\"WebPage\",\"@id\":\"https:\\\/\\\/blogdofarnesio.com.br\\\/?p=141830\",\"url\":\"https:\\\/\\\/blogdofarnesio.com.br\\\/?p=141830\",\"name\":\"COL\u00c9GIO AUXILIADORA REALIZA ESTA NOITE, MISSA EM MEM\u00d3RIA DA MENINA BEATRIZ - Blog do Farn\u00e9sio\",\"isPartOf\":{\"@id\":\"https:\\\/\\\/blogdofarnesio.com.br\\\/#website\"},\"primaryImageOfPage\":{\"@id\":\"https:\\\/\\\/blogdofarnesio.com.br\\\/?p=141830#primaryimage\"},\"image\":{\"@id\":\"https:\\\/\\\/blogdofarnesio.com.br\\\/?p=141830#primaryimage\"},\"thumbnailUrl\":\"http:\\\/\\\/www.quersaberpolitica.com.br\\\/2016\\\/wp-content\\\/uploads\\\/2016\\\/05\\\/blogqsp-missabeatriz.png\",\"datePublished\":\"2016-05-10T18:00:25+00:00\",\"breadcrumb\":{\"@id\":\"https:\\\/\\\/blogdofarnesio.com.br\\\/?p=141830#breadcrumb\"},\"inLanguage\":\"pt-BR\",\"potentialAction\":[{\"@type\":\"ReadAction\",\"target\":[\"https:\\\/\\\/blogdofarnesio.com.br\\\/?p=141830\"]}]},{\"@type\":\"ImageObject\",\"inLanguage\":\"pt-BR\",\"@id\":\"https:\\\/\\\/blogdofarnesio.com.br\\\/?p=141830#primaryimage\",\"url\":\"http:\\\/\\\/www.quersaberpolitica.com.br\\\/2016\\\/wp-content\\\/uploads\\\/2016\\\/05\\\/blogqsp-missabeatriz.png\",\"contentUrl\":\"http:\\\/\\\/www.quersaberpolitica.com.br\\\/2016\\\/wp-content\\\/uploads\\\/2016\\\/05\\\/blogqsp-missabeatriz.png\"},{\"@type\":\"BreadcrumbList\",\"@id\":\"https:\\\/\\\/blogdofarnesio.com.br\\\/?p=141830#breadcrumb\",\"itemListElement\":[{\"@type\":\"ListItem\",\"position\":1,\"name\":\"In\u00edcio\",\"item\":\"https:\\\/\\\/blogdofarnesio.com.br\\\/\"},{\"@type\":\"ListItem\",\"position\":2,\"name\":\"COL\u00c9GIO AUXILIADORA REALIZA ESTA NOITE, MISSA EM MEM\u00d3RIA DA MENINA BEATRIZ\"}]},{\"@type\":\"WebSite\",\"@id\":\"https:\\\/\\\/blogdofarnesio.com.br\\\/#website\",\"url\":\"https:\\\/\\\/blogdofarnesio.com.br\\\/\",\"name\":\"Blog do Farn\u00e9sio\",\"description\":\"Quer Saber Pol\u00edtica?\",\"publisher\":{\"@id\":\"https:\\\/\\\/blogdofarnesio.com.br\\\/#organization\"},\"potentialAction\":[{\"@type\":\"SearchAction\",\"target\":{\"@type\":\"EntryPoint\",\"urlTemplate\":\"https:\\\/\\\/blogdofarnesio.com.br\\\/?s={search_term_string}\"},\"query-input\":{\"@type\":\"PropertyValueSpecification\",\"valueRequired\":true,\"valueName\":\"search_term_string\"}}],\"inLanguage\":\"pt-BR\"},{\"@type\":\"Organization\",\"@id\":\"https:\\\/\\\/blogdofarnesio.com.br\\\/#organization\",\"name\":\"Blog do Farn\u00e9sio\",\"url\":\"https:\\\/\\\/blogdofarnesio.com.br\\\/\",\"logo\":{\"@type\":\"ImageObject\",\"inLanguage\":\"pt-BR\",\"@id\":\"https:\\\/\\\/blogdofarnesio.com.br\\\/#\\\/schema\\\/logo\\\/image\\\/\",\"url\":\"https:\\\/\\\/blogdofarnesio.com.br\\\/wp-content\\\/uploads\\\/2026\\\/03\\\/cropped-logo_new-1.png\",\"contentUrl\":\"https:\\\/\\\/blogdofarnesio.com.br\\\/wp-content\\\/uploads\\\/2026\\\/03\\\/cropped-logo_new-1.png\",\"width\":881,\"height\":685,\"caption\":\"Blog do Farn\u00e9sio\"},\"image\":{\"@id\":\"https:\\\/\\\/blogdofarnesio.com.br\\\/#\\\/schema\\\/logo\\\/image\\\/\"},\"sameAs\":[\"https:\\\/\\\/www.facebook.com\\\/BlogQuerSaberPolitica\\\/\"]},{\"@type\":\"Person\",\"@id\":\"\",\"url\":\"https:\\\/\\\/blogdofarnesio.com.br\\\/?author=7\"}]}<\/script>\n<!-- \/ Yoast SEO plugin. -->","yoast_head_json":{"title":"COL\u00c9GIO AUXILIADORA REALIZA ESTA NOITE, MISSA EM MEM\u00d3RIA DA MENINA BEATRIZ - Blog do Farn\u00e9sio","robots":{"index":"index","follow":"follow","max-snippet":"max-snippet:-1","max-image-preview":"max-image-preview:large","max-video-preview":"max-video-preview:-1"},"canonical":"https:\/\/blogdofarnesio.com.br\/?p=141830","og_locale":"pt_BR","og_type":"article","og_title":"COL\u00c9GIO AUXILIADORA REALIZA ESTA NOITE, MISSA EM MEM\u00d3RIA DA MENINA BEATRIZ - Blog do Farn\u00e9sio","og_description":"O dia 10 de maio marca 5 meses da morte prematura e tr\u00e1gica de Beatriz Angelica Mota, aluna do Col\u00e9gio Nossa Senhora Auxiliadora. Em mem\u00f3ria da menina, que partiu aos 7 anos, a comunidade acad\u00eamica e religiosa da escola vai realizar uma missa na Capela da unidade de ensino, \u00e0s 18h. De acordo com o corpo diretivo do Auxiliadora, a oportunidade servir\u00e1 para reunir alunos, professores, pais e a fam\u00edlia de Beatriz em um momento de ora\u00e7\u00e3o e reflex\u00e3o. \u201cEstaremos juntos lembrando de Beatriz e rogando para que esse caso tenha um desfecho breve&#8221;, destaca Irm\u00e3 Julia Maria, diretora do Col\u00e9gio Auxiliadora, acrescentando que a missa \u00e9 aberta para todos que desejem participar. Al\u00e9m de um ato religioso, o evento&hellip;","og_url":"https:\/\/blogdofarnesio.com.br\/?p=141830","og_site_name":"Blog do Farn\u00e9sio","article_publisher":"https:\/\/www.facebook.com\/BlogQuerSaberPolitica\/","article_published_time":"2016-05-10T18:00:25+00:00","og_image":[{"url":"http:\/\/www.quersaberpolitica.com.br\/2016\/wp-content\/uploads\/2016\/05\/blogqsp-missabeatriz.png","type":"","width":"","height":""}],"twitter_card":"summary_large_image","twitter_misc":{"Escrito por":"","Est. tempo de leitura":"1 minuto"},"schema":{"@context":"https:\/\/schema.org","@graph":[{"@type":"Article","@id":"https:\/\/blogdofarnesio.com.br\/?p=141830#article","isPartOf":{"@id":"https:\/\/blogdofarnesio.com.br\/?p=141830"},"author":{"name":"","@id":""},"headline":"COL\u00c9GIO AUXILIADORA REALIZA ESTA NOITE, MISSA EM MEM\u00d3RIA DA MENINA BEATRIZ","datePublished":"2016-05-10T18:00:25+00:00","mainEntityOfPage":{"@id":"https:\/\/blogdofarnesio.com.br\/?p=141830"},"wordCount":199,"commentCount":0,"publisher":{"@id":"https:\/\/blogdofarnesio.com.br\/#organization"},"image":{"@id":"https:\/\/blogdofarnesio.com.br\/?p=141830#primaryimage"},"thumbnailUrl":"http:\/\/www.quersaberpolitica.com.br\/2016\/wp-content\/uploads\/2016\/05\/blogqsp-missabeatriz.png","articleSection":["Religi\u00e3o"],"inLanguage":"pt-BR","potentialAction":[{"@type":"CommentAction","name":"Comment","target":["https:\/\/blogdofarnesio.com.br\/?p=141830#respond"]}]},{"@type":"WebPage","@id":"https:\/\/blogdofarnesio.com.br\/?p=141830","url":"https:\/\/blogdofarnesio.com.br\/?p=141830","name":"COL\u00c9GIO AUXILIADORA REALIZA ESTA NOITE, MISSA EM MEM\u00d3RIA DA MENINA BEATRIZ - Blog do Farn\u00e9sio","isPartOf":{"@id":"https:\/\/blogdofarnesio.com.br\/#website"},"primaryImageOfPage":{"@id":"https:\/\/blogdofarnesio.com.br\/?p=141830#primaryimage"},"image":{"@id":"https:\/\/blogdofarnesio.com.br\/?p=141830#primaryimage"},"thumbnailUrl":"http:\/\/www.quersaberpolitica.com.br\/2016\/wp-content\/uploads\/2016\/05\/blogqsp-missabeatriz.png","datePublished":"2016-05-10T18:00:25+00:00","breadcrumb":{"@id":"https:\/\/blogdofarnesio.com.br\/?p=141830#breadcrumb"},"inLanguage":"pt-BR","potentialAction":[{"@type":"ReadAction","target":["https:\/\/blogdofarnesio.com.br\/?p=141830"]}]},{"@type":"ImageObject","inLanguage":"pt-BR","@id":"https:\/\/blogdofarnesio.com.br\/?p=141830#primaryimage","url":"http:\/\/www.quersaberpolitica.com.br\/2016\/wp-content\/uploads\/2016\/05\/blogqsp-missabeatriz.png","contentUrl":"http:\/\/www.quersaberpolitica.com.br\/2016\/wp-content\/uploads\/2016\/05\/blogqsp-missabeatriz.png"},{"@type":"BreadcrumbList","@id":"https:\/\/blogdofarnesio.com.br\/?p=141830#breadcrumb","itemListElement":[{"@type":"ListItem","position":1,"name":"In\u00edcio","item":"https:\/\/blogdofarnesio.com.br\/"},{"@type":"ListItem","position":2,"name":"COL\u00c9GIO AUXILIADORA REALIZA ESTA NOITE, MISSA EM MEM\u00d3RIA DA MENINA BEATRIZ"}]},{"@type":"WebSite","@id":"https:\/\/blogdofarnesio.com.br\/#website","url":"https:\/\/blogdofarnesio.com.br\/","name":"Blog do Farn\u00e9sio","description":"Quer Saber Pol\u00edtica?","publisher":{"@id":"https:\/\/blogdofarnesio.com.br\/#organization"},"potentialAction":[{"@type":"SearchAction","target":{"@type":"EntryPoint","urlTemplate":"https:\/\/blogdofarnesio.com.br\/?s={search_term_string}"},"query-input":{"@type":"PropertyValueSpecification","valueRequired":true,"valueName":"search_term_string"}}],"inLanguage":"pt-BR"},{"@type":"Organization","@id":"https:\/\/blogdofarnesio.com.br\/#organization","name":"Blog do Farn\u00e9sio","url":"https:\/\/blogdofarnesio.com.br\/","logo":{"@type":"ImageObject","inLanguage":"pt-BR","@id":"https:\/\/blogdofarnesio.com.br\/#\/schema\/logo\/image\/","url":"https:\/\/blogdofarnesio.com.br\/wp-content\/uploads\/2026\/03\/cropped-logo_new-1.png","contentUrl":"https:\/\/blogdofarnesio.com.br\/wp-content\/uploads\/2026\/03\/cropped-logo_new-1.png","width":881,"height":685,"caption":"Blog do Farn\u00e9sio"},"image":{"@id":"https:\/\/blogdofarnesio.com.br\/#\/schema\/logo\/image\/"},"sameAs":["https:\/\/www.facebook.com\/BlogQuerSaberPolitica\/"]},{"@type":"Person","@id":"","url":"https:\/\/blogdofarnesio.com.br\/?author=7"}]}},"_links":{"self":[{"href":"https:\/\/blogdofarnesio.com.br\/index.php?rest_route=\/wp\/v2\/posts\/141830","targetHints":{"allow":["GET"]}}],"collection":[{"href":"https:\/\/blogdofarnesio.com.br\/index.php?rest_route=\/wp\/v2\/posts"}],"about":[{"href":"https:\/\/blogdofarnesio.com.br\/index.php?rest_route=\/wp\/v2\/types\/post"}],"author":[{"embeddable":true,"href":"https:\/\/blogdofarnesio.com.br\/index.php?rest_route=\/wp\/v2\/users\/7"}],"replies":[{"embeddable":true,"href":"https:\/\/blogdofarnesio.com.br\/index.php?rest_route=%2Fwp%2Fv2%2Fcomments&post=141830"}],"version-history":[{"count":0,"href":"https:\/\/blogdofarnesio.com.br\/index.php?rest_route=\/wp\/v2\/posts\/141830\/revisions"}],"wp:attachment":[{"href":"https:\/\/blogdofarnesio.com.br\/index.php?rest_route=%2Fwp%2Fv2%2Fmedia&parent=141830"}],"wp:term":[{"taxonomy":"category","embeddable":true,"href":"https:\/\/blogdofarnesio.com.br\/index.php?rest_route=%2Fwp%2Fv2%2Fcategories&post=141830"},{"taxonomy":"post_tag","embeddable":true,"href":"https:\/\/blogdofarnesio.com.br\/index.php?rest_route=%2Fwp%2Fv2%2Ftags&post=141830"}],"curies":[{"name":"wp","href":"https:\/\/api.w.org\/{rel}","templated":true}]}}