{"id":141751,"date":"2016-05-08T13:00:19","date_gmt":"2016-05-08T16:00:19","guid":{"rendered":"http:\/\/www.quersaberpolitica.com.br\/?p=141751"},"modified":"2016-05-08T11:41:08","modified_gmt":"2016-05-08T14:41:08","slug":"livro-sobre-arraes-e-lancado-no-seminario-cidades-inclusivas","status":"publish","type":"post","link":"https:\/\/blogdofarnesio.com.br\/?p=141751","title":{"rendered":"LIVRO SOBRE ARRAES \u00c9 LAN\u00c7ADO NO SEMIN\u00c1RIO &#8220;CIDADES INCLUSIVAS&#8221;"},"content":{"rendered":"<p style=\"text-align: justify\"><a href=\"http:\/\/www.quersaberpolitica.com.br\/2016\/wp-content\/uploads\/2016\/05\/blogqsp-lan\u00e7amento-livro-arraes.jpg\"><img loading=\"lazy\" decoding=\"async\" class=\" size-full wp-image-141752 aligncenter\" src=\"http:\/\/www.quersaberpolitica.com.br\/2016\/wp-content\/uploads\/2016\/05\/blogqsp-lan\u00e7amento-livro-arraes.jpg\" alt=\"blogqsp-lan\u00e7amento-livro-arraes\" width=\"448\" height=\"299\" srcset=\"https:\/\/blogdofarnesio.com.br\/wp-content\/uploads\/2016\/05\/blogqsp-lan\u00e7amento-livro-arraes.jpg 448w, https:\/\/blogdofarnesio.com.br\/wp-content\/uploads\/2016\/05\/blogqsp-lan\u00e7amento-livro-arraes-300x200.jpg 300w\" sizes=\"auto, (max-width: 448px) 100vw, 448px\" \/><\/a><\/p>\n<p style=\"text-align: justify\">Dando prosseguimento \u00e0s comemora\u00e7\u00f5es dos \u201c100 anos de Miguel Arraes\u201d, foi lan\u00e7ado nesta sexta-feira (7), o livro<em>Processo de Anistia Funcional de Miguel Arraes,<\/em>\u00a0de autoria do advogado Ant\u00f4nio Campos, neto do ex-governador de Pernambuco. A noite de aut\u00f3grafos foi realizada durante o segundo dia de atividades do semin\u00e1rio \u201cCidades Inclusivas\u201d, que reuniu 850 pr\u00e9-candidatos a prefeito do PSB, em Bras\u00edlia. O evento foi realizado pela Funda\u00e7\u00e3o Jo\u00e3o Mangabeira (FJM) e pela Dire\u00e7\u00e3o Nacional do PSB.<\/p>\n<p style=\"text-align: justify\">Irm\u00e3o de Eduardo Campos, Ant\u00f4nio Campos relata no livro o julgamento do processo de anistia funcional na Comiss\u00e3o de Anistia do Minist\u00e9rio da Justi\u00e7a. Como advogado, foi quem apresentou a causa, juntamente com Ana Arraes, \u00e0 \u00e9poca tamb\u00e9m advogada e hoje, ministra do Tribunal de Contas da Uni\u00e3o. Ana Arraes \u00e9 filha de Miguel Arraes.<\/p>\n<p style=\"text-align: justify\">Antes do lan\u00e7amento, o p\u00fablico ouviu uma apresenta\u00e7\u00e3o cultural da orquestra de violoncelistas do Amazonas e, em seguida, l\u00edderes do PSB e familiares do ex-governador saudaram os convidados. Todos relembraram momentos marcantes da vida p\u00fablica do nordestino, cassado pelo regime militar em pleno exerc\u00edcio do mandato de governador, delegado democraticamente.<\/p>\n<p style=\"text-align: justify\">O autor pontuou o processo jur\u00eddico que gerou a publica\u00e7\u00e3o, enquanto o presidente Nacional do PSB, Carlos Siqueira, lembrou da prioridade no atendimento \u00e0s demandas dos segmentos mais vulner\u00e1veis da sociedade em todos os mandatos exercidos por Miguel Arraes. \u201cPor conhecer, conviver com sua fam\u00edlia e trabalhar diretamente com o Arraes, posso confirmar sua luta contra o sofrimento dos homens e mulheres mais pobres, sem oportunidades e esquecidos pelo poder p\u00fablico. Miguel Arraes destinou todas as energias para mudar esse panorama e foi reconhecido pelos servi\u00e7os que prestou no Estado de Pernambuco e no Brasil, alcan\u00e7ando visibilidade internacional ao praticar o socialismo nas a\u00e7\u00f5es de governo\u201d, afirmou Siqueira.<\/p>\n<p style=\"text-align: justify\">A publica\u00e7\u00e3o \u00e9 um importante registro hist\u00f3rico e documental da anistia funcional que o Estado brasileiro concedeu ao ex-governador em reconhecimento aos 71 anos que dedicou \u00e0 presta\u00e7\u00e3o de servi\u00e7os ao Brasil. Arraes afirmava que a anistia pol\u00edtica havia sido concedida pelo povo brasileiro. A revis\u00e3o dos assentamentos de funcion\u00e1rio p\u00fablico coube ao governo brasileiro, que posteriormente formalizou um ato de desculpas p\u00fablicas pela arbitrariedade que cometeu contra o pol\u00edtico.<\/p>\n<p style=\"text-align: justify\">Fotos: Humberto Pradera \/ PSB Nacional<\/p>\n","protected":false},"excerpt":{"rendered":"<p>Dando prosseguimento \u00e0s comemora\u00e7\u00f5es dos \u201c100 anos de Miguel Arraes\u201d, foi lan\u00e7ado nesta sexta-feira (7), o livroProcesso de Anistia Funcional de Miguel Arraes,\u00a0de autoria do advogado Ant\u00f4nio Campos, neto do ex-governador de Pernambuco. A noite de aut\u00f3grafos foi realizada durante o segundo dia de atividades do semin\u00e1rio \u201cCidades Inclusivas\u201d, que reuniu 850 pr\u00e9-candidatos a prefeito do PSB, em Bras\u00edlia. O evento foi realizado pela Funda\u00e7\u00e3o Jo\u00e3o Mangabeira (FJM) e pela Dire\u00e7\u00e3o Nacional do PSB. Irm\u00e3o de Eduardo Campos, Ant\u00f4nio Campos relata no livro o julgamento do processo de anistia funcional na Comiss\u00e3o de Anistia do Minist\u00e9rio da Justi\u00e7a. Como advogado, foi quem apresentou a causa, juntamente com Ana Arraes, \u00e0 \u00e9poca tamb\u00e9m advogada e hoje, ministra do Tribunal de Contas&hellip; <\/p>\n","protected":false},"author":7,"featured_media":0,"comment_status":"open","ping_status":"open","sticky":false,"template":"","format":"standard","meta":{"_acf_changed":false,"footnotes":""},"categories":[1],"tags":[],"class_list":["post-141751","post","type-post","status-publish","format-standard","hentry","category-politica"],"acf":[],"yoast_head":"<!-- This site is optimized with the Yoast SEO plugin v27.4 - https:\/\/yoast.com\/product\/yoast-seo-wordpress\/ -->\n<title>LIVRO SOBRE ARRAES \u00c9 LAN\u00c7ADO NO SEMIN\u00c1RIO &quot;CIDADES INCLUSIVAS&quot; - Blog do Farn\u00e9sio<\/title>\n<meta name=\"robots\" content=\"index, follow, max-snippet:-1, max-image-preview:large, max-video-preview:-1\" \/>\n<link rel=\"canonical\" href=\"https:\/\/blogdofarnesio.com.br\/?p=141751\" \/>\n<meta property=\"og:locale\" content=\"pt_BR\" \/>\n<meta property=\"og:type\" content=\"article\" \/>\n<meta property=\"og:title\" content=\"LIVRO SOBRE ARRAES \u00c9 LAN\u00c7ADO NO SEMIN\u00c1RIO &quot;CIDADES INCLUSIVAS&quot; - Blog do Farn\u00e9sio\" \/>\n<meta property=\"og:description\" content=\"Dando prosseguimento \u00e0s comemora\u00e7\u00f5es dos \u201c100 anos de Miguel Arraes\u201d, foi lan\u00e7ado nesta sexta-feira (7), o livroProcesso de Anistia Funcional de Miguel Arraes,\u00a0de autoria do advogado Ant\u00f4nio Campos, neto do ex-governador de Pernambuco. A noite de aut\u00f3grafos foi realizada durante o segundo dia de atividades do semin\u00e1rio \u201cCidades Inclusivas\u201d, que reuniu 850 pr\u00e9-candidatos a prefeito do PSB, em Bras\u00edlia. O evento foi realizado pela Funda\u00e7\u00e3o Jo\u00e3o Mangabeira (FJM) e pela Dire\u00e7\u00e3o Nacional do PSB. Irm\u00e3o de Eduardo Campos, Ant\u00f4nio Campos relata no livro o julgamento do processo de anistia funcional na Comiss\u00e3o de Anistia do Minist\u00e9rio da Justi\u00e7a. Como advogado, foi quem apresentou a causa, juntamente com Ana Arraes, \u00e0 \u00e9poca tamb\u00e9m advogada e hoje, ministra do Tribunal de Contas&hellip;\" \/>\n<meta property=\"og:url\" content=\"https:\/\/blogdofarnesio.com.br\/?p=141751\" \/>\n<meta property=\"og:site_name\" content=\"Blog do Farn\u00e9sio\" \/>\n<meta property=\"article:publisher\" content=\"https:\/\/www.facebook.com\/BlogQuerSaberPolitica\/\" \/>\n<meta property=\"article:published_time\" content=\"2016-05-08T16:00:19+00:00\" \/>\n<meta name=\"twitter:card\" content=\"summary_large_image\" \/>\n<meta name=\"twitter:label1\" content=\"Escrito por\" \/>\n\t<meta name=\"twitter:data1\" content=\"\" \/>\n\t<meta name=\"twitter:label2\" content=\"Est. tempo de leitura\" \/>\n\t<meta name=\"twitter:data2\" content=\"2 minutos\" \/>\n<script type=\"application\/ld+json\" class=\"yoast-schema-graph\">{\"@context\":\"https:\\\/\\\/schema.org\",\"@graph\":[{\"@type\":\"Article\",\"@id\":\"https:\\\/\\\/blogdofarnesio.com.br\\\/?p=141751#article\",\"isPartOf\":{\"@id\":\"https:\\\/\\\/blogdofarnesio.com.br\\\/?p=141751\"},\"author\":{\"name\":\"\",\"@id\":\"\"},\"headline\":\"LIVRO SOBRE ARRAES \u00c9 LAN\u00c7ADO NO SEMIN\u00c1RIO &#8220;CIDADES INCLUSIVAS&#8221;\",\"datePublished\":\"2016-05-08T16:00:19+00:00\",\"mainEntityOfPage\":{\"@id\":\"https:\\\/\\\/blogdofarnesio.com.br\\\/?p=141751\"},\"wordCount\":406,\"commentCount\":0,\"publisher\":{\"@id\":\"https:\\\/\\\/blogdofarnesio.com.br\\\/#organization\"},\"articleSection\":[\"Pol\u00edtica\"],\"inLanguage\":\"pt-BR\",\"potentialAction\":[{\"@type\":\"CommentAction\",\"name\":\"Comment\",\"target\":[\"https:\\\/\\\/blogdofarnesio.com.br\\\/?p=141751#respond\"]}]},{\"@type\":\"WebPage\",\"@id\":\"https:\\\/\\\/blogdofarnesio.com.br\\\/?p=141751\",\"url\":\"https:\\\/\\\/blogdofarnesio.com.br\\\/?p=141751\",\"name\":\"LIVRO SOBRE ARRAES \u00c9 LAN\u00c7ADO NO SEMIN\u00c1RIO \\\"CIDADES INCLUSIVAS\\\" - Blog do Farn\u00e9sio\",\"isPartOf\":{\"@id\":\"https:\\\/\\\/blogdofarnesio.com.br\\\/#website\"},\"datePublished\":\"2016-05-08T16:00:19+00:00\",\"breadcrumb\":{\"@id\":\"https:\\\/\\\/blogdofarnesio.com.br\\\/?p=141751#breadcrumb\"},\"inLanguage\":\"pt-BR\",\"potentialAction\":[{\"@type\":\"ReadAction\",\"target\":[\"https:\\\/\\\/blogdofarnesio.com.br\\\/?p=141751\"]}]},{\"@type\":\"BreadcrumbList\",\"@id\":\"https:\\\/\\\/blogdofarnesio.com.br\\\/?p=141751#breadcrumb\",\"itemListElement\":[{\"@type\":\"ListItem\",\"position\":1,\"name\":\"In\u00edcio\",\"item\":\"https:\\\/\\\/blogdofarnesio.com.br\\\/\"},{\"@type\":\"ListItem\",\"position\":2,\"name\":\"LIVRO SOBRE ARRAES \u00c9 LAN\u00c7ADO NO SEMIN\u00c1RIO &#8220;CIDADES INCLUSIVAS&#8221;\"}]},{\"@type\":\"WebSite\",\"@id\":\"https:\\\/\\\/blogdofarnesio.com.br\\\/#website\",\"url\":\"https:\\\/\\\/blogdofarnesio.com.br\\\/\",\"name\":\"Blog do Farn\u00e9sio\",\"description\":\"Quer Saber Pol\u00edtica?\",\"publisher\":{\"@id\":\"https:\\\/\\\/blogdofarnesio.com.br\\\/#organization\"},\"potentialAction\":[{\"@type\":\"SearchAction\",\"target\":{\"@type\":\"EntryPoint\",\"urlTemplate\":\"https:\\\/\\\/blogdofarnesio.com.br\\\/?s={search_term_string}\"},\"query-input\":{\"@type\":\"PropertyValueSpecification\",\"valueRequired\":true,\"valueName\":\"search_term_string\"}}],\"inLanguage\":\"pt-BR\"},{\"@type\":\"Organization\",\"@id\":\"https:\\\/\\\/blogdofarnesio.com.br\\\/#organization\",\"name\":\"Blog do Farn\u00e9sio\",\"url\":\"https:\\\/\\\/blogdofarnesio.com.br\\\/\",\"logo\":{\"@type\":\"ImageObject\",\"inLanguage\":\"pt-BR\",\"@id\":\"https:\\\/\\\/blogdofarnesio.com.br\\\/#\\\/schema\\\/logo\\\/image\\\/\",\"url\":\"https:\\\/\\\/blogdofarnesio.com.br\\\/wp-content\\\/uploads\\\/2026\\\/03\\\/cropped-logo_new-1.png\",\"contentUrl\":\"https:\\\/\\\/blogdofarnesio.com.br\\\/wp-content\\\/uploads\\\/2026\\\/03\\\/cropped-logo_new-1.png\",\"width\":881,\"height\":685,\"caption\":\"Blog do Farn\u00e9sio\"},\"image\":{\"@id\":\"https:\\\/\\\/blogdofarnesio.com.br\\\/#\\\/schema\\\/logo\\\/image\\\/\"},\"sameAs\":[\"https:\\\/\\\/www.facebook.com\\\/BlogQuerSaberPolitica\\\/\"]},{\"@type\":\"Person\",\"@id\":\"\",\"url\":\"https:\\\/\\\/blogdofarnesio.com.br\\\/?author=7\"}]}<\/script>\n<!-- \/ Yoast SEO plugin. -->","yoast_head_json":{"title":"LIVRO SOBRE ARRAES \u00c9 LAN\u00c7ADO NO SEMIN\u00c1RIO \"CIDADES INCLUSIVAS\" - Blog do Farn\u00e9sio","robots":{"index":"index","follow":"follow","max-snippet":"max-snippet:-1","max-image-preview":"max-image-preview:large","max-video-preview":"max-video-preview:-1"},"canonical":"https:\/\/blogdofarnesio.com.br\/?p=141751","og_locale":"pt_BR","og_type":"article","og_title":"LIVRO SOBRE ARRAES \u00c9 LAN\u00c7ADO NO SEMIN\u00c1RIO \"CIDADES INCLUSIVAS\" - Blog do Farn\u00e9sio","og_description":"Dando prosseguimento \u00e0s comemora\u00e7\u00f5es dos \u201c100 anos de Miguel Arraes\u201d, foi lan\u00e7ado nesta sexta-feira (7), o livroProcesso de Anistia Funcional de Miguel Arraes,\u00a0de autoria do advogado Ant\u00f4nio Campos, neto do ex-governador de Pernambuco. A noite de aut\u00f3grafos foi realizada durante o segundo dia de atividades do semin\u00e1rio \u201cCidades Inclusivas\u201d, que reuniu 850 pr\u00e9-candidatos a prefeito do PSB, em Bras\u00edlia. O evento foi realizado pela Funda\u00e7\u00e3o Jo\u00e3o Mangabeira (FJM) e pela Dire\u00e7\u00e3o Nacional do PSB. Irm\u00e3o de Eduardo Campos, Ant\u00f4nio Campos relata no livro o julgamento do processo de anistia funcional na Comiss\u00e3o de Anistia do Minist\u00e9rio da Justi\u00e7a. Como advogado, foi quem apresentou a causa, juntamente com Ana Arraes, \u00e0 \u00e9poca tamb\u00e9m advogada e hoje, ministra do Tribunal de Contas&hellip;","og_url":"https:\/\/blogdofarnesio.com.br\/?p=141751","og_site_name":"Blog do Farn\u00e9sio","article_publisher":"https:\/\/www.facebook.com\/BlogQuerSaberPolitica\/","article_published_time":"2016-05-08T16:00:19+00:00","twitter_card":"summary_large_image","twitter_misc":{"Escrito por":"","Est. tempo de leitura":"2 minutos"},"schema":{"@context":"https:\/\/schema.org","@graph":[{"@type":"Article","@id":"https:\/\/blogdofarnesio.com.br\/?p=141751#article","isPartOf":{"@id":"https:\/\/blogdofarnesio.com.br\/?p=141751"},"author":{"name":"","@id":""},"headline":"LIVRO SOBRE ARRAES \u00c9 LAN\u00c7ADO NO SEMIN\u00c1RIO &#8220;CIDADES INCLUSIVAS&#8221;","datePublished":"2016-05-08T16:00:19+00:00","mainEntityOfPage":{"@id":"https:\/\/blogdofarnesio.com.br\/?p=141751"},"wordCount":406,"commentCount":0,"publisher":{"@id":"https:\/\/blogdofarnesio.com.br\/#organization"},"articleSection":["Pol\u00edtica"],"inLanguage":"pt-BR","potentialAction":[{"@type":"CommentAction","name":"Comment","target":["https:\/\/blogdofarnesio.com.br\/?p=141751#respond"]}]},{"@type":"WebPage","@id":"https:\/\/blogdofarnesio.com.br\/?p=141751","url":"https:\/\/blogdofarnesio.com.br\/?p=141751","name":"LIVRO SOBRE ARRAES \u00c9 LAN\u00c7ADO NO SEMIN\u00c1RIO \"CIDADES INCLUSIVAS\" - Blog do Farn\u00e9sio","isPartOf":{"@id":"https:\/\/blogdofarnesio.com.br\/#website"},"datePublished":"2016-05-08T16:00:19+00:00","breadcrumb":{"@id":"https:\/\/blogdofarnesio.com.br\/?p=141751#breadcrumb"},"inLanguage":"pt-BR","potentialAction":[{"@type":"ReadAction","target":["https:\/\/blogdofarnesio.com.br\/?p=141751"]}]},{"@type":"BreadcrumbList","@id":"https:\/\/blogdofarnesio.com.br\/?p=141751#breadcrumb","itemListElement":[{"@type":"ListItem","position":1,"name":"In\u00edcio","item":"https:\/\/blogdofarnesio.com.br\/"},{"@type":"ListItem","position":2,"name":"LIVRO SOBRE ARRAES \u00c9 LAN\u00c7ADO NO SEMIN\u00c1RIO &#8220;CIDADES INCLUSIVAS&#8221;"}]},{"@type":"WebSite","@id":"https:\/\/blogdofarnesio.com.br\/#website","url":"https:\/\/blogdofarnesio.com.br\/","name":"Blog do Farn\u00e9sio","description":"Quer Saber Pol\u00edtica?","publisher":{"@id":"https:\/\/blogdofarnesio.com.br\/#organization"},"potentialAction":[{"@type":"SearchAction","target":{"@type":"EntryPoint","urlTemplate":"https:\/\/blogdofarnesio.com.br\/?s={search_term_string}"},"query-input":{"@type":"PropertyValueSpecification","valueRequired":true,"valueName":"search_term_string"}}],"inLanguage":"pt-BR"},{"@type":"Organization","@id":"https:\/\/blogdofarnesio.com.br\/#organization","name":"Blog do Farn\u00e9sio","url":"https:\/\/blogdofarnesio.com.br\/","logo":{"@type":"ImageObject","inLanguage":"pt-BR","@id":"https:\/\/blogdofarnesio.com.br\/#\/schema\/logo\/image\/","url":"https:\/\/blogdofarnesio.com.br\/wp-content\/uploads\/2026\/03\/cropped-logo_new-1.png","contentUrl":"https:\/\/blogdofarnesio.com.br\/wp-content\/uploads\/2026\/03\/cropped-logo_new-1.png","width":881,"height":685,"caption":"Blog do Farn\u00e9sio"},"image":{"@id":"https:\/\/blogdofarnesio.com.br\/#\/schema\/logo\/image\/"},"sameAs":["https:\/\/www.facebook.com\/BlogQuerSaberPolitica\/"]},{"@type":"Person","@id":"","url":"https:\/\/blogdofarnesio.com.br\/?author=7"}]}},"_links":{"self":[{"href":"https:\/\/blogdofarnesio.com.br\/index.php?rest_route=\/wp\/v2\/posts\/141751","targetHints":{"allow":["GET"]}}],"collection":[{"href":"https:\/\/blogdofarnesio.com.br\/index.php?rest_route=\/wp\/v2\/posts"}],"about":[{"href":"https:\/\/blogdofarnesio.com.br\/index.php?rest_route=\/wp\/v2\/types\/post"}],"author":[{"embeddable":true,"href":"https:\/\/blogdofarnesio.com.br\/index.php?rest_route=\/wp\/v2\/users\/7"}],"replies":[{"embeddable":true,"href":"https:\/\/blogdofarnesio.com.br\/index.php?rest_route=%2Fwp%2Fv2%2Fcomments&post=141751"}],"version-history":[{"count":0,"href":"https:\/\/blogdofarnesio.com.br\/index.php?rest_route=\/wp\/v2\/posts\/141751\/revisions"}],"wp:attachment":[{"href":"https:\/\/blogdofarnesio.com.br\/index.php?rest_route=%2Fwp%2Fv2%2Fmedia&parent=141751"}],"wp:term":[{"taxonomy":"category","embeddable":true,"href":"https:\/\/blogdofarnesio.com.br\/index.php?rest_route=%2Fwp%2Fv2%2Fcategories&post=141751"},{"taxonomy":"post_tag","embeddable":true,"href":"https:\/\/blogdofarnesio.com.br\/index.php?rest_route=%2Fwp%2Fv2%2Ftags&post=141751"}],"curies":[{"name":"wp","href":"https:\/\/api.w.org\/{rel}","templated":true}]}}