{"id":141705,"date":"2016-05-08T14:00:53","date_gmt":"2016-05-08T17:00:53","guid":{"rendered":"http:\/\/www.quersaberpolitica.com.br\/?p=141705"},"modified":"2016-05-08T11:49:13","modified_gmt":"2016-05-08T14:49:13","slug":"equipe-de-iluminacao-ira-atuar-tambem-no-periodo-noturno-em-juazeiro","status":"publish","type":"post","link":"https:\/\/blogdofarnesio.com.br\/?p=141705","title":{"rendered":"EQUIPE DE ILUMINA\u00c7\u00c3O IR\u00c1 ATUAR TAMB\u00c9M NO PER\u00cdODO NOTURNO EM JUAZEIRO"},"content":{"rendered":"<p style=\"text-align: justify\"><a href=\"http:\/\/www.quersaberpolitica.com.br\/2016\/wp-content\/uploads\/2016\/05\/blogqsp-ilumina\u00e7\u00e3o-noturno.jpg\"><img loading=\"lazy\" decoding=\"async\" class=\"  wp-image-141706 aligncenter\" src=\"http:\/\/www.quersaberpolitica.com.br\/2016\/wp-content\/uploads\/2016\/05\/blogqsp-ilumina\u00e7\u00e3o-noturno.jpg\" alt=\"blogqsp-ilumina\u00e7\u00e3o-noturno\" width=\"352\" height=\"350\" srcset=\"https:\/\/blogdofarnesio.com.br\/wp-content\/uploads\/2016\/05\/blogqsp-ilumina\u00e7\u00e3o-noturno.jpg 287w, https:\/\/blogdofarnesio.com.br\/wp-content\/uploads\/2016\/05\/blogqsp-ilumina\u00e7\u00e3o-noturno-150x150.jpg 150w\" sizes=\"auto, (max-width: 352px) 100vw, 352px\" \/><\/a><\/p>\n<p style=\"text-align: justify\">A Secretaria de Servi\u00e7os P\u00fablicos (Sesp) de Juazeiro destina desde o inicio desta semana uma equipe espec\u00edfica para atuar no turno da noite com o objetivo de melhorar a ilumina\u00e7\u00e3o p\u00fablica nos bairros.<\/p>\n<p style=\"text-align: justify\">A partir de um cronograma elaborado semanalmente pela Secretaria o grupo trabalha verificando poss\u00edveis problemas, substituindo l\u00e2mpadas queimadas, realizando reparos, buscando\u00a0atender desta forma as necessidades de cada regi\u00e3o de Juazeiro com a\u00e7\u00f5es de manuten\u00e7\u00e3o e as solicita\u00e7\u00f5es da popula\u00e7\u00e3o feita de segunda a sexta-feira das 8h \u00e0s 12h e das 14h \u00e0s 17h pelo telefone 3612-5411.<\/p>\n<p style=\"text-align: justify\">O gerente de Ilumina\u00e7\u00e3o P\u00fablica, Hildenbergue Carvalho, explica que a equipe realiza o trabalho na cidade no hor\u00e1rio das 18 \u00e0s 23h e destaca que a ideia \u00e9 verificar as ruas do munic\u00edpio a procura de l\u00e2mpadas queimadas, para troc\u00e1-las por novas, al\u00e9m de executar outros servi\u00e7os na rede de ilumina\u00e7\u00e3o. \u201cEsse trabalho tem como objetivo aumentar ainda mais a seguran\u00e7a no tr\u00e2nsito, tr\u00e1fego de pedestres, preven\u00e7\u00e3o da criminalidade, atos de vandalismo e ainda, proporciona \u00e0 popula\u00e7\u00e3o a tranquilidade nas atividades de lazer, esporte e com\u00e9rcio no per\u00edodo noturno\u201d, explicou o gerente.<\/p>\n<p style=\"text-align: justify\">Esta semana a equipe atendeu os bairros Jardim Fl\u00f3rida, Jardim Vit\u00f3ria, Penha, Maring\u00e1, Santo Ant\u00f4nio, Country Club, Quid\u00e9 e Codevasf.<\/p>\n<p style=\"text-align: justify\">Durante o dia as equipes\u00a0de ilumina\u00e7\u00e3o da Sesp atenderam solicita\u00e7\u00f5es da popula\u00e7\u00e3o\u00a0em 26 bairros\u00a0de Juazeiro. Somente esta semana foi substitu\u00edda 149 l\u00e2mpadas, 32 reatores, 97 fotoc\u00e9lulas e 45 bases. Para solicitar servi\u00e7os de ilumina\u00e7\u00e3o pelo telefone da Secretaria 3612-5411, a popula\u00e7\u00e3o deve informar o endere\u00e7o, demanda e um ponto de refer\u00eancia. No ato da liga\u00e7\u00e3o \u00e9 gerado um n\u00famero de protocolo, o qual deve ser anotado para o acompanhamento da solicita\u00e7\u00e3o.<\/p>\n<p><em>Elaine Barbosa\/Sesp<\/em><\/p>\n","protected":false},"excerpt":{"rendered":"<p>A Secretaria de Servi\u00e7os P\u00fablicos (Sesp) de Juazeiro destina desde o inicio desta semana uma equipe espec\u00edfica para atuar no turno da noite com o objetivo de melhorar a ilumina\u00e7\u00e3o p\u00fablica nos bairros. A partir de um cronograma elaborado semanalmente pela Secretaria o grupo trabalha verificando poss\u00edveis problemas, substituindo l\u00e2mpadas queimadas, realizando reparos, buscando\u00a0atender desta forma as necessidades de cada regi\u00e3o de Juazeiro com a\u00e7\u00f5es de manuten\u00e7\u00e3o e as solicita\u00e7\u00f5es da popula\u00e7\u00e3o feita de segunda a sexta-feira das 8h \u00e0s 12h e das 14h \u00e0s 17h pelo telefone 3612-5411. O gerente de Ilumina\u00e7\u00e3o P\u00fablica, Hildenbergue Carvalho, explica que a equipe realiza o trabalho na cidade no hor\u00e1rio das 18 \u00e0s 23h e destaca que a ideia \u00e9 verificar as ruas&hellip; <\/p>\n","protected":false},"author":7,"featured_media":0,"comment_status":"open","ping_status":"open","sticky":false,"template":"","format":"standard","meta":{"_acf_changed":false,"footnotes":""},"categories":[44],"tags":[],"class_list":["post-141705","post","type-post","status-publish","format-standard","hentry","category-administracao"],"acf":[],"yoast_head":"<!-- This site is optimized with the Yoast SEO plugin v27.4 - https:\/\/yoast.com\/product\/yoast-seo-wordpress\/ -->\n<title>EQUIPE DE ILUMINA\u00c7\u00c3O IR\u00c1 ATUAR TAMB\u00c9M NO PER\u00cdODO NOTURNO EM JUAZEIRO - Blog do Farn\u00e9sio<\/title>\n<meta name=\"robots\" content=\"index, follow, max-snippet:-1, max-image-preview:large, max-video-preview:-1\" \/>\n<link rel=\"canonical\" href=\"https:\/\/blogdofarnesio.com.br\/?p=141705\" \/>\n<meta property=\"og:locale\" content=\"pt_BR\" \/>\n<meta property=\"og:type\" content=\"article\" \/>\n<meta property=\"og:title\" content=\"EQUIPE DE ILUMINA\u00c7\u00c3O IR\u00c1 ATUAR TAMB\u00c9M NO PER\u00cdODO NOTURNO EM JUAZEIRO - Blog do Farn\u00e9sio\" \/>\n<meta property=\"og:description\" content=\"A Secretaria de Servi\u00e7os P\u00fablicos (Sesp) de Juazeiro destina desde o inicio desta semana uma equipe espec\u00edfica para atuar no turno da noite com o objetivo de melhorar a ilumina\u00e7\u00e3o p\u00fablica nos bairros. A partir de um cronograma elaborado semanalmente pela Secretaria o grupo trabalha verificando poss\u00edveis problemas, substituindo l\u00e2mpadas queimadas, realizando reparos, buscando\u00a0atender desta forma as necessidades de cada regi\u00e3o de Juazeiro com a\u00e7\u00f5es de manuten\u00e7\u00e3o e as solicita\u00e7\u00f5es da popula\u00e7\u00e3o feita de segunda a sexta-feira das 8h \u00e0s 12h e das 14h \u00e0s 17h pelo telefone 3612-5411. O gerente de Ilumina\u00e7\u00e3o P\u00fablica, Hildenbergue Carvalho, explica que a equipe realiza o trabalho na cidade no hor\u00e1rio das 18 \u00e0s 23h e destaca que a ideia \u00e9 verificar as ruas&hellip;\" \/>\n<meta property=\"og:url\" content=\"https:\/\/blogdofarnesio.com.br\/?p=141705\" \/>\n<meta property=\"og:site_name\" content=\"Blog do Farn\u00e9sio\" \/>\n<meta property=\"article:publisher\" content=\"https:\/\/www.facebook.com\/BlogQuerSaberPolitica\/\" \/>\n<meta property=\"article:published_time\" content=\"2016-05-08T17:00:53+00:00\" \/>\n<meta name=\"twitter:card\" content=\"summary_large_image\" \/>\n<meta name=\"twitter:label1\" content=\"Escrito por\" \/>\n\t<meta name=\"twitter:data1\" content=\"\" \/>\n\t<meta name=\"twitter:label2\" content=\"Est. tempo de leitura\" \/>\n\t<meta name=\"twitter:data2\" content=\"2 minutos\" \/>\n<script type=\"application\/ld+json\" class=\"yoast-schema-graph\">{\"@context\":\"https:\\\/\\\/schema.org\",\"@graph\":[{\"@type\":\"Article\",\"@id\":\"https:\\\/\\\/blogdofarnesio.com.br\\\/?p=141705#article\",\"isPartOf\":{\"@id\":\"https:\\\/\\\/blogdofarnesio.com.br\\\/?p=141705\"},\"author\":{\"name\":\"\",\"@id\":\"\"},\"headline\":\"EQUIPE DE ILUMINA\u00c7\u00c3O IR\u00c1 ATUAR TAMB\u00c9M NO PER\u00cdODO NOTURNO EM JUAZEIRO\",\"datePublished\":\"2016-05-08T17:00:53+00:00\",\"mainEntityOfPage\":{\"@id\":\"https:\\\/\\\/blogdofarnesio.com.br\\\/?p=141705\"},\"wordCount\":329,\"commentCount\":0,\"publisher\":{\"@id\":\"https:\\\/\\\/blogdofarnesio.com.br\\\/#organization\"},\"articleSection\":[\"Administra\u00e7\u00e3o\"],\"inLanguage\":\"pt-BR\",\"potentialAction\":[{\"@type\":\"CommentAction\",\"name\":\"Comment\",\"target\":[\"https:\\\/\\\/blogdofarnesio.com.br\\\/?p=141705#respond\"]}]},{\"@type\":\"WebPage\",\"@id\":\"https:\\\/\\\/blogdofarnesio.com.br\\\/?p=141705\",\"url\":\"https:\\\/\\\/blogdofarnesio.com.br\\\/?p=141705\",\"name\":\"EQUIPE DE ILUMINA\u00c7\u00c3O IR\u00c1 ATUAR TAMB\u00c9M NO PER\u00cdODO NOTURNO EM JUAZEIRO - Blog do Farn\u00e9sio\",\"isPartOf\":{\"@id\":\"https:\\\/\\\/blogdofarnesio.com.br\\\/#website\"},\"datePublished\":\"2016-05-08T17:00:53+00:00\",\"breadcrumb\":{\"@id\":\"https:\\\/\\\/blogdofarnesio.com.br\\\/?p=141705#breadcrumb\"},\"inLanguage\":\"pt-BR\",\"potentialAction\":[{\"@type\":\"ReadAction\",\"target\":[\"https:\\\/\\\/blogdofarnesio.com.br\\\/?p=141705\"]}]},{\"@type\":\"BreadcrumbList\",\"@id\":\"https:\\\/\\\/blogdofarnesio.com.br\\\/?p=141705#breadcrumb\",\"itemListElement\":[{\"@type\":\"ListItem\",\"position\":1,\"name\":\"In\u00edcio\",\"item\":\"https:\\\/\\\/blogdofarnesio.com.br\\\/\"},{\"@type\":\"ListItem\",\"position\":2,\"name\":\"EQUIPE DE ILUMINA\u00c7\u00c3O IR\u00c1 ATUAR TAMB\u00c9M NO PER\u00cdODO NOTURNO EM JUAZEIRO\"}]},{\"@type\":\"WebSite\",\"@id\":\"https:\\\/\\\/blogdofarnesio.com.br\\\/#website\",\"url\":\"https:\\\/\\\/blogdofarnesio.com.br\\\/\",\"name\":\"Blog do Farn\u00e9sio\",\"description\":\"Quer Saber Pol\u00edtica?\",\"publisher\":{\"@id\":\"https:\\\/\\\/blogdofarnesio.com.br\\\/#organization\"},\"potentialAction\":[{\"@type\":\"SearchAction\",\"target\":{\"@type\":\"EntryPoint\",\"urlTemplate\":\"https:\\\/\\\/blogdofarnesio.com.br\\\/?s={search_term_string}\"},\"query-input\":{\"@type\":\"PropertyValueSpecification\",\"valueRequired\":true,\"valueName\":\"search_term_string\"}}],\"inLanguage\":\"pt-BR\"},{\"@type\":\"Organization\",\"@id\":\"https:\\\/\\\/blogdofarnesio.com.br\\\/#organization\",\"name\":\"Blog do Farn\u00e9sio\",\"url\":\"https:\\\/\\\/blogdofarnesio.com.br\\\/\",\"logo\":{\"@type\":\"ImageObject\",\"inLanguage\":\"pt-BR\",\"@id\":\"https:\\\/\\\/blogdofarnesio.com.br\\\/#\\\/schema\\\/logo\\\/image\\\/\",\"url\":\"https:\\\/\\\/blogdofarnesio.com.br\\\/wp-content\\\/uploads\\\/2026\\\/03\\\/cropped-logo_new-1.png\",\"contentUrl\":\"https:\\\/\\\/blogdofarnesio.com.br\\\/wp-content\\\/uploads\\\/2026\\\/03\\\/cropped-logo_new-1.png\",\"width\":881,\"height\":685,\"caption\":\"Blog do Farn\u00e9sio\"},\"image\":{\"@id\":\"https:\\\/\\\/blogdofarnesio.com.br\\\/#\\\/schema\\\/logo\\\/image\\\/\"},\"sameAs\":[\"https:\\\/\\\/www.facebook.com\\\/BlogQuerSaberPolitica\\\/\"]},{\"@type\":\"Person\",\"@id\":\"\",\"url\":\"https:\\\/\\\/blogdofarnesio.com.br\\\/?author=7\"}]}<\/script>\n<!-- \/ Yoast SEO plugin. -->","yoast_head_json":{"title":"EQUIPE DE ILUMINA\u00c7\u00c3O IR\u00c1 ATUAR TAMB\u00c9M NO PER\u00cdODO NOTURNO EM JUAZEIRO - Blog do Farn\u00e9sio","robots":{"index":"index","follow":"follow","max-snippet":"max-snippet:-1","max-image-preview":"max-image-preview:large","max-video-preview":"max-video-preview:-1"},"canonical":"https:\/\/blogdofarnesio.com.br\/?p=141705","og_locale":"pt_BR","og_type":"article","og_title":"EQUIPE DE ILUMINA\u00c7\u00c3O IR\u00c1 ATUAR TAMB\u00c9M NO PER\u00cdODO NOTURNO EM JUAZEIRO - Blog do Farn\u00e9sio","og_description":"A Secretaria de Servi\u00e7os P\u00fablicos (Sesp) de Juazeiro destina desde o inicio desta semana uma equipe espec\u00edfica para atuar no turno da noite com o objetivo de melhorar a ilumina\u00e7\u00e3o p\u00fablica nos bairros. A partir de um cronograma elaborado semanalmente pela Secretaria o grupo trabalha verificando poss\u00edveis problemas, substituindo l\u00e2mpadas queimadas, realizando reparos, buscando\u00a0atender desta forma as necessidades de cada regi\u00e3o de Juazeiro com a\u00e7\u00f5es de manuten\u00e7\u00e3o e as solicita\u00e7\u00f5es da popula\u00e7\u00e3o feita de segunda a sexta-feira das 8h \u00e0s 12h e das 14h \u00e0s 17h pelo telefone 3612-5411. O gerente de Ilumina\u00e7\u00e3o P\u00fablica, Hildenbergue Carvalho, explica que a equipe realiza o trabalho na cidade no hor\u00e1rio das 18 \u00e0s 23h e destaca que a ideia \u00e9 verificar as ruas&hellip;","og_url":"https:\/\/blogdofarnesio.com.br\/?p=141705","og_site_name":"Blog do Farn\u00e9sio","article_publisher":"https:\/\/www.facebook.com\/BlogQuerSaberPolitica\/","article_published_time":"2016-05-08T17:00:53+00:00","twitter_card":"summary_large_image","twitter_misc":{"Escrito por":"","Est. tempo de leitura":"2 minutos"},"schema":{"@context":"https:\/\/schema.org","@graph":[{"@type":"Article","@id":"https:\/\/blogdofarnesio.com.br\/?p=141705#article","isPartOf":{"@id":"https:\/\/blogdofarnesio.com.br\/?p=141705"},"author":{"name":"","@id":""},"headline":"EQUIPE DE ILUMINA\u00c7\u00c3O IR\u00c1 ATUAR TAMB\u00c9M NO PER\u00cdODO NOTURNO EM JUAZEIRO","datePublished":"2016-05-08T17:00:53+00:00","mainEntityOfPage":{"@id":"https:\/\/blogdofarnesio.com.br\/?p=141705"},"wordCount":329,"commentCount":0,"publisher":{"@id":"https:\/\/blogdofarnesio.com.br\/#organization"},"articleSection":["Administra\u00e7\u00e3o"],"inLanguage":"pt-BR","potentialAction":[{"@type":"CommentAction","name":"Comment","target":["https:\/\/blogdofarnesio.com.br\/?p=141705#respond"]}]},{"@type":"WebPage","@id":"https:\/\/blogdofarnesio.com.br\/?p=141705","url":"https:\/\/blogdofarnesio.com.br\/?p=141705","name":"EQUIPE DE ILUMINA\u00c7\u00c3O IR\u00c1 ATUAR TAMB\u00c9M NO PER\u00cdODO NOTURNO EM JUAZEIRO - Blog do Farn\u00e9sio","isPartOf":{"@id":"https:\/\/blogdofarnesio.com.br\/#website"},"datePublished":"2016-05-08T17:00:53+00:00","breadcrumb":{"@id":"https:\/\/blogdofarnesio.com.br\/?p=141705#breadcrumb"},"inLanguage":"pt-BR","potentialAction":[{"@type":"ReadAction","target":["https:\/\/blogdofarnesio.com.br\/?p=141705"]}]},{"@type":"BreadcrumbList","@id":"https:\/\/blogdofarnesio.com.br\/?p=141705#breadcrumb","itemListElement":[{"@type":"ListItem","position":1,"name":"In\u00edcio","item":"https:\/\/blogdofarnesio.com.br\/"},{"@type":"ListItem","position":2,"name":"EQUIPE DE ILUMINA\u00c7\u00c3O IR\u00c1 ATUAR TAMB\u00c9M NO PER\u00cdODO NOTURNO EM JUAZEIRO"}]},{"@type":"WebSite","@id":"https:\/\/blogdofarnesio.com.br\/#website","url":"https:\/\/blogdofarnesio.com.br\/","name":"Blog do Farn\u00e9sio","description":"Quer Saber Pol\u00edtica?","publisher":{"@id":"https:\/\/blogdofarnesio.com.br\/#organization"},"potentialAction":[{"@type":"SearchAction","target":{"@type":"EntryPoint","urlTemplate":"https:\/\/blogdofarnesio.com.br\/?s={search_term_string}"},"query-input":{"@type":"PropertyValueSpecification","valueRequired":true,"valueName":"search_term_string"}}],"inLanguage":"pt-BR"},{"@type":"Organization","@id":"https:\/\/blogdofarnesio.com.br\/#organization","name":"Blog do Farn\u00e9sio","url":"https:\/\/blogdofarnesio.com.br\/","logo":{"@type":"ImageObject","inLanguage":"pt-BR","@id":"https:\/\/blogdofarnesio.com.br\/#\/schema\/logo\/image\/","url":"https:\/\/blogdofarnesio.com.br\/wp-content\/uploads\/2026\/03\/cropped-logo_new-1.png","contentUrl":"https:\/\/blogdofarnesio.com.br\/wp-content\/uploads\/2026\/03\/cropped-logo_new-1.png","width":881,"height":685,"caption":"Blog do Farn\u00e9sio"},"image":{"@id":"https:\/\/blogdofarnesio.com.br\/#\/schema\/logo\/image\/"},"sameAs":["https:\/\/www.facebook.com\/BlogQuerSaberPolitica\/"]},{"@type":"Person","@id":"","url":"https:\/\/blogdofarnesio.com.br\/?author=7"}]}},"_links":{"self":[{"href":"https:\/\/blogdofarnesio.com.br\/index.php?rest_route=\/wp\/v2\/posts\/141705","targetHints":{"allow":["GET"]}}],"collection":[{"href":"https:\/\/blogdofarnesio.com.br\/index.php?rest_route=\/wp\/v2\/posts"}],"about":[{"href":"https:\/\/blogdofarnesio.com.br\/index.php?rest_route=\/wp\/v2\/types\/post"}],"author":[{"embeddable":true,"href":"https:\/\/blogdofarnesio.com.br\/index.php?rest_route=\/wp\/v2\/users\/7"}],"replies":[{"embeddable":true,"href":"https:\/\/blogdofarnesio.com.br\/index.php?rest_route=%2Fwp%2Fv2%2Fcomments&post=141705"}],"version-history":[{"count":0,"href":"https:\/\/blogdofarnesio.com.br\/index.php?rest_route=\/wp\/v2\/posts\/141705\/revisions"}],"wp:attachment":[{"href":"https:\/\/blogdofarnesio.com.br\/index.php?rest_route=%2Fwp%2Fv2%2Fmedia&parent=141705"}],"wp:term":[{"taxonomy":"category","embeddable":true,"href":"https:\/\/blogdofarnesio.com.br\/index.php?rest_route=%2Fwp%2Fv2%2Fcategories&post=141705"},{"taxonomy":"post_tag","embeddable":true,"href":"https:\/\/blogdofarnesio.com.br\/index.php?rest_route=%2Fwp%2Fv2%2Ftags&post=141705"}],"curies":[{"name":"wp","href":"https:\/\/api.w.org\/{rel}","templated":true}]}}