{"id":141201,"date":"2016-04-27T12:31:44","date_gmt":"2016-04-27T15:31:44","guid":{"rendered":"http:\/\/www.quersaberpolitica.com.br\/?p=141201"},"modified":"2016-04-27T10:36:44","modified_gmt":"2016-04-27T13:36:44","slug":"familia-sarney-articula-para-a-aprovacao-do-impeachment","status":"publish","type":"post","link":"https:\/\/blogdofarnesio.com.br\/?p=141201","title":{"rendered":"FAM\u00cdLIA SARNEY ARTICULA PARA A APROVA\u00c7\u00c3O DO IMPEACHMENT"},"content":{"rendered":"<p style=\"text-align: justify\"><a href=\"http:\/\/www.quersaberpolitica.com.br\/2016\/wp-content\/uploads\/2016\/04\/blogqsp-sarney1.jpg\"><img loading=\"lazy\" decoding=\"async\" class=\" size-full wp-image-141202 aligncenter\" src=\"http:\/\/www.quersaberpolitica.com.br\/2016\/wp-content\/uploads\/2016\/04\/blogqsp-sarney1.jpg\" alt=\"blogqsp-sarney1\" width=\"448\" height=\"298\" srcset=\"https:\/\/blogdofarnesio.com.br\/wp-content\/uploads\/2016\/04\/blogqsp-sarney1.jpg 448w, https:\/\/blogdofarnesio.com.br\/wp-content\/uploads\/2016\/04\/blogqsp-sarney1-300x200.jpg 300w\" sizes=\"auto, (max-width: 448px) 100vw, 448px\" \/><\/a><\/p>\n<p style=\"text-align: justify\">De passagem pela festa de anivers\u00e1rio do ex-presidente Jos\u00e9 Sarney realizada na noite de segunda-feira, 25, em Bras\u00edlia, a comitiva de senadores do PSDB foi recebida com afagos e a informa\u00e7\u00e3o de que a fam\u00edlia Sarney tem operado pela aprova\u00e7\u00e3o do processo de impeachment da presidente Dilma Rousseff.<\/p>\n<p style=\"text-align: justify\">Entre os presentes no encontro estavam o presidente do PSDB, senador A\u00e9cio Neves (MG), e os senadores Aloysio Nunes (SP) e Tasso Jereissati (CE). A informa\u00e7\u00e3o de que o cl\u00e3 Sarney entrou em campo para assegurar o apoio dos deputados da bancada do Nordeste a favor da sa\u00edda de Dilma foi transmitida pela ex-governadora do Maranh\u00e3o Roseana Sarney, filha do ex-presidente.<\/p>\n<p style=\"text-align: justify\">\u201cPara n\u00f3s foi uma surpresa porque at\u00e9 ent\u00e3o n\u00e3o sab\u00edamos do posicionamento deles\u201d, afirmou um dos tucanos presente na festa. \u201cSou do grupo do Sarney e, apesar de ter votado contra, sei que a Roseana conversou com alguns deputados do grupo que ficou do lado do Michel Temer e a favor do impeachment\u201d, afirmou \u00e0 reportagem o deputado Jo\u00e3o Marcelo Souza (PMDB-MA).<\/p>\n<p style=\"text-align: justify\">As a\u00e7\u00f5es de Roseana tamb\u00e9m tinham como objetivo atingir o atual governador do Maranh\u00e3o, Fl\u00e1vio Dino (PCdoB), que trabalhou contra o processo de impeachment. Paralelamente \u00e0s ofensivas de Roseana junto aos deputados do Nordeste, o l\u00edder do PV, Sarney Filho (MA), tamb\u00e9m assegurou 100% dos votos da bancada a favor do impedimento de Dilma.<\/p>\n<p style=\"text-align: justify\">Para integrantes da oposi\u00e7\u00e3o, as a\u00e7\u00f5es dos dois filhos de Sarney revelam que o ex-presidente tamb\u00e9m tem contribu\u00eddo para os avan\u00e7os do processo de afastamento de Dilma no Congresso. Sarney, junto com presidente do Senado, Renan Calheiros (AL), e o senador Jader Barbalho (PA) vinham sendo, dentro do PMDB, os principais cr\u00edticos ao processo.<\/p>\n<p style=\"text-align: justify\">Apesar dos sinais trocados, h\u00e1 um entendimento entre os opositores de que o grupo tamb\u00e9m n\u00e3o dever\u00e1 criar obst\u00e1culos no Senado. Um primeiro gesto neste sentido foi o pedido de demiss\u00e3o, na quarta-feira passada, pelo ent\u00e3o ministro dos Portos, Helder Barbalho (PA), filho de Jader. \u201cAcho que neste momento n\u00e3o tenho direito de constranger o meu partido\u201d, disse Helder ap\u00f3s deixar a carta de demiss\u00e3o no Pal\u00e1cio do Planalto.<\/p>\n<p><em>As informa\u00e7\u00f5es s\u00e3o do jornal <b>O Estado de S. Paulo.<\/b><\/em><\/p>\n","protected":false},"excerpt":{"rendered":"<p>De passagem pela festa de anivers\u00e1rio do ex-presidente Jos\u00e9 Sarney realizada na noite de segunda-feira, 25, em Bras\u00edlia, a comitiva de senadores do PSDB foi recebida com afagos e a informa\u00e7\u00e3o de que a fam\u00edlia Sarney tem operado pela aprova\u00e7\u00e3o do processo de impeachment da presidente Dilma Rousseff. Entre os presentes no encontro estavam o presidente do PSDB, senador A\u00e9cio Neves (MG), e os senadores Aloysio Nunes (SP) e Tasso Jereissati (CE). A informa\u00e7\u00e3o de que o cl\u00e3 Sarney entrou em campo para assegurar o apoio dos deputados da bancada do Nordeste a favor da sa\u00edda de Dilma foi transmitida pela ex-governadora do Maranh\u00e3o Roseana Sarney, filha do ex-presidente. \u201cPara n\u00f3s foi uma surpresa porque at\u00e9 ent\u00e3o n\u00e3o sab\u00edamos do&hellip; <\/p>\n","protected":false},"author":7,"featured_media":0,"comment_status":"open","ping_status":"open","sticky":false,"template":"","format":"standard","meta":{"_acf_changed":false,"footnotes":""},"categories":[1],"tags":[],"class_list":["post-141201","post","type-post","status-publish","format-standard","hentry","category-politica"],"acf":[],"yoast_head":"<!-- This site is optimized with the Yoast SEO plugin v27.4 - https:\/\/yoast.com\/product\/yoast-seo-wordpress\/ -->\n<title>FAM\u00cdLIA SARNEY ARTICULA PARA A APROVA\u00c7\u00c3O DO IMPEACHMENT - Blog do Farn\u00e9sio<\/title>\n<meta name=\"robots\" content=\"index, follow, max-snippet:-1, max-image-preview:large, max-video-preview:-1\" \/>\n<link rel=\"canonical\" href=\"https:\/\/blogdofarnesio.com.br\/?p=141201\" \/>\n<meta property=\"og:locale\" content=\"pt_BR\" \/>\n<meta property=\"og:type\" content=\"article\" \/>\n<meta property=\"og:title\" content=\"FAM\u00cdLIA SARNEY ARTICULA PARA A APROVA\u00c7\u00c3O DO IMPEACHMENT - Blog do Farn\u00e9sio\" \/>\n<meta property=\"og:description\" content=\"De passagem pela festa de anivers\u00e1rio do ex-presidente Jos\u00e9 Sarney realizada na noite de segunda-feira, 25, em Bras\u00edlia, a comitiva de senadores do PSDB foi recebida com afagos e a informa\u00e7\u00e3o de que a fam\u00edlia Sarney tem operado pela aprova\u00e7\u00e3o do processo de impeachment da presidente Dilma Rousseff. Entre os presentes no encontro estavam o presidente do PSDB, senador A\u00e9cio Neves (MG), e os senadores Aloysio Nunes (SP) e Tasso Jereissati (CE). A informa\u00e7\u00e3o de que o cl\u00e3 Sarney entrou em campo para assegurar o apoio dos deputados da bancada do Nordeste a favor da sa\u00edda de Dilma foi transmitida pela ex-governadora do Maranh\u00e3o Roseana Sarney, filha do ex-presidente. \u201cPara n\u00f3s foi uma surpresa porque at\u00e9 ent\u00e3o n\u00e3o sab\u00edamos do&hellip;\" \/>\n<meta property=\"og:url\" content=\"https:\/\/blogdofarnesio.com.br\/?p=141201\" \/>\n<meta property=\"og:site_name\" content=\"Blog do Farn\u00e9sio\" \/>\n<meta property=\"article:publisher\" content=\"https:\/\/www.facebook.com\/BlogQuerSaberPolitica\/\" \/>\n<meta property=\"article:published_time\" content=\"2016-04-27T15:31:44+00:00\" \/>\n<meta property=\"og:image\" content=\"http:\/\/www.quersaberpolitica.com.br\/2016\/wp-content\/uploads\/2016\/04\/blogqsp-sarney1.jpg\" \/>\n<meta name=\"twitter:card\" content=\"summary_large_image\" \/>\n<meta name=\"twitter:label1\" content=\"Escrito por\" \/>\n\t<meta name=\"twitter:data1\" content=\"\" \/>\n\t<meta name=\"twitter:label2\" content=\"Est. tempo de leitura\" \/>\n\t<meta name=\"twitter:data2\" content=\"2 minutos\" \/>\n<script type=\"application\/ld+json\" class=\"yoast-schema-graph\">{\"@context\":\"https:\\\/\\\/schema.org\",\"@graph\":[{\"@type\":\"Article\",\"@id\":\"https:\\\/\\\/blogdofarnesio.com.br\\\/?p=141201#article\",\"isPartOf\":{\"@id\":\"https:\\\/\\\/blogdofarnesio.com.br\\\/?p=141201\"},\"author\":{\"name\":\"\",\"@id\":\"\"},\"headline\":\"FAM\u00cdLIA SARNEY ARTICULA PARA A APROVA\u00c7\u00c3O DO IMPEACHMENT\",\"datePublished\":\"2016-04-27T15:31:44+00:00\",\"mainEntityOfPage\":{\"@id\":\"https:\\\/\\\/blogdofarnesio.com.br\\\/?p=141201\"},\"wordCount\":402,\"commentCount\":0,\"publisher\":{\"@id\":\"https:\\\/\\\/blogdofarnesio.com.br\\\/#organization\"},\"image\":{\"@id\":\"https:\\\/\\\/blogdofarnesio.com.br\\\/?p=141201#primaryimage\"},\"thumbnailUrl\":\"http:\\\/\\\/www.quersaberpolitica.com.br\\\/2016\\\/wp-content\\\/uploads\\\/2016\\\/04\\\/blogqsp-sarney1.jpg\",\"articleSection\":[\"Pol\u00edtica\"],\"inLanguage\":\"pt-BR\",\"potentialAction\":[{\"@type\":\"CommentAction\",\"name\":\"Comment\",\"target\":[\"https:\\\/\\\/blogdofarnesio.com.br\\\/?p=141201#respond\"]}]},{\"@type\":\"WebPage\",\"@id\":\"https:\\\/\\\/blogdofarnesio.com.br\\\/?p=141201\",\"url\":\"https:\\\/\\\/blogdofarnesio.com.br\\\/?p=141201\",\"name\":\"FAM\u00cdLIA SARNEY ARTICULA PARA A APROVA\u00c7\u00c3O DO IMPEACHMENT - Blog do Farn\u00e9sio\",\"isPartOf\":{\"@id\":\"https:\\\/\\\/blogdofarnesio.com.br\\\/#website\"},\"primaryImageOfPage\":{\"@id\":\"https:\\\/\\\/blogdofarnesio.com.br\\\/?p=141201#primaryimage\"},\"image\":{\"@id\":\"https:\\\/\\\/blogdofarnesio.com.br\\\/?p=141201#primaryimage\"},\"thumbnailUrl\":\"http:\\\/\\\/www.quersaberpolitica.com.br\\\/2016\\\/wp-content\\\/uploads\\\/2016\\\/04\\\/blogqsp-sarney1.jpg\",\"datePublished\":\"2016-04-27T15:31:44+00:00\",\"breadcrumb\":{\"@id\":\"https:\\\/\\\/blogdofarnesio.com.br\\\/?p=141201#breadcrumb\"},\"inLanguage\":\"pt-BR\",\"potentialAction\":[{\"@type\":\"ReadAction\",\"target\":[\"https:\\\/\\\/blogdofarnesio.com.br\\\/?p=141201\"]}]},{\"@type\":\"ImageObject\",\"inLanguage\":\"pt-BR\",\"@id\":\"https:\\\/\\\/blogdofarnesio.com.br\\\/?p=141201#primaryimage\",\"url\":\"http:\\\/\\\/www.quersaberpolitica.com.br\\\/2016\\\/wp-content\\\/uploads\\\/2016\\\/04\\\/blogqsp-sarney1.jpg\",\"contentUrl\":\"http:\\\/\\\/www.quersaberpolitica.com.br\\\/2016\\\/wp-content\\\/uploads\\\/2016\\\/04\\\/blogqsp-sarney1.jpg\"},{\"@type\":\"BreadcrumbList\",\"@id\":\"https:\\\/\\\/blogdofarnesio.com.br\\\/?p=141201#breadcrumb\",\"itemListElement\":[{\"@type\":\"ListItem\",\"position\":1,\"name\":\"In\u00edcio\",\"item\":\"https:\\\/\\\/blogdofarnesio.com.br\\\/\"},{\"@type\":\"ListItem\",\"position\":2,\"name\":\"FAM\u00cdLIA SARNEY ARTICULA PARA A APROVA\u00c7\u00c3O DO IMPEACHMENT\"}]},{\"@type\":\"WebSite\",\"@id\":\"https:\\\/\\\/blogdofarnesio.com.br\\\/#website\",\"url\":\"https:\\\/\\\/blogdofarnesio.com.br\\\/\",\"name\":\"Blog do Farn\u00e9sio\",\"description\":\"Quer Saber Pol\u00edtica?\",\"publisher\":{\"@id\":\"https:\\\/\\\/blogdofarnesio.com.br\\\/#organization\"},\"potentialAction\":[{\"@type\":\"SearchAction\",\"target\":{\"@type\":\"EntryPoint\",\"urlTemplate\":\"https:\\\/\\\/blogdofarnesio.com.br\\\/?s={search_term_string}\"},\"query-input\":{\"@type\":\"PropertyValueSpecification\",\"valueRequired\":true,\"valueName\":\"search_term_string\"}}],\"inLanguage\":\"pt-BR\"},{\"@type\":\"Organization\",\"@id\":\"https:\\\/\\\/blogdofarnesio.com.br\\\/#organization\",\"name\":\"Blog do Farn\u00e9sio\",\"url\":\"https:\\\/\\\/blogdofarnesio.com.br\\\/\",\"logo\":{\"@type\":\"ImageObject\",\"inLanguage\":\"pt-BR\",\"@id\":\"https:\\\/\\\/blogdofarnesio.com.br\\\/#\\\/schema\\\/logo\\\/image\\\/\",\"url\":\"https:\\\/\\\/blogdofarnesio.com.br\\\/wp-content\\\/uploads\\\/2026\\\/03\\\/cropped-logo_new-1.png\",\"contentUrl\":\"https:\\\/\\\/blogdofarnesio.com.br\\\/wp-content\\\/uploads\\\/2026\\\/03\\\/cropped-logo_new-1.png\",\"width\":881,\"height\":685,\"caption\":\"Blog do Farn\u00e9sio\"},\"image\":{\"@id\":\"https:\\\/\\\/blogdofarnesio.com.br\\\/#\\\/schema\\\/logo\\\/image\\\/\"},\"sameAs\":[\"https:\\\/\\\/www.facebook.com\\\/BlogQuerSaberPolitica\\\/\"]},{\"@type\":\"Person\",\"@id\":\"\",\"url\":\"https:\\\/\\\/blogdofarnesio.com.br\\\/?author=7\"}]}<\/script>\n<!-- \/ Yoast SEO plugin. -->","yoast_head_json":{"title":"FAM\u00cdLIA SARNEY ARTICULA PARA A APROVA\u00c7\u00c3O DO IMPEACHMENT - Blog do Farn\u00e9sio","robots":{"index":"index","follow":"follow","max-snippet":"max-snippet:-1","max-image-preview":"max-image-preview:large","max-video-preview":"max-video-preview:-1"},"canonical":"https:\/\/blogdofarnesio.com.br\/?p=141201","og_locale":"pt_BR","og_type":"article","og_title":"FAM\u00cdLIA SARNEY ARTICULA PARA A APROVA\u00c7\u00c3O DO IMPEACHMENT - Blog do Farn\u00e9sio","og_description":"De passagem pela festa de anivers\u00e1rio do ex-presidente Jos\u00e9 Sarney realizada na noite de segunda-feira, 25, em Bras\u00edlia, a comitiva de senadores do PSDB foi recebida com afagos e a informa\u00e7\u00e3o de que a fam\u00edlia Sarney tem operado pela aprova\u00e7\u00e3o do processo de impeachment da presidente Dilma Rousseff. Entre os presentes no encontro estavam o presidente do PSDB, senador A\u00e9cio Neves (MG), e os senadores Aloysio Nunes (SP) e Tasso Jereissati (CE). A informa\u00e7\u00e3o de que o cl\u00e3 Sarney entrou em campo para assegurar o apoio dos deputados da bancada do Nordeste a favor da sa\u00edda de Dilma foi transmitida pela ex-governadora do Maranh\u00e3o Roseana Sarney, filha do ex-presidente. \u201cPara n\u00f3s foi uma surpresa porque at\u00e9 ent\u00e3o n\u00e3o sab\u00edamos do&hellip;","og_url":"https:\/\/blogdofarnesio.com.br\/?p=141201","og_site_name":"Blog do Farn\u00e9sio","article_publisher":"https:\/\/www.facebook.com\/BlogQuerSaberPolitica\/","article_published_time":"2016-04-27T15:31:44+00:00","og_image":[{"url":"http:\/\/www.quersaberpolitica.com.br\/2016\/wp-content\/uploads\/2016\/04\/blogqsp-sarney1.jpg","type":"","width":"","height":""}],"twitter_card":"summary_large_image","twitter_misc":{"Escrito por":"","Est. tempo de leitura":"2 minutos"},"schema":{"@context":"https:\/\/schema.org","@graph":[{"@type":"Article","@id":"https:\/\/blogdofarnesio.com.br\/?p=141201#article","isPartOf":{"@id":"https:\/\/blogdofarnesio.com.br\/?p=141201"},"author":{"name":"","@id":""},"headline":"FAM\u00cdLIA SARNEY ARTICULA PARA A APROVA\u00c7\u00c3O DO IMPEACHMENT","datePublished":"2016-04-27T15:31:44+00:00","mainEntityOfPage":{"@id":"https:\/\/blogdofarnesio.com.br\/?p=141201"},"wordCount":402,"commentCount":0,"publisher":{"@id":"https:\/\/blogdofarnesio.com.br\/#organization"},"image":{"@id":"https:\/\/blogdofarnesio.com.br\/?p=141201#primaryimage"},"thumbnailUrl":"http:\/\/www.quersaberpolitica.com.br\/2016\/wp-content\/uploads\/2016\/04\/blogqsp-sarney1.jpg","articleSection":["Pol\u00edtica"],"inLanguage":"pt-BR","potentialAction":[{"@type":"CommentAction","name":"Comment","target":["https:\/\/blogdofarnesio.com.br\/?p=141201#respond"]}]},{"@type":"WebPage","@id":"https:\/\/blogdofarnesio.com.br\/?p=141201","url":"https:\/\/blogdofarnesio.com.br\/?p=141201","name":"FAM\u00cdLIA SARNEY ARTICULA PARA A APROVA\u00c7\u00c3O DO IMPEACHMENT - Blog do Farn\u00e9sio","isPartOf":{"@id":"https:\/\/blogdofarnesio.com.br\/#website"},"primaryImageOfPage":{"@id":"https:\/\/blogdofarnesio.com.br\/?p=141201#primaryimage"},"image":{"@id":"https:\/\/blogdofarnesio.com.br\/?p=141201#primaryimage"},"thumbnailUrl":"http:\/\/www.quersaberpolitica.com.br\/2016\/wp-content\/uploads\/2016\/04\/blogqsp-sarney1.jpg","datePublished":"2016-04-27T15:31:44+00:00","breadcrumb":{"@id":"https:\/\/blogdofarnesio.com.br\/?p=141201#breadcrumb"},"inLanguage":"pt-BR","potentialAction":[{"@type":"ReadAction","target":["https:\/\/blogdofarnesio.com.br\/?p=141201"]}]},{"@type":"ImageObject","inLanguage":"pt-BR","@id":"https:\/\/blogdofarnesio.com.br\/?p=141201#primaryimage","url":"http:\/\/www.quersaberpolitica.com.br\/2016\/wp-content\/uploads\/2016\/04\/blogqsp-sarney1.jpg","contentUrl":"http:\/\/www.quersaberpolitica.com.br\/2016\/wp-content\/uploads\/2016\/04\/blogqsp-sarney1.jpg"},{"@type":"BreadcrumbList","@id":"https:\/\/blogdofarnesio.com.br\/?p=141201#breadcrumb","itemListElement":[{"@type":"ListItem","position":1,"name":"In\u00edcio","item":"https:\/\/blogdofarnesio.com.br\/"},{"@type":"ListItem","position":2,"name":"FAM\u00cdLIA SARNEY ARTICULA PARA A APROVA\u00c7\u00c3O DO IMPEACHMENT"}]},{"@type":"WebSite","@id":"https:\/\/blogdofarnesio.com.br\/#website","url":"https:\/\/blogdofarnesio.com.br\/","name":"Blog do Farn\u00e9sio","description":"Quer Saber Pol\u00edtica?","publisher":{"@id":"https:\/\/blogdofarnesio.com.br\/#organization"},"potentialAction":[{"@type":"SearchAction","target":{"@type":"EntryPoint","urlTemplate":"https:\/\/blogdofarnesio.com.br\/?s={search_term_string}"},"query-input":{"@type":"PropertyValueSpecification","valueRequired":true,"valueName":"search_term_string"}}],"inLanguage":"pt-BR"},{"@type":"Organization","@id":"https:\/\/blogdofarnesio.com.br\/#organization","name":"Blog do Farn\u00e9sio","url":"https:\/\/blogdofarnesio.com.br\/","logo":{"@type":"ImageObject","inLanguage":"pt-BR","@id":"https:\/\/blogdofarnesio.com.br\/#\/schema\/logo\/image\/","url":"https:\/\/blogdofarnesio.com.br\/wp-content\/uploads\/2026\/03\/cropped-logo_new-1.png","contentUrl":"https:\/\/blogdofarnesio.com.br\/wp-content\/uploads\/2026\/03\/cropped-logo_new-1.png","width":881,"height":685,"caption":"Blog do Farn\u00e9sio"},"image":{"@id":"https:\/\/blogdofarnesio.com.br\/#\/schema\/logo\/image\/"},"sameAs":["https:\/\/www.facebook.com\/BlogQuerSaberPolitica\/"]},{"@type":"Person","@id":"","url":"https:\/\/blogdofarnesio.com.br\/?author=7"}]}},"_links":{"self":[{"href":"https:\/\/blogdofarnesio.com.br\/index.php?rest_route=\/wp\/v2\/posts\/141201","targetHints":{"allow":["GET"]}}],"collection":[{"href":"https:\/\/blogdofarnesio.com.br\/index.php?rest_route=\/wp\/v2\/posts"}],"about":[{"href":"https:\/\/blogdofarnesio.com.br\/index.php?rest_route=\/wp\/v2\/types\/post"}],"author":[{"embeddable":true,"href":"https:\/\/blogdofarnesio.com.br\/index.php?rest_route=\/wp\/v2\/users\/7"}],"replies":[{"embeddable":true,"href":"https:\/\/blogdofarnesio.com.br\/index.php?rest_route=%2Fwp%2Fv2%2Fcomments&post=141201"}],"version-history":[{"count":0,"href":"https:\/\/blogdofarnesio.com.br\/index.php?rest_route=\/wp\/v2\/posts\/141201\/revisions"}],"wp:attachment":[{"href":"https:\/\/blogdofarnesio.com.br\/index.php?rest_route=%2Fwp%2Fv2%2Fmedia&parent=141201"}],"wp:term":[{"taxonomy":"category","embeddable":true,"href":"https:\/\/blogdofarnesio.com.br\/index.php?rest_route=%2Fwp%2Fv2%2Fcategories&post=141201"},{"taxonomy":"post_tag","embeddable":true,"href":"https:\/\/blogdofarnesio.com.br\/index.php?rest_route=%2Fwp%2Fv2%2Ftags&post=141201"}],"curies":[{"name":"wp","href":"https:\/\/api.w.org\/{rel}","templated":true}]}}