{"id":141199,"date":"2016-04-27T14:00:59","date_gmt":"2016-04-27T17:00:59","guid":{"rendered":"http:\/\/www.quersaberpolitica.com.br\/?p=141199"},"modified":"2016-04-27T09:51:01","modified_gmt":"2016-04-27T12:51:01","slug":"ainda-da-tempo-de-fazer-a-inscricao-para-olimpiada-de-lingua-portuguesa","status":"publish","type":"post","link":"https:\/\/blogdofarnesio.com.br\/?p=141199","title":{"rendered":"AINDA DA TEMPO DE FAZER A INSCRI\u00c7\u00c3O PARA OLIMP\u00cdADA DE L\u00cdNGUA PORTUGUESA"},"content":{"rendered":"<p style=\"text-align: center\"><a href=\"http:\/\/www.quersaberpolitica.com.br\/2016\/wp-content\/uploads\/2016\/04\/blogqsp-olimpiadaportuguesa.jpg\"><img loading=\"lazy\" decoding=\"async\" class=\"alignnone size-full wp-image-141200\" src=\"http:\/\/www.quersaberpolitica.com.br\/2016\/wp-content\/uploads\/2016\/04\/blogqsp-olimpiadaportuguesa.jpg\" alt=\"blogqsp-olimpiadaportuguesa\" width=\"448\" height=\"224\" srcset=\"https:\/\/blogdofarnesio.com.br\/wp-content\/uploads\/2016\/04\/blogqsp-olimpiadaportuguesa.jpg 448w, https:\/\/blogdofarnesio.com.br\/wp-content\/uploads\/2016\/04\/blogqsp-olimpiadaportuguesa-300x150.jpg 300w\" sizes=\"auto, (max-width: 448px) 100vw, 448px\" \/><\/a><\/p>\n<p style=\"text-align: justify\">Termina na pr\u00f3xima sexta-feira (30) de abril as inscri\u00e7\u00f5es para a Olimp\u00edada de L\u00edngua Portuguesa- Escrevendo o Futuro. O concurso premiar\u00e1 as melhores produ\u00e7\u00f5es textuais de alunos de escolas p\u00fablicas de todo pa\u00eds e a Secret\u00e1ria de Educa\u00e7\u00e3o de Petrolina convoca todos os gestores a incentivar os professores a se inscreverem com suas turmas na Olimp\u00edadas.<\/p>\n<p style=\"text-align: justify\">As inscri\u00e7\u00f5es podem ser feitas pelo site\u00a0<a href=\"http:\/\/www.escrevendoofuturo.org.br\/\" target=\"_blank\" rel=\"nofollow\">www.escrevendoofuturo.org.br.<\/a>Acesse 5\u00aa edi\u00e7\u00e3o e conhe\u00e7a o Regulamento, as etapas e o &#8220;Mapa das inscri\u00e7\u00f5es&#8221;. Podem participar todos os estudantes das unidades p\u00fablicas e professores do 5\u00ba ano do Ensino Fundamental \u00e0 3\u00aa s\u00e9rie do Ensino M\u00e9dio.<\/p>\n<div>\n<p style=\"text-align: justify\">A Olimp\u00edada busca aprimorar a pr\u00e1tica did\u00e1tica de professores da l\u00edngua Portuguesa com o objetivo de desenvolver compet\u00eancias de escrita nos alunos e contribuir com a qualidade do ensino p\u00fablico.<\/p>\n<p style=\"text-align: justify\">Campe\u00f5es Petrolinenses na Olimp\u00edada Nacional<\/p>\n<p style=\"text-align: justify\">Segundo a representante da Olimp\u00edada de L\u00edngua Portuguesa no Munic\u00edpio, Maria Laurismar \u201cA Olimp\u00edada de L\u00edngua Portuguesa, \u00e9 um concurso no qual j\u00e1 obtivemos destaque pelo excelente trabalho desenvolvido pelos professores. Vale a pena relembrar! A professora Maria Isabel, da Escola Jos\u00e9 Esmerindo, desenvolveu um trabalho que conduziu a aluna Juscimara Deral\u00facia a ganhar a medalha de prata em 2010. Em 2014, mais duas grandes vit\u00f3rias: a professora Dulce Rejane, da Escola Neli Maria, que orientou a aluna Ana Val\u00e9ria, chegando \u00e0 etapa regional, e a professora Edelmize Brito, da Escola Irm\u00e3 Luiza Gomes, que levou o aluno Jullyo C\u00e9sar a subir no lugar mais alto do p\u00f3dio, ganhando medalha de ouro! Agora, vamos intensificar mais uma vez o trabalho de produ\u00e7\u00e3o textual visando, entre outros objetivos, favorecer a participa\u00e7\u00e3o das escolas no referido concurso nacional.\u201d<\/p>\n<p style=\"text-align: justify\"><em>Ascom<\/em><\/p>\n<\/div>\n","protected":false},"excerpt":{"rendered":"<p>Termina na pr\u00f3xima sexta-feira (30) de abril as inscri\u00e7\u00f5es para a Olimp\u00edada de L\u00edngua Portuguesa- Escrevendo o Futuro. O concurso premiar\u00e1 as melhores produ\u00e7\u00f5es textuais de alunos de escolas p\u00fablicas de todo pa\u00eds e a Secret\u00e1ria de Educa\u00e7\u00e3o de Petrolina convoca todos os gestores a incentivar os professores a se inscreverem com suas turmas na Olimp\u00edadas. As inscri\u00e7\u00f5es podem ser feitas pelo site\u00a0www.escrevendoofuturo.org.br.Acesse 5\u00aa edi\u00e7\u00e3o e conhe\u00e7a o Regulamento, as etapas e o &#8220;Mapa das inscri\u00e7\u00f5es&#8221;. Podem participar todos os estudantes das unidades p\u00fablicas e professores do 5\u00ba ano do Ensino Fundamental \u00e0 3\u00aa s\u00e9rie do Ensino M\u00e9dio. A Olimp\u00edada busca aprimorar a pr\u00e1tica did\u00e1tica de professores da l\u00edngua Portuguesa com o objetivo de desenvolver compet\u00eancias de escrita nos alunos&hellip; <\/p>\n","protected":false},"author":7,"featured_media":0,"comment_status":"open","ping_status":"open","sticky":false,"template":"","format":"standard","meta":{"_acf_changed":false,"footnotes":""},"categories":[44,6],"tags":[],"class_list":["post-141199","post","type-post","status-publish","format-standard","hentry","category-administracao","category-educacao"],"acf":[],"yoast_head":"<!-- This site is optimized with the Yoast SEO plugin v27.4 - https:\/\/yoast.com\/product\/yoast-seo-wordpress\/ -->\n<title>AINDA DA TEMPO DE FAZER A INSCRI\u00c7\u00c3O PARA OLIMP\u00cdADA DE L\u00cdNGUA PORTUGUESA - Blog do Farn\u00e9sio<\/title>\n<meta name=\"robots\" content=\"index, follow, max-snippet:-1, max-image-preview:large, max-video-preview:-1\" \/>\n<link rel=\"canonical\" href=\"https:\/\/blogdofarnesio.com.br\/?p=141199\" \/>\n<meta property=\"og:locale\" content=\"pt_BR\" \/>\n<meta property=\"og:type\" content=\"article\" \/>\n<meta property=\"og:title\" content=\"AINDA DA TEMPO DE FAZER A INSCRI\u00c7\u00c3O PARA OLIMP\u00cdADA DE L\u00cdNGUA PORTUGUESA - Blog do Farn\u00e9sio\" \/>\n<meta property=\"og:description\" content=\"Termina na pr\u00f3xima sexta-feira (30) de abril as inscri\u00e7\u00f5es para a Olimp\u00edada de L\u00edngua Portuguesa- Escrevendo o Futuro. O concurso premiar\u00e1 as melhores produ\u00e7\u00f5es textuais de alunos de escolas p\u00fablicas de todo pa\u00eds e a Secret\u00e1ria de Educa\u00e7\u00e3o de Petrolina convoca todos os gestores a incentivar os professores a se inscreverem com suas turmas na Olimp\u00edadas. As inscri\u00e7\u00f5es podem ser feitas pelo site\u00a0www.escrevendoofuturo.org.br.Acesse 5\u00aa edi\u00e7\u00e3o e conhe\u00e7a o Regulamento, as etapas e o &#8220;Mapa das inscri\u00e7\u00f5es&#8221;. Podem participar todos os estudantes das unidades p\u00fablicas e professores do 5\u00ba ano do Ensino Fundamental \u00e0 3\u00aa s\u00e9rie do Ensino M\u00e9dio. A Olimp\u00edada busca aprimorar a pr\u00e1tica did\u00e1tica de professores da l\u00edngua Portuguesa com o objetivo de desenvolver compet\u00eancias de escrita nos alunos&hellip;\" \/>\n<meta property=\"og:url\" content=\"https:\/\/blogdofarnesio.com.br\/?p=141199\" \/>\n<meta property=\"og:site_name\" content=\"Blog do Farn\u00e9sio\" \/>\n<meta property=\"article:publisher\" content=\"https:\/\/www.facebook.com\/BlogQuerSaberPolitica\/\" \/>\n<meta property=\"article:published_time\" content=\"2016-04-27T17:00:59+00:00\" \/>\n<meta property=\"og:image\" content=\"http:\/\/www.quersaberpolitica.com.br\/2016\/wp-content\/uploads\/2016\/04\/blogqsp-olimpiadaportuguesa.jpg\" \/>\n<meta name=\"twitter:card\" content=\"summary_large_image\" \/>\n<meta name=\"twitter:label1\" content=\"Escrito por\" \/>\n\t<meta name=\"twitter:data1\" content=\"\" \/>\n\t<meta name=\"twitter:label2\" content=\"Est. tempo de leitura\" \/>\n\t<meta name=\"twitter:data2\" content=\"2 minutos\" \/>\n<script type=\"application\/ld+json\" class=\"yoast-schema-graph\">{\"@context\":\"https:\\\/\\\/schema.org\",\"@graph\":[{\"@type\":\"Article\",\"@id\":\"https:\\\/\\\/blogdofarnesio.com.br\\\/?p=141199#article\",\"isPartOf\":{\"@id\":\"https:\\\/\\\/blogdofarnesio.com.br\\\/?p=141199\"},\"author\":{\"name\":\"\",\"@id\":\"\"},\"headline\":\"AINDA DA TEMPO DE FAZER A INSCRI\u00c7\u00c3O PARA OLIMP\u00cdADA DE L\u00cdNGUA PORTUGUESA\",\"datePublished\":\"2016-04-27T17:00:59+00:00\",\"mainEntityOfPage\":{\"@id\":\"https:\\\/\\\/blogdofarnesio.com.br\\\/?p=141199\"},\"wordCount\":318,\"commentCount\":0,\"publisher\":{\"@id\":\"https:\\\/\\\/blogdofarnesio.com.br\\\/#organization\"},\"image\":{\"@id\":\"https:\\\/\\\/blogdofarnesio.com.br\\\/?p=141199#primaryimage\"},\"thumbnailUrl\":\"http:\\\/\\\/www.quersaberpolitica.com.br\\\/2016\\\/wp-content\\\/uploads\\\/2016\\\/04\\\/blogqsp-olimpiadaportuguesa.jpg\",\"articleSection\":[\"Administra\u00e7\u00e3o\",\"Educa\u00e7\u00e3o\"],\"inLanguage\":\"pt-BR\",\"potentialAction\":[{\"@type\":\"CommentAction\",\"name\":\"Comment\",\"target\":[\"https:\\\/\\\/blogdofarnesio.com.br\\\/?p=141199#respond\"]}]},{\"@type\":\"WebPage\",\"@id\":\"https:\\\/\\\/blogdofarnesio.com.br\\\/?p=141199\",\"url\":\"https:\\\/\\\/blogdofarnesio.com.br\\\/?p=141199\",\"name\":\"AINDA DA TEMPO DE FAZER A INSCRI\u00c7\u00c3O PARA OLIMP\u00cdADA DE L\u00cdNGUA PORTUGUESA - Blog do Farn\u00e9sio\",\"isPartOf\":{\"@id\":\"https:\\\/\\\/blogdofarnesio.com.br\\\/#website\"},\"primaryImageOfPage\":{\"@id\":\"https:\\\/\\\/blogdofarnesio.com.br\\\/?p=141199#primaryimage\"},\"image\":{\"@id\":\"https:\\\/\\\/blogdofarnesio.com.br\\\/?p=141199#primaryimage\"},\"thumbnailUrl\":\"http:\\\/\\\/www.quersaberpolitica.com.br\\\/2016\\\/wp-content\\\/uploads\\\/2016\\\/04\\\/blogqsp-olimpiadaportuguesa.jpg\",\"datePublished\":\"2016-04-27T17:00:59+00:00\",\"breadcrumb\":{\"@id\":\"https:\\\/\\\/blogdofarnesio.com.br\\\/?p=141199#breadcrumb\"},\"inLanguage\":\"pt-BR\",\"potentialAction\":[{\"@type\":\"ReadAction\",\"target\":[\"https:\\\/\\\/blogdofarnesio.com.br\\\/?p=141199\"]}]},{\"@type\":\"ImageObject\",\"inLanguage\":\"pt-BR\",\"@id\":\"https:\\\/\\\/blogdofarnesio.com.br\\\/?p=141199#primaryimage\",\"url\":\"http:\\\/\\\/www.quersaberpolitica.com.br\\\/2016\\\/wp-content\\\/uploads\\\/2016\\\/04\\\/blogqsp-olimpiadaportuguesa.jpg\",\"contentUrl\":\"http:\\\/\\\/www.quersaberpolitica.com.br\\\/2016\\\/wp-content\\\/uploads\\\/2016\\\/04\\\/blogqsp-olimpiadaportuguesa.jpg\"},{\"@type\":\"BreadcrumbList\",\"@id\":\"https:\\\/\\\/blogdofarnesio.com.br\\\/?p=141199#breadcrumb\",\"itemListElement\":[{\"@type\":\"ListItem\",\"position\":1,\"name\":\"In\u00edcio\",\"item\":\"https:\\\/\\\/blogdofarnesio.com.br\\\/\"},{\"@type\":\"ListItem\",\"position\":2,\"name\":\"AINDA DA TEMPO DE FAZER A INSCRI\u00c7\u00c3O PARA OLIMP\u00cdADA DE L\u00cdNGUA PORTUGUESA\"}]},{\"@type\":\"WebSite\",\"@id\":\"https:\\\/\\\/blogdofarnesio.com.br\\\/#website\",\"url\":\"https:\\\/\\\/blogdofarnesio.com.br\\\/\",\"name\":\"Blog do Farn\u00e9sio\",\"description\":\"Quer Saber Pol\u00edtica?\",\"publisher\":{\"@id\":\"https:\\\/\\\/blogdofarnesio.com.br\\\/#organization\"},\"potentialAction\":[{\"@type\":\"SearchAction\",\"target\":{\"@type\":\"EntryPoint\",\"urlTemplate\":\"https:\\\/\\\/blogdofarnesio.com.br\\\/?s={search_term_string}\"},\"query-input\":{\"@type\":\"PropertyValueSpecification\",\"valueRequired\":true,\"valueName\":\"search_term_string\"}}],\"inLanguage\":\"pt-BR\"},{\"@type\":\"Organization\",\"@id\":\"https:\\\/\\\/blogdofarnesio.com.br\\\/#organization\",\"name\":\"Blog do Farn\u00e9sio\",\"url\":\"https:\\\/\\\/blogdofarnesio.com.br\\\/\",\"logo\":{\"@type\":\"ImageObject\",\"inLanguage\":\"pt-BR\",\"@id\":\"https:\\\/\\\/blogdofarnesio.com.br\\\/#\\\/schema\\\/logo\\\/image\\\/\",\"url\":\"https:\\\/\\\/blogdofarnesio.com.br\\\/wp-content\\\/uploads\\\/2026\\\/03\\\/cropped-logo_new-1.png\",\"contentUrl\":\"https:\\\/\\\/blogdofarnesio.com.br\\\/wp-content\\\/uploads\\\/2026\\\/03\\\/cropped-logo_new-1.png\",\"width\":881,\"height\":685,\"caption\":\"Blog do Farn\u00e9sio\"},\"image\":{\"@id\":\"https:\\\/\\\/blogdofarnesio.com.br\\\/#\\\/schema\\\/logo\\\/image\\\/\"},\"sameAs\":[\"https:\\\/\\\/www.facebook.com\\\/BlogQuerSaberPolitica\\\/\"]},{\"@type\":\"Person\",\"@id\":\"\",\"url\":\"https:\\\/\\\/blogdofarnesio.com.br\\\/?author=7\"}]}<\/script>\n<!-- \/ Yoast SEO plugin. -->","yoast_head_json":{"title":"AINDA DA TEMPO DE FAZER A INSCRI\u00c7\u00c3O PARA OLIMP\u00cdADA DE L\u00cdNGUA PORTUGUESA - Blog do Farn\u00e9sio","robots":{"index":"index","follow":"follow","max-snippet":"max-snippet:-1","max-image-preview":"max-image-preview:large","max-video-preview":"max-video-preview:-1"},"canonical":"https:\/\/blogdofarnesio.com.br\/?p=141199","og_locale":"pt_BR","og_type":"article","og_title":"AINDA DA TEMPO DE FAZER A INSCRI\u00c7\u00c3O PARA OLIMP\u00cdADA DE L\u00cdNGUA PORTUGUESA - Blog do Farn\u00e9sio","og_description":"Termina na pr\u00f3xima sexta-feira (30) de abril as inscri\u00e7\u00f5es para a Olimp\u00edada de L\u00edngua Portuguesa- Escrevendo o Futuro. O concurso premiar\u00e1 as melhores produ\u00e7\u00f5es textuais de alunos de escolas p\u00fablicas de todo pa\u00eds e a Secret\u00e1ria de Educa\u00e7\u00e3o de Petrolina convoca todos os gestores a incentivar os professores a se inscreverem com suas turmas na Olimp\u00edadas. As inscri\u00e7\u00f5es podem ser feitas pelo site\u00a0www.escrevendoofuturo.org.br.Acesse 5\u00aa edi\u00e7\u00e3o e conhe\u00e7a o Regulamento, as etapas e o &#8220;Mapa das inscri\u00e7\u00f5es&#8221;. Podem participar todos os estudantes das unidades p\u00fablicas e professores do 5\u00ba ano do Ensino Fundamental \u00e0 3\u00aa s\u00e9rie do Ensino M\u00e9dio. A Olimp\u00edada busca aprimorar a pr\u00e1tica did\u00e1tica de professores da l\u00edngua Portuguesa com o objetivo de desenvolver compet\u00eancias de escrita nos alunos&hellip;","og_url":"https:\/\/blogdofarnesio.com.br\/?p=141199","og_site_name":"Blog do Farn\u00e9sio","article_publisher":"https:\/\/www.facebook.com\/BlogQuerSaberPolitica\/","article_published_time":"2016-04-27T17:00:59+00:00","og_image":[{"url":"http:\/\/www.quersaberpolitica.com.br\/2016\/wp-content\/uploads\/2016\/04\/blogqsp-olimpiadaportuguesa.jpg","type":"","width":"","height":""}],"twitter_card":"summary_large_image","twitter_misc":{"Escrito por":"","Est. tempo de leitura":"2 minutos"},"schema":{"@context":"https:\/\/schema.org","@graph":[{"@type":"Article","@id":"https:\/\/blogdofarnesio.com.br\/?p=141199#article","isPartOf":{"@id":"https:\/\/blogdofarnesio.com.br\/?p=141199"},"author":{"name":"","@id":""},"headline":"AINDA DA TEMPO DE FAZER A INSCRI\u00c7\u00c3O PARA OLIMP\u00cdADA DE L\u00cdNGUA PORTUGUESA","datePublished":"2016-04-27T17:00:59+00:00","mainEntityOfPage":{"@id":"https:\/\/blogdofarnesio.com.br\/?p=141199"},"wordCount":318,"commentCount":0,"publisher":{"@id":"https:\/\/blogdofarnesio.com.br\/#organization"},"image":{"@id":"https:\/\/blogdofarnesio.com.br\/?p=141199#primaryimage"},"thumbnailUrl":"http:\/\/www.quersaberpolitica.com.br\/2016\/wp-content\/uploads\/2016\/04\/blogqsp-olimpiadaportuguesa.jpg","articleSection":["Administra\u00e7\u00e3o","Educa\u00e7\u00e3o"],"inLanguage":"pt-BR","potentialAction":[{"@type":"CommentAction","name":"Comment","target":["https:\/\/blogdofarnesio.com.br\/?p=141199#respond"]}]},{"@type":"WebPage","@id":"https:\/\/blogdofarnesio.com.br\/?p=141199","url":"https:\/\/blogdofarnesio.com.br\/?p=141199","name":"AINDA DA TEMPO DE FAZER A INSCRI\u00c7\u00c3O PARA OLIMP\u00cdADA DE L\u00cdNGUA PORTUGUESA - Blog do Farn\u00e9sio","isPartOf":{"@id":"https:\/\/blogdofarnesio.com.br\/#website"},"primaryImageOfPage":{"@id":"https:\/\/blogdofarnesio.com.br\/?p=141199#primaryimage"},"image":{"@id":"https:\/\/blogdofarnesio.com.br\/?p=141199#primaryimage"},"thumbnailUrl":"http:\/\/www.quersaberpolitica.com.br\/2016\/wp-content\/uploads\/2016\/04\/blogqsp-olimpiadaportuguesa.jpg","datePublished":"2016-04-27T17:00:59+00:00","breadcrumb":{"@id":"https:\/\/blogdofarnesio.com.br\/?p=141199#breadcrumb"},"inLanguage":"pt-BR","potentialAction":[{"@type":"ReadAction","target":["https:\/\/blogdofarnesio.com.br\/?p=141199"]}]},{"@type":"ImageObject","inLanguage":"pt-BR","@id":"https:\/\/blogdofarnesio.com.br\/?p=141199#primaryimage","url":"http:\/\/www.quersaberpolitica.com.br\/2016\/wp-content\/uploads\/2016\/04\/blogqsp-olimpiadaportuguesa.jpg","contentUrl":"http:\/\/www.quersaberpolitica.com.br\/2016\/wp-content\/uploads\/2016\/04\/blogqsp-olimpiadaportuguesa.jpg"},{"@type":"BreadcrumbList","@id":"https:\/\/blogdofarnesio.com.br\/?p=141199#breadcrumb","itemListElement":[{"@type":"ListItem","position":1,"name":"In\u00edcio","item":"https:\/\/blogdofarnesio.com.br\/"},{"@type":"ListItem","position":2,"name":"AINDA DA TEMPO DE FAZER A INSCRI\u00c7\u00c3O PARA OLIMP\u00cdADA DE L\u00cdNGUA PORTUGUESA"}]},{"@type":"WebSite","@id":"https:\/\/blogdofarnesio.com.br\/#website","url":"https:\/\/blogdofarnesio.com.br\/","name":"Blog do Farn\u00e9sio","description":"Quer Saber Pol\u00edtica?","publisher":{"@id":"https:\/\/blogdofarnesio.com.br\/#organization"},"potentialAction":[{"@type":"SearchAction","target":{"@type":"EntryPoint","urlTemplate":"https:\/\/blogdofarnesio.com.br\/?s={search_term_string}"},"query-input":{"@type":"PropertyValueSpecification","valueRequired":true,"valueName":"search_term_string"}}],"inLanguage":"pt-BR"},{"@type":"Organization","@id":"https:\/\/blogdofarnesio.com.br\/#organization","name":"Blog do Farn\u00e9sio","url":"https:\/\/blogdofarnesio.com.br\/","logo":{"@type":"ImageObject","inLanguage":"pt-BR","@id":"https:\/\/blogdofarnesio.com.br\/#\/schema\/logo\/image\/","url":"https:\/\/blogdofarnesio.com.br\/wp-content\/uploads\/2026\/03\/cropped-logo_new-1.png","contentUrl":"https:\/\/blogdofarnesio.com.br\/wp-content\/uploads\/2026\/03\/cropped-logo_new-1.png","width":881,"height":685,"caption":"Blog do Farn\u00e9sio"},"image":{"@id":"https:\/\/blogdofarnesio.com.br\/#\/schema\/logo\/image\/"},"sameAs":["https:\/\/www.facebook.com\/BlogQuerSaberPolitica\/"]},{"@type":"Person","@id":"","url":"https:\/\/blogdofarnesio.com.br\/?author=7"}]}},"_links":{"self":[{"href":"https:\/\/blogdofarnesio.com.br\/index.php?rest_route=\/wp\/v2\/posts\/141199","targetHints":{"allow":["GET"]}}],"collection":[{"href":"https:\/\/blogdofarnesio.com.br\/index.php?rest_route=\/wp\/v2\/posts"}],"about":[{"href":"https:\/\/blogdofarnesio.com.br\/index.php?rest_route=\/wp\/v2\/types\/post"}],"author":[{"embeddable":true,"href":"https:\/\/blogdofarnesio.com.br\/index.php?rest_route=\/wp\/v2\/users\/7"}],"replies":[{"embeddable":true,"href":"https:\/\/blogdofarnesio.com.br\/index.php?rest_route=%2Fwp%2Fv2%2Fcomments&post=141199"}],"version-history":[{"count":0,"href":"https:\/\/blogdofarnesio.com.br\/index.php?rest_route=\/wp\/v2\/posts\/141199\/revisions"}],"wp:attachment":[{"href":"https:\/\/blogdofarnesio.com.br\/index.php?rest_route=%2Fwp%2Fv2%2Fmedia&parent=141199"}],"wp:term":[{"taxonomy":"category","embeddable":true,"href":"https:\/\/blogdofarnesio.com.br\/index.php?rest_route=%2Fwp%2Fv2%2Fcategories&post=141199"},{"taxonomy":"post_tag","embeddable":true,"href":"https:\/\/blogdofarnesio.com.br\/index.php?rest_route=%2Fwp%2Fv2%2Ftags&post=141199"}],"curies":[{"name":"wp","href":"https:\/\/api.w.org\/{rel}","templated":true}]}}