{"id":141026,"date":"2016-04-24T12:00:41","date_gmt":"2016-04-24T15:00:41","guid":{"rendered":"http:\/\/www.quersaberpolitica.com.br\/?p=141026"},"modified":"2016-04-23T20:10:42","modified_gmt":"2016-04-23T23:10:42","slug":"anatel-proibe-limites-na-internet-fixa-por-tempo-indeterminado","status":"publish","type":"post","link":"https:\/\/blogdofarnesio.com.br\/?p=141026","title":{"rendered":"ANATEL PRO\u00cdBE LIMITES NA INTERNET FIXA POR TEMPO INDETERMINADO"},"content":{"rendered":"<p style=\"text-align: center\"><a href=\"http:\/\/www.quersaberpolitica.com.br\/2016\/wp-content\/uploads\/2016\/04\/blogqsp-Anatel.jpg\"><img loading=\"lazy\" decoding=\"async\" class=\"alignnone size-full wp-image-141027\" src=\"http:\/\/www.quersaberpolitica.com.br\/2016\/wp-content\/uploads\/2016\/04\/blogqsp-Anatel.jpg\" alt=\"blogqsp-Anatel\" width=\"448\" height=\"252\" srcset=\"https:\/\/blogdofarnesio.com.br\/wp-content\/uploads\/2016\/04\/blogqsp-Anatel.jpg 448w, https:\/\/blogdofarnesio.com.br\/wp-content\/uploads\/2016\/04\/blogqsp-Anatel-300x169.jpg 300w\" sizes=\"auto, (max-width: 448px) 100vw, 448px\" \/><\/a><\/p>\n<p style=\"text-align: justify\">A Ag\u00eancia Nacional de Telecomunica\u00e7\u00f5es (Anatel) proibiu, por tempo indeterminado, as prestadoras de reduzirem a velocidade, suspender o servi\u00e7o ou cobrar pelo tr\u00e1fego excedente dos usu\u00e1rios que atingirem a franquia prevista no contrato de servi\u00e7o de internet. A decis\u00e3o valer\u00e1 enquanto o Conselho Diretor da Anatel examina o tema, \u201dcom base nas manifesta\u00e7\u00f5es recebidas pelo \u00f3rg\u00e3o\u201d.<\/p>\n<p style=\"text-align: justify\">Em comunicado, a ag\u00eancia destaca a proibi\u00e7\u00e3o de qualquer altera\u00e7\u00e3o imediata na forma de as prestadoras cobrarem a banda larga fixa e afirma que as mudan\u00e7as na forma de cobran\u00e7a, mesmo previstas na legisla\u00e7\u00e3o, n\u00e3o devem \u201dferir os direitos do consumidor\u201d. A Ag\u00eancia ressaltou, no entanto, que a oferta de planos ilimitados depende do modelo de neg\u00f3cios de cada operadora e n\u00e3o est\u00e1 proibida.<\/p>\n<p style=\"text-align: justify\">Em medida cautelar publicada no dia 18 de abril, a\u00a0Anatel proibiu as operadoras de aplicar san\u00e7\u00f5es como aos usu\u00e1rios que ultrapassarem limites de franquia estabelecidos contratualmente pelo per\u00edodo de 90 dias. Com a decis\u00e3o desta sexta, o processo ficar\u00e1 sob a responsabilidade do Conselho Diretor da Ag\u00eancia.<\/p>\n","protected":false},"excerpt":{"rendered":"<p>A Ag\u00eancia Nacional de Telecomunica\u00e7\u00f5es (Anatel) proibiu, por tempo indeterminado, as prestadoras de reduzirem a velocidade, suspender o servi\u00e7o ou cobrar pelo tr\u00e1fego excedente dos usu\u00e1rios que atingirem a franquia prevista no contrato de servi\u00e7o de internet. A decis\u00e3o valer\u00e1 enquanto o Conselho Diretor da Anatel examina o tema, \u201dcom base nas manifesta\u00e7\u00f5es recebidas pelo \u00f3rg\u00e3o\u201d. Em comunicado, a ag\u00eancia destaca a proibi\u00e7\u00e3o de qualquer altera\u00e7\u00e3o imediata na forma de as prestadoras cobrarem a banda larga fixa e afirma que as mudan\u00e7as na forma de cobran\u00e7a, mesmo previstas na legisla\u00e7\u00e3o, n\u00e3o devem \u201dferir os direitos do consumidor\u201d. A Ag\u00eancia ressaltou, no entanto, que a oferta de planos ilimitados depende do modelo de neg\u00f3cios de cada operadora e n\u00e3o est\u00e1 proibida.&hellip; <\/p>\n","protected":false},"author":7,"featured_media":0,"comment_status":"open","ping_status":"open","sticky":false,"template":"","format":"standard","meta":{"_acf_changed":false,"footnotes":""},"categories":[35],"tags":[],"class_list":["post-141026","post","type-post","status-publish","format-standard","hentry","category-ti-internet"],"acf":[],"yoast_head":"<!-- This site is optimized with the Yoast SEO plugin v27.4 - https:\/\/yoast.com\/product\/yoast-seo-wordpress\/ -->\n<title>ANATEL PRO\u00cdBE LIMITES NA INTERNET FIXA POR TEMPO INDETERMINADO - Blog do Farn\u00e9sio<\/title>\n<meta name=\"robots\" content=\"index, follow, max-snippet:-1, max-image-preview:large, max-video-preview:-1\" \/>\n<link rel=\"canonical\" href=\"https:\/\/blogdofarnesio.com.br\/?p=141026\" \/>\n<meta property=\"og:locale\" content=\"pt_BR\" \/>\n<meta property=\"og:type\" content=\"article\" \/>\n<meta property=\"og:title\" content=\"ANATEL PRO\u00cdBE LIMITES NA INTERNET FIXA POR TEMPO INDETERMINADO - Blog do Farn\u00e9sio\" \/>\n<meta property=\"og:description\" content=\"A Ag\u00eancia Nacional de Telecomunica\u00e7\u00f5es (Anatel) proibiu, por tempo indeterminado, as prestadoras de reduzirem a velocidade, suspender o servi\u00e7o ou cobrar pelo tr\u00e1fego excedente dos usu\u00e1rios que atingirem a franquia prevista no contrato de servi\u00e7o de internet. A decis\u00e3o valer\u00e1 enquanto o Conselho Diretor da Anatel examina o tema, \u201dcom base nas manifesta\u00e7\u00f5es recebidas pelo \u00f3rg\u00e3o\u201d. Em comunicado, a ag\u00eancia destaca a proibi\u00e7\u00e3o de qualquer altera\u00e7\u00e3o imediata na forma de as prestadoras cobrarem a banda larga fixa e afirma que as mudan\u00e7as na forma de cobran\u00e7a, mesmo previstas na legisla\u00e7\u00e3o, n\u00e3o devem \u201dferir os direitos do consumidor\u201d. A Ag\u00eancia ressaltou, no entanto, que a oferta de planos ilimitados depende do modelo de neg\u00f3cios de cada operadora e n\u00e3o est\u00e1 proibida.&hellip;\" \/>\n<meta property=\"og:url\" content=\"https:\/\/blogdofarnesio.com.br\/?p=141026\" \/>\n<meta property=\"og:site_name\" content=\"Blog do Farn\u00e9sio\" \/>\n<meta property=\"article:publisher\" content=\"https:\/\/www.facebook.com\/BlogQuerSaberPolitica\/\" \/>\n<meta property=\"article:published_time\" content=\"2016-04-24T15:00:41+00:00\" \/>\n<meta property=\"og:image\" content=\"http:\/\/www.quersaberpolitica.com.br\/2016\/wp-content\/uploads\/2016\/04\/blogqsp-Anatel.jpg\" \/>\n<meta name=\"twitter:card\" content=\"summary_large_image\" \/>\n<meta name=\"twitter:label1\" content=\"Escrito por\" \/>\n\t<meta name=\"twitter:data1\" content=\"\" \/>\n\t<meta name=\"twitter:label2\" content=\"Est. tempo de leitura\" \/>\n\t<meta name=\"twitter:data2\" content=\"1 minuto\" \/>\n<script type=\"application\/ld+json\" class=\"yoast-schema-graph\">{\"@context\":\"https:\\\/\\\/schema.org\",\"@graph\":[{\"@type\":\"Article\",\"@id\":\"https:\\\/\\\/blogdofarnesio.com.br\\\/?p=141026#article\",\"isPartOf\":{\"@id\":\"https:\\\/\\\/blogdofarnesio.com.br\\\/?p=141026\"},\"author\":{\"name\":\"\",\"@id\":\"\"},\"headline\":\"ANATEL PRO\u00cdBE LIMITES NA INTERNET FIXA POR TEMPO INDETERMINADO\",\"datePublished\":\"2016-04-24T15:00:41+00:00\",\"mainEntityOfPage\":{\"@id\":\"https:\\\/\\\/blogdofarnesio.com.br\\\/?p=141026\"},\"wordCount\":200,\"commentCount\":0,\"publisher\":{\"@id\":\"https:\\\/\\\/blogdofarnesio.com.br\\\/#organization\"},\"image\":{\"@id\":\"https:\\\/\\\/blogdofarnesio.com.br\\\/?p=141026#primaryimage\"},\"thumbnailUrl\":\"http:\\\/\\\/www.quersaberpolitica.com.br\\\/2016\\\/wp-content\\\/uploads\\\/2016\\\/04\\\/blogqsp-Anatel.jpg\",\"articleSection\":[\"T.I. (INTERNET)\"],\"inLanguage\":\"pt-BR\",\"potentialAction\":[{\"@type\":\"CommentAction\",\"name\":\"Comment\",\"target\":[\"https:\\\/\\\/blogdofarnesio.com.br\\\/?p=141026#respond\"]}]},{\"@type\":\"WebPage\",\"@id\":\"https:\\\/\\\/blogdofarnesio.com.br\\\/?p=141026\",\"url\":\"https:\\\/\\\/blogdofarnesio.com.br\\\/?p=141026\",\"name\":\"ANATEL PRO\u00cdBE LIMITES NA INTERNET FIXA POR TEMPO INDETERMINADO - Blog do Farn\u00e9sio\",\"isPartOf\":{\"@id\":\"https:\\\/\\\/blogdofarnesio.com.br\\\/#website\"},\"primaryImageOfPage\":{\"@id\":\"https:\\\/\\\/blogdofarnesio.com.br\\\/?p=141026#primaryimage\"},\"image\":{\"@id\":\"https:\\\/\\\/blogdofarnesio.com.br\\\/?p=141026#primaryimage\"},\"thumbnailUrl\":\"http:\\\/\\\/www.quersaberpolitica.com.br\\\/2016\\\/wp-content\\\/uploads\\\/2016\\\/04\\\/blogqsp-Anatel.jpg\",\"datePublished\":\"2016-04-24T15:00:41+00:00\",\"breadcrumb\":{\"@id\":\"https:\\\/\\\/blogdofarnesio.com.br\\\/?p=141026#breadcrumb\"},\"inLanguage\":\"pt-BR\",\"potentialAction\":[{\"@type\":\"ReadAction\",\"target\":[\"https:\\\/\\\/blogdofarnesio.com.br\\\/?p=141026\"]}]},{\"@type\":\"ImageObject\",\"inLanguage\":\"pt-BR\",\"@id\":\"https:\\\/\\\/blogdofarnesio.com.br\\\/?p=141026#primaryimage\",\"url\":\"http:\\\/\\\/www.quersaberpolitica.com.br\\\/2016\\\/wp-content\\\/uploads\\\/2016\\\/04\\\/blogqsp-Anatel.jpg\",\"contentUrl\":\"http:\\\/\\\/www.quersaberpolitica.com.br\\\/2016\\\/wp-content\\\/uploads\\\/2016\\\/04\\\/blogqsp-Anatel.jpg\"},{\"@type\":\"BreadcrumbList\",\"@id\":\"https:\\\/\\\/blogdofarnesio.com.br\\\/?p=141026#breadcrumb\",\"itemListElement\":[{\"@type\":\"ListItem\",\"position\":1,\"name\":\"In\u00edcio\",\"item\":\"https:\\\/\\\/blogdofarnesio.com.br\\\/\"},{\"@type\":\"ListItem\",\"position\":2,\"name\":\"ANATEL PRO\u00cdBE LIMITES NA INTERNET FIXA POR TEMPO INDETERMINADO\"}]},{\"@type\":\"WebSite\",\"@id\":\"https:\\\/\\\/blogdofarnesio.com.br\\\/#website\",\"url\":\"https:\\\/\\\/blogdofarnesio.com.br\\\/\",\"name\":\"Blog do Farn\u00e9sio\",\"description\":\"Quer Saber Pol\u00edtica?\",\"publisher\":{\"@id\":\"https:\\\/\\\/blogdofarnesio.com.br\\\/#organization\"},\"potentialAction\":[{\"@type\":\"SearchAction\",\"target\":{\"@type\":\"EntryPoint\",\"urlTemplate\":\"https:\\\/\\\/blogdofarnesio.com.br\\\/?s={search_term_string}\"},\"query-input\":{\"@type\":\"PropertyValueSpecification\",\"valueRequired\":true,\"valueName\":\"search_term_string\"}}],\"inLanguage\":\"pt-BR\"},{\"@type\":\"Organization\",\"@id\":\"https:\\\/\\\/blogdofarnesio.com.br\\\/#organization\",\"name\":\"Blog do Farn\u00e9sio\",\"url\":\"https:\\\/\\\/blogdofarnesio.com.br\\\/\",\"logo\":{\"@type\":\"ImageObject\",\"inLanguage\":\"pt-BR\",\"@id\":\"https:\\\/\\\/blogdofarnesio.com.br\\\/#\\\/schema\\\/logo\\\/image\\\/\",\"url\":\"https:\\\/\\\/blogdofarnesio.com.br\\\/wp-content\\\/uploads\\\/2026\\\/03\\\/cropped-logo_new-1.png\",\"contentUrl\":\"https:\\\/\\\/blogdofarnesio.com.br\\\/wp-content\\\/uploads\\\/2026\\\/03\\\/cropped-logo_new-1.png\",\"width\":881,\"height\":685,\"caption\":\"Blog do Farn\u00e9sio\"},\"image\":{\"@id\":\"https:\\\/\\\/blogdofarnesio.com.br\\\/#\\\/schema\\\/logo\\\/image\\\/\"},\"sameAs\":[\"https:\\\/\\\/www.facebook.com\\\/BlogQuerSaberPolitica\\\/\"]},{\"@type\":\"Person\",\"@id\":\"\",\"url\":\"https:\\\/\\\/blogdofarnesio.com.br\\\/?author=7\"}]}<\/script>\n<!-- \/ Yoast SEO plugin. -->","yoast_head_json":{"title":"ANATEL PRO\u00cdBE LIMITES NA INTERNET FIXA POR TEMPO INDETERMINADO - Blog do Farn\u00e9sio","robots":{"index":"index","follow":"follow","max-snippet":"max-snippet:-1","max-image-preview":"max-image-preview:large","max-video-preview":"max-video-preview:-1"},"canonical":"https:\/\/blogdofarnesio.com.br\/?p=141026","og_locale":"pt_BR","og_type":"article","og_title":"ANATEL PRO\u00cdBE LIMITES NA INTERNET FIXA POR TEMPO INDETERMINADO - Blog do Farn\u00e9sio","og_description":"A Ag\u00eancia Nacional de Telecomunica\u00e7\u00f5es (Anatel) proibiu, por tempo indeterminado, as prestadoras de reduzirem a velocidade, suspender o servi\u00e7o ou cobrar pelo tr\u00e1fego excedente dos usu\u00e1rios que atingirem a franquia prevista no contrato de servi\u00e7o de internet. A decis\u00e3o valer\u00e1 enquanto o Conselho Diretor da Anatel examina o tema, \u201dcom base nas manifesta\u00e7\u00f5es recebidas pelo \u00f3rg\u00e3o\u201d. Em comunicado, a ag\u00eancia destaca a proibi\u00e7\u00e3o de qualquer altera\u00e7\u00e3o imediata na forma de as prestadoras cobrarem a banda larga fixa e afirma que as mudan\u00e7as na forma de cobran\u00e7a, mesmo previstas na legisla\u00e7\u00e3o, n\u00e3o devem \u201dferir os direitos do consumidor\u201d. A Ag\u00eancia ressaltou, no entanto, que a oferta de planos ilimitados depende do modelo de neg\u00f3cios de cada operadora e n\u00e3o est\u00e1 proibida.&hellip;","og_url":"https:\/\/blogdofarnesio.com.br\/?p=141026","og_site_name":"Blog do Farn\u00e9sio","article_publisher":"https:\/\/www.facebook.com\/BlogQuerSaberPolitica\/","article_published_time":"2016-04-24T15:00:41+00:00","og_image":[{"url":"http:\/\/www.quersaberpolitica.com.br\/2016\/wp-content\/uploads\/2016\/04\/blogqsp-Anatel.jpg","type":"","width":"","height":""}],"twitter_card":"summary_large_image","twitter_misc":{"Escrito por":"","Est. tempo de leitura":"1 minuto"},"schema":{"@context":"https:\/\/schema.org","@graph":[{"@type":"Article","@id":"https:\/\/blogdofarnesio.com.br\/?p=141026#article","isPartOf":{"@id":"https:\/\/blogdofarnesio.com.br\/?p=141026"},"author":{"name":"","@id":""},"headline":"ANATEL PRO\u00cdBE LIMITES NA INTERNET FIXA POR TEMPO INDETERMINADO","datePublished":"2016-04-24T15:00:41+00:00","mainEntityOfPage":{"@id":"https:\/\/blogdofarnesio.com.br\/?p=141026"},"wordCount":200,"commentCount":0,"publisher":{"@id":"https:\/\/blogdofarnesio.com.br\/#organization"},"image":{"@id":"https:\/\/blogdofarnesio.com.br\/?p=141026#primaryimage"},"thumbnailUrl":"http:\/\/www.quersaberpolitica.com.br\/2016\/wp-content\/uploads\/2016\/04\/blogqsp-Anatel.jpg","articleSection":["T.I. (INTERNET)"],"inLanguage":"pt-BR","potentialAction":[{"@type":"CommentAction","name":"Comment","target":["https:\/\/blogdofarnesio.com.br\/?p=141026#respond"]}]},{"@type":"WebPage","@id":"https:\/\/blogdofarnesio.com.br\/?p=141026","url":"https:\/\/blogdofarnesio.com.br\/?p=141026","name":"ANATEL PRO\u00cdBE LIMITES NA INTERNET FIXA POR TEMPO INDETERMINADO - Blog do Farn\u00e9sio","isPartOf":{"@id":"https:\/\/blogdofarnesio.com.br\/#website"},"primaryImageOfPage":{"@id":"https:\/\/blogdofarnesio.com.br\/?p=141026#primaryimage"},"image":{"@id":"https:\/\/blogdofarnesio.com.br\/?p=141026#primaryimage"},"thumbnailUrl":"http:\/\/www.quersaberpolitica.com.br\/2016\/wp-content\/uploads\/2016\/04\/blogqsp-Anatel.jpg","datePublished":"2016-04-24T15:00:41+00:00","breadcrumb":{"@id":"https:\/\/blogdofarnesio.com.br\/?p=141026#breadcrumb"},"inLanguage":"pt-BR","potentialAction":[{"@type":"ReadAction","target":["https:\/\/blogdofarnesio.com.br\/?p=141026"]}]},{"@type":"ImageObject","inLanguage":"pt-BR","@id":"https:\/\/blogdofarnesio.com.br\/?p=141026#primaryimage","url":"http:\/\/www.quersaberpolitica.com.br\/2016\/wp-content\/uploads\/2016\/04\/blogqsp-Anatel.jpg","contentUrl":"http:\/\/www.quersaberpolitica.com.br\/2016\/wp-content\/uploads\/2016\/04\/blogqsp-Anatel.jpg"},{"@type":"BreadcrumbList","@id":"https:\/\/blogdofarnesio.com.br\/?p=141026#breadcrumb","itemListElement":[{"@type":"ListItem","position":1,"name":"In\u00edcio","item":"https:\/\/blogdofarnesio.com.br\/"},{"@type":"ListItem","position":2,"name":"ANATEL PRO\u00cdBE LIMITES NA INTERNET FIXA POR TEMPO INDETERMINADO"}]},{"@type":"WebSite","@id":"https:\/\/blogdofarnesio.com.br\/#website","url":"https:\/\/blogdofarnesio.com.br\/","name":"Blog do Farn\u00e9sio","description":"Quer Saber Pol\u00edtica?","publisher":{"@id":"https:\/\/blogdofarnesio.com.br\/#organization"},"potentialAction":[{"@type":"SearchAction","target":{"@type":"EntryPoint","urlTemplate":"https:\/\/blogdofarnesio.com.br\/?s={search_term_string}"},"query-input":{"@type":"PropertyValueSpecification","valueRequired":true,"valueName":"search_term_string"}}],"inLanguage":"pt-BR"},{"@type":"Organization","@id":"https:\/\/blogdofarnesio.com.br\/#organization","name":"Blog do Farn\u00e9sio","url":"https:\/\/blogdofarnesio.com.br\/","logo":{"@type":"ImageObject","inLanguage":"pt-BR","@id":"https:\/\/blogdofarnesio.com.br\/#\/schema\/logo\/image\/","url":"https:\/\/blogdofarnesio.com.br\/wp-content\/uploads\/2026\/03\/cropped-logo_new-1.png","contentUrl":"https:\/\/blogdofarnesio.com.br\/wp-content\/uploads\/2026\/03\/cropped-logo_new-1.png","width":881,"height":685,"caption":"Blog do Farn\u00e9sio"},"image":{"@id":"https:\/\/blogdofarnesio.com.br\/#\/schema\/logo\/image\/"},"sameAs":["https:\/\/www.facebook.com\/BlogQuerSaberPolitica\/"]},{"@type":"Person","@id":"","url":"https:\/\/blogdofarnesio.com.br\/?author=7"}]}},"_links":{"self":[{"href":"https:\/\/blogdofarnesio.com.br\/index.php?rest_route=\/wp\/v2\/posts\/141026","targetHints":{"allow":["GET"]}}],"collection":[{"href":"https:\/\/blogdofarnesio.com.br\/index.php?rest_route=\/wp\/v2\/posts"}],"about":[{"href":"https:\/\/blogdofarnesio.com.br\/index.php?rest_route=\/wp\/v2\/types\/post"}],"author":[{"embeddable":true,"href":"https:\/\/blogdofarnesio.com.br\/index.php?rest_route=\/wp\/v2\/users\/7"}],"replies":[{"embeddable":true,"href":"https:\/\/blogdofarnesio.com.br\/index.php?rest_route=%2Fwp%2Fv2%2Fcomments&post=141026"}],"version-history":[{"count":0,"href":"https:\/\/blogdofarnesio.com.br\/index.php?rest_route=\/wp\/v2\/posts\/141026\/revisions"}],"wp:attachment":[{"href":"https:\/\/blogdofarnesio.com.br\/index.php?rest_route=%2Fwp%2Fv2%2Fmedia&parent=141026"}],"wp:term":[{"taxonomy":"category","embeddable":true,"href":"https:\/\/blogdofarnesio.com.br\/index.php?rest_route=%2Fwp%2Fv2%2Fcategories&post=141026"},{"taxonomy":"post_tag","embeddable":true,"href":"https:\/\/blogdofarnesio.com.br\/index.php?rest_route=%2Fwp%2Fv2%2Ftags&post=141026"}],"curies":[{"name":"wp","href":"https:\/\/api.w.org\/{rel}","templated":true}]}}