{"id":141024,"date":"2016-04-24T11:30:08","date_gmt":"2016-04-24T14:30:08","guid":{"rendered":"http:\/\/www.quersaberpolitica.com.br\/?p=141024"},"modified":"2016-04-23T20:08:24","modified_gmt":"2016-04-23T23:08:24","slug":"inss-tenta-suspender-desaposentacao-de-180-mil-trabalhadores-no-stf","status":"publish","type":"post","link":"https:\/\/blogdofarnesio.com.br\/?p=141024","title":{"rendered":"INSS TENTA SUSPENDER DESAPOSENTA\u00c7\u00c3O DE 180 MIL TRABALHADORES NO STF"},"content":{"rendered":"<p style=\"text-align: justify\"><a href=\"http:\/\/www.quersaberpolitica.com.br\/2016\/wp-content\/uploads\/2013\/01\/blogqspprevidencia-social-inss-beneficios.jpg\"><img loading=\"lazy\" decoding=\"async\" class=\" size-full wp-image-23260 aligncenter\" src=\"http:\/\/www.quersaberpolitica.com.br\/2016\/wp-content\/uploads\/2013\/01\/blogqspprevidencia-social-inss-beneficios.jpg\" alt=\"blogqspprevidencia-social-inss-beneficios\" width=\"371\" height=\"300\" srcset=\"https:\/\/blogdofarnesio.com.br\/wp-content\/uploads\/2013\/01\/blogqspprevidencia-social-inss-beneficios.jpg 371w, https:\/\/blogdofarnesio.com.br\/wp-content\/uploads\/2013\/01\/blogqspprevidencia-social-inss-beneficios-300x242.jpg 300w\" sizes=\"auto, (max-width: 371px) 100vw, 371px\" \/><\/a><\/p>\n<p style=\"text-align: justify\">Aten\u00e7\u00e3o senhores segurados aposentando por tempo de servi\u00e7o no Instituto Nacional do Seguro Social (INSS) que continuam trabalhando. O INSS pretende suspender todas as a\u00e7\u00f5es que tramitam na justi\u00e7a requerendo a desaposenta\u00e7\u00e3o at\u00e9 que o STF decida sobre os crit\u00e9rios para solicitar a desist\u00eancia da aposentadoria antiga por uma nova e mais vantajosa.<\/p>\n<p style=\"text-align: justify\">Atualmente o processo est\u00e1 paralisado devido a um pedido de vista da ministra Rosa Weber desde 2003. A alega\u00e7\u00e3o do Governo \u00e9 que a medida pode provocar um rombo de aproximadamente R$ 200 bi nos pr\u00f3ximos 20 anos se for obrigado a pagar pelo teto todos os trabalhadores que continuam trabalhando<\/p>\n<p style=\"text-align: justify\">Atrav\u00e9s do instrumento de Recurso Extraordin\u00e1rio (n\u00ba 661.225), solicitado pelo INSS, foi apresentado ao ministro Lu\u00eds Roberto Barroso com base no Novo C\u00f3digo de Processo Civil, que determina que o relator de processos no Supremo pode decidir pela suspens\u00e3o de todas as a\u00e7\u00f5es que correm na justi\u00e7a para julgamento dos recursos extraordin\u00e1rios.<\/p>\n<p style=\"text-align: justify\">O \u00d3rg\u00e3o requer a paralisa\u00e7\u00e3o de mais 180 mil processos at\u00e9 que a Corte decida como ser\u00e1 feita a solicita\u00e7\u00e3o de nova aposentadoria, j\u00e1 que existem casos em que o inativo tem seu benef\u00edcio aumentado em 80% ou at\u00e9 dobrada a remunera\u00e7\u00e3o.<\/p>\n<p style=\"text-align: justify\">Para o advogado do Centro Paulista de Apoio aos Aposentados e Servidores P\u00fablicos (CEPAASP), Willi Fernandes, o INSS pode pleitear que as a\u00e7\u00f5es sejam suspensas, at\u00e9 mesmo as de 1\u00aa inst\u00e2ncia, at\u00e9 que o Supremo finalize o julgamento sobre o tema.<\/p>\n<p style=\"text-align: justify\">\u201cMas isso n\u00e3o impede que os aposentados que continuaram a contribuir ap\u00f3s sua aposentadoria a possibilidade de obter outra aposentadoria mais vantajosa, atrav\u00e9s do Poder Judici\u00e1rio\u201d. O advogado aconselha aos aposentados que procurem uma associa\u00e7\u00e3o, sindicato ou um advogado de sua confian\u00e7a para que todas as informa\u00e7\u00f5es sejam esclarecidas.<\/p>\n<p style=\"text-align: justify\">Para o Willi Fernandes, o fato das a\u00e7\u00f5es ficarem barradas em primeira inst\u00e2ncia, n\u00e3o significa que os aposentados n\u00e3o possam lutar por seus direitos. Segundo o advogado, os requerentes dever\u00e3o aguardar, mesmo antes do julgamento em primeira inst\u00e2ncia, o final do julgamento do Supremo Tribunal Federal.<\/p>\n<p style=\"text-align: justify\">\u201cAp\u00f3s uma an\u00e1lise positiva, o benefici\u00e1rio dever\u00e1 apresentar todos os documentos que forem solicitados para que seja requerido o pedido na via administrativa perante o INSS, para posteriormente ser ingressada a a\u00e7\u00e3o competente\u201d, comenta.<\/p>\n<p style=\"text-align: justify\">Atualmente 480 mil aposentados em todo o pa\u00eds trabalham de carteira assinada e que cerca de 182 mil a\u00e7\u00f5es tramitam na justi\u00e7a sobre o tema. Desde 2003 a a\u00e7\u00e3o aguarda an\u00e1lise no plen\u00e1rio do STF, e j\u00e1 em 2014, ficou definido que os valores j\u00e1 recebidos pelos aposentados n\u00e3o precisavam ser devolvidos.<\/p>\n<p style=\"text-align: justify\"><em>Com informa\u00e7\u00f5es da coluna JC Neg\u00f3cios<\/em><\/p>\n","protected":false},"excerpt":{"rendered":"<p>Aten\u00e7\u00e3o senhores segurados aposentando por tempo de servi\u00e7o no Instituto Nacional do Seguro Social (INSS) que continuam trabalhando. O INSS pretende suspender todas as a\u00e7\u00f5es que tramitam na justi\u00e7a requerendo a desaposenta\u00e7\u00e3o at\u00e9 que o STF decida sobre os crit\u00e9rios para solicitar a desist\u00eancia da aposentadoria antiga por uma nova e mais vantajosa. Atualmente o processo est\u00e1 paralisado devido a um pedido de vista da ministra Rosa Weber desde 2003. A alega\u00e7\u00e3o do Governo \u00e9 que a medida pode provocar um rombo de aproximadamente R$ 200 bi nos pr\u00f3ximos 20 anos se for obrigado a pagar pelo teto todos os trabalhadores que continuam trabalhando Atrav\u00e9s do instrumento de Recurso Extraordin\u00e1rio (n\u00ba 661.225), solicitado pelo INSS, foi apresentado ao ministro Lu\u00eds&hellip; <\/p>\n","protected":false},"author":7,"featured_media":0,"comment_status":"open","ping_status":"open","sticky":false,"template":"","format":"standard","meta":{"_acf_changed":false,"footnotes":""},"categories":[44],"tags":[],"class_list":["post-141024","post","type-post","status-publish","format-standard","hentry","category-administracao"],"acf":[],"yoast_head":"<!-- This site is optimized with the Yoast SEO plugin v27.4 - https:\/\/yoast.com\/product\/yoast-seo-wordpress\/ -->\n<title>INSS TENTA SUSPENDER DESAPOSENTA\u00c7\u00c3O DE 180 MIL TRABALHADORES NO STF - Blog do Farn\u00e9sio<\/title>\n<meta name=\"robots\" content=\"index, follow, max-snippet:-1, max-image-preview:large, max-video-preview:-1\" \/>\n<link rel=\"canonical\" href=\"https:\/\/blogdofarnesio.com.br\/?p=141024\" \/>\n<meta property=\"og:locale\" content=\"pt_BR\" \/>\n<meta property=\"og:type\" content=\"article\" \/>\n<meta property=\"og:title\" content=\"INSS TENTA SUSPENDER DESAPOSENTA\u00c7\u00c3O DE 180 MIL TRABALHADORES NO STF - Blog do Farn\u00e9sio\" \/>\n<meta property=\"og:description\" content=\"Aten\u00e7\u00e3o senhores segurados aposentando por tempo de servi\u00e7o no Instituto Nacional do Seguro Social (INSS) que continuam trabalhando. O INSS pretende suspender todas as a\u00e7\u00f5es que tramitam na justi\u00e7a requerendo a desaposenta\u00e7\u00e3o at\u00e9 que o STF decida sobre os crit\u00e9rios para solicitar a desist\u00eancia da aposentadoria antiga por uma nova e mais vantajosa. Atualmente o processo est\u00e1 paralisado devido a um pedido de vista da ministra Rosa Weber desde 2003. A alega\u00e7\u00e3o do Governo \u00e9 que a medida pode provocar um rombo de aproximadamente R$ 200 bi nos pr\u00f3ximos 20 anos se for obrigado a pagar pelo teto todos os trabalhadores que continuam trabalhando Atrav\u00e9s do instrumento de Recurso Extraordin\u00e1rio (n\u00ba 661.225), solicitado pelo INSS, foi apresentado ao ministro Lu\u00eds&hellip;\" \/>\n<meta property=\"og:url\" content=\"https:\/\/blogdofarnesio.com.br\/?p=141024\" \/>\n<meta property=\"og:site_name\" content=\"Blog do Farn\u00e9sio\" \/>\n<meta property=\"article:publisher\" content=\"https:\/\/www.facebook.com\/BlogQuerSaberPolitica\/\" \/>\n<meta property=\"article:published_time\" content=\"2016-04-24T14:30:08+00:00\" \/>\n<meta property=\"og:image\" content=\"http:\/\/www.quersaberpolitica.com.br\/2016\/wp-content\/uploads\/2013\/01\/blogqspprevidencia-social-inss-beneficios.jpg\" \/>\n<meta name=\"twitter:card\" content=\"summary_large_image\" \/>\n<meta name=\"twitter:label1\" content=\"Escrito por\" \/>\n\t<meta name=\"twitter:data1\" content=\"\" \/>\n\t<meta name=\"twitter:label2\" content=\"Est. tempo de leitura\" \/>\n\t<meta name=\"twitter:data2\" content=\"2 minutos\" \/>\n<script type=\"application\/ld+json\" class=\"yoast-schema-graph\">{\"@context\":\"https:\\\/\\\/schema.org\",\"@graph\":[{\"@type\":\"Article\",\"@id\":\"https:\\\/\\\/blogdofarnesio.com.br\\\/?p=141024#article\",\"isPartOf\":{\"@id\":\"https:\\\/\\\/blogdofarnesio.com.br\\\/?p=141024\"},\"author\":{\"name\":\"\",\"@id\":\"\"},\"headline\":\"INSS TENTA SUSPENDER DESAPOSENTA\u00c7\u00c3O DE 180 MIL TRABALHADORES NO STF\",\"datePublished\":\"2016-04-24T14:30:08+00:00\",\"mainEntityOfPage\":{\"@id\":\"https:\\\/\\\/blogdofarnesio.com.br\\\/?p=141024\"},\"wordCount\":475,\"commentCount\":0,\"publisher\":{\"@id\":\"https:\\\/\\\/blogdofarnesio.com.br\\\/#organization\"},\"image\":{\"@id\":\"https:\\\/\\\/blogdofarnesio.com.br\\\/?p=141024#primaryimage\"},\"thumbnailUrl\":\"http:\\\/\\\/www.quersaberpolitica.com.br\\\/2016\\\/wp-content\\\/uploads\\\/2013\\\/01\\\/blogqspprevidencia-social-inss-beneficios.jpg\",\"articleSection\":[\"Administra\u00e7\u00e3o\"],\"inLanguage\":\"pt-BR\",\"potentialAction\":[{\"@type\":\"CommentAction\",\"name\":\"Comment\",\"target\":[\"https:\\\/\\\/blogdofarnesio.com.br\\\/?p=141024#respond\"]}]},{\"@type\":\"WebPage\",\"@id\":\"https:\\\/\\\/blogdofarnesio.com.br\\\/?p=141024\",\"url\":\"https:\\\/\\\/blogdofarnesio.com.br\\\/?p=141024\",\"name\":\"INSS TENTA SUSPENDER DESAPOSENTA\u00c7\u00c3O DE 180 MIL TRABALHADORES NO STF - Blog do Farn\u00e9sio\",\"isPartOf\":{\"@id\":\"https:\\\/\\\/blogdofarnesio.com.br\\\/#website\"},\"primaryImageOfPage\":{\"@id\":\"https:\\\/\\\/blogdofarnesio.com.br\\\/?p=141024#primaryimage\"},\"image\":{\"@id\":\"https:\\\/\\\/blogdofarnesio.com.br\\\/?p=141024#primaryimage\"},\"thumbnailUrl\":\"http:\\\/\\\/www.quersaberpolitica.com.br\\\/2016\\\/wp-content\\\/uploads\\\/2013\\\/01\\\/blogqspprevidencia-social-inss-beneficios.jpg\",\"datePublished\":\"2016-04-24T14:30:08+00:00\",\"breadcrumb\":{\"@id\":\"https:\\\/\\\/blogdofarnesio.com.br\\\/?p=141024#breadcrumb\"},\"inLanguage\":\"pt-BR\",\"potentialAction\":[{\"@type\":\"ReadAction\",\"target\":[\"https:\\\/\\\/blogdofarnesio.com.br\\\/?p=141024\"]}]},{\"@type\":\"ImageObject\",\"inLanguage\":\"pt-BR\",\"@id\":\"https:\\\/\\\/blogdofarnesio.com.br\\\/?p=141024#primaryimage\",\"url\":\"http:\\\/\\\/www.quersaberpolitica.com.br\\\/2016\\\/wp-content\\\/uploads\\\/2013\\\/01\\\/blogqspprevidencia-social-inss-beneficios.jpg\",\"contentUrl\":\"http:\\\/\\\/www.quersaberpolitica.com.br\\\/2016\\\/wp-content\\\/uploads\\\/2013\\\/01\\\/blogqspprevidencia-social-inss-beneficios.jpg\"},{\"@type\":\"BreadcrumbList\",\"@id\":\"https:\\\/\\\/blogdofarnesio.com.br\\\/?p=141024#breadcrumb\",\"itemListElement\":[{\"@type\":\"ListItem\",\"position\":1,\"name\":\"In\u00edcio\",\"item\":\"https:\\\/\\\/blogdofarnesio.com.br\\\/\"},{\"@type\":\"ListItem\",\"position\":2,\"name\":\"INSS TENTA SUSPENDER DESAPOSENTA\u00c7\u00c3O DE 180 MIL TRABALHADORES NO STF\"}]},{\"@type\":\"WebSite\",\"@id\":\"https:\\\/\\\/blogdofarnesio.com.br\\\/#website\",\"url\":\"https:\\\/\\\/blogdofarnesio.com.br\\\/\",\"name\":\"Blog do Farn\u00e9sio\",\"description\":\"Quer Saber Pol\u00edtica?\",\"publisher\":{\"@id\":\"https:\\\/\\\/blogdofarnesio.com.br\\\/#organization\"},\"potentialAction\":[{\"@type\":\"SearchAction\",\"target\":{\"@type\":\"EntryPoint\",\"urlTemplate\":\"https:\\\/\\\/blogdofarnesio.com.br\\\/?s={search_term_string}\"},\"query-input\":{\"@type\":\"PropertyValueSpecification\",\"valueRequired\":true,\"valueName\":\"search_term_string\"}}],\"inLanguage\":\"pt-BR\"},{\"@type\":\"Organization\",\"@id\":\"https:\\\/\\\/blogdofarnesio.com.br\\\/#organization\",\"name\":\"Blog do Farn\u00e9sio\",\"url\":\"https:\\\/\\\/blogdofarnesio.com.br\\\/\",\"logo\":{\"@type\":\"ImageObject\",\"inLanguage\":\"pt-BR\",\"@id\":\"https:\\\/\\\/blogdofarnesio.com.br\\\/#\\\/schema\\\/logo\\\/image\\\/\",\"url\":\"https:\\\/\\\/blogdofarnesio.com.br\\\/wp-content\\\/uploads\\\/2026\\\/03\\\/cropped-logo_new-1.png\",\"contentUrl\":\"https:\\\/\\\/blogdofarnesio.com.br\\\/wp-content\\\/uploads\\\/2026\\\/03\\\/cropped-logo_new-1.png\",\"width\":881,\"height\":685,\"caption\":\"Blog do Farn\u00e9sio\"},\"image\":{\"@id\":\"https:\\\/\\\/blogdofarnesio.com.br\\\/#\\\/schema\\\/logo\\\/image\\\/\"},\"sameAs\":[\"https:\\\/\\\/www.facebook.com\\\/BlogQuerSaberPolitica\\\/\"]},{\"@type\":\"Person\",\"@id\":\"\",\"url\":\"https:\\\/\\\/blogdofarnesio.com.br\\\/?author=7\"}]}<\/script>\n<!-- \/ Yoast SEO plugin. -->","yoast_head_json":{"title":"INSS TENTA SUSPENDER DESAPOSENTA\u00c7\u00c3O DE 180 MIL TRABALHADORES NO STF - Blog do Farn\u00e9sio","robots":{"index":"index","follow":"follow","max-snippet":"max-snippet:-1","max-image-preview":"max-image-preview:large","max-video-preview":"max-video-preview:-1"},"canonical":"https:\/\/blogdofarnesio.com.br\/?p=141024","og_locale":"pt_BR","og_type":"article","og_title":"INSS TENTA SUSPENDER DESAPOSENTA\u00c7\u00c3O DE 180 MIL TRABALHADORES NO STF - Blog do Farn\u00e9sio","og_description":"Aten\u00e7\u00e3o senhores segurados aposentando por tempo de servi\u00e7o no Instituto Nacional do Seguro Social (INSS) que continuam trabalhando. O INSS pretende suspender todas as a\u00e7\u00f5es que tramitam na justi\u00e7a requerendo a desaposenta\u00e7\u00e3o at\u00e9 que o STF decida sobre os crit\u00e9rios para solicitar a desist\u00eancia da aposentadoria antiga por uma nova e mais vantajosa. Atualmente o processo est\u00e1 paralisado devido a um pedido de vista da ministra Rosa Weber desde 2003. A alega\u00e7\u00e3o do Governo \u00e9 que a medida pode provocar um rombo de aproximadamente R$ 200 bi nos pr\u00f3ximos 20 anos se for obrigado a pagar pelo teto todos os trabalhadores que continuam trabalhando Atrav\u00e9s do instrumento de Recurso Extraordin\u00e1rio (n\u00ba 661.225), solicitado pelo INSS, foi apresentado ao ministro Lu\u00eds&hellip;","og_url":"https:\/\/blogdofarnesio.com.br\/?p=141024","og_site_name":"Blog do Farn\u00e9sio","article_publisher":"https:\/\/www.facebook.com\/BlogQuerSaberPolitica\/","article_published_time":"2016-04-24T14:30:08+00:00","og_image":[{"url":"http:\/\/www.quersaberpolitica.com.br\/2016\/wp-content\/uploads\/2013\/01\/blogqspprevidencia-social-inss-beneficios.jpg","type":"","width":"","height":""}],"twitter_card":"summary_large_image","twitter_misc":{"Escrito por":"","Est. tempo de leitura":"2 minutos"},"schema":{"@context":"https:\/\/schema.org","@graph":[{"@type":"Article","@id":"https:\/\/blogdofarnesio.com.br\/?p=141024#article","isPartOf":{"@id":"https:\/\/blogdofarnesio.com.br\/?p=141024"},"author":{"name":"","@id":""},"headline":"INSS TENTA SUSPENDER DESAPOSENTA\u00c7\u00c3O DE 180 MIL TRABALHADORES NO STF","datePublished":"2016-04-24T14:30:08+00:00","mainEntityOfPage":{"@id":"https:\/\/blogdofarnesio.com.br\/?p=141024"},"wordCount":475,"commentCount":0,"publisher":{"@id":"https:\/\/blogdofarnesio.com.br\/#organization"},"image":{"@id":"https:\/\/blogdofarnesio.com.br\/?p=141024#primaryimage"},"thumbnailUrl":"http:\/\/www.quersaberpolitica.com.br\/2016\/wp-content\/uploads\/2013\/01\/blogqspprevidencia-social-inss-beneficios.jpg","articleSection":["Administra\u00e7\u00e3o"],"inLanguage":"pt-BR","potentialAction":[{"@type":"CommentAction","name":"Comment","target":["https:\/\/blogdofarnesio.com.br\/?p=141024#respond"]}]},{"@type":"WebPage","@id":"https:\/\/blogdofarnesio.com.br\/?p=141024","url":"https:\/\/blogdofarnesio.com.br\/?p=141024","name":"INSS TENTA SUSPENDER DESAPOSENTA\u00c7\u00c3O DE 180 MIL TRABALHADORES NO STF - Blog do Farn\u00e9sio","isPartOf":{"@id":"https:\/\/blogdofarnesio.com.br\/#website"},"primaryImageOfPage":{"@id":"https:\/\/blogdofarnesio.com.br\/?p=141024#primaryimage"},"image":{"@id":"https:\/\/blogdofarnesio.com.br\/?p=141024#primaryimage"},"thumbnailUrl":"http:\/\/www.quersaberpolitica.com.br\/2016\/wp-content\/uploads\/2013\/01\/blogqspprevidencia-social-inss-beneficios.jpg","datePublished":"2016-04-24T14:30:08+00:00","breadcrumb":{"@id":"https:\/\/blogdofarnesio.com.br\/?p=141024#breadcrumb"},"inLanguage":"pt-BR","potentialAction":[{"@type":"ReadAction","target":["https:\/\/blogdofarnesio.com.br\/?p=141024"]}]},{"@type":"ImageObject","inLanguage":"pt-BR","@id":"https:\/\/blogdofarnesio.com.br\/?p=141024#primaryimage","url":"http:\/\/www.quersaberpolitica.com.br\/2016\/wp-content\/uploads\/2013\/01\/blogqspprevidencia-social-inss-beneficios.jpg","contentUrl":"http:\/\/www.quersaberpolitica.com.br\/2016\/wp-content\/uploads\/2013\/01\/blogqspprevidencia-social-inss-beneficios.jpg"},{"@type":"BreadcrumbList","@id":"https:\/\/blogdofarnesio.com.br\/?p=141024#breadcrumb","itemListElement":[{"@type":"ListItem","position":1,"name":"In\u00edcio","item":"https:\/\/blogdofarnesio.com.br\/"},{"@type":"ListItem","position":2,"name":"INSS TENTA SUSPENDER DESAPOSENTA\u00c7\u00c3O DE 180 MIL TRABALHADORES NO STF"}]},{"@type":"WebSite","@id":"https:\/\/blogdofarnesio.com.br\/#website","url":"https:\/\/blogdofarnesio.com.br\/","name":"Blog do Farn\u00e9sio","description":"Quer Saber Pol\u00edtica?","publisher":{"@id":"https:\/\/blogdofarnesio.com.br\/#organization"},"potentialAction":[{"@type":"SearchAction","target":{"@type":"EntryPoint","urlTemplate":"https:\/\/blogdofarnesio.com.br\/?s={search_term_string}"},"query-input":{"@type":"PropertyValueSpecification","valueRequired":true,"valueName":"search_term_string"}}],"inLanguage":"pt-BR"},{"@type":"Organization","@id":"https:\/\/blogdofarnesio.com.br\/#organization","name":"Blog do Farn\u00e9sio","url":"https:\/\/blogdofarnesio.com.br\/","logo":{"@type":"ImageObject","inLanguage":"pt-BR","@id":"https:\/\/blogdofarnesio.com.br\/#\/schema\/logo\/image\/","url":"https:\/\/blogdofarnesio.com.br\/wp-content\/uploads\/2026\/03\/cropped-logo_new-1.png","contentUrl":"https:\/\/blogdofarnesio.com.br\/wp-content\/uploads\/2026\/03\/cropped-logo_new-1.png","width":881,"height":685,"caption":"Blog do Farn\u00e9sio"},"image":{"@id":"https:\/\/blogdofarnesio.com.br\/#\/schema\/logo\/image\/"},"sameAs":["https:\/\/www.facebook.com\/BlogQuerSaberPolitica\/"]},{"@type":"Person","@id":"","url":"https:\/\/blogdofarnesio.com.br\/?author=7"}]}},"_links":{"self":[{"href":"https:\/\/blogdofarnesio.com.br\/index.php?rest_route=\/wp\/v2\/posts\/141024","targetHints":{"allow":["GET"]}}],"collection":[{"href":"https:\/\/blogdofarnesio.com.br\/index.php?rest_route=\/wp\/v2\/posts"}],"about":[{"href":"https:\/\/blogdofarnesio.com.br\/index.php?rest_route=\/wp\/v2\/types\/post"}],"author":[{"embeddable":true,"href":"https:\/\/blogdofarnesio.com.br\/index.php?rest_route=\/wp\/v2\/users\/7"}],"replies":[{"embeddable":true,"href":"https:\/\/blogdofarnesio.com.br\/index.php?rest_route=%2Fwp%2Fv2%2Fcomments&post=141024"}],"version-history":[{"count":0,"href":"https:\/\/blogdofarnesio.com.br\/index.php?rest_route=\/wp\/v2\/posts\/141024\/revisions"}],"wp:attachment":[{"href":"https:\/\/blogdofarnesio.com.br\/index.php?rest_route=%2Fwp%2Fv2%2Fmedia&parent=141024"}],"wp:term":[{"taxonomy":"category","embeddable":true,"href":"https:\/\/blogdofarnesio.com.br\/index.php?rest_route=%2Fwp%2Fv2%2Fcategories&post=141024"},{"taxonomy":"post_tag","embeddable":true,"href":"https:\/\/blogdofarnesio.com.br\/index.php?rest_route=%2Fwp%2Fv2%2Ftags&post=141024"}],"curies":[{"name":"wp","href":"https:\/\/api.w.org\/{rel}","templated":true}]}}