{"id":140425,"date":"2016-04-11T17:00:31","date_gmt":"2016-04-11T20:00:31","guid":{"rendered":"http:\/\/www.quersaberpolitica.com.br\/?p=140425"},"modified":"2016-04-11T10:06:23","modified_gmt":"2016-04-11T13:06:23","slug":"julio-lossio-participa-de-homenagem-ao-gestor-do-nova-semente","status":"publish","type":"post","link":"https:\/\/blogdofarnesio.com.br\/?p=140425","title":{"rendered":"JULIO LOSSIO PARTICIPA DE HOMENAGEM AO GESTOR DO NOVA SEMENTE"},"content":{"rendered":"<p style=\"text-align: justify\" align=\"justify\"><a href=\"http:\/\/www.quersaberpolitica.com.br\/2016\/wp-content\/uploads\/2016\/04\/blogqsp-juliolossio-c\u00e2marapetrolina.jpg\"><img loading=\"lazy\" decoding=\"async\" class=\"  wp-image-140426 aligncenter\" src=\"http:\/\/www.quersaberpolitica.com.br\/2016\/wp-content\/uploads\/2016\/04\/blogqsp-juliolossio-c\u00e2marapetrolina.jpg\" alt=\"blogqsp-juliolossio-c\u00e2marapetrolina\" width=\"414\" height=\"299\" \/><\/a><\/p>\n<p style=\"text-align: justify\" align=\"justify\">O prefeito de Petrolina, Julio Lossio, comp\u00f4s a mesa de honra da solenidade de outorga do m\u00e9rito legislativo Dom Malan ao atual gestor do programa Nova Semente, Josaias Santana dos Santos. A comenda \u00e9 oferecida, por membros da C\u00e2mara Municipal de Vereadores, a personalidades com not\u00f3rios e relevantes servi\u00e7os prestados \u00e0 Petrolina.<\/p>\n<p style=\"text-align: justify\" align=\"justify\">O baiano, da cidade de Juazeiro, foi agraciado na sexta-feira (8) com a medalha Dom Malan, atrav\u00e9s de proposi\u00e7\u00e3o do vereador Elismar Gon\u00e7alves e do ex-vereador Alvorlande Cruz. Em uma noite de celebra\u00e7\u00e3o e discursos emocionados, familiares, amigos, ex-alunos, colegas de trabalho e admiradores de Josaias Santana estiveram na Casa Pl\u00ednio Amorim. Al\u00e9m de vereadores da Casa, representantes das Institui\u00e7\u00f5es de ensino UNIVASF e FACAPE, entidades que Josaias faz parte como professor, tamb\u00e9m estiveram presentes. Os proponentes da comenda justificaram em seus discursos que a homenagem faz jus ao trabalho que Josaias j\u00e1 desenvolveu e ainda desenvolve a frente de pastas estrat\u00e9gicas na gest\u00e3o p\u00fablica, como educador e como respons\u00e1vel pela administra\u00e7\u00e3o do programa Nova Semente, que atende 8 mil crian\u00e7as no munic\u00edpio.<\/p>\n<p>O prefeito Julio Lossio destacou o papel fundamental que o homenageado cumpriu frente ao processo de transfer\u00eancia do Hospital de Traumas para a UNIVASF e resgatou ainda o desempenho de Josaias junto a Secretaria de Administra\u00e7\u00e3o, Controladoria Geral do Munic\u00edpio e da responsabilidade e compet\u00eancia que tem diante da administra\u00e7\u00e3o do maior e mais importante programa do governo municipal, o Nova Semente. Emocionado, Josaias agradeceu a homenagem e as palavras dedicadas a ele durante a solenidade. Santana dedicou a conquista e o reconhecimento ao seu trabalho a sua fam\u00edlia.<\/p>\n<p align=\"justify\"><em>Texto: Thirza Santos\/\u00a0Fotos: Gilson Pereira<\/em><\/p>\n","protected":false},"excerpt":{"rendered":"<p>O prefeito de Petrolina, Julio Lossio, comp\u00f4s a mesa de honra da solenidade de outorga do m\u00e9rito legislativo Dom Malan ao atual gestor do programa Nova Semente, Josaias Santana dos Santos. A comenda \u00e9 oferecida, por membros da C\u00e2mara Municipal de Vereadores, a personalidades com not\u00f3rios e relevantes servi\u00e7os prestados \u00e0 Petrolina. O baiano, da cidade de Juazeiro, foi agraciado na sexta-feira (8) com a medalha Dom Malan, atrav\u00e9s de proposi\u00e7\u00e3o do vereador Elismar Gon\u00e7alves e do ex-vereador Alvorlande Cruz. Em uma noite de celebra\u00e7\u00e3o e discursos emocionados, familiares, amigos, ex-alunos, colegas de trabalho e admiradores de Josaias Santana estiveram na Casa Pl\u00ednio Amorim. Al\u00e9m de vereadores da Casa, representantes das Institui\u00e7\u00f5es de ensino UNIVASF e FACAPE, entidades que Josaias&hellip; <\/p>\n","protected":false},"author":7,"featured_media":0,"comment_status":"open","ping_status":"open","sticky":false,"template":"","format":"standard","meta":{"_acf_changed":false,"footnotes":""},"categories":[44],"tags":[],"class_list":["post-140425","post","type-post","status-publish","format-standard","hentry","category-administracao"],"acf":[],"yoast_head":"<!-- This site is optimized with the Yoast SEO plugin v27.4 - https:\/\/yoast.com\/product\/yoast-seo-wordpress\/ -->\n<title>JULIO LOSSIO PARTICIPA DE HOMENAGEM AO GESTOR DO NOVA SEMENTE - Blog do Farn\u00e9sio<\/title>\n<meta name=\"robots\" content=\"index, follow, max-snippet:-1, max-image-preview:large, max-video-preview:-1\" \/>\n<link rel=\"canonical\" href=\"https:\/\/blogdofarnesio.com.br\/?p=140425\" \/>\n<meta property=\"og:locale\" content=\"pt_BR\" \/>\n<meta property=\"og:type\" content=\"article\" \/>\n<meta property=\"og:title\" content=\"JULIO LOSSIO PARTICIPA DE HOMENAGEM AO GESTOR DO NOVA SEMENTE - Blog do Farn\u00e9sio\" \/>\n<meta property=\"og:description\" content=\"O prefeito de Petrolina, Julio Lossio, comp\u00f4s a mesa de honra da solenidade de outorga do m\u00e9rito legislativo Dom Malan ao atual gestor do programa Nova Semente, Josaias Santana dos Santos. A comenda \u00e9 oferecida, por membros da C\u00e2mara Municipal de Vereadores, a personalidades com not\u00f3rios e relevantes servi\u00e7os prestados \u00e0 Petrolina. O baiano, da cidade de Juazeiro, foi agraciado na sexta-feira (8) com a medalha Dom Malan, atrav\u00e9s de proposi\u00e7\u00e3o do vereador Elismar Gon\u00e7alves e do ex-vereador Alvorlande Cruz. Em uma noite de celebra\u00e7\u00e3o e discursos emocionados, familiares, amigos, ex-alunos, colegas de trabalho e admiradores de Josaias Santana estiveram na Casa Pl\u00ednio Amorim. Al\u00e9m de vereadores da Casa, representantes das Institui\u00e7\u00f5es de ensino UNIVASF e FACAPE, entidades que Josaias&hellip;\" \/>\n<meta property=\"og:url\" content=\"https:\/\/blogdofarnesio.com.br\/?p=140425\" \/>\n<meta property=\"og:site_name\" content=\"Blog do Farn\u00e9sio\" \/>\n<meta property=\"article:publisher\" content=\"https:\/\/www.facebook.com\/BlogQuerSaberPolitica\/\" \/>\n<meta property=\"article:published_time\" content=\"2016-04-11T20:00:31+00:00\" \/>\n<meta name=\"twitter:card\" content=\"summary_large_image\" \/>\n<meta name=\"twitter:label1\" content=\"Escrito por\" \/>\n\t<meta name=\"twitter:data1\" content=\"\" \/>\n\t<meta name=\"twitter:label2\" content=\"Est. tempo de leitura\" \/>\n\t<meta name=\"twitter:data2\" content=\"1 minuto\" \/>\n<script type=\"application\/ld+json\" class=\"yoast-schema-graph\">{\"@context\":\"https:\\\/\\\/schema.org\",\"@graph\":[{\"@type\":\"Article\",\"@id\":\"https:\\\/\\\/blogdofarnesio.com.br\\\/?p=140425#article\",\"isPartOf\":{\"@id\":\"https:\\\/\\\/blogdofarnesio.com.br\\\/?p=140425\"},\"author\":{\"name\":\"\",\"@id\":\"\"},\"headline\":\"JULIO LOSSIO PARTICIPA DE HOMENAGEM AO GESTOR DO NOVA SEMENTE\",\"datePublished\":\"2016-04-11T20:00:31+00:00\",\"mainEntityOfPage\":{\"@id\":\"https:\\\/\\\/blogdofarnesio.com.br\\\/?p=140425\"},\"wordCount\":302,\"commentCount\":0,\"publisher\":{\"@id\":\"https:\\\/\\\/blogdofarnesio.com.br\\\/#organization\"},\"articleSection\":[\"Administra\u00e7\u00e3o\"],\"inLanguage\":\"pt-BR\",\"potentialAction\":[{\"@type\":\"CommentAction\",\"name\":\"Comment\",\"target\":[\"https:\\\/\\\/blogdofarnesio.com.br\\\/?p=140425#respond\"]}]},{\"@type\":\"WebPage\",\"@id\":\"https:\\\/\\\/blogdofarnesio.com.br\\\/?p=140425\",\"url\":\"https:\\\/\\\/blogdofarnesio.com.br\\\/?p=140425\",\"name\":\"JULIO LOSSIO PARTICIPA DE HOMENAGEM AO GESTOR DO NOVA SEMENTE - Blog do Farn\u00e9sio\",\"isPartOf\":{\"@id\":\"https:\\\/\\\/blogdofarnesio.com.br\\\/#website\"},\"datePublished\":\"2016-04-11T20:00:31+00:00\",\"breadcrumb\":{\"@id\":\"https:\\\/\\\/blogdofarnesio.com.br\\\/?p=140425#breadcrumb\"},\"inLanguage\":\"pt-BR\",\"potentialAction\":[{\"@type\":\"ReadAction\",\"target\":[\"https:\\\/\\\/blogdofarnesio.com.br\\\/?p=140425\"]}]},{\"@type\":\"BreadcrumbList\",\"@id\":\"https:\\\/\\\/blogdofarnesio.com.br\\\/?p=140425#breadcrumb\",\"itemListElement\":[{\"@type\":\"ListItem\",\"position\":1,\"name\":\"In\u00edcio\",\"item\":\"https:\\\/\\\/blogdofarnesio.com.br\\\/\"},{\"@type\":\"ListItem\",\"position\":2,\"name\":\"JULIO LOSSIO PARTICIPA DE HOMENAGEM AO GESTOR DO NOVA SEMENTE\"}]},{\"@type\":\"WebSite\",\"@id\":\"https:\\\/\\\/blogdofarnesio.com.br\\\/#website\",\"url\":\"https:\\\/\\\/blogdofarnesio.com.br\\\/\",\"name\":\"Blog do Farn\u00e9sio\",\"description\":\"Quer Saber Pol\u00edtica?\",\"publisher\":{\"@id\":\"https:\\\/\\\/blogdofarnesio.com.br\\\/#organization\"},\"potentialAction\":[{\"@type\":\"SearchAction\",\"target\":{\"@type\":\"EntryPoint\",\"urlTemplate\":\"https:\\\/\\\/blogdofarnesio.com.br\\\/?s={search_term_string}\"},\"query-input\":{\"@type\":\"PropertyValueSpecification\",\"valueRequired\":true,\"valueName\":\"search_term_string\"}}],\"inLanguage\":\"pt-BR\"},{\"@type\":\"Organization\",\"@id\":\"https:\\\/\\\/blogdofarnesio.com.br\\\/#organization\",\"name\":\"Blog do Farn\u00e9sio\",\"url\":\"https:\\\/\\\/blogdofarnesio.com.br\\\/\",\"logo\":{\"@type\":\"ImageObject\",\"inLanguage\":\"pt-BR\",\"@id\":\"https:\\\/\\\/blogdofarnesio.com.br\\\/#\\\/schema\\\/logo\\\/image\\\/\",\"url\":\"https:\\\/\\\/blogdofarnesio.com.br\\\/wp-content\\\/uploads\\\/2026\\\/03\\\/cropped-logo_new-1.png\",\"contentUrl\":\"https:\\\/\\\/blogdofarnesio.com.br\\\/wp-content\\\/uploads\\\/2026\\\/03\\\/cropped-logo_new-1.png\",\"width\":881,\"height\":685,\"caption\":\"Blog do Farn\u00e9sio\"},\"image\":{\"@id\":\"https:\\\/\\\/blogdofarnesio.com.br\\\/#\\\/schema\\\/logo\\\/image\\\/\"},\"sameAs\":[\"https:\\\/\\\/www.facebook.com\\\/BlogQuerSaberPolitica\\\/\"]},{\"@type\":\"Person\",\"@id\":\"\",\"url\":\"https:\\\/\\\/blogdofarnesio.com.br\\\/?author=7\"}]}<\/script>\n<!-- \/ Yoast SEO plugin. -->","yoast_head_json":{"title":"JULIO LOSSIO PARTICIPA DE HOMENAGEM AO GESTOR DO NOVA SEMENTE - Blog do Farn\u00e9sio","robots":{"index":"index","follow":"follow","max-snippet":"max-snippet:-1","max-image-preview":"max-image-preview:large","max-video-preview":"max-video-preview:-1"},"canonical":"https:\/\/blogdofarnesio.com.br\/?p=140425","og_locale":"pt_BR","og_type":"article","og_title":"JULIO LOSSIO PARTICIPA DE HOMENAGEM AO GESTOR DO NOVA SEMENTE - Blog do Farn\u00e9sio","og_description":"O prefeito de Petrolina, Julio Lossio, comp\u00f4s a mesa de honra da solenidade de outorga do m\u00e9rito legislativo Dom Malan ao atual gestor do programa Nova Semente, Josaias Santana dos Santos. A comenda \u00e9 oferecida, por membros da C\u00e2mara Municipal de Vereadores, a personalidades com not\u00f3rios e relevantes servi\u00e7os prestados \u00e0 Petrolina. O baiano, da cidade de Juazeiro, foi agraciado na sexta-feira (8) com a medalha Dom Malan, atrav\u00e9s de proposi\u00e7\u00e3o do vereador Elismar Gon\u00e7alves e do ex-vereador Alvorlande Cruz. Em uma noite de celebra\u00e7\u00e3o e discursos emocionados, familiares, amigos, ex-alunos, colegas de trabalho e admiradores de Josaias Santana estiveram na Casa Pl\u00ednio Amorim. Al\u00e9m de vereadores da Casa, representantes das Institui\u00e7\u00f5es de ensino UNIVASF e FACAPE, entidades que Josaias&hellip;","og_url":"https:\/\/blogdofarnesio.com.br\/?p=140425","og_site_name":"Blog do Farn\u00e9sio","article_publisher":"https:\/\/www.facebook.com\/BlogQuerSaberPolitica\/","article_published_time":"2016-04-11T20:00:31+00:00","twitter_card":"summary_large_image","twitter_misc":{"Escrito por":"","Est. tempo de leitura":"1 minuto"},"schema":{"@context":"https:\/\/schema.org","@graph":[{"@type":"Article","@id":"https:\/\/blogdofarnesio.com.br\/?p=140425#article","isPartOf":{"@id":"https:\/\/blogdofarnesio.com.br\/?p=140425"},"author":{"name":"","@id":""},"headline":"JULIO LOSSIO PARTICIPA DE HOMENAGEM AO GESTOR DO NOVA SEMENTE","datePublished":"2016-04-11T20:00:31+00:00","mainEntityOfPage":{"@id":"https:\/\/blogdofarnesio.com.br\/?p=140425"},"wordCount":302,"commentCount":0,"publisher":{"@id":"https:\/\/blogdofarnesio.com.br\/#organization"},"articleSection":["Administra\u00e7\u00e3o"],"inLanguage":"pt-BR","potentialAction":[{"@type":"CommentAction","name":"Comment","target":["https:\/\/blogdofarnesio.com.br\/?p=140425#respond"]}]},{"@type":"WebPage","@id":"https:\/\/blogdofarnesio.com.br\/?p=140425","url":"https:\/\/blogdofarnesio.com.br\/?p=140425","name":"JULIO LOSSIO PARTICIPA DE HOMENAGEM AO GESTOR DO NOVA SEMENTE - Blog do Farn\u00e9sio","isPartOf":{"@id":"https:\/\/blogdofarnesio.com.br\/#website"},"datePublished":"2016-04-11T20:00:31+00:00","breadcrumb":{"@id":"https:\/\/blogdofarnesio.com.br\/?p=140425#breadcrumb"},"inLanguage":"pt-BR","potentialAction":[{"@type":"ReadAction","target":["https:\/\/blogdofarnesio.com.br\/?p=140425"]}]},{"@type":"BreadcrumbList","@id":"https:\/\/blogdofarnesio.com.br\/?p=140425#breadcrumb","itemListElement":[{"@type":"ListItem","position":1,"name":"In\u00edcio","item":"https:\/\/blogdofarnesio.com.br\/"},{"@type":"ListItem","position":2,"name":"JULIO LOSSIO PARTICIPA DE HOMENAGEM AO GESTOR DO NOVA SEMENTE"}]},{"@type":"WebSite","@id":"https:\/\/blogdofarnesio.com.br\/#website","url":"https:\/\/blogdofarnesio.com.br\/","name":"Blog do Farn\u00e9sio","description":"Quer Saber Pol\u00edtica?","publisher":{"@id":"https:\/\/blogdofarnesio.com.br\/#organization"},"potentialAction":[{"@type":"SearchAction","target":{"@type":"EntryPoint","urlTemplate":"https:\/\/blogdofarnesio.com.br\/?s={search_term_string}"},"query-input":{"@type":"PropertyValueSpecification","valueRequired":true,"valueName":"search_term_string"}}],"inLanguage":"pt-BR"},{"@type":"Organization","@id":"https:\/\/blogdofarnesio.com.br\/#organization","name":"Blog do Farn\u00e9sio","url":"https:\/\/blogdofarnesio.com.br\/","logo":{"@type":"ImageObject","inLanguage":"pt-BR","@id":"https:\/\/blogdofarnesio.com.br\/#\/schema\/logo\/image\/","url":"https:\/\/blogdofarnesio.com.br\/wp-content\/uploads\/2026\/03\/cropped-logo_new-1.png","contentUrl":"https:\/\/blogdofarnesio.com.br\/wp-content\/uploads\/2026\/03\/cropped-logo_new-1.png","width":881,"height":685,"caption":"Blog do Farn\u00e9sio"},"image":{"@id":"https:\/\/blogdofarnesio.com.br\/#\/schema\/logo\/image\/"},"sameAs":["https:\/\/www.facebook.com\/BlogQuerSaberPolitica\/"]},{"@type":"Person","@id":"","url":"https:\/\/blogdofarnesio.com.br\/?author=7"}]}},"_links":{"self":[{"href":"https:\/\/blogdofarnesio.com.br\/index.php?rest_route=\/wp\/v2\/posts\/140425","targetHints":{"allow":["GET"]}}],"collection":[{"href":"https:\/\/blogdofarnesio.com.br\/index.php?rest_route=\/wp\/v2\/posts"}],"about":[{"href":"https:\/\/blogdofarnesio.com.br\/index.php?rest_route=\/wp\/v2\/types\/post"}],"author":[{"embeddable":true,"href":"https:\/\/blogdofarnesio.com.br\/index.php?rest_route=\/wp\/v2\/users\/7"}],"replies":[{"embeddable":true,"href":"https:\/\/blogdofarnesio.com.br\/index.php?rest_route=%2Fwp%2Fv2%2Fcomments&post=140425"}],"version-history":[{"count":0,"href":"https:\/\/blogdofarnesio.com.br\/index.php?rest_route=\/wp\/v2\/posts\/140425\/revisions"}],"wp:attachment":[{"href":"https:\/\/blogdofarnesio.com.br\/index.php?rest_route=%2Fwp%2Fv2%2Fmedia&parent=140425"}],"wp:term":[{"taxonomy":"category","embeddable":true,"href":"https:\/\/blogdofarnesio.com.br\/index.php?rest_route=%2Fwp%2Fv2%2Fcategories&post=140425"},{"taxonomy":"post_tag","embeddable":true,"href":"https:\/\/blogdofarnesio.com.br\/index.php?rest_route=%2Fwp%2Fv2%2Ftags&post=140425"}],"curies":[{"name":"wp","href":"https:\/\/api.w.org\/{rel}","templated":true}]}}