{"id":140420,"date":"2016-04-11T15:40:56","date_gmt":"2016-04-11T18:40:56","guid":{"rendered":"http:\/\/www.quersaberpolitica.com.br\/?p=140420"},"modified":"2016-04-11T10:00:38","modified_gmt":"2016-04-11T13:00:38","slug":"homem-e-preso-por-trafico-de-drogas-em-assentamento-proximo-a-vila-marcela","status":"publish","type":"post","link":"https:\/\/blogdofarnesio.com.br\/?p=140420","title":{"rendered":"HOMEM \u00c9 PRESO POR TR\u00c1FICO DE DROGAS EM ASSENTAMENTO PR\u00d3XIMO \u00c0 VILA MARCELA"},"content":{"rendered":"<p style=\"text-align: justify\"><a href=\"http:\/\/www.quersaberpolitica.com.br\/2016\/wp-content\/uploads\/2016\/04\/blogqsp-crack.jpg\"><img loading=\"lazy\" decoding=\"async\" class=\" wp-image-140421 aligncenter\" src=\"http:\/\/www.quersaberpolitica.com.br\/2016\/wp-content\/uploads\/2016\/04\/blogqsp-crack.jpg\" alt=\"blogqsp-crack\" width=\"400\" height=\"268\" \/><\/a><\/p>\n<p style=\"text-align: justify\">Policiais militares do Grupo de Apoio T\u00e1tico Itinerante (Gati), do 5\u00baBPM, prenderam no in\u00edcio da madrugada de ontem (10) Francisco Antonio da Silva, de 46 anos. Ele \u00e9 acusado de tr\u00e1fico de drogas no Assentamento Luiz In\u00e1cio, onde morava, pr\u00f3ximo \u00e0 Vila Marcela, zona norte de Petrolina.<\/p>\n<p style=\"text-align: justify\">A equipe do Gati chegou at\u00e9 o suspeito por meio de den\u00fancia de um morador. Ao chegarem ao local, os policiais detiveram Francisco com 70 pedras de crack, mais a quantia em dinheiro de R$ 849,00. Depois de preso, ele foi encaminhado \u00e0 1\u00aa Delegacia de Pol\u00edcia Civil (DPC), no Ouro Preto, zona oeste da cidade.<\/p>\n<p style=\"text-align: justify\"><em>Ascom 5\u00ba BPM<\/em><\/p>\n","protected":false},"excerpt":{"rendered":"<p>Policiais militares do Grupo de Apoio T\u00e1tico Itinerante (Gati), do 5\u00baBPM, prenderam no in\u00edcio da madrugada de ontem (10) Francisco Antonio da Silva, de 46 anos. Ele \u00e9 acusado de tr\u00e1fico de drogas no Assentamento Luiz In\u00e1cio, onde morava, pr\u00f3ximo \u00e0 Vila Marcela, zona norte de Petrolina. A equipe do Gati chegou at\u00e9 o suspeito por meio de den\u00fancia de um morador. Ao chegarem ao local, os policiais detiveram Francisco com 70 pedras de crack, mais a quantia em dinheiro de R$ 849,00. Depois de preso, ele foi encaminhado \u00e0 1\u00aa Delegacia de Pol\u00edcia Civil (DPC), no Ouro Preto, zona oeste da cidade. Ascom 5\u00ba BPM<\/p>\n","protected":false},"author":7,"featured_media":0,"comment_status":"open","ping_status":"open","sticky":false,"template":"","format":"standard","meta":{"_acf_changed":false,"footnotes":""},"categories":[9],"tags":[],"class_list":["post-140420","post","type-post","status-publish","format-standard","hentry","category-policia"],"acf":[],"yoast_head":"<!-- This site is optimized with the Yoast SEO plugin v27.4 - https:\/\/yoast.com\/product\/yoast-seo-wordpress\/ -->\n<title>HOMEM \u00c9 PRESO POR TR\u00c1FICO DE DROGAS EM ASSENTAMENTO PR\u00d3XIMO \u00c0 VILA MARCELA - Blog do Farn\u00e9sio<\/title>\n<meta name=\"robots\" content=\"index, follow, max-snippet:-1, max-image-preview:large, max-video-preview:-1\" \/>\n<link rel=\"canonical\" href=\"https:\/\/blogdofarnesio.com.br\/?p=140420\" \/>\n<meta property=\"og:locale\" content=\"pt_BR\" \/>\n<meta property=\"og:type\" content=\"article\" \/>\n<meta property=\"og:title\" content=\"HOMEM \u00c9 PRESO POR TR\u00c1FICO DE DROGAS EM ASSENTAMENTO PR\u00d3XIMO \u00c0 VILA MARCELA - Blog do Farn\u00e9sio\" \/>\n<meta property=\"og:description\" content=\"Policiais militares do Grupo de Apoio T\u00e1tico Itinerante (Gati), do 5\u00baBPM, prenderam no in\u00edcio da madrugada de ontem (10) Francisco Antonio da Silva, de 46 anos. Ele \u00e9 acusado de tr\u00e1fico de drogas no Assentamento Luiz In\u00e1cio, onde morava, pr\u00f3ximo \u00e0 Vila Marcela, zona norte de Petrolina. A equipe do Gati chegou at\u00e9 o suspeito por meio de den\u00fancia de um morador. Ao chegarem ao local, os policiais detiveram Francisco com 70 pedras de crack, mais a quantia em dinheiro de R$ 849,00. Depois de preso, ele foi encaminhado \u00e0 1\u00aa Delegacia de Pol\u00edcia Civil (DPC), no Ouro Preto, zona oeste da cidade. Ascom 5\u00ba BPM\" \/>\n<meta property=\"og:url\" content=\"https:\/\/blogdofarnesio.com.br\/?p=140420\" \/>\n<meta property=\"og:site_name\" content=\"Blog do Farn\u00e9sio\" \/>\n<meta property=\"article:publisher\" content=\"https:\/\/www.facebook.com\/BlogQuerSaberPolitica\/\" \/>\n<meta property=\"article:published_time\" content=\"2016-04-11T18:40:56+00:00\" \/>\n<meta property=\"og:image\" content=\"http:\/\/www.quersaberpolitica.com.br\/2016\/wp-content\/uploads\/2016\/04\/blogqsp-crack.jpg\" \/>\n<meta name=\"twitter:card\" content=\"summary_large_image\" \/>\n<meta name=\"twitter:label1\" content=\"Escrito por\" \/>\n\t<meta name=\"twitter:data1\" content=\"\" \/>\n\t<meta name=\"twitter:label2\" content=\"Est. tempo de leitura\" \/>\n\t<meta name=\"twitter:data2\" content=\"1 minuto\" \/>\n<script type=\"application\/ld+json\" class=\"yoast-schema-graph\">{\"@context\":\"https:\\\/\\\/schema.org\",\"@graph\":[{\"@type\":\"Article\",\"@id\":\"https:\\\/\\\/blogdofarnesio.com.br\\\/?p=140420#article\",\"isPartOf\":{\"@id\":\"https:\\\/\\\/blogdofarnesio.com.br\\\/?p=140420\"},\"author\":{\"name\":\"\",\"@id\":\"\"},\"headline\":\"HOMEM \u00c9 PRESO POR TR\u00c1FICO DE DROGAS EM ASSENTAMENTO PR\u00d3XIMO \u00c0 VILA MARCELA\",\"datePublished\":\"2016-04-11T18:40:56+00:00\",\"mainEntityOfPage\":{\"@id\":\"https:\\\/\\\/blogdofarnesio.com.br\\\/?p=140420\"},\"wordCount\":117,\"commentCount\":0,\"publisher\":{\"@id\":\"https:\\\/\\\/blogdofarnesio.com.br\\\/#organization\"},\"image\":{\"@id\":\"https:\\\/\\\/blogdofarnesio.com.br\\\/?p=140420#primaryimage\"},\"thumbnailUrl\":\"http:\\\/\\\/www.quersaberpolitica.com.br\\\/2016\\\/wp-content\\\/uploads\\\/2016\\\/04\\\/blogqsp-crack.jpg\",\"articleSection\":[\"Pol\u00edcia\"],\"inLanguage\":\"pt-BR\",\"potentialAction\":[{\"@type\":\"CommentAction\",\"name\":\"Comment\",\"target\":[\"https:\\\/\\\/blogdofarnesio.com.br\\\/?p=140420#respond\"]}]},{\"@type\":\"WebPage\",\"@id\":\"https:\\\/\\\/blogdofarnesio.com.br\\\/?p=140420\",\"url\":\"https:\\\/\\\/blogdofarnesio.com.br\\\/?p=140420\",\"name\":\"HOMEM \u00c9 PRESO POR TR\u00c1FICO DE DROGAS EM ASSENTAMENTO PR\u00d3XIMO \u00c0 VILA MARCELA - Blog do Farn\u00e9sio\",\"isPartOf\":{\"@id\":\"https:\\\/\\\/blogdofarnesio.com.br\\\/#website\"},\"primaryImageOfPage\":{\"@id\":\"https:\\\/\\\/blogdofarnesio.com.br\\\/?p=140420#primaryimage\"},\"image\":{\"@id\":\"https:\\\/\\\/blogdofarnesio.com.br\\\/?p=140420#primaryimage\"},\"thumbnailUrl\":\"http:\\\/\\\/www.quersaberpolitica.com.br\\\/2016\\\/wp-content\\\/uploads\\\/2016\\\/04\\\/blogqsp-crack.jpg\",\"datePublished\":\"2016-04-11T18:40:56+00:00\",\"breadcrumb\":{\"@id\":\"https:\\\/\\\/blogdofarnesio.com.br\\\/?p=140420#breadcrumb\"},\"inLanguage\":\"pt-BR\",\"potentialAction\":[{\"@type\":\"ReadAction\",\"target\":[\"https:\\\/\\\/blogdofarnesio.com.br\\\/?p=140420\"]}]},{\"@type\":\"ImageObject\",\"inLanguage\":\"pt-BR\",\"@id\":\"https:\\\/\\\/blogdofarnesio.com.br\\\/?p=140420#primaryimage\",\"url\":\"http:\\\/\\\/www.quersaberpolitica.com.br\\\/2016\\\/wp-content\\\/uploads\\\/2016\\\/04\\\/blogqsp-crack.jpg\",\"contentUrl\":\"http:\\\/\\\/www.quersaberpolitica.com.br\\\/2016\\\/wp-content\\\/uploads\\\/2016\\\/04\\\/blogqsp-crack.jpg\"},{\"@type\":\"BreadcrumbList\",\"@id\":\"https:\\\/\\\/blogdofarnesio.com.br\\\/?p=140420#breadcrumb\",\"itemListElement\":[{\"@type\":\"ListItem\",\"position\":1,\"name\":\"In\u00edcio\",\"item\":\"https:\\\/\\\/blogdofarnesio.com.br\\\/\"},{\"@type\":\"ListItem\",\"position\":2,\"name\":\"HOMEM \u00c9 PRESO POR TR\u00c1FICO DE DROGAS EM ASSENTAMENTO PR\u00d3XIMO \u00c0 VILA MARCELA\"}]},{\"@type\":\"WebSite\",\"@id\":\"https:\\\/\\\/blogdofarnesio.com.br\\\/#website\",\"url\":\"https:\\\/\\\/blogdofarnesio.com.br\\\/\",\"name\":\"Blog do Farn\u00e9sio\",\"description\":\"Quer Saber Pol\u00edtica?\",\"publisher\":{\"@id\":\"https:\\\/\\\/blogdofarnesio.com.br\\\/#organization\"},\"potentialAction\":[{\"@type\":\"SearchAction\",\"target\":{\"@type\":\"EntryPoint\",\"urlTemplate\":\"https:\\\/\\\/blogdofarnesio.com.br\\\/?s={search_term_string}\"},\"query-input\":{\"@type\":\"PropertyValueSpecification\",\"valueRequired\":true,\"valueName\":\"search_term_string\"}}],\"inLanguage\":\"pt-BR\"},{\"@type\":\"Organization\",\"@id\":\"https:\\\/\\\/blogdofarnesio.com.br\\\/#organization\",\"name\":\"Blog do Farn\u00e9sio\",\"url\":\"https:\\\/\\\/blogdofarnesio.com.br\\\/\",\"logo\":{\"@type\":\"ImageObject\",\"inLanguage\":\"pt-BR\",\"@id\":\"https:\\\/\\\/blogdofarnesio.com.br\\\/#\\\/schema\\\/logo\\\/image\\\/\",\"url\":\"https:\\\/\\\/blogdofarnesio.com.br\\\/wp-content\\\/uploads\\\/2026\\\/03\\\/cropped-logo_new-1.png\",\"contentUrl\":\"https:\\\/\\\/blogdofarnesio.com.br\\\/wp-content\\\/uploads\\\/2026\\\/03\\\/cropped-logo_new-1.png\",\"width\":881,\"height\":685,\"caption\":\"Blog do Farn\u00e9sio\"},\"image\":{\"@id\":\"https:\\\/\\\/blogdofarnesio.com.br\\\/#\\\/schema\\\/logo\\\/image\\\/\"},\"sameAs\":[\"https:\\\/\\\/www.facebook.com\\\/BlogQuerSaberPolitica\\\/\"]},{\"@type\":\"Person\",\"@id\":\"\",\"url\":\"https:\\\/\\\/blogdofarnesio.com.br\\\/?author=7\"}]}<\/script>\n<!-- \/ Yoast SEO plugin. -->","yoast_head_json":{"title":"HOMEM \u00c9 PRESO POR TR\u00c1FICO DE DROGAS EM ASSENTAMENTO PR\u00d3XIMO \u00c0 VILA MARCELA - Blog do Farn\u00e9sio","robots":{"index":"index","follow":"follow","max-snippet":"max-snippet:-1","max-image-preview":"max-image-preview:large","max-video-preview":"max-video-preview:-1"},"canonical":"https:\/\/blogdofarnesio.com.br\/?p=140420","og_locale":"pt_BR","og_type":"article","og_title":"HOMEM \u00c9 PRESO POR TR\u00c1FICO DE DROGAS EM ASSENTAMENTO PR\u00d3XIMO \u00c0 VILA MARCELA - Blog do Farn\u00e9sio","og_description":"Policiais militares do Grupo de Apoio T\u00e1tico Itinerante (Gati), do 5\u00baBPM, prenderam no in\u00edcio da madrugada de ontem (10) Francisco Antonio da Silva, de 46 anos. Ele \u00e9 acusado de tr\u00e1fico de drogas no Assentamento Luiz In\u00e1cio, onde morava, pr\u00f3ximo \u00e0 Vila Marcela, zona norte de Petrolina. A equipe do Gati chegou at\u00e9 o suspeito por meio de den\u00fancia de um morador. Ao chegarem ao local, os policiais detiveram Francisco com 70 pedras de crack, mais a quantia em dinheiro de R$ 849,00. Depois de preso, ele foi encaminhado \u00e0 1\u00aa Delegacia de Pol\u00edcia Civil (DPC), no Ouro Preto, zona oeste da cidade. Ascom 5\u00ba BPM","og_url":"https:\/\/blogdofarnesio.com.br\/?p=140420","og_site_name":"Blog do Farn\u00e9sio","article_publisher":"https:\/\/www.facebook.com\/BlogQuerSaberPolitica\/","article_published_time":"2016-04-11T18:40:56+00:00","og_image":[{"url":"http:\/\/www.quersaberpolitica.com.br\/2016\/wp-content\/uploads\/2016\/04\/blogqsp-crack.jpg","type":"","width":"","height":""}],"twitter_card":"summary_large_image","twitter_misc":{"Escrito por":"","Est. tempo de leitura":"1 minuto"},"schema":{"@context":"https:\/\/schema.org","@graph":[{"@type":"Article","@id":"https:\/\/blogdofarnesio.com.br\/?p=140420#article","isPartOf":{"@id":"https:\/\/blogdofarnesio.com.br\/?p=140420"},"author":{"name":"","@id":""},"headline":"HOMEM \u00c9 PRESO POR TR\u00c1FICO DE DROGAS EM ASSENTAMENTO PR\u00d3XIMO \u00c0 VILA MARCELA","datePublished":"2016-04-11T18:40:56+00:00","mainEntityOfPage":{"@id":"https:\/\/blogdofarnesio.com.br\/?p=140420"},"wordCount":117,"commentCount":0,"publisher":{"@id":"https:\/\/blogdofarnesio.com.br\/#organization"},"image":{"@id":"https:\/\/blogdofarnesio.com.br\/?p=140420#primaryimage"},"thumbnailUrl":"http:\/\/www.quersaberpolitica.com.br\/2016\/wp-content\/uploads\/2016\/04\/blogqsp-crack.jpg","articleSection":["Pol\u00edcia"],"inLanguage":"pt-BR","potentialAction":[{"@type":"CommentAction","name":"Comment","target":["https:\/\/blogdofarnesio.com.br\/?p=140420#respond"]}]},{"@type":"WebPage","@id":"https:\/\/blogdofarnesio.com.br\/?p=140420","url":"https:\/\/blogdofarnesio.com.br\/?p=140420","name":"HOMEM \u00c9 PRESO POR TR\u00c1FICO DE DROGAS EM ASSENTAMENTO PR\u00d3XIMO \u00c0 VILA MARCELA - Blog do Farn\u00e9sio","isPartOf":{"@id":"https:\/\/blogdofarnesio.com.br\/#website"},"primaryImageOfPage":{"@id":"https:\/\/blogdofarnesio.com.br\/?p=140420#primaryimage"},"image":{"@id":"https:\/\/blogdofarnesio.com.br\/?p=140420#primaryimage"},"thumbnailUrl":"http:\/\/www.quersaberpolitica.com.br\/2016\/wp-content\/uploads\/2016\/04\/blogqsp-crack.jpg","datePublished":"2016-04-11T18:40:56+00:00","breadcrumb":{"@id":"https:\/\/blogdofarnesio.com.br\/?p=140420#breadcrumb"},"inLanguage":"pt-BR","potentialAction":[{"@type":"ReadAction","target":["https:\/\/blogdofarnesio.com.br\/?p=140420"]}]},{"@type":"ImageObject","inLanguage":"pt-BR","@id":"https:\/\/blogdofarnesio.com.br\/?p=140420#primaryimage","url":"http:\/\/www.quersaberpolitica.com.br\/2016\/wp-content\/uploads\/2016\/04\/blogqsp-crack.jpg","contentUrl":"http:\/\/www.quersaberpolitica.com.br\/2016\/wp-content\/uploads\/2016\/04\/blogqsp-crack.jpg"},{"@type":"BreadcrumbList","@id":"https:\/\/blogdofarnesio.com.br\/?p=140420#breadcrumb","itemListElement":[{"@type":"ListItem","position":1,"name":"In\u00edcio","item":"https:\/\/blogdofarnesio.com.br\/"},{"@type":"ListItem","position":2,"name":"HOMEM \u00c9 PRESO POR TR\u00c1FICO DE DROGAS EM ASSENTAMENTO PR\u00d3XIMO \u00c0 VILA MARCELA"}]},{"@type":"WebSite","@id":"https:\/\/blogdofarnesio.com.br\/#website","url":"https:\/\/blogdofarnesio.com.br\/","name":"Blog do Farn\u00e9sio","description":"Quer Saber Pol\u00edtica?","publisher":{"@id":"https:\/\/blogdofarnesio.com.br\/#organization"},"potentialAction":[{"@type":"SearchAction","target":{"@type":"EntryPoint","urlTemplate":"https:\/\/blogdofarnesio.com.br\/?s={search_term_string}"},"query-input":{"@type":"PropertyValueSpecification","valueRequired":true,"valueName":"search_term_string"}}],"inLanguage":"pt-BR"},{"@type":"Organization","@id":"https:\/\/blogdofarnesio.com.br\/#organization","name":"Blog do Farn\u00e9sio","url":"https:\/\/blogdofarnesio.com.br\/","logo":{"@type":"ImageObject","inLanguage":"pt-BR","@id":"https:\/\/blogdofarnesio.com.br\/#\/schema\/logo\/image\/","url":"https:\/\/blogdofarnesio.com.br\/wp-content\/uploads\/2026\/03\/cropped-logo_new-1.png","contentUrl":"https:\/\/blogdofarnesio.com.br\/wp-content\/uploads\/2026\/03\/cropped-logo_new-1.png","width":881,"height":685,"caption":"Blog do Farn\u00e9sio"},"image":{"@id":"https:\/\/blogdofarnesio.com.br\/#\/schema\/logo\/image\/"},"sameAs":["https:\/\/www.facebook.com\/BlogQuerSaberPolitica\/"]},{"@type":"Person","@id":"","url":"https:\/\/blogdofarnesio.com.br\/?author=7"}]}},"_links":{"self":[{"href":"https:\/\/blogdofarnesio.com.br\/index.php?rest_route=\/wp\/v2\/posts\/140420","targetHints":{"allow":["GET"]}}],"collection":[{"href":"https:\/\/blogdofarnesio.com.br\/index.php?rest_route=\/wp\/v2\/posts"}],"about":[{"href":"https:\/\/blogdofarnesio.com.br\/index.php?rest_route=\/wp\/v2\/types\/post"}],"author":[{"embeddable":true,"href":"https:\/\/blogdofarnesio.com.br\/index.php?rest_route=\/wp\/v2\/users\/7"}],"replies":[{"embeddable":true,"href":"https:\/\/blogdofarnesio.com.br\/index.php?rest_route=%2Fwp%2Fv2%2Fcomments&post=140420"}],"version-history":[{"count":0,"href":"https:\/\/blogdofarnesio.com.br\/index.php?rest_route=\/wp\/v2\/posts\/140420\/revisions"}],"wp:attachment":[{"href":"https:\/\/blogdofarnesio.com.br\/index.php?rest_route=%2Fwp%2Fv2%2Fmedia&parent=140420"}],"wp:term":[{"taxonomy":"category","embeddable":true,"href":"https:\/\/blogdofarnesio.com.br\/index.php?rest_route=%2Fwp%2Fv2%2Fcategories&post=140420"},{"taxonomy":"post_tag","embeddable":true,"href":"https:\/\/blogdofarnesio.com.br\/index.php?rest_route=%2Fwp%2Fv2%2Ftags&post=140420"}],"curies":[{"name":"wp","href":"https:\/\/api.w.org\/{rel}","templated":true}]}}