{"id":14038,"date":"2012-05-18T09:40:28","date_gmt":"2012-05-18T09:40:28","guid":{"rendered":"http:\/\/www.quersaberpolitica.com.br?p=14038"},"modified":"2012-05-18T08:24:54","modified_gmt":"2012-05-18T08:24:54","slug":"comportamento-de-criancas-e-adolescentes-leva-o-programa-justica-e-cidadania-para-as-escolas-da-rede-publica-de-petrolina","status":"publish","type":"post","link":"https:\/\/blogdofarnesio.com.br\/?p=14038","title":{"rendered":"Comportamento de crian\u00e7as e adolescentes leva o programa Justi\u00e7a e Cidadania para as escolas da rede p\u00fablica de Petrolina"},"content":{"rendered":"<p>&nbsp;<\/p>\n<p style=\"text-align: justify;\"><span style=\"font-size: small;\"><a rel=\"lightbox\" href=\"http:\/\/www.quersaberpolitica.com.br\/2016\/wp-content\/uploads\/2012\/12\/blogqsp.membros.jpg\"><img loading=\"lazy\" decoding=\"async\" style=\"float: left; margin: 5px 10px;\" src=\"http:\/\/www.quersaberpolitica.com.br\/2016\/wp-content\/uploads\/2012\/12\/blogqsp.membros.jpg\" alt=\"\" width=\"200\" height=\"150\" \/><\/a>Mais de 50 pais, gest&atilde;o escolar e professores da Escola Estadual Padre Luiz Cassiano, localizada no Loteamento Recife em Petrolina, assistiram na manh&atilde; de ontem (16), mais um ciclo de palestras com as tem&aacute;ticas Viol&ecirc;ncia Sexual, Abuso e Explora&ccedil;&atilde;o e Sexual, proferida pela equipe do Creas Municipal; Drogas, proferida pela policial Militar, Paulo Rocha; e O papel da Fam&iacute;lia, proferida pela Guarda Municipal. Os &oacute;rg&atilde;os que ministraram os temas comp&otilde;em o programa Justi&ccedil;a e Cidadania, criado pela Vara da Inf&acirc;ncia e Juventude de Petrolina.<\/span><\/p>\n<p style=\"text-align: justify;\"><span style=\"font-size: small;\">O juiz da Vara da Inf&acirc;ncia e Juventude de Petrolina, Marcos Bacelar, acompanhado por representantes das Secretarias Municipais de Desenvolvimento Social e Trabalho, Seguran&ccedil;a Cidad&atilde; e Educa&ccedil;&atilde;o, Conselho Municipal de Defesa dos Direitos das Crian&ccedil;as e dos Adolescentes (CMDDCA), Conselho Tutelar, Defensoria P&uacute;blica, Centro de Refer&ecirc;ncia Especializado de Assist&ecirc;ncia Social (CREAS), Minist&eacute;rio P&uacute;blico Estadual e as pol&iacute;cias Civil e Militar realizaram a 23&ordf; a&ccedil;&atilde;o do programa.<\/span><\/p>\n<p style=\"text-align: justify;\"><span style=\"font-size: small;\">O Justi&ccedil;a e Cidadania vem percorrendo escolas de Petrolina na sede e interior com o objetivo de informar toda comunidade escolar e os pais dos jovens sobre a import&acirc;ncia do di&aacute;logo entre escola e fam&iacute;lia e o papel do estado. &#8220;Todos que est&atilde;o aqui para entender as suas responsabilidades com rela&ccedil;&atilde;o &agrave; educa&ccedil;&atilde;o desses jovens. Os pais tem que participar dessa discuss&atilde;o e assumir suas responsabilidades com o comportamento dessas crian&ccedil;as e adolescentes nas escolas&#8221;, enfatizou o juiz Marcos Bacelar.<\/span><\/p>\n<p style=\"text-align: justify;\"><span style=\"font-size: small;\">Durante as palestras, s&atilde;o debatidos temas como evas&atilde;o escolar, viol&ecirc;ncia nas escolas e os direitos das crian&ccedil;as e adolescentes como discorre o Estatuto da Crian&ccedil;a e do Adolescente &#8211; ECA. Cl&aacute;udia Almeida Galv&atilde;o tem dois filhos, idades 9 e 14 anos, matriculados na Escola Pedre Luiz Cassiano, e entende o alerta aos pais sobre as responsabilidades da fam&iacute;lia. &#8220;Temos que participar e saber como nossos filhos est&atilde;o na escola, isso ajuda na forma&ccedil;&atilde;o dos futuros cidad&atilde;os&#8221;, afirmou.<\/span><\/p>\n<p style=\"text-align: justify;\"><span style=\"font-size: small;\">Nos encontros s&atilde;o realizados atendimentos com psic&oacute;logos, assistentes sociais, advogados, fiscais da inf&acirc;ncia e juventude e conselheiros tutelares para orienta&ccedil;&atilde;o e aconselhamento sobre educa&ccedil;&atilde;o e conviv&ecirc;ncia na escola e na fam&iacute;lia. A secret&aacute;ria de Desenvolvimento Social e Trabalho, Maria Adinair Viana, explicou que o programa prop&otilde;e a&ccedil;&otilde;es integradas em prol da seguran&ccedil;a social das crian&ccedil;as e adolescentes do munic&iacute;pio. &#8220;A crian&ccedil;a e o adolescente vivenciam parte de sua vida dentro das escolas e, por isso, &eacute; fundamental que os &oacute;rg&atilde;os de seguran&ccedil;a e prote&ccedil;&atilde;o desses jovens estejam imbu&iacute;dos em a&ccedil;&otilde;es dessa natureza com o objetivo de educ&aacute;-los para que esses jovens tenham um futuro saud&aacute;vel&#8221;, salientou.<\/span><\/p>\n<div><span style=\"font-size: medium;\"><br \/><\/span><\/div>\n<p>&nbsp;<\/p>\n","protected":false},"excerpt":{"rendered":"<p>&nbsp; Mais de 50 pais, gest&atilde;o escolar e professores da Escola Estadual Padre Luiz Cassiano, localizada no Loteamento Recife em Petrolina, assistiram na manh&atilde; de ontem (16), mais um ciclo de palestras com as tem&aacute;ticas Viol&ecirc;ncia Sexual, Abuso e Explora&ccedil;&atilde;o e Sexual, proferida pela equipe do Creas Municipal; Drogas, proferida pela policial Militar, Paulo Rocha; e O papel da Fam&iacute;lia, proferida pela Guarda Municipal. Os &oacute;rg&atilde;os que ministraram os temas comp&otilde;em o programa Justi&ccedil;a e Cidadania, criado pela Vara da Inf&acirc;ncia e Juventude de Petrolina. O juiz da Vara da Inf&acirc;ncia e Juventude de Petrolina, Marcos Bacelar, acompanhado por representantes das Secretarias Municipais de Desenvolvimento Social e Trabalho, Seguran&ccedil;a Cidad&atilde; e Educa&ccedil;&atilde;o, Conselho Municipal de Defesa dos Direitos das Crian&ccedil;as&hellip; <\/p>\n","protected":false},"author":0,"featured_media":0,"comment_status":"open","ping_status":"open","sticky":false,"template":"","format":"standard","meta":{"_acf_changed":false,"footnotes":""},"categories":[22],"tags":[],"class_list":["post-14038","post","type-post","status-publish","format-standard","hentry","category-acao-social"],"acf":[],"yoast_head":"<!-- This site is optimized with the Yoast SEO plugin v27.4 - https:\/\/yoast.com\/product\/yoast-seo-wordpress\/ -->\n<title>Comportamento de crian\u00e7as e adolescentes leva o programa Justi\u00e7a e Cidadania para as escolas da rede p\u00fablica de Petrolina - Blog do Farn\u00e9sio<\/title>\n<meta name=\"robots\" content=\"index, follow, max-snippet:-1, max-image-preview:large, max-video-preview:-1\" \/>\n<link rel=\"canonical\" href=\"https:\/\/blogdofarnesio.com.br\/?p=14038\" \/>\n<meta property=\"og:locale\" content=\"pt_BR\" \/>\n<meta property=\"og:type\" content=\"article\" \/>\n<meta property=\"og:title\" content=\"Comportamento de crian\u00e7as e adolescentes leva o programa Justi\u00e7a e Cidadania para as escolas da rede p\u00fablica de Petrolina - Blog do Farn\u00e9sio\" \/>\n<meta property=\"og:description\" content=\"&nbsp; Mais de 50 pais, gest&atilde;o escolar e professores da Escola Estadual Padre Luiz Cassiano, localizada no Loteamento Recife em Petrolina, assistiram na manh&atilde; de ontem (16), mais um ciclo de palestras com as tem&aacute;ticas Viol&ecirc;ncia Sexual, Abuso e Explora&ccedil;&atilde;o e Sexual, proferida pela equipe do Creas Municipal; Drogas, proferida pela policial Militar, Paulo Rocha; e O papel da Fam&iacute;lia, proferida pela Guarda Municipal. Os &oacute;rg&atilde;os que ministraram os temas comp&otilde;em o programa Justi&ccedil;a e Cidadania, criado pela Vara da Inf&acirc;ncia e Juventude de Petrolina. O juiz da Vara da Inf&acirc;ncia e Juventude de Petrolina, Marcos Bacelar, acompanhado por representantes das Secretarias Municipais de Desenvolvimento Social e Trabalho, Seguran&ccedil;a Cidad&atilde; e Educa&ccedil;&atilde;o, Conselho Municipal de Defesa dos Direitos das Crian&ccedil;as&hellip;\" \/>\n<meta property=\"og:url\" content=\"https:\/\/blogdofarnesio.com.br\/?p=14038\" \/>\n<meta property=\"og:site_name\" content=\"Blog do Farn\u00e9sio\" \/>\n<meta property=\"article:publisher\" content=\"https:\/\/www.facebook.com\/BlogQuerSaberPolitica\/\" \/>\n<meta property=\"article:published_time\" content=\"2012-05-18T09:40:28+00:00\" \/>\n<meta property=\"og:image\" content=\"http:\/\/www.quersaberpolitica.com.br\/2016\/wp-content\/uploads\/2012\/12\/blogqsp.membros.jpg\" \/>\n<meta name=\"twitter:card\" content=\"summary_large_image\" \/>\n<meta name=\"twitter:label1\" content=\"Est. tempo de leitura\" \/>\n\t<meta name=\"twitter:data1\" content=\"3 minutos\" \/>\n<script type=\"application\/ld+json\" class=\"yoast-schema-graph\">{\"@context\":\"https:\\\/\\\/schema.org\",\"@graph\":[{\"@type\":\"Article\",\"@id\":\"https:\\\/\\\/blogdofarnesio.com.br\\\/?p=14038#article\",\"isPartOf\":{\"@id\":\"https:\\\/\\\/blogdofarnesio.com.br\\\/?p=14038\"},\"author\":{\"name\":\"\",\"@id\":\"\"},\"headline\":\"Comportamento de crian\u00e7as e adolescentes leva o programa Justi\u00e7a e Cidadania para as escolas da rede p\u00fablica de Petrolina\",\"datePublished\":\"2012-05-18T09:40:28+00:00\",\"mainEntityOfPage\":{\"@id\":\"https:\\\/\\\/blogdofarnesio.com.br\\\/?p=14038\"},\"wordCount\":570,\"commentCount\":0,\"publisher\":{\"@id\":\"https:\\\/\\\/blogdofarnesio.com.br\\\/#organization\"},\"image\":{\"@id\":\"https:\\\/\\\/blogdofarnesio.com.br\\\/?p=14038#primaryimage\"},\"thumbnailUrl\":\"http:\\\/\\\/www.quersaberpolitica.com.br\\\/2016\\\/wp-content\\\/uploads\\\/2012\\\/12\\\/blogqsp.membros.jpg\",\"articleSection\":[\"A\u00e7\u00e3o Social\"],\"inLanguage\":\"pt-BR\",\"potentialAction\":[{\"@type\":\"CommentAction\",\"name\":\"Comment\",\"target\":[\"https:\\\/\\\/blogdofarnesio.com.br\\\/?p=14038#respond\"]}]},{\"@type\":\"WebPage\",\"@id\":\"https:\\\/\\\/blogdofarnesio.com.br\\\/?p=14038\",\"url\":\"https:\\\/\\\/blogdofarnesio.com.br\\\/?p=14038\",\"name\":\"Comportamento de crian\u00e7as e adolescentes leva o programa Justi\u00e7a e Cidadania para as escolas da rede p\u00fablica de Petrolina - Blog do Farn\u00e9sio\",\"isPartOf\":{\"@id\":\"https:\\\/\\\/blogdofarnesio.com.br\\\/#website\"},\"primaryImageOfPage\":{\"@id\":\"https:\\\/\\\/blogdofarnesio.com.br\\\/?p=14038#primaryimage\"},\"image\":{\"@id\":\"https:\\\/\\\/blogdofarnesio.com.br\\\/?p=14038#primaryimage\"},\"thumbnailUrl\":\"http:\\\/\\\/www.quersaberpolitica.com.br\\\/2016\\\/wp-content\\\/uploads\\\/2012\\\/12\\\/blogqsp.membros.jpg\",\"datePublished\":\"2012-05-18T09:40:28+00:00\",\"breadcrumb\":{\"@id\":\"https:\\\/\\\/blogdofarnesio.com.br\\\/?p=14038#breadcrumb\"},\"inLanguage\":\"pt-BR\",\"potentialAction\":[{\"@type\":\"ReadAction\",\"target\":[\"https:\\\/\\\/blogdofarnesio.com.br\\\/?p=14038\"]}]},{\"@type\":\"ImageObject\",\"inLanguage\":\"pt-BR\",\"@id\":\"https:\\\/\\\/blogdofarnesio.com.br\\\/?p=14038#primaryimage\",\"url\":\"http:\\\/\\\/www.quersaberpolitica.com.br\\\/2016\\\/wp-content\\\/uploads\\\/2012\\\/12\\\/blogqsp.membros.jpg\",\"contentUrl\":\"http:\\\/\\\/www.quersaberpolitica.com.br\\\/2016\\\/wp-content\\\/uploads\\\/2012\\\/12\\\/blogqsp.membros.jpg\"},{\"@type\":\"BreadcrumbList\",\"@id\":\"https:\\\/\\\/blogdofarnesio.com.br\\\/?p=14038#breadcrumb\",\"itemListElement\":[{\"@type\":\"ListItem\",\"position\":1,\"name\":\"In\u00edcio\",\"item\":\"https:\\\/\\\/blogdofarnesio.com.br\\\/\"},{\"@type\":\"ListItem\",\"position\":2,\"name\":\"Comportamento de crian\u00e7as e adolescentes leva o programa Justi\u00e7a e Cidadania para as escolas da rede p\u00fablica de Petrolina\"}]},{\"@type\":\"WebSite\",\"@id\":\"https:\\\/\\\/blogdofarnesio.com.br\\\/#website\",\"url\":\"https:\\\/\\\/blogdofarnesio.com.br\\\/\",\"name\":\"Blog do Farn\u00e9sio\",\"description\":\"Quer Saber Pol\u00edtica?\",\"publisher\":{\"@id\":\"https:\\\/\\\/blogdofarnesio.com.br\\\/#organization\"},\"potentialAction\":[{\"@type\":\"SearchAction\",\"target\":{\"@type\":\"EntryPoint\",\"urlTemplate\":\"https:\\\/\\\/blogdofarnesio.com.br\\\/?s={search_term_string}\"},\"query-input\":{\"@type\":\"PropertyValueSpecification\",\"valueRequired\":true,\"valueName\":\"search_term_string\"}}],\"inLanguage\":\"pt-BR\"},{\"@type\":\"Organization\",\"@id\":\"https:\\\/\\\/blogdofarnesio.com.br\\\/#organization\",\"name\":\"Blog do Farn\u00e9sio\",\"url\":\"https:\\\/\\\/blogdofarnesio.com.br\\\/\",\"logo\":{\"@type\":\"ImageObject\",\"inLanguage\":\"pt-BR\",\"@id\":\"https:\\\/\\\/blogdofarnesio.com.br\\\/#\\\/schema\\\/logo\\\/image\\\/\",\"url\":\"https:\\\/\\\/blogdofarnesio.com.br\\\/wp-content\\\/uploads\\\/2026\\\/03\\\/cropped-logo_new-1.png\",\"contentUrl\":\"https:\\\/\\\/blogdofarnesio.com.br\\\/wp-content\\\/uploads\\\/2026\\\/03\\\/cropped-logo_new-1.png\",\"width\":881,\"height\":685,\"caption\":\"Blog do Farn\u00e9sio\"},\"image\":{\"@id\":\"https:\\\/\\\/blogdofarnesio.com.br\\\/#\\\/schema\\\/logo\\\/image\\\/\"},\"sameAs\":[\"https:\\\/\\\/www.facebook.com\\\/BlogQuerSaberPolitica\\\/\"]}]}<\/script>\n<!-- \/ Yoast SEO plugin. -->","yoast_head_json":{"title":"Comportamento de crian\u00e7as e adolescentes leva o programa Justi\u00e7a e Cidadania para as escolas da rede p\u00fablica de Petrolina - Blog do Farn\u00e9sio","robots":{"index":"index","follow":"follow","max-snippet":"max-snippet:-1","max-image-preview":"max-image-preview:large","max-video-preview":"max-video-preview:-1"},"canonical":"https:\/\/blogdofarnesio.com.br\/?p=14038","og_locale":"pt_BR","og_type":"article","og_title":"Comportamento de crian\u00e7as e adolescentes leva o programa Justi\u00e7a e Cidadania para as escolas da rede p\u00fablica de Petrolina - Blog do Farn\u00e9sio","og_description":"&nbsp; Mais de 50 pais, gest&atilde;o escolar e professores da Escola Estadual Padre Luiz Cassiano, localizada no Loteamento Recife em Petrolina, assistiram na manh&atilde; de ontem (16), mais um ciclo de palestras com as tem&aacute;ticas Viol&ecirc;ncia Sexual, Abuso e Explora&ccedil;&atilde;o e Sexual, proferida pela equipe do Creas Municipal; Drogas, proferida pela policial Militar, Paulo Rocha; e O papel da Fam&iacute;lia, proferida pela Guarda Municipal. Os &oacute;rg&atilde;os que ministraram os temas comp&otilde;em o programa Justi&ccedil;a e Cidadania, criado pela Vara da Inf&acirc;ncia e Juventude de Petrolina. O juiz da Vara da Inf&acirc;ncia e Juventude de Petrolina, Marcos Bacelar, acompanhado por representantes das Secretarias Municipais de Desenvolvimento Social e Trabalho, Seguran&ccedil;a Cidad&atilde; e Educa&ccedil;&atilde;o, Conselho Municipal de Defesa dos Direitos das Crian&ccedil;as&hellip;","og_url":"https:\/\/blogdofarnesio.com.br\/?p=14038","og_site_name":"Blog do Farn\u00e9sio","article_publisher":"https:\/\/www.facebook.com\/BlogQuerSaberPolitica\/","article_published_time":"2012-05-18T09:40:28+00:00","og_image":[{"url":"http:\/\/www.quersaberpolitica.com.br\/2016\/wp-content\/uploads\/2012\/12\/blogqsp.membros.jpg","type":"","width":"","height":""}],"twitter_card":"summary_large_image","twitter_misc":{"Est. tempo de leitura":"3 minutos"},"schema":{"@context":"https:\/\/schema.org","@graph":[{"@type":"Article","@id":"https:\/\/blogdofarnesio.com.br\/?p=14038#article","isPartOf":{"@id":"https:\/\/blogdofarnesio.com.br\/?p=14038"},"author":{"name":"","@id":""},"headline":"Comportamento de crian\u00e7as e adolescentes leva o programa Justi\u00e7a e Cidadania para as escolas da rede p\u00fablica de Petrolina","datePublished":"2012-05-18T09:40:28+00:00","mainEntityOfPage":{"@id":"https:\/\/blogdofarnesio.com.br\/?p=14038"},"wordCount":570,"commentCount":0,"publisher":{"@id":"https:\/\/blogdofarnesio.com.br\/#organization"},"image":{"@id":"https:\/\/blogdofarnesio.com.br\/?p=14038#primaryimage"},"thumbnailUrl":"http:\/\/www.quersaberpolitica.com.br\/2016\/wp-content\/uploads\/2012\/12\/blogqsp.membros.jpg","articleSection":["A\u00e7\u00e3o Social"],"inLanguage":"pt-BR","potentialAction":[{"@type":"CommentAction","name":"Comment","target":["https:\/\/blogdofarnesio.com.br\/?p=14038#respond"]}]},{"@type":"WebPage","@id":"https:\/\/blogdofarnesio.com.br\/?p=14038","url":"https:\/\/blogdofarnesio.com.br\/?p=14038","name":"Comportamento de crian\u00e7as e adolescentes leva o programa Justi\u00e7a e Cidadania para as escolas da rede p\u00fablica de Petrolina - Blog do Farn\u00e9sio","isPartOf":{"@id":"https:\/\/blogdofarnesio.com.br\/#website"},"primaryImageOfPage":{"@id":"https:\/\/blogdofarnesio.com.br\/?p=14038#primaryimage"},"image":{"@id":"https:\/\/blogdofarnesio.com.br\/?p=14038#primaryimage"},"thumbnailUrl":"http:\/\/www.quersaberpolitica.com.br\/2016\/wp-content\/uploads\/2012\/12\/blogqsp.membros.jpg","datePublished":"2012-05-18T09:40:28+00:00","breadcrumb":{"@id":"https:\/\/blogdofarnesio.com.br\/?p=14038#breadcrumb"},"inLanguage":"pt-BR","potentialAction":[{"@type":"ReadAction","target":["https:\/\/blogdofarnesio.com.br\/?p=14038"]}]},{"@type":"ImageObject","inLanguage":"pt-BR","@id":"https:\/\/blogdofarnesio.com.br\/?p=14038#primaryimage","url":"http:\/\/www.quersaberpolitica.com.br\/2016\/wp-content\/uploads\/2012\/12\/blogqsp.membros.jpg","contentUrl":"http:\/\/www.quersaberpolitica.com.br\/2016\/wp-content\/uploads\/2012\/12\/blogqsp.membros.jpg"},{"@type":"BreadcrumbList","@id":"https:\/\/blogdofarnesio.com.br\/?p=14038#breadcrumb","itemListElement":[{"@type":"ListItem","position":1,"name":"In\u00edcio","item":"https:\/\/blogdofarnesio.com.br\/"},{"@type":"ListItem","position":2,"name":"Comportamento de crian\u00e7as e adolescentes leva o programa Justi\u00e7a e Cidadania para as escolas da rede p\u00fablica de Petrolina"}]},{"@type":"WebSite","@id":"https:\/\/blogdofarnesio.com.br\/#website","url":"https:\/\/blogdofarnesio.com.br\/","name":"Blog do Farn\u00e9sio","description":"Quer Saber Pol\u00edtica?","publisher":{"@id":"https:\/\/blogdofarnesio.com.br\/#organization"},"potentialAction":[{"@type":"SearchAction","target":{"@type":"EntryPoint","urlTemplate":"https:\/\/blogdofarnesio.com.br\/?s={search_term_string}"},"query-input":{"@type":"PropertyValueSpecification","valueRequired":true,"valueName":"search_term_string"}}],"inLanguage":"pt-BR"},{"@type":"Organization","@id":"https:\/\/blogdofarnesio.com.br\/#organization","name":"Blog do Farn\u00e9sio","url":"https:\/\/blogdofarnesio.com.br\/","logo":{"@type":"ImageObject","inLanguage":"pt-BR","@id":"https:\/\/blogdofarnesio.com.br\/#\/schema\/logo\/image\/","url":"https:\/\/blogdofarnesio.com.br\/wp-content\/uploads\/2026\/03\/cropped-logo_new-1.png","contentUrl":"https:\/\/blogdofarnesio.com.br\/wp-content\/uploads\/2026\/03\/cropped-logo_new-1.png","width":881,"height":685,"caption":"Blog do Farn\u00e9sio"},"image":{"@id":"https:\/\/blogdofarnesio.com.br\/#\/schema\/logo\/image\/"},"sameAs":["https:\/\/www.facebook.com\/BlogQuerSaberPolitica\/"]}]}},"_links":{"self":[{"href":"https:\/\/blogdofarnesio.com.br\/index.php?rest_route=\/wp\/v2\/posts\/14038","targetHints":{"allow":["GET"]}}],"collection":[{"href":"https:\/\/blogdofarnesio.com.br\/index.php?rest_route=\/wp\/v2\/posts"}],"about":[{"href":"https:\/\/blogdofarnesio.com.br\/index.php?rest_route=\/wp\/v2\/types\/post"}],"replies":[{"embeddable":true,"href":"https:\/\/blogdofarnesio.com.br\/index.php?rest_route=%2Fwp%2Fv2%2Fcomments&post=14038"}],"version-history":[{"count":0,"href":"https:\/\/blogdofarnesio.com.br\/index.php?rest_route=\/wp\/v2\/posts\/14038\/revisions"}],"wp:attachment":[{"href":"https:\/\/blogdofarnesio.com.br\/index.php?rest_route=%2Fwp%2Fv2%2Fmedia&parent=14038"}],"wp:term":[{"taxonomy":"category","embeddable":true,"href":"https:\/\/blogdofarnesio.com.br\/index.php?rest_route=%2Fwp%2Fv2%2Fcategories&post=14038"},{"taxonomy":"post_tag","embeddable":true,"href":"https:\/\/blogdofarnesio.com.br\/index.php?rest_route=%2Fwp%2Fv2%2Ftags&post=14038"}],"curies":[{"name":"wp","href":"https:\/\/api.w.org\/{rel}","templated":true}]}}