{"id":140233,"date":"2016-04-07T10:20:46","date_gmt":"2016-04-07T13:20:46","guid":{"rendered":"http:\/\/www.quersaberpolitica.com.br\/?p=140233"},"modified":"2016-04-07T07:49:03","modified_gmt":"2016-04-07T10:49:03","slug":"serra-talhada-registra-o-primeiro-caso-suspeito-de-gripe-h1n1-paciente-esta-internado-no-hospam","status":"publish","type":"post","link":"https:\/\/blogdofarnesio.com.br\/?p=140233","title":{"rendered":"SERRA TALHADA REGISTRA O PRIMEIRO CASO SUSPEITO DE GRIPE H1N1; PACIENTE EST\u00c1 INTERNADO NO HOSPAM"},"content":{"rendered":"<p style=\"text-align: justify\"><a href=\"http:\/\/www.quersaberpolitica.com.br\/2016\/wp-content\/uploads\/2016\/04\/blogqsp-hn.png\"><img loading=\"lazy\" decoding=\"async\" class=\" size-full wp-image-140234 aligncenter\" src=\"http:\/\/www.quersaberpolitica.com.br\/2016\/wp-content\/uploads\/2016\/04\/blogqsp-hn.png\" alt=\"blogqsp-hn\" width=\"448\" height=\"199\" srcset=\"https:\/\/blogdofarnesio.com.br\/wp-content\/uploads\/2016\/04\/blogqsp-hn.png 448w, https:\/\/blogdofarnesio.com.br\/wp-content\/uploads\/2016\/04\/blogqsp-hn-300x133.png 300w\" sizes=\"auto, (max-width: 448px) 100vw, 448px\" \/><\/a><\/p>\n<p style=\"text-align: justify\">Al\u00e9m do surto de Zica, Chicungunya e Dengue, Serra Talhada registra o primeiro caso suspeito de influenza A \u201cH1N1\u201d, popularmente conhecida como \u2018gripe su\u00edna\u2019. Jo\u00e3o Ant\u00f4nio Magalh\u00e3es, diretor interino do Hospital Agamenon Magalh\u00e3es (Hospam), disse ao Farol de Not\u00edcias, que o paciente \u00e9 de Serra Talhada e tem 45 anos. O bairro onde mora e o nome dele n\u00e3o foram revelados.<\/p>\n<p style=\"text-align: justify\">Ainda, segundo Jo\u00e3o Ant\u00f4nio, o paciente est\u00e1 de quarentena na unidade e trabalha como caminhoneiro. A influenza \u00e9 transmitida pelo ar atrav\u00e9s de um novo tipo de v\u00edrus da mesma fam\u00edlia que transmite a gripe comum. O v\u00edrus H1N1 j\u00e1 contabiliza mais de 32 casos confirmados e cinco \u00f3bitos em Pernambuco. Ao FAROL, Jo\u00e3o Ant\u00f4nio confirmou que o paciente est\u00e1 em uma \u00e1rea isolada do hospital aguardando exames de confirma\u00e7\u00e3o da doen\u00e7a.<\/p>\n<p style=\"text-align: justify\">\u201cRealmente recebemos um paciente que est\u00e1 sob suspeita de H1N1, ele est\u00e1 internado em uma \u00e1rea isolada do hospital para evitar contamina\u00e7\u00e3o, j\u00e1 que \u00e9 uma doen\u00e7a transmitida pelo ar. O quadro de sa\u00fade dele \u00e9 est\u00e1vel. Estamos tomando todo cuidado para evitar contamina\u00e7\u00f5es. Ele ficar\u00e1 no hospital at\u00e9 chegarem de Recife os exames para confirmar ou n\u00e3o a doen\u00e7a. Estamos aguardando e todos devem ter cuidado\u201d, aconselhou o gestor.<\/p>\n<p style=\"text-align: justify\"><strong>Sintomas e preven\u00e7\u00e3o<\/strong><\/p>\n<p style=\"text-align: justify\">A Influenza A\/H1N1 \u00e9 transmitida de pessoa para pessoa atrav\u00e9s de tosse ou espirro, tamb\u00e9m \u00e9 poss\u00edvel a transmiss\u00e3o por contato com objetos contaminados. Os sintomas s\u00e3o: dores musculares; diarreia, n\u00e1usea ou v\u00f4mito e febre alta (maior do que 38\u00b0C); calafrios ou fadiga; congest\u00e3o, coriza ou espirros; e tamb\u00e9m podem ser comuns dores de cabe\u00e7a, garganta ou tosse. Diante desses casos a indica\u00e7\u00e3o \u00e9 procurar o m\u00e9dico com urg\u00eancia.<\/p>\n<p style=\"text-align: justify\">Para proteger as pessoas pr\u00f3ximas cubra sempre o nariz e a boca quando espirrar ou tossir, lave as m\u00e3os com frequ\u00eancia com \u00e1gua e sab\u00e3o. Sempre que poss\u00edvel evite aglomera\u00e7\u00f5es ou locais pouco arejados. Mantenha uma boa alimenta\u00e7\u00e3o e h\u00e1bitos saud\u00e1veis. Para os infectados ou pessoas com suspeita de influenza o repouso, ingest\u00e3o de l\u00edquidos e boa alimenta\u00e7\u00e3o podem auxiliar na recupera\u00e7\u00e3o da sua sa\u00fade.<\/p>\n","protected":false},"excerpt":{"rendered":"<p>Al\u00e9m do surto de Zica, Chicungunya e Dengue, Serra Talhada registra o primeiro caso suspeito de influenza A \u201cH1N1\u201d, popularmente conhecida como \u2018gripe su\u00edna\u2019. Jo\u00e3o Ant\u00f4nio Magalh\u00e3es, diretor interino do Hospital Agamenon Magalh\u00e3es (Hospam), disse ao Farol de Not\u00edcias, que o paciente \u00e9 de Serra Talhada e tem 45 anos. O bairro onde mora e o nome dele n\u00e3o foram revelados. Ainda, segundo Jo\u00e3o Ant\u00f4nio, o paciente est\u00e1 de quarentena na unidade e trabalha como caminhoneiro. A influenza \u00e9 transmitida pelo ar atrav\u00e9s de um novo tipo de v\u00edrus da mesma fam\u00edlia que transmite a gripe comum. O v\u00edrus H1N1 j\u00e1 contabiliza mais de 32 casos confirmados e cinco \u00f3bitos em Pernambuco. Ao FAROL, Jo\u00e3o Ant\u00f4nio confirmou que o paciente&hellip; <\/p>\n","protected":false},"author":7,"featured_media":0,"comment_status":"open","ping_status":"open","sticky":false,"template":"","format":"standard","meta":{"_acf_changed":false,"footnotes":""},"categories":[4],"tags":[],"class_list":["post-140233","post","type-post","status-publish","format-standard","hentry","category-saude"],"acf":[],"yoast_head":"<!-- This site is optimized with the Yoast SEO plugin v27.4 - https:\/\/yoast.com\/product\/yoast-seo-wordpress\/ -->\n<title>SERRA TALHADA REGISTRA O PRIMEIRO CASO SUSPEITO DE GRIPE H1N1; PACIENTE EST\u00c1 INTERNADO NO HOSPAM - Blog do Farn\u00e9sio<\/title>\n<meta name=\"robots\" content=\"index, follow, max-snippet:-1, max-image-preview:large, max-video-preview:-1\" \/>\n<link rel=\"canonical\" href=\"https:\/\/blogdofarnesio.com.br\/?p=140233\" \/>\n<meta property=\"og:locale\" content=\"pt_BR\" \/>\n<meta property=\"og:type\" content=\"article\" \/>\n<meta property=\"og:title\" content=\"SERRA TALHADA REGISTRA O PRIMEIRO CASO SUSPEITO DE GRIPE H1N1; PACIENTE EST\u00c1 INTERNADO NO HOSPAM - Blog do Farn\u00e9sio\" \/>\n<meta property=\"og:description\" content=\"Al\u00e9m do surto de Zica, Chicungunya e Dengue, Serra Talhada registra o primeiro caso suspeito de influenza A \u201cH1N1\u201d, popularmente conhecida como \u2018gripe su\u00edna\u2019. Jo\u00e3o Ant\u00f4nio Magalh\u00e3es, diretor interino do Hospital Agamenon Magalh\u00e3es (Hospam), disse ao Farol de Not\u00edcias, que o paciente \u00e9 de Serra Talhada e tem 45 anos. O bairro onde mora e o nome dele n\u00e3o foram revelados. Ainda, segundo Jo\u00e3o Ant\u00f4nio, o paciente est\u00e1 de quarentena na unidade e trabalha como caminhoneiro. A influenza \u00e9 transmitida pelo ar atrav\u00e9s de um novo tipo de v\u00edrus da mesma fam\u00edlia que transmite a gripe comum. O v\u00edrus H1N1 j\u00e1 contabiliza mais de 32 casos confirmados e cinco \u00f3bitos em Pernambuco. Ao FAROL, Jo\u00e3o Ant\u00f4nio confirmou que o paciente&hellip;\" \/>\n<meta property=\"og:url\" content=\"https:\/\/blogdofarnesio.com.br\/?p=140233\" \/>\n<meta property=\"og:site_name\" content=\"Blog do Farn\u00e9sio\" \/>\n<meta property=\"article:publisher\" content=\"https:\/\/www.facebook.com\/BlogQuerSaberPolitica\/\" \/>\n<meta property=\"article:published_time\" content=\"2016-04-07T13:20:46+00:00\" \/>\n<meta property=\"og:image\" content=\"http:\/\/www.quersaberpolitica.com.br\/2016\/wp-content\/uploads\/2016\/04\/blogqsp-hn.png\" \/>\n<meta name=\"twitter:card\" content=\"summary_large_image\" \/>\n<meta name=\"twitter:label1\" content=\"Escrito por\" \/>\n\t<meta name=\"twitter:data1\" content=\"\" \/>\n\t<meta name=\"twitter:label2\" content=\"Est. tempo de leitura\" \/>\n\t<meta name=\"twitter:data2\" content=\"2 minutos\" \/>\n<script type=\"application\/ld+json\" class=\"yoast-schema-graph\">{\"@context\":\"https:\\\/\\\/schema.org\",\"@graph\":[{\"@type\":\"Article\",\"@id\":\"https:\\\/\\\/blogdofarnesio.com.br\\\/?p=140233#article\",\"isPartOf\":{\"@id\":\"https:\\\/\\\/blogdofarnesio.com.br\\\/?p=140233\"},\"author\":{\"name\":\"\",\"@id\":\"\"},\"headline\":\"SERRA TALHADA REGISTRA O PRIMEIRO CASO SUSPEITO DE GRIPE H1N1; PACIENTE EST\u00c1 INTERNADO NO HOSPAM\",\"datePublished\":\"2016-04-07T13:20:46+00:00\",\"mainEntityOfPage\":{\"@id\":\"https:\\\/\\\/blogdofarnesio.com.br\\\/?p=140233\"},\"wordCount\":405,\"commentCount\":0,\"publisher\":{\"@id\":\"https:\\\/\\\/blogdofarnesio.com.br\\\/#organization\"},\"image\":{\"@id\":\"https:\\\/\\\/blogdofarnesio.com.br\\\/?p=140233#primaryimage\"},\"thumbnailUrl\":\"http:\\\/\\\/www.quersaberpolitica.com.br\\\/2016\\\/wp-content\\\/uploads\\\/2016\\\/04\\\/blogqsp-hn.png\",\"articleSection\":[\"Sa\u00fade\"],\"inLanguage\":\"pt-BR\",\"potentialAction\":[{\"@type\":\"CommentAction\",\"name\":\"Comment\",\"target\":[\"https:\\\/\\\/blogdofarnesio.com.br\\\/?p=140233#respond\"]}]},{\"@type\":\"WebPage\",\"@id\":\"https:\\\/\\\/blogdofarnesio.com.br\\\/?p=140233\",\"url\":\"https:\\\/\\\/blogdofarnesio.com.br\\\/?p=140233\",\"name\":\"SERRA TALHADA REGISTRA O PRIMEIRO CASO SUSPEITO DE GRIPE H1N1; PACIENTE EST\u00c1 INTERNADO NO HOSPAM - Blog do Farn\u00e9sio\",\"isPartOf\":{\"@id\":\"https:\\\/\\\/blogdofarnesio.com.br\\\/#website\"},\"primaryImageOfPage\":{\"@id\":\"https:\\\/\\\/blogdofarnesio.com.br\\\/?p=140233#primaryimage\"},\"image\":{\"@id\":\"https:\\\/\\\/blogdofarnesio.com.br\\\/?p=140233#primaryimage\"},\"thumbnailUrl\":\"http:\\\/\\\/www.quersaberpolitica.com.br\\\/2016\\\/wp-content\\\/uploads\\\/2016\\\/04\\\/blogqsp-hn.png\",\"datePublished\":\"2016-04-07T13:20:46+00:00\",\"breadcrumb\":{\"@id\":\"https:\\\/\\\/blogdofarnesio.com.br\\\/?p=140233#breadcrumb\"},\"inLanguage\":\"pt-BR\",\"potentialAction\":[{\"@type\":\"ReadAction\",\"target\":[\"https:\\\/\\\/blogdofarnesio.com.br\\\/?p=140233\"]}]},{\"@type\":\"ImageObject\",\"inLanguage\":\"pt-BR\",\"@id\":\"https:\\\/\\\/blogdofarnesio.com.br\\\/?p=140233#primaryimage\",\"url\":\"http:\\\/\\\/www.quersaberpolitica.com.br\\\/2016\\\/wp-content\\\/uploads\\\/2016\\\/04\\\/blogqsp-hn.png\",\"contentUrl\":\"http:\\\/\\\/www.quersaberpolitica.com.br\\\/2016\\\/wp-content\\\/uploads\\\/2016\\\/04\\\/blogqsp-hn.png\"},{\"@type\":\"BreadcrumbList\",\"@id\":\"https:\\\/\\\/blogdofarnesio.com.br\\\/?p=140233#breadcrumb\",\"itemListElement\":[{\"@type\":\"ListItem\",\"position\":1,\"name\":\"In\u00edcio\",\"item\":\"https:\\\/\\\/blogdofarnesio.com.br\\\/\"},{\"@type\":\"ListItem\",\"position\":2,\"name\":\"SERRA TALHADA REGISTRA O PRIMEIRO CASO SUSPEITO DE GRIPE H1N1; PACIENTE EST\u00c1 INTERNADO NO HOSPAM\"}]},{\"@type\":\"WebSite\",\"@id\":\"https:\\\/\\\/blogdofarnesio.com.br\\\/#website\",\"url\":\"https:\\\/\\\/blogdofarnesio.com.br\\\/\",\"name\":\"Blog do Farn\u00e9sio\",\"description\":\"Quer Saber Pol\u00edtica?\",\"publisher\":{\"@id\":\"https:\\\/\\\/blogdofarnesio.com.br\\\/#organization\"},\"potentialAction\":[{\"@type\":\"SearchAction\",\"target\":{\"@type\":\"EntryPoint\",\"urlTemplate\":\"https:\\\/\\\/blogdofarnesio.com.br\\\/?s={search_term_string}\"},\"query-input\":{\"@type\":\"PropertyValueSpecification\",\"valueRequired\":true,\"valueName\":\"search_term_string\"}}],\"inLanguage\":\"pt-BR\"},{\"@type\":\"Organization\",\"@id\":\"https:\\\/\\\/blogdofarnesio.com.br\\\/#organization\",\"name\":\"Blog do Farn\u00e9sio\",\"url\":\"https:\\\/\\\/blogdofarnesio.com.br\\\/\",\"logo\":{\"@type\":\"ImageObject\",\"inLanguage\":\"pt-BR\",\"@id\":\"https:\\\/\\\/blogdofarnesio.com.br\\\/#\\\/schema\\\/logo\\\/image\\\/\",\"url\":\"https:\\\/\\\/blogdofarnesio.com.br\\\/wp-content\\\/uploads\\\/2026\\\/03\\\/cropped-logo_new-1.png\",\"contentUrl\":\"https:\\\/\\\/blogdofarnesio.com.br\\\/wp-content\\\/uploads\\\/2026\\\/03\\\/cropped-logo_new-1.png\",\"width\":881,\"height\":685,\"caption\":\"Blog do Farn\u00e9sio\"},\"image\":{\"@id\":\"https:\\\/\\\/blogdofarnesio.com.br\\\/#\\\/schema\\\/logo\\\/image\\\/\"},\"sameAs\":[\"https:\\\/\\\/www.facebook.com\\\/BlogQuerSaberPolitica\\\/\"]},{\"@type\":\"Person\",\"@id\":\"\",\"url\":\"https:\\\/\\\/blogdofarnesio.com.br\\\/?author=7\"}]}<\/script>\n<!-- \/ Yoast SEO plugin. -->","yoast_head_json":{"title":"SERRA TALHADA REGISTRA O PRIMEIRO CASO SUSPEITO DE GRIPE H1N1; PACIENTE EST\u00c1 INTERNADO NO HOSPAM - Blog do Farn\u00e9sio","robots":{"index":"index","follow":"follow","max-snippet":"max-snippet:-1","max-image-preview":"max-image-preview:large","max-video-preview":"max-video-preview:-1"},"canonical":"https:\/\/blogdofarnesio.com.br\/?p=140233","og_locale":"pt_BR","og_type":"article","og_title":"SERRA TALHADA REGISTRA O PRIMEIRO CASO SUSPEITO DE GRIPE H1N1; PACIENTE EST\u00c1 INTERNADO NO HOSPAM - Blog do Farn\u00e9sio","og_description":"Al\u00e9m do surto de Zica, Chicungunya e Dengue, Serra Talhada registra o primeiro caso suspeito de influenza A \u201cH1N1\u201d, popularmente conhecida como \u2018gripe su\u00edna\u2019. Jo\u00e3o Ant\u00f4nio Magalh\u00e3es, diretor interino do Hospital Agamenon Magalh\u00e3es (Hospam), disse ao Farol de Not\u00edcias, que o paciente \u00e9 de Serra Talhada e tem 45 anos. O bairro onde mora e o nome dele n\u00e3o foram revelados. Ainda, segundo Jo\u00e3o Ant\u00f4nio, o paciente est\u00e1 de quarentena na unidade e trabalha como caminhoneiro. A influenza \u00e9 transmitida pelo ar atrav\u00e9s de um novo tipo de v\u00edrus da mesma fam\u00edlia que transmite a gripe comum. O v\u00edrus H1N1 j\u00e1 contabiliza mais de 32 casos confirmados e cinco \u00f3bitos em Pernambuco. Ao FAROL, Jo\u00e3o Ant\u00f4nio confirmou que o paciente&hellip;","og_url":"https:\/\/blogdofarnesio.com.br\/?p=140233","og_site_name":"Blog do Farn\u00e9sio","article_publisher":"https:\/\/www.facebook.com\/BlogQuerSaberPolitica\/","article_published_time":"2016-04-07T13:20:46+00:00","og_image":[{"url":"http:\/\/www.quersaberpolitica.com.br\/2016\/wp-content\/uploads\/2016\/04\/blogqsp-hn.png","type":"","width":"","height":""}],"twitter_card":"summary_large_image","twitter_misc":{"Escrito por":"","Est. tempo de leitura":"2 minutos"},"schema":{"@context":"https:\/\/schema.org","@graph":[{"@type":"Article","@id":"https:\/\/blogdofarnesio.com.br\/?p=140233#article","isPartOf":{"@id":"https:\/\/blogdofarnesio.com.br\/?p=140233"},"author":{"name":"","@id":""},"headline":"SERRA TALHADA REGISTRA O PRIMEIRO CASO SUSPEITO DE GRIPE H1N1; PACIENTE EST\u00c1 INTERNADO NO HOSPAM","datePublished":"2016-04-07T13:20:46+00:00","mainEntityOfPage":{"@id":"https:\/\/blogdofarnesio.com.br\/?p=140233"},"wordCount":405,"commentCount":0,"publisher":{"@id":"https:\/\/blogdofarnesio.com.br\/#organization"},"image":{"@id":"https:\/\/blogdofarnesio.com.br\/?p=140233#primaryimage"},"thumbnailUrl":"http:\/\/www.quersaberpolitica.com.br\/2016\/wp-content\/uploads\/2016\/04\/blogqsp-hn.png","articleSection":["Sa\u00fade"],"inLanguage":"pt-BR","potentialAction":[{"@type":"CommentAction","name":"Comment","target":["https:\/\/blogdofarnesio.com.br\/?p=140233#respond"]}]},{"@type":"WebPage","@id":"https:\/\/blogdofarnesio.com.br\/?p=140233","url":"https:\/\/blogdofarnesio.com.br\/?p=140233","name":"SERRA TALHADA REGISTRA O PRIMEIRO CASO SUSPEITO DE GRIPE H1N1; PACIENTE EST\u00c1 INTERNADO NO HOSPAM - Blog do Farn\u00e9sio","isPartOf":{"@id":"https:\/\/blogdofarnesio.com.br\/#website"},"primaryImageOfPage":{"@id":"https:\/\/blogdofarnesio.com.br\/?p=140233#primaryimage"},"image":{"@id":"https:\/\/blogdofarnesio.com.br\/?p=140233#primaryimage"},"thumbnailUrl":"http:\/\/www.quersaberpolitica.com.br\/2016\/wp-content\/uploads\/2016\/04\/blogqsp-hn.png","datePublished":"2016-04-07T13:20:46+00:00","breadcrumb":{"@id":"https:\/\/blogdofarnesio.com.br\/?p=140233#breadcrumb"},"inLanguage":"pt-BR","potentialAction":[{"@type":"ReadAction","target":["https:\/\/blogdofarnesio.com.br\/?p=140233"]}]},{"@type":"ImageObject","inLanguage":"pt-BR","@id":"https:\/\/blogdofarnesio.com.br\/?p=140233#primaryimage","url":"http:\/\/www.quersaberpolitica.com.br\/2016\/wp-content\/uploads\/2016\/04\/blogqsp-hn.png","contentUrl":"http:\/\/www.quersaberpolitica.com.br\/2016\/wp-content\/uploads\/2016\/04\/blogqsp-hn.png"},{"@type":"BreadcrumbList","@id":"https:\/\/blogdofarnesio.com.br\/?p=140233#breadcrumb","itemListElement":[{"@type":"ListItem","position":1,"name":"In\u00edcio","item":"https:\/\/blogdofarnesio.com.br\/"},{"@type":"ListItem","position":2,"name":"SERRA TALHADA REGISTRA O PRIMEIRO CASO SUSPEITO DE GRIPE H1N1; PACIENTE EST\u00c1 INTERNADO NO HOSPAM"}]},{"@type":"WebSite","@id":"https:\/\/blogdofarnesio.com.br\/#website","url":"https:\/\/blogdofarnesio.com.br\/","name":"Blog do Farn\u00e9sio","description":"Quer Saber Pol\u00edtica?","publisher":{"@id":"https:\/\/blogdofarnesio.com.br\/#organization"},"potentialAction":[{"@type":"SearchAction","target":{"@type":"EntryPoint","urlTemplate":"https:\/\/blogdofarnesio.com.br\/?s={search_term_string}"},"query-input":{"@type":"PropertyValueSpecification","valueRequired":true,"valueName":"search_term_string"}}],"inLanguage":"pt-BR"},{"@type":"Organization","@id":"https:\/\/blogdofarnesio.com.br\/#organization","name":"Blog do Farn\u00e9sio","url":"https:\/\/blogdofarnesio.com.br\/","logo":{"@type":"ImageObject","inLanguage":"pt-BR","@id":"https:\/\/blogdofarnesio.com.br\/#\/schema\/logo\/image\/","url":"https:\/\/blogdofarnesio.com.br\/wp-content\/uploads\/2026\/03\/cropped-logo_new-1.png","contentUrl":"https:\/\/blogdofarnesio.com.br\/wp-content\/uploads\/2026\/03\/cropped-logo_new-1.png","width":881,"height":685,"caption":"Blog do Farn\u00e9sio"},"image":{"@id":"https:\/\/blogdofarnesio.com.br\/#\/schema\/logo\/image\/"},"sameAs":["https:\/\/www.facebook.com\/BlogQuerSaberPolitica\/"]},{"@type":"Person","@id":"","url":"https:\/\/blogdofarnesio.com.br\/?author=7"}]}},"_links":{"self":[{"href":"https:\/\/blogdofarnesio.com.br\/index.php?rest_route=\/wp\/v2\/posts\/140233","targetHints":{"allow":["GET"]}}],"collection":[{"href":"https:\/\/blogdofarnesio.com.br\/index.php?rest_route=\/wp\/v2\/posts"}],"about":[{"href":"https:\/\/blogdofarnesio.com.br\/index.php?rest_route=\/wp\/v2\/types\/post"}],"author":[{"embeddable":true,"href":"https:\/\/blogdofarnesio.com.br\/index.php?rest_route=\/wp\/v2\/users\/7"}],"replies":[{"embeddable":true,"href":"https:\/\/blogdofarnesio.com.br\/index.php?rest_route=%2Fwp%2Fv2%2Fcomments&post=140233"}],"version-history":[{"count":0,"href":"https:\/\/blogdofarnesio.com.br\/index.php?rest_route=\/wp\/v2\/posts\/140233\/revisions"}],"wp:attachment":[{"href":"https:\/\/blogdofarnesio.com.br\/index.php?rest_route=%2Fwp%2Fv2%2Fmedia&parent=140233"}],"wp:term":[{"taxonomy":"category","embeddable":true,"href":"https:\/\/blogdofarnesio.com.br\/index.php?rest_route=%2Fwp%2Fv2%2Fcategories&post=140233"},{"taxonomy":"post_tag","embeddable":true,"href":"https:\/\/blogdofarnesio.com.br\/index.php?rest_route=%2Fwp%2Fv2%2Ftags&post=140233"}],"curies":[{"name":"wp","href":"https:\/\/api.w.org\/{rel}","templated":true}]}}