{"id":140209,"date":"2016-04-07T10:02:59","date_gmt":"2016-04-07T13:02:59","guid":{"rendered":"http:\/\/www.quersaberpolitica.com.br\/?p=140209"},"modified":"2016-04-06T20:40:29","modified_gmt":"2016-04-06T23:40:29","slug":"rede-de-medicas-e-medicos-populares-em-defesa-da-democracia-e-do-sus-no-dia-mundia-da-saude","status":"publish","type":"post","link":"https:\/\/blogdofarnesio.com.br\/?p=140209","title":{"rendered":"REDE DE M\u00c9DICAS E M\u00c9DICOS POPULARES EM DEFESA DA DEMOCRACIA E DO SUS NO DIA MUNDIA DA SA\u00daDE"},"content":{"rendered":"<p style=\"text-align: justify\"><a href=\"http:\/\/www.quersaberpolitica.com.br\/2016\/wp-content\/uploads\/2016\/04\/blogqsp-sa\u00fadepopular.jpg\"><img loading=\"lazy\" decoding=\"async\" class=\"  wp-image-140210 aligncenter\" src=\"http:\/\/www.quersaberpolitica.com.br\/2016\/wp-content\/uploads\/2016\/04\/blogqsp-sa\u00fadepopular.jpg\" alt=\"blogqsp-sa\u00fadepopular\" width=\"425\" height=\"364\" srcset=\"https:\/\/blogdofarnesio.com.br\/wp-content\/uploads\/2016\/04\/blogqsp-sa\u00fadepopular.jpg 556w, https:\/\/blogdofarnesio.com.br\/wp-content\/uploads\/2016\/04\/blogqsp-sa\u00fadepopular-300x256.jpg 300w, https:\/\/blogdofarnesio.com.br\/wp-content\/uploads\/2016\/04\/blogqsp-sa\u00fadepopular-351x300.jpg 351w\" sizes=\"auto, (max-width: 425px) 100vw, 425px\" \/><\/a><\/p>\n<p style=\"text-align: justify\">Nesse dia 07 de abril, data em que se comemora o Dia Mundial da Sa\u00fade e no seio de uma conjuntura tensa e delicada para o pa\u00eds e certos da necessidade de nos posicionarmos, n\u00f3s m\u00e9dicas e m\u00e9dicos atuantes nesta regi\u00e3o do sert\u00e3o brasileiro, apresentamos a Rede de M\u00e9dicas e M\u00e9dicos Populares do Vale do S\u00e3o Francisco.<\/p>\n<p style=\"text-align: justify\">A Rede Nacional de M\u00e9dicas e M\u00e9dicos Populares (RNMMP) nasceu em mar\u00e7o de 2015. Gestada por m\u00e9dicas e m\u00e9dicos independentes de vincula\u00e7\u00e3o partid\u00e1ria que anseiam e lutam por um projeto popular para o Brasil e, dentro dele, por um Sistema \u00danico de Sa\u00fade que atenda, com qualidade e excel\u00eancia, a popula\u00e7\u00e3o brasileira e suas demandas de sa\u00fade.<\/p>\n<p style=\"text-align: justify\">Reafirmamos nossa luta para que a popula\u00e7\u00e3o do Vale tenha suas necessidades de sa\u00fade atendidas, preservando sua autonomia, sua identidade e sem discrimina\u00e7\u00e3o de qualquer esp\u00e9cie e por um SUS universal, integral e equ\u00e2nime.<\/p>\n<p style=\"text-align: justify\">Lutamos contra problemas hist\u00f3ricos que interferem na consolida\u00e7\u00e3o do SUS. Lutamos contra o subfinanciamento, contra o avan\u00e7o do capital privado na \u00e1rea da sa\u00fade, contra a terceiriza\u00e7\u00e3o dos servi\u00e7os de sa\u00fade e precariza\u00e7\u00e3o de v\u00ednculos das trabalhadoras e trabalhadores independente da sua forma\u00e7\u00e3o.<\/p>\n<p style=\"text-align: justify\">Sobre o subfinanciamento, acreditamos ser um problema cr\u00f4nico, de ra\u00edzes profundas e alicer\u00e7adas em um sistema pol\u00edtico que j\u00e1 n\u00e3o se sustenta. Entendemos e nos colocamos prontos para o debate em busca de solu\u00e7\u00f5es para o problema. Defendemos, assim como ABRASCO e CEBES a PEC01, se n\u00e3o como solu\u00e7\u00e3o, como medida emergencial para impedir o sucateamento do SUS.<\/p>\n<p style=\"text-align: justify\">Lutamos incansavelmente em defesa da democracia. Em tempos de amea\u00e7a iminente ao estado democr\u00e1tico de direito posicionamo-nos em prol da democracia conquistada com a luta e o sangue de muitas pessoas.<!--more--><\/p>\n<p style=\"text-align: justify\">Posicionamo-nos contra a perda iminente de importantes avan\u00e7os sociais conquistados nos \u00faltimos anos. A conjuntura atual do pa\u00eds amea\u00e7a diretamente o SUS e o coloca na berlinda, \u00e0 merc\u00ea de interesses de representantes do capital privado que financiaram dezenas de campanhas pol\u00edticas com o objetivo \u00fanico de sucateamento da sa\u00fade p\u00fablica e fim de transform\u00e1-la em neg\u00f3cio lucrativo.<\/p>\n<p style=\"text-align: justify\">Somos contra a explora\u00e7\u00e3o dos trabalhadores e trabalhadoras e suas consequ\u00eancias nefastas para a sa\u00fade dos indiv\u00edduos, das comunidades e do meio ambiente e lutamos contra o abuso de agrot\u00f3xicos na regi\u00e3o.<\/p>\n<p style=\"text-align: justify\">Lutamos para que nenhum direito conquistado ao logo de muitos anos seja perdido. E que para mais conquistas sejam alcan\u00e7adas.<\/p>\n<p style=\"text-align: justify\">Por um SUS de qualidade para todas e todos, levantamo-nos.<\/p>\n<p style=\"text-align: justify\">Pela democracia, seremos intransigentes na luta. Democracia \u00e9 sa\u00fade!<\/p>\n<p style=\"text-align: justify\"><em>Rede de M\u00e9dicas e M\u00e9dicos Populares do Vale do S\u00e3o Francisco.<\/em><\/p>\n","protected":false},"excerpt":{"rendered":"<p>Nesse dia 07 de abril, data em que se comemora o Dia Mundial da Sa\u00fade e no seio de uma conjuntura tensa e delicada para o pa\u00eds e certos da necessidade de nos posicionarmos, n\u00f3s m\u00e9dicas e m\u00e9dicos atuantes nesta regi\u00e3o do sert\u00e3o brasileiro, apresentamos a Rede de M\u00e9dicas e M\u00e9dicos Populares do Vale do S\u00e3o Francisco. A Rede Nacional de M\u00e9dicas e M\u00e9dicos Populares (RNMMP) nasceu em mar\u00e7o de 2015. Gestada por m\u00e9dicas e m\u00e9dicos independentes de vincula\u00e7\u00e3o partid\u00e1ria que anseiam e lutam por um projeto popular para o Brasil e, dentro dele, por um Sistema \u00danico de Sa\u00fade que atenda, com qualidade e excel\u00eancia, a popula\u00e7\u00e3o brasileira e suas demandas de sa\u00fade. Reafirmamos nossa luta para que a&hellip; <\/p>\n","protected":false},"author":7,"featured_media":0,"comment_status":"open","ping_status":"open","sticky":false,"template":"","format":"standard","meta":{"_acf_changed":false,"footnotes":""},"categories":[1,4],"tags":[],"class_list":["post-140209","post","type-post","status-publish","format-standard","hentry","category-politica","category-saude"],"acf":[],"yoast_head":"<!-- This site is optimized with the Yoast SEO plugin v27.4 - https:\/\/yoast.com\/product\/yoast-seo-wordpress\/ -->\n<title>REDE DE M\u00c9DICAS E M\u00c9DICOS POPULARES EM DEFESA DA DEMOCRACIA E DO SUS NO DIA MUNDIA DA SA\u00daDE - Blog do Farn\u00e9sio<\/title>\n<meta name=\"robots\" content=\"index, follow, max-snippet:-1, max-image-preview:large, max-video-preview:-1\" \/>\n<link rel=\"canonical\" href=\"https:\/\/blogdofarnesio.com.br\/?p=140209\" \/>\n<meta property=\"og:locale\" content=\"pt_BR\" \/>\n<meta property=\"og:type\" content=\"article\" \/>\n<meta property=\"og:title\" content=\"REDE DE M\u00c9DICAS E M\u00c9DICOS POPULARES EM DEFESA DA DEMOCRACIA E DO SUS NO DIA MUNDIA DA SA\u00daDE - Blog do Farn\u00e9sio\" \/>\n<meta property=\"og:description\" content=\"Nesse dia 07 de abril, data em que se comemora o Dia Mundial da Sa\u00fade e no seio de uma conjuntura tensa e delicada para o pa\u00eds e certos da necessidade de nos posicionarmos, n\u00f3s m\u00e9dicas e m\u00e9dicos atuantes nesta regi\u00e3o do sert\u00e3o brasileiro, apresentamos a Rede de M\u00e9dicas e M\u00e9dicos Populares do Vale do S\u00e3o Francisco. A Rede Nacional de M\u00e9dicas e M\u00e9dicos Populares (RNMMP) nasceu em mar\u00e7o de 2015. Gestada por m\u00e9dicas e m\u00e9dicos independentes de vincula\u00e7\u00e3o partid\u00e1ria que anseiam e lutam por um projeto popular para o Brasil e, dentro dele, por um Sistema \u00danico de Sa\u00fade que atenda, com qualidade e excel\u00eancia, a popula\u00e7\u00e3o brasileira e suas demandas de sa\u00fade. Reafirmamos nossa luta para que a&hellip;\" \/>\n<meta property=\"og:url\" content=\"https:\/\/blogdofarnesio.com.br\/?p=140209\" \/>\n<meta property=\"og:site_name\" content=\"Blog do Farn\u00e9sio\" \/>\n<meta property=\"article:publisher\" content=\"https:\/\/www.facebook.com\/BlogQuerSaberPolitica\/\" \/>\n<meta property=\"article:published_time\" content=\"2016-04-07T13:02:59+00:00\" \/>\n<meta name=\"twitter:card\" content=\"summary_large_image\" \/>\n<meta name=\"twitter:label1\" content=\"Escrito por\" \/>\n\t<meta name=\"twitter:data1\" content=\"\" \/>\n\t<meta name=\"twitter:label2\" content=\"Est. tempo de leitura\" \/>\n\t<meta name=\"twitter:data2\" content=\"2 minutos\" \/>\n<script type=\"application\/ld+json\" class=\"yoast-schema-graph\">{\"@context\":\"https:\\\/\\\/schema.org\",\"@graph\":[{\"@type\":\"Article\",\"@id\":\"https:\\\/\\\/blogdofarnesio.com.br\\\/?p=140209#article\",\"isPartOf\":{\"@id\":\"https:\\\/\\\/blogdofarnesio.com.br\\\/?p=140209\"},\"author\":{\"name\":\"\",\"@id\":\"\"},\"headline\":\"REDE DE M\u00c9DICAS E M\u00c9DICOS POPULARES EM DEFESA DA DEMOCRACIA E DO SUS NO DIA MUNDIA DA SA\u00daDE\",\"datePublished\":\"2016-04-07T13:02:59+00:00\",\"mainEntityOfPage\":{\"@id\":\"https:\\\/\\\/blogdofarnesio.com.br\\\/?p=140209\"},\"wordCount\":502,\"commentCount\":0,\"publisher\":{\"@id\":\"https:\\\/\\\/blogdofarnesio.com.br\\\/#organization\"},\"articleSection\":[\"Pol\u00edtica\",\"Sa\u00fade\"],\"inLanguage\":\"pt-BR\",\"potentialAction\":[{\"@type\":\"CommentAction\",\"name\":\"Comment\",\"target\":[\"https:\\\/\\\/blogdofarnesio.com.br\\\/?p=140209#respond\"]}]},{\"@type\":\"WebPage\",\"@id\":\"https:\\\/\\\/blogdofarnesio.com.br\\\/?p=140209\",\"url\":\"https:\\\/\\\/blogdofarnesio.com.br\\\/?p=140209\",\"name\":\"REDE DE M\u00c9DICAS E M\u00c9DICOS POPULARES EM DEFESA DA DEMOCRACIA E DO SUS NO DIA MUNDIA DA SA\u00daDE - Blog do Farn\u00e9sio\",\"isPartOf\":{\"@id\":\"https:\\\/\\\/blogdofarnesio.com.br\\\/#website\"},\"datePublished\":\"2016-04-07T13:02:59+00:00\",\"breadcrumb\":{\"@id\":\"https:\\\/\\\/blogdofarnesio.com.br\\\/?p=140209#breadcrumb\"},\"inLanguage\":\"pt-BR\",\"potentialAction\":[{\"@type\":\"ReadAction\",\"target\":[\"https:\\\/\\\/blogdofarnesio.com.br\\\/?p=140209\"]}]},{\"@type\":\"BreadcrumbList\",\"@id\":\"https:\\\/\\\/blogdofarnesio.com.br\\\/?p=140209#breadcrumb\",\"itemListElement\":[{\"@type\":\"ListItem\",\"position\":1,\"name\":\"In\u00edcio\",\"item\":\"https:\\\/\\\/blogdofarnesio.com.br\\\/\"},{\"@type\":\"ListItem\",\"position\":2,\"name\":\"REDE DE M\u00c9DICAS E M\u00c9DICOS POPULARES EM DEFESA DA DEMOCRACIA E DO SUS NO DIA MUNDIA DA SA\u00daDE\"}]},{\"@type\":\"WebSite\",\"@id\":\"https:\\\/\\\/blogdofarnesio.com.br\\\/#website\",\"url\":\"https:\\\/\\\/blogdofarnesio.com.br\\\/\",\"name\":\"Blog do Farn\u00e9sio\",\"description\":\"Quer Saber Pol\u00edtica?\",\"publisher\":{\"@id\":\"https:\\\/\\\/blogdofarnesio.com.br\\\/#organization\"},\"potentialAction\":[{\"@type\":\"SearchAction\",\"target\":{\"@type\":\"EntryPoint\",\"urlTemplate\":\"https:\\\/\\\/blogdofarnesio.com.br\\\/?s={search_term_string}\"},\"query-input\":{\"@type\":\"PropertyValueSpecification\",\"valueRequired\":true,\"valueName\":\"search_term_string\"}}],\"inLanguage\":\"pt-BR\"},{\"@type\":\"Organization\",\"@id\":\"https:\\\/\\\/blogdofarnesio.com.br\\\/#organization\",\"name\":\"Blog do Farn\u00e9sio\",\"url\":\"https:\\\/\\\/blogdofarnesio.com.br\\\/\",\"logo\":{\"@type\":\"ImageObject\",\"inLanguage\":\"pt-BR\",\"@id\":\"https:\\\/\\\/blogdofarnesio.com.br\\\/#\\\/schema\\\/logo\\\/image\\\/\",\"url\":\"https:\\\/\\\/blogdofarnesio.com.br\\\/wp-content\\\/uploads\\\/2026\\\/03\\\/cropped-logo_new-1.png\",\"contentUrl\":\"https:\\\/\\\/blogdofarnesio.com.br\\\/wp-content\\\/uploads\\\/2026\\\/03\\\/cropped-logo_new-1.png\",\"width\":881,\"height\":685,\"caption\":\"Blog do Farn\u00e9sio\"},\"image\":{\"@id\":\"https:\\\/\\\/blogdofarnesio.com.br\\\/#\\\/schema\\\/logo\\\/image\\\/\"},\"sameAs\":[\"https:\\\/\\\/www.facebook.com\\\/BlogQuerSaberPolitica\\\/\"]},{\"@type\":\"Person\",\"@id\":\"\",\"url\":\"https:\\\/\\\/blogdofarnesio.com.br\\\/?author=7\"}]}<\/script>\n<!-- \/ Yoast SEO plugin. -->","yoast_head_json":{"title":"REDE DE M\u00c9DICAS E M\u00c9DICOS POPULARES EM DEFESA DA DEMOCRACIA E DO SUS NO DIA MUNDIA DA SA\u00daDE - Blog do Farn\u00e9sio","robots":{"index":"index","follow":"follow","max-snippet":"max-snippet:-1","max-image-preview":"max-image-preview:large","max-video-preview":"max-video-preview:-1"},"canonical":"https:\/\/blogdofarnesio.com.br\/?p=140209","og_locale":"pt_BR","og_type":"article","og_title":"REDE DE M\u00c9DICAS E M\u00c9DICOS POPULARES EM DEFESA DA DEMOCRACIA E DO SUS NO DIA MUNDIA DA SA\u00daDE - Blog do Farn\u00e9sio","og_description":"Nesse dia 07 de abril, data em que se comemora o Dia Mundial da Sa\u00fade e no seio de uma conjuntura tensa e delicada para o pa\u00eds e certos da necessidade de nos posicionarmos, n\u00f3s m\u00e9dicas e m\u00e9dicos atuantes nesta regi\u00e3o do sert\u00e3o brasileiro, apresentamos a Rede de M\u00e9dicas e M\u00e9dicos Populares do Vale do S\u00e3o Francisco. A Rede Nacional de M\u00e9dicas e M\u00e9dicos Populares (RNMMP) nasceu em mar\u00e7o de 2015. Gestada por m\u00e9dicas e m\u00e9dicos independentes de vincula\u00e7\u00e3o partid\u00e1ria que anseiam e lutam por um projeto popular para o Brasil e, dentro dele, por um Sistema \u00danico de Sa\u00fade que atenda, com qualidade e excel\u00eancia, a popula\u00e7\u00e3o brasileira e suas demandas de sa\u00fade. Reafirmamos nossa luta para que a&hellip;","og_url":"https:\/\/blogdofarnesio.com.br\/?p=140209","og_site_name":"Blog do Farn\u00e9sio","article_publisher":"https:\/\/www.facebook.com\/BlogQuerSaberPolitica\/","article_published_time":"2016-04-07T13:02:59+00:00","twitter_card":"summary_large_image","twitter_misc":{"Escrito por":"","Est. tempo de leitura":"2 minutos"},"schema":{"@context":"https:\/\/schema.org","@graph":[{"@type":"Article","@id":"https:\/\/blogdofarnesio.com.br\/?p=140209#article","isPartOf":{"@id":"https:\/\/blogdofarnesio.com.br\/?p=140209"},"author":{"name":"","@id":""},"headline":"REDE DE M\u00c9DICAS E M\u00c9DICOS POPULARES EM DEFESA DA DEMOCRACIA E DO SUS NO DIA MUNDIA DA SA\u00daDE","datePublished":"2016-04-07T13:02:59+00:00","mainEntityOfPage":{"@id":"https:\/\/blogdofarnesio.com.br\/?p=140209"},"wordCount":502,"commentCount":0,"publisher":{"@id":"https:\/\/blogdofarnesio.com.br\/#organization"},"articleSection":["Pol\u00edtica","Sa\u00fade"],"inLanguage":"pt-BR","potentialAction":[{"@type":"CommentAction","name":"Comment","target":["https:\/\/blogdofarnesio.com.br\/?p=140209#respond"]}]},{"@type":"WebPage","@id":"https:\/\/blogdofarnesio.com.br\/?p=140209","url":"https:\/\/blogdofarnesio.com.br\/?p=140209","name":"REDE DE M\u00c9DICAS E M\u00c9DICOS POPULARES EM DEFESA DA DEMOCRACIA E DO SUS NO DIA MUNDIA DA SA\u00daDE - Blog do Farn\u00e9sio","isPartOf":{"@id":"https:\/\/blogdofarnesio.com.br\/#website"},"datePublished":"2016-04-07T13:02:59+00:00","breadcrumb":{"@id":"https:\/\/blogdofarnesio.com.br\/?p=140209#breadcrumb"},"inLanguage":"pt-BR","potentialAction":[{"@type":"ReadAction","target":["https:\/\/blogdofarnesio.com.br\/?p=140209"]}]},{"@type":"BreadcrumbList","@id":"https:\/\/blogdofarnesio.com.br\/?p=140209#breadcrumb","itemListElement":[{"@type":"ListItem","position":1,"name":"In\u00edcio","item":"https:\/\/blogdofarnesio.com.br\/"},{"@type":"ListItem","position":2,"name":"REDE DE M\u00c9DICAS E M\u00c9DICOS POPULARES EM DEFESA DA DEMOCRACIA E DO SUS NO DIA MUNDIA DA SA\u00daDE"}]},{"@type":"WebSite","@id":"https:\/\/blogdofarnesio.com.br\/#website","url":"https:\/\/blogdofarnesio.com.br\/","name":"Blog do Farn\u00e9sio","description":"Quer Saber Pol\u00edtica?","publisher":{"@id":"https:\/\/blogdofarnesio.com.br\/#organization"},"potentialAction":[{"@type":"SearchAction","target":{"@type":"EntryPoint","urlTemplate":"https:\/\/blogdofarnesio.com.br\/?s={search_term_string}"},"query-input":{"@type":"PropertyValueSpecification","valueRequired":true,"valueName":"search_term_string"}}],"inLanguage":"pt-BR"},{"@type":"Organization","@id":"https:\/\/blogdofarnesio.com.br\/#organization","name":"Blog do Farn\u00e9sio","url":"https:\/\/blogdofarnesio.com.br\/","logo":{"@type":"ImageObject","inLanguage":"pt-BR","@id":"https:\/\/blogdofarnesio.com.br\/#\/schema\/logo\/image\/","url":"https:\/\/blogdofarnesio.com.br\/wp-content\/uploads\/2026\/03\/cropped-logo_new-1.png","contentUrl":"https:\/\/blogdofarnesio.com.br\/wp-content\/uploads\/2026\/03\/cropped-logo_new-1.png","width":881,"height":685,"caption":"Blog do Farn\u00e9sio"},"image":{"@id":"https:\/\/blogdofarnesio.com.br\/#\/schema\/logo\/image\/"},"sameAs":["https:\/\/www.facebook.com\/BlogQuerSaberPolitica\/"]},{"@type":"Person","@id":"","url":"https:\/\/blogdofarnesio.com.br\/?author=7"}]}},"_links":{"self":[{"href":"https:\/\/blogdofarnesio.com.br\/index.php?rest_route=\/wp\/v2\/posts\/140209","targetHints":{"allow":["GET"]}}],"collection":[{"href":"https:\/\/blogdofarnesio.com.br\/index.php?rest_route=\/wp\/v2\/posts"}],"about":[{"href":"https:\/\/blogdofarnesio.com.br\/index.php?rest_route=\/wp\/v2\/types\/post"}],"author":[{"embeddable":true,"href":"https:\/\/blogdofarnesio.com.br\/index.php?rest_route=\/wp\/v2\/users\/7"}],"replies":[{"embeddable":true,"href":"https:\/\/blogdofarnesio.com.br\/index.php?rest_route=%2Fwp%2Fv2%2Fcomments&post=140209"}],"version-history":[{"count":0,"href":"https:\/\/blogdofarnesio.com.br\/index.php?rest_route=\/wp\/v2\/posts\/140209\/revisions"}],"wp:attachment":[{"href":"https:\/\/blogdofarnesio.com.br\/index.php?rest_route=%2Fwp%2Fv2%2Fmedia&parent=140209"}],"wp:term":[{"taxonomy":"category","embeddable":true,"href":"https:\/\/blogdofarnesio.com.br\/index.php?rest_route=%2Fwp%2Fv2%2Fcategories&post=140209"},{"taxonomy":"post_tag","embeddable":true,"href":"https:\/\/blogdofarnesio.com.br\/index.php?rest_route=%2Fwp%2Fv2%2Ftags&post=140209"}],"curies":[{"name":"wp","href":"https:\/\/api.w.org\/{rel}","templated":true}]}}