{"id":140023,"date":"2016-04-05T09:41:48","date_gmt":"2016-04-05T12:41:48","guid":{"rendered":"http:\/\/www.quersaberpolitica.com.br\/?p=140023"},"modified":"2016-04-04T21:25:10","modified_gmt":"2016-04-05T00:25:10","slug":"tatiane-malta-e-a-nova-secretaria-de-saude-de-juazeiro-e-secretario-da-fazenda-assume-direcao-do-ipj","status":"publish","type":"post","link":"https:\/\/blogdofarnesio.com.br\/?p=140023","title":{"rendered":"TATIANE MALTA \u00c9 A NOVA SECRET\u00c1RIA DE SA\u00daDE DE JUAZEIRO E SECRET\u00c1RIO DA FAZENDA ASSUME DIRE\u00c7\u00c3O DO IPJ"},"content":{"rendered":"<p style=\"text-align: justify\"><a href=\"http:\/\/www.quersaberpolitica.com.br\/2016\/wp-content\/uploads\/2016\/04\/blogqsp-Tatiane-Malta.jpg\"><img loading=\"lazy\" decoding=\"async\" class=\" size-full wp-image-140024 aligncenter\" src=\"http:\/\/www.quersaberpolitica.com.br\/2016\/wp-content\/uploads\/2016\/04\/blogqsp-Tatiane-Malta.jpg\" alt=\"blogqsp-Tatiane Malta\" width=\"448\" height=\"298\" srcset=\"https:\/\/blogdofarnesio.com.br\/wp-content\/uploads\/2016\/04\/blogqsp-Tatiane-Malta.jpg 448w, https:\/\/blogdofarnesio.com.br\/wp-content\/uploads\/2016\/04\/blogqsp-Tatiane-Malta-300x200.jpg 300w\" sizes=\"auto, (max-width: 448px) 100vw, 448px\" \/><\/a><\/p>\n<p style=\"text-align: justify\">Formada em Enfermagem pela Universidade da Para\u00edba, Tatiane Malta fez especializa\u00e7\u00e3o em Terapia Intensiva na Faculdade de Ci\u00eancias M\u00e9dicas da Universidade Federal de Pernambuco. Em 2010 passou a atuar na coordena\u00e7\u00e3o da rede de sa\u00fade do Territ\u00f3rio do S\u00e3o Francisco.<\/p>\n<p style=\"text-align: justify\">Aprovada no concurso p\u00fablico da Prefeitura de Juazeiro, Tatiane \u00e9 funcion\u00e1ria p\u00fablica desde 2012 e atualmente exercia o cargo de Superintendente da Aten\u00e7\u00e3o B\u00e1sica. Ela substitui o m\u00e9dico Dalmir Pedra, que reassume o mandato de vereador do munic\u00edpio.<\/p>\n<p style=\"text-align: center\"><a href=\"http:\/\/www.quersaberpolitica.com.br\/2016\/wp-content\/uploads\/2016\/04\/blogqsp-Raimundo-Francisco-Filho.jpg\"><span style=\"color: #333333\">SECRET\u00c1RIO DA FAZENDA ASSUME IPJ<\/span><img loading=\"lazy\" decoding=\"async\" class=\"  wp-image-140032 aligncenter\" src=\"http:\/\/www.quersaberpolitica.com.br\/2016\/wp-content\/uploads\/2016\/04\/blogqsp-Raimundo-Francisco-Filho.jpg\" alt=\"blogqsp-Raimundo Francisco Filho\" width=\"424\" height=\"286\" \/><\/a><\/p>\n<p style=\"text-align: justify\">O Secret\u00e1rio\u00a0 da Fazenda, Raimundo Francisco Filho, foi nomeado pelo Prefeito Isaac Carvalho, para responder pelo Instituto de Previd\u00eancia de Juazeiro-IPJ. Raimundo Filho \u00e9 funcion\u00e1rio p\u00fablico efetivo, Auditor da Fazenda, e passa a responder tamb\u00e9m pelo IPJ ap\u00f3s o pedido de demiss\u00e3o do Presidente Antonio Carlos. A sa\u00edda de Antonio Carlos \u00e9 por causa da Legisla\u00e7\u00e3o Eleitoral, tendo em vista que ele \u00e9 candidato a vereador de Juazeiro nas pr\u00f3ximas elei\u00e7\u00f5es.<\/p>\n<p style=\"text-align: justify\"><em>Ascom<\/em><\/p>\n","protected":false},"excerpt":{"rendered":"<p>Formada em Enfermagem pela Universidade da Para\u00edba, Tatiane Malta fez especializa\u00e7\u00e3o em Terapia Intensiva na Faculdade de Ci\u00eancias M\u00e9dicas da Universidade Federal de Pernambuco. Em 2010 passou a atuar na coordena\u00e7\u00e3o da rede de sa\u00fade do Territ\u00f3rio do S\u00e3o Francisco. Aprovada no concurso p\u00fablico da Prefeitura de Juazeiro, Tatiane \u00e9 funcion\u00e1ria p\u00fablica desde 2012 e atualmente exercia o cargo de Superintendente da Aten\u00e7\u00e3o B\u00e1sica. Ela substitui o m\u00e9dico Dalmir Pedra, que reassume o mandato de vereador do munic\u00edpio. SECRET\u00c1RIO DA FAZENDA ASSUME IPJ O Secret\u00e1rio\u00a0 da Fazenda, Raimundo Francisco Filho, foi nomeado pelo Prefeito Isaac Carvalho, para responder pelo Instituto de Previd\u00eancia de Juazeiro-IPJ. Raimundo Filho \u00e9 funcion\u00e1rio p\u00fablico efetivo, Auditor da Fazenda, e passa a responder tamb\u00e9m pelo IPJ&hellip; <\/p>\n","protected":false},"author":7,"featured_media":0,"comment_status":"open","ping_status":"open","sticky":false,"template":"","format":"standard","meta":{"_acf_changed":false,"footnotes":""},"categories":[44],"tags":[],"class_list":["post-140023","post","type-post","status-publish","format-standard","hentry","category-administracao"],"acf":[],"yoast_head":"<!-- This site is optimized with the Yoast SEO plugin v27.4 - https:\/\/yoast.com\/product\/yoast-seo-wordpress\/ -->\n<title>TATIANE MALTA \u00c9 A NOVA SECRET\u00c1RIA DE SA\u00daDE DE JUAZEIRO E SECRET\u00c1RIO DA FAZENDA ASSUME DIRE\u00c7\u00c3O DO IPJ - Blog do Farn\u00e9sio<\/title>\n<meta name=\"robots\" content=\"index, follow, max-snippet:-1, max-image-preview:large, max-video-preview:-1\" \/>\n<link rel=\"canonical\" href=\"https:\/\/blogdofarnesio.com.br\/?p=140023\" \/>\n<meta property=\"og:locale\" content=\"pt_BR\" \/>\n<meta property=\"og:type\" content=\"article\" \/>\n<meta property=\"og:title\" content=\"TATIANE MALTA \u00c9 A NOVA SECRET\u00c1RIA DE SA\u00daDE DE JUAZEIRO E SECRET\u00c1RIO DA FAZENDA ASSUME DIRE\u00c7\u00c3O DO IPJ - Blog do Farn\u00e9sio\" \/>\n<meta property=\"og:description\" content=\"Formada em Enfermagem pela Universidade da Para\u00edba, Tatiane Malta fez especializa\u00e7\u00e3o em Terapia Intensiva na Faculdade de Ci\u00eancias M\u00e9dicas da Universidade Federal de Pernambuco. Em 2010 passou a atuar na coordena\u00e7\u00e3o da rede de sa\u00fade do Territ\u00f3rio do S\u00e3o Francisco. Aprovada no concurso p\u00fablico da Prefeitura de Juazeiro, Tatiane \u00e9 funcion\u00e1ria p\u00fablica desde 2012 e atualmente exercia o cargo de Superintendente da Aten\u00e7\u00e3o B\u00e1sica. Ela substitui o m\u00e9dico Dalmir Pedra, que reassume o mandato de vereador do munic\u00edpio. SECRET\u00c1RIO DA FAZENDA ASSUME IPJ O Secret\u00e1rio\u00a0 da Fazenda, Raimundo Francisco Filho, foi nomeado pelo Prefeito Isaac Carvalho, para responder pelo Instituto de Previd\u00eancia de Juazeiro-IPJ. Raimundo Filho \u00e9 funcion\u00e1rio p\u00fablico efetivo, Auditor da Fazenda, e passa a responder tamb\u00e9m pelo IPJ&hellip;\" \/>\n<meta property=\"og:url\" content=\"https:\/\/blogdofarnesio.com.br\/?p=140023\" \/>\n<meta property=\"og:site_name\" content=\"Blog do Farn\u00e9sio\" \/>\n<meta property=\"article:publisher\" content=\"https:\/\/www.facebook.com\/BlogQuerSaberPolitica\/\" \/>\n<meta property=\"article:published_time\" content=\"2016-04-05T12:41:48+00:00\" \/>\n<meta property=\"og:image\" content=\"http:\/\/www.quersaberpolitica.com.br\/2016\/wp-content\/uploads\/2016\/04\/blogqsp-Tatiane-Malta.jpg\" \/>\n<meta name=\"twitter:card\" content=\"summary_large_image\" \/>\n<meta name=\"twitter:label1\" content=\"Escrito por\" \/>\n\t<meta name=\"twitter:data1\" content=\"\" \/>\n\t<meta name=\"twitter:label2\" content=\"Est. tempo de leitura\" \/>\n\t<meta name=\"twitter:data2\" content=\"1 minuto\" \/>\n<script type=\"application\/ld+json\" class=\"yoast-schema-graph\">{\"@context\":\"https:\\\/\\\/schema.org\",\"@graph\":[{\"@type\":\"Article\",\"@id\":\"https:\\\/\\\/blogdofarnesio.com.br\\\/?p=140023#article\",\"isPartOf\":{\"@id\":\"https:\\\/\\\/blogdofarnesio.com.br\\\/?p=140023\"},\"author\":{\"name\":\"\",\"@id\":\"\"},\"headline\":\"TATIANE MALTA \u00c9 A NOVA SECRET\u00c1RIA DE SA\u00daDE DE JUAZEIRO E SECRET\u00c1RIO DA FAZENDA ASSUME DIRE\u00c7\u00c3O DO IPJ\",\"datePublished\":\"2016-04-05T12:41:48+00:00\",\"mainEntityOfPage\":{\"@id\":\"https:\\\/\\\/blogdofarnesio.com.br\\\/?p=140023\"},\"wordCount\":197,\"commentCount\":0,\"publisher\":{\"@id\":\"https:\\\/\\\/blogdofarnesio.com.br\\\/#organization\"},\"image\":{\"@id\":\"https:\\\/\\\/blogdofarnesio.com.br\\\/?p=140023#primaryimage\"},\"thumbnailUrl\":\"http:\\\/\\\/www.quersaberpolitica.com.br\\\/2016\\\/wp-content\\\/uploads\\\/2016\\\/04\\\/blogqsp-Tatiane-Malta.jpg\",\"articleSection\":[\"Administra\u00e7\u00e3o\"],\"inLanguage\":\"pt-BR\",\"potentialAction\":[{\"@type\":\"CommentAction\",\"name\":\"Comment\",\"target\":[\"https:\\\/\\\/blogdofarnesio.com.br\\\/?p=140023#respond\"]}]},{\"@type\":\"WebPage\",\"@id\":\"https:\\\/\\\/blogdofarnesio.com.br\\\/?p=140023\",\"url\":\"https:\\\/\\\/blogdofarnesio.com.br\\\/?p=140023\",\"name\":\"TATIANE MALTA \u00c9 A NOVA SECRET\u00c1RIA DE SA\u00daDE DE JUAZEIRO E SECRET\u00c1RIO DA FAZENDA ASSUME DIRE\u00c7\u00c3O DO IPJ - Blog do Farn\u00e9sio\",\"isPartOf\":{\"@id\":\"https:\\\/\\\/blogdofarnesio.com.br\\\/#website\"},\"primaryImageOfPage\":{\"@id\":\"https:\\\/\\\/blogdofarnesio.com.br\\\/?p=140023#primaryimage\"},\"image\":{\"@id\":\"https:\\\/\\\/blogdofarnesio.com.br\\\/?p=140023#primaryimage\"},\"thumbnailUrl\":\"http:\\\/\\\/www.quersaberpolitica.com.br\\\/2016\\\/wp-content\\\/uploads\\\/2016\\\/04\\\/blogqsp-Tatiane-Malta.jpg\",\"datePublished\":\"2016-04-05T12:41:48+00:00\",\"breadcrumb\":{\"@id\":\"https:\\\/\\\/blogdofarnesio.com.br\\\/?p=140023#breadcrumb\"},\"inLanguage\":\"pt-BR\",\"potentialAction\":[{\"@type\":\"ReadAction\",\"target\":[\"https:\\\/\\\/blogdofarnesio.com.br\\\/?p=140023\"]}]},{\"@type\":\"ImageObject\",\"inLanguage\":\"pt-BR\",\"@id\":\"https:\\\/\\\/blogdofarnesio.com.br\\\/?p=140023#primaryimage\",\"url\":\"http:\\\/\\\/www.quersaberpolitica.com.br\\\/2016\\\/wp-content\\\/uploads\\\/2016\\\/04\\\/blogqsp-Tatiane-Malta.jpg\",\"contentUrl\":\"http:\\\/\\\/www.quersaberpolitica.com.br\\\/2016\\\/wp-content\\\/uploads\\\/2016\\\/04\\\/blogqsp-Tatiane-Malta.jpg\"},{\"@type\":\"BreadcrumbList\",\"@id\":\"https:\\\/\\\/blogdofarnesio.com.br\\\/?p=140023#breadcrumb\",\"itemListElement\":[{\"@type\":\"ListItem\",\"position\":1,\"name\":\"In\u00edcio\",\"item\":\"https:\\\/\\\/blogdofarnesio.com.br\\\/\"},{\"@type\":\"ListItem\",\"position\":2,\"name\":\"TATIANE MALTA \u00c9 A NOVA SECRET\u00c1RIA DE SA\u00daDE DE JUAZEIRO E SECRET\u00c1RIO DA FAZENDA ASSUME DIRE\u00c7\u00c3O DO IPJ\"}]},{\"@type\":\"WebSite\",\"@id\":\"https:\\\/\\\/blogdofarnesio.com.br\\\/#website\",\"url\":\"https:\\\/\\\/blogdofarnesio.com.br\\\/\",\"name\":\"Blog do Farn\u00e9sio\",\"description\":\"Quer Saber Pol\u00edtica?\",\"publisher\":{\"@id\":\"https:\\\/\\\/blogdofarnesio.com.br\\\/#organization\"},\"potentialAction\":[{\"@type\":\"SearchAction\",\"target\":{\"@type\":\"EntryPoint\",\"urlTemplate\":\"https:\\\/\\\/blogdofarnesio.com.br\\\/?s={search_term_string}\"},\"query-input\":{\"@type\":\"PropertyValueSpecification\",\"valueRequired\":true,\"valueName\":\"search_term_string\"}}],\"inLanguage\":\"pt-BR\"},{\"@type\":\"Organization\",\"@id\":\"https:\\\/\\\/blogdofarnesio.com.br\\\/#organization\",\"name\":\"Blog do Farn\u00e9sio\",\"url\":\"https:\\\/\\\/blogdofarnesio.com.br\\\/\",\"logo\":{\"@type\":\"ImageObject\",\"inLanguage\":\"pt-BR\",\"@id\":\"https:\\\/\\\/blogdofarnesio.com.br\\\/#\\\/schema\\\/logo\\\/image\\\/\",\"url\":\"https:\\\/\\\/blogdofarnesio.com.br\\\/wp-content\\\/uploads\\\/2026\\\/03\\\/cropped-logo_new-1.png\",\"contentUrl\":\"https:\\\/\\\/blogdofarnesio.com.br\\\/wp-content\\\/uploads\\\/2026\\\/03\\\/cropped-logo_new-1.png\",\"width\":881,\"height\":685,\"caption\":\"Blog do Farn\u00e9sio\"},\"image\":{\"@id\":\"https:\\\/\\\/blogdofarnesio.com.br\\\/#\\\/schema\\\/logo\\\/image\\\/\"},\"sameAs\":[\"https:\\\/\\\/www.facebook.com\\\/BlogQuerSaberPolitica\\\/\"]},{\"@type\":\"Person\",\"@id\":\"\",\"url\":\"https:\\\/\\\/blogdofarnesio.com.br\\\/?author=7\"}]}<\/script>\n<!-- \/ Yoast SEO plugin. -->","yoast_head_json":{"title":"TATIANE MALTA \u00c9 A NOVA SECRET\u00c1RIA DE SA\u00daDE DE JUAZEIRO E SECRET\u00c1RIO DA FAZENDA ASSUME DIRE\u00c7\u00c3O DO IPJ - Blog do Farn\u00e9sio","robots":{"index":"index","follow":"follow","max-snippet":"max-snippet:-1","max-image-preview":"max-image-preview:large","max-video-preview":"max-video-preview:-1"},"canonical":"https:\/\/blogdofarnesio.com.br\/?p=140023","og_locale":"pt_BR","og_type":"article","og_title":"TATIANE MALTA \u00c9 A NOVA SECRET\u00c1RIA DE SA\u00daDE DE JUAZEIRO E SECRET\u00c1RIO DA FAZENDA ASSUME DIRE\u00c7\u00c3O DO IPJ - Blog do Farn\u00e9sio","og_description":"Formada em Enfermagem pela Universidade da Para\u00edba, Tatiane Malta fez especializa\u00e7\u00e3o em Terapia Intensiva na Faculdade de Ci\u00eancias M\u00e9dicas da Universidade Federal de Pernambuco. Em 2010 passou a atuar na coordena\u00e7\u00e3o da rede de sa\u00fade do Territ\u00f3rio do S\u00e3o Francisco. Aprovada no concurso p\u00fablico da Prefeitura de Juazeiro, Tatiane \u00e9 funcion\u00e1ria p\u00fablica desde 2012 e atualmente exercia o cargo de Superintendente da Aten\u00e7\u00e3o B\u00e1sica. Ela substitui o m\u00e9dico Dalmir Pedra, que reassume o mandato de vereador do munic\u00edpio. SECRET\u00c1RIO DA FAZENDA ASSUME IPJ O Secret\u00e1rio\u00a0 da Fazenda, Raimundo Francisco Filho, foi nomeado pelo Prefeito Isaac Carvalho, para responder pelo Instituto de Previd\u00eancia de Juazeiro-IPJ. Raimundo Filho \u00e9 funcion\u00e1rio p\u00fablico efetivo, Auditor da Fazenda, e passa a responder tamb\u00e9m pelo IPJ&hellip;","og_url":"https:\/\/blogdofarnesio.com.br\/?p=140023","og_site_name":"Blog do Farn\u00e9sio","article_publisher":"https:\/\/www.facebook.com\/BlogQuerSaberPolitica\/","article_published_time":"2016-04-05T12:41:48+00:00","og_image":[{"url":"http:\/\/www.quersaberpolitica.com.br\/2016\/wp-content\/uploads\/2016\/04\/blogqsp-Tatiane-Malta.jpg","type":"","width":"","height":""}],"twitter_card":"summary_large_image","twitter_misc":{"Escrito por":"","Est. tempo de leitura":"1 minuto"},"schema":{"@context":"https:\/\/schema.org","@graph":[{"@type":"Article","@id":"https:\/\/blogdofarnesio.com.br\/?p=140023#article","isPartOf":{"@id":"https:\/\/blogdofarnesio.com.br\/?p=140023"},"author":{"name":"","@id":""},"headline":"TATIANE MALTA \u00c9 A NOVA SECRET\u00c1RIA DE SA\u00daDE DE JUAZEIRO E SECRET\u00c1RIO DA FAZENDA ASSUME DIRE\u00c7\u00c3O DO IPJ","datePublished":"2016-04-05T12:41:48+00:00","mainEntityOfPage":{"@id":"https:\/\/blogdofarnesio.com.br\/?p=140023"},"wordCount":197,"commentCount":0,"publisher":{"@id":"https:\/\/blogdofarnesio.com.br\/#organization"},"image":{"@id":"https:\/\/blogdofarnesio.com.br\/?p=140023#primaryimage"},"thumbnailUrl":"http:\/\/www.quersaberpolitica.com.br\/2016\/wp-content\/uploads\/2016\/04\/blogqsp-Tatiane-Malta.jpg","articleSection":["Administra\u00e7\u00e3o"],"inLanguage":"pt-BR","potentialAction":[{"@type":"CommentAction","name":"Comment","target":["https:\/\/blogdofarnesio.com.br\/?p=140023#respond"]}]},{"@type":"WebPage","@id":"https:\/\/blogdofarnesio.com.br\/?p=140023","url":"https:\/\/blogdofarnesio.com.br\/?p=140023","name":"TATIANE MALTA \u00c9 A NOVA SECRET\u00c1RIA DE SA\u00daDE DE JUAZEIRO E SECRET\u00c1RIO DA FAZENDA ASSUME DIRE\u00c7\u00c3O DO IPJ - Blog do Farn\u00e9sio","isPartOf":{"@id":"https:\/\/blogdofarnesio.com.br\/#website"},"primaryImageOfPage":{"@id":"https:\/\/blogdofarnesio.com.br\/?p=140023#primaryimage"},"image":{"@id":"https:\/\/blogdofarnesio.com.br\/?p=140023#primaryimage"},"thumbnailUrl":"http:\/\/www.quersaberpolitica.com.br\/2016\/wp-content\/uploads\/2016\/04\/blogqsp-Tatiane-Malta.jpg","datePublished":"2016-04-05T12:41:48+00:00","breadcrumb":{"@id":"https:\/\/blogdofarnesio.com.br\/?p=140023#breadcrumb"},"inLanguage":"pt-BR","potentialAction":[{"@type":"ReadAction","target":["https:\/\/blogdofarnesio.com.br\/?p=140023"]}]},{"@type":"ImageObject","inLanguage":"pt-BR","@id":"https:\/\/blogdofarnesio.com.br\/?p=140023#primaryimage","url":"http:\/\/www.quersaberpolitica.com.br\/2016\/wp-content\/uploads\/2016\/04\/blogqsp-Tatiane-Malta.jpg","contentUrl":"http:\/\/www.quersaberpolitica.com.br\/2016\/wp-content\/uploads\/2016\/04\/blogqsp-Tatiane-Malta.jpg"},{"@type":"BreadcrumbList","@id":"https:\/\/blogdofarnesio.com.br\/?p=140023#breadcrumb","itemListElement":[{"@type":"ListItem","position":1,"name":"In\u00edcio","item":"https:\/\/blogdofarnesio.com.br\/"},{"@type":"ListItem","position":2,"name":"TATIANE MALTA \u00c9 A NOVA SECRET\u00c1RIA DE SA\u00daDE DE JUAZEIRO E SECRET\u00c1RIO DA FAZENDA ASSUME DIRE\u00c7\u00c3O DO IPJ"}]},{"@type":"WebSite","@id":"https:\/\/blogdofarnesio.com.br\/#website","url":"https:\/\/blogdofarnesio.com.br\/","name":"Blog do Farn\u00e9sio","description":"Quer Saber Pol\u00edtica?","publisher":{"@id":"https:\/\/blogdofarnesio.com.br\/#organization"},"potentialAction":[{"@type":"SearchAction","target":{"@type":"EntryPoint","urlTemplate":"https:\/\/blogdofarnesio.com.br\/?s={search_term_string}"},"query-input":{"@type":"PropertyValueSpecification","valueRequired":true,"valueName":"search_term_string"}}],"inLanguage":"pt-BR"},{"@type":"Organization","@id":"https:\/\/blogdofarnesio.com.br\/#organization","name":"Blog do Farn\u00e9sio","url":"https:\/\/blogdofarnesio.com.br\/","logo":{"@type":"ImageObject","inLanguage":"pt-BR","@id":"https:\/\/blogdofarnesio.com.br\/#\/schema\/logo\/image\/","url":"https:\/\/blogdofarnesio.com.br\/wp-content\/uploads\/2026\/03\/cropped-logo_new-1.png","contentUrl":"https:\/\/blogdofarnesio.com.br\/wp-content\/uploads\/2026\/03\/cropped-logo_new-1.png","width":881,"height":685,"caption":"Blog do Farn\u00e9sio"},"image":{"@id":"https:\/\/blogdofarnesio.com.br\/#\/schema\/logo\/image\/"},"sameAs":["https:\/\/www.facebook.com\/BlogQuerSaberPolitica\/"]},{"@type":"Person","@id":"","url":"https:\/\/blogdofarnesio.com.br\/?author=7"}]}},"_links":{"self":[{"href":"https:\/\/blogdofarnesio.com.br\/index.php?rest_route=\/wp\/v2\/posts\/140023","targetHints":{"allow":["GET"]}}],"collection":[{"href":"https:\/\/blogdofarnesio.com.br\/index.php?rest_route=\/wp\/v2\/posts"}],"about":[{"href":"https:\/\/blogdofarnesio.com.br\/index.php?rest_route=\/wp\/v2\/types\/post"}],"author":[{"embeddable":true,"href":"https:\/\/blogdofarnesio.com.br\/index.php?rest_route=\/wp\/v2\/users\/7"}],"replies":[{"embeddable":true,"href":"https:\/\/blogdofarnesio.com.br\/index.php?rest_route=%2Fwp%2Fv2%2Fcomments&post=140023"}],"version-history":[{"count":0,"href":"https:\/\/blogdofarnesio.com.br\/index.php?rest_route=\/wp\/v2\/posts\/140023\/revisions"}],"wp:attachment":[{"href":"https:\/\/blogdofarnesio.com.br\/index.php?rest_route=%2Fwp%2Fv2%2Fmedia&parent=140023"}],"wp:term":[{"taxonomy":"category","embeddable":true,"href":"https:\/\/blogdofarnesio.com.br\/index.php?rest_route=%2Fwp%2Fv2%2Fcategories&post=140023"},{"taxonomy":"post_tag","embeddable":true,"href":"https:\/\/blogdofarnesio.com.br\/index.php?rest_route=%2Fwp%2Fv2%2Ftags&post=140023"}],"curies":[{"name":"wp","href":"https:\/\/api.w.org\/{rel}","templated":true}]}}