{"id":139882,"date":"2016-04-01T07:41:28","date_gmt":"2016-04-01T10:41:28","guid":{"rendered":"http:\/\/www.quersaberpolitica.com.br\/?p=139882"},"modified":"2016-03-31T20:17:32","modified_gmt":"2016-03-31T23:17:32","slug":"comandante-walter-araujo-e-homenageado-pela-alba-com-medalha-especial","status":"publish","type":"post","link":"https:\/\/blogdofarnesio.com.br\/?p=139882","title":{"rendered":"COMANDANTE WALTER ARAUJO \u00c9 HOMENAGEADO PELA ALBA COM MEDALHA ESPECIAL"},"content":{"rendered":"<p style=\"text-align: justify\"><a href=\"http:\/\/www.quersaberpolitica.com.br\/2016\/wp-content\/uploads\/2016\/03\/Blogqsppmbawalteraraujo.jpg\"><img loading=\"lazy\" decoding=\"async\" class=\"aligncenter  wp-image-139885\" src=\"http:\/\/www.quersaberpolitica.com.br\/2016\/wp-content\/uploads\/2016\/03\/Blogqsppmbawalteraraujo.jpg\" alt=\"Blogqsppmbawalteraraujo\" width=\"436\" height=\"500\" \/><\/a>Na \u00faltima quarta-feira,a\u00a0Assembleia Legislativa do Estado da Bahia, condecorou com a MEDALHA ESPECIAL COMEMORATIVA DOS 190 ANOS DA PMBA, o Tenente-coronel Walter \u00a0Santos Araujo, que por muito tempo serviu na regi\u00e3o, onde deixou muitos amigos.<\/p>\n<p style=\"text-align: justify\">O comandante Walter Araujo serviu com garbo e efici\u00eancia operativa no 3\u00ba BPM, Juazeiro, 25 CIPM, Casa Nova; CPAC, da qual foi um dos fundadores; 38 CIPM, Bom Jesus da Lapa; 45 CIPM, Cura\u00e7a e Caesa; Xique Xique.<\/p>\n<p style=\"text-align: justify\">Em seu pronunciamento o tenente-coronel Walter agradeceu ao Comandante do CPE, Cel L\u00e1zaro Raimundo, Coronel Reis Subcmt Geral, Coronel Anselmo Brand\u00e3o, Comandante Geral, Dr Maur\u00edcio Barbosa, Secret\u00e1rio de Seguran\u00e7a P\u00fablica, ao Governador do Estado, Rui Costa e a sua fam\u00edlia, por mais esta VIT\u00d3RIA e RECONHECIMENTO do seu\u00a0trabalho na briosa Pol\u00edcia Militar da Bahia em pr\u00f3l da fam\u00edlia baiana<\/p>\n","protected":false},"excerpt":{"rendered":"<p>Na \u00faltima quarta-feira,a\u00a0Assembleia Legislativa do Estado da Bahia, condecorou com a MEDALHA ESPECIAL COMEMORATIVA DOS 190 ANOS DA PMBA, o Tenente-coronel Walter \u00a0Santos Araujo, que por muito tempo serviu na regi\u00e3o, onde deixou muitos amigos. O comandante Walter Araujo serviu com garbo e efici\u00eancia operativa no 3\u00ba BPM, Juazeiro, 25 CIPM, Casa Nova; CPAC, da qual foi um dos fundadores; 38 CIPM, Bom Jesus da Lapa; 45 CIPM, Cura\u00e7a e Caesa; Xique Xique. Em seu pronunciamento o tenente-coronel Walter agradeceu ao Comandante do CPE, Cel L\u00e1zaro Raimundo, Coronel Reis Subcmt Geral, Coronel Anselmo Brand\u00e3o, Comandante Geral, Dr Maur\u00edcio Barbosa, Secret\u00e1rio de Seguran\u00e7a P\u00fablica, ao Governador do Estado, Rui Costa e a sua fam\u00edlia, por mais esta VIT\u00d3RIA e RECONHECIMENTO do&hellip; <\/p>\n","protected":false},"author":3,"featured_media":0,"comment_status":"open","ping_status":"open","sticky":false,"template":"","format":"standard","meta":{"_acf_changed":false,"footnotes":""},"categories":[12],"tags":[],"class_list":["post-139882","post","type-post","status-publish","format-standard","hentry","category-confraternizacoes"],"acf":[],"yoast_head":"<!-- This site is optimized with the Yoast SEO plugin v27.4 - https:\/\/yoast.com\/product\/yoast-seo-wordpress\/ -->\n<title>COMANDANTE WALTER ARAUJO \u00c9 HOMENAGEADO PELA ALBA COM MEDALHA ESPECIAL - Blog do Farn\u00e9sio<\/title>\n<meta name=\"robots\" content=\"index, follow, max-snippet:-1, max-image-preview:large, max-video-preview:-1\" \/>\n<link rel=\"canonical\" href=\"https:\/\/blogdofarnesio.com.br\/?p=139882\" \/>\n<meta property=\"og:locale\" content=\"pt_BR\" \/>\n<meta property=\"og:type\" content=\"article\" \/>\n<meta property=\"og:title\" content=\"COMANDANTE WALTER ARAUJO \u00c9 HOMENAGEADO PELA ALBA COM MEDALHA ESPECIAL - Blog do Farn\u00e9sio\" \/>\n<meta property=\"og:description\" content=\"Na \u00faltima quarta-feira,a\u00a0Assembleia Legislativa do Estado da Bahia, condecorou com a MEDALHA ESPECIAL COMEMORATIVA DOS 190 ANOS DA PMBA, o Tenente-coronel Walter \u00a0Santos Araujo, que por muito tempo serviu na regi\u00e3o, onde deixou muitos amigos. O comandante Walter Araujo serviu com garbo e efici\u00eancia operativa no 3\u00ba BPM, Juazeiro, 25 CIPM, Casa Nova; CPAC, da qual foi um dos fundadores; 38 CIPM, Bom Jesus da Lapa; 45 CIPM, Cura\u00e7a e Caesa; Xique Xique. Em seu pronunciamento o tenente-coronel Walter agradeceu ao Comandante do CPE, Cel L\u00e1zaro Raimundo, Coronel Reis Subcmt Geral, Coronel Anselmo Brand\u00e3o, Comandante Geral, Dr Maur\u00edcio Barbosa, Secret\u00e1rio de Seguran\u00e7a P\u00fablica, ao Governador do Estado, Rui Costa e a sua fam\u00edlia, por mais esta VIT\u00d3RIA e RECONHECIMENTO do&hellip;\" \/>\n<meta property=\"og:url\" content=\"https:\/\/blogdofarnesio.com.br\/?p=139882\" \/>\n<meta property=\"og:site_name\" content=\"Blog do Farn\u00e9sio\" \/>\n<meta property=\"article:publisher\" content=\"https:\/\/www.facebook.com\/BlogQuerSaberPolitica\/\" \/>\n<meta property=\"article:published_time\" content=\"2016-04-01T10:41:28+00:00\" \/>\n<meta property=\"og:image\" content=\"http:\/\/www.quersaberpolitica.com.br\/2016\/wp-content\/uploads\/2016\/03\/Blogqsppmbawalteraraujo.jpg\" \/>\n<meta name=\"author\" content=\"teste\" \/>\n<meta name=\"twitter:card\" content=\"summary_large_image\" \/>\n<meta name=\"twitter:label1\" content=\"Escrito por\" \/>\n\t<meta name=\"twitter:data1\" content=\"teste\" \/>\n\t<meta name=\"twitter:label2\" content=\"Est. tempo de leitura\" \/>\n\t<meta name=\"twitter:data2\" content=\"1 minuto\" \/>\n<script type=\"application\/ld+json\" class=\"yoast-schema-graph\">{\"@context\":\"https:\\\/\\\/schema.org\",\"@graph\":[{\"@type\":\"Article\",\"@id\":\"https:\\\/\\\/blogdofarnesio.com.br\\\/?p=139882#article\",\"isPartOf\":{\"@id\":\"https:\\\/\\\/blogdofarnesio.com.br\\\/?p=139882\"},\"author\":{\"name\":\"teste\",\"@id\":\"https:\\\/\\\/blogdofarnesio.com.br\\\/#\\\/schema\\\/person\\\/dd1bf5eba40b687199ba45ca6b97dff9\"},\"headline\":\"COMANDANTE WALTER ARAUJO \u00c9 HOMENAGEADO PELA ALBA COM MEDALHA ESPECIAL\",\"datePublished\":\"2016-04-01T10:41:28+00:00\",\"mainEntityOfPage\":{\"@id\":\"https:\\\/\\\/blogdofarnesio.com.br\\\/?p=139882\"},\"wordCount\":153,\"commentCount\":0,\"publisher\":{\"@id\":\"https:\\\/\\\/blogdofarnesio.com.br\\\/#organization\"},\"image\":{\"@id\":\"https:\\\/\\\/blogdofarnesio.com.br\\\/?p=139882#primaryimage\"},\"thumbnailUrl\":\"http:\\\/\\\/www.quersaberpolitica.com.br\\\/2016\\\/wp-content\\\/uploads\\\/2016\\\/03\\\/Blogqsppmbawalteraraujo.jpg\",\"articleSection\":[\"Confraterniza\u00e7\u00f5es\"],\"inLanguage\":\"pt-BR\",\"potentialAction\":[{\"@type\":\"CommentAction\",\"name\":\"Comment\",\"target\":[\"https:\\\/\\\/blogdofarnesio.com.br\\\/?p=139882#respond\"]}]},{\"@type\":\"WebPage\",\"@id\":\"https:\\\/\\\/blogdofarnesio.com.br\\\/?p=139882\",\"url\":\"https:\\\/\\\/blogdofarnesio.com.br\\\/?p=139882\",\"name\":\"COMANDANTE WALTER ARAUJO \u00c9 HOMENAGEADO PELA ALBA COM MEDALHA ESPECIAL - Blog do Farn\u00e9sio\",\"isPartOf\":{\"@id\":\"https:\\\/\\\/blogdofarnesio.com.br\\\/#website\"},\"primaryImageOfPage\":{\"@id\":\"https:\\\/\\\/blogdofarnesio.com.br\\\/?p=139882#primaryimage\"},\"image\":{\"@id\":\"https:\\\/\\\/blogdofarnesio.com.br\\\/?p=139882#primaryimage\"},\"thumbnailUrl\":\"http:\\\/\\\/www.quersaberpolitica.com.br\\\/2016\\\/wp-content\\\/uploads\\\/2016\\\/03\\\/Blogqsppmbawalteraraujo.jpg\",\"datePublished\":\"2016-04-01T10:41:28+00:00\",\"breadcrumb\":{\"@id\":\"https:\\\/\\\/blogdofarnesio.com.br\\\/?p=139882#breadcrumb\"},\"inLanguage\":\"pt-BR\",\"potentialAction\":[{\"@type\":\"ReadAction\",\"target\":[\"https:\\\/\\\/blogdofarnesio.com.br\\\/?p=139882\"]}]},{\"@type\":\"ImageObject\",\"inLanguage\":\"pt-BR\",\"@id\":\"https:\\\/\\\/blogdofarnesio.com.br\\\/?p=139882#primaryimage\",\"url\":\"http:\\\/\\\/www.quersaberpolitica.com.br\\\/2016\\\/wp-content\\\/uploads\\\/2016\\\/03\\\/Blogqsppmbawalteraraujo.jpg\",\"contentUrl\":\"http:\\\/\\\/www.quersaberpolitica.com.br\\\/2016\\\/wp-content\\\/uploads\\\/2016\\\/03\\\/Blogqsppmbawalteraraujo.jpg\"},{\"@type\":\"BreadcrumbList\",\"@id\":\"https:\\\/\\\/blogdofarnesio.com.br\\\/?p=139882#breadcrumb\",\"itemListElement\":[{\"@type\":\"ListItem\",\"position\":1,\"name\":\"In\u00edcio\",\"item\":\"https:\\\/\\\/blogdofarnesio.com.br\\\/\"},{\"@type\":\"ListItem\",\"position\":2,\"name\":\"COMANDANTE WALTER ARAUJO \u00c9 HOMENAGEADO PELA ALBA COM MEDALHA ESPECIAL\"}]},{\"@type\":\"WebSite\",\"@id\":\"https:\\\/\\\/blogdofarnesio.com.br\\\/#website\",\"url\":\"https:\\\/\\\/blogdofarnesio.com.br\\\/\",\"name\":\"Blog do Farn\u00e9sio\",\"description\":\"Quer Saber Pol\u00edtica?\",\"publisher\":{\"@id\":\"https:\\\/\\\/blogdofarnesio.com.br\\\/#organization\"},\"potentialAction\":[{\"@type\":\"SearchAction\",\"target\":{\"@type\":\"EntryPoint\",\"urlTemplate\":\"https:\\\/\\\/blogdofarnesio.com.br\\\/?s={search_term_string}\"},\"query-input\":{\"@type\":\"PropertyValueSpecification\",\"valueRequired\":true,\"valueName\":\"search_term_string\"}}],\"inLanguage\":\"pt-BR\"},{\"@type\":\"Organization\",\"@id\":\"https:\\\/\\\/blogdofarnesio.com.br\\\/#organization\",\"name\":\"Blog do Farn\u00e9sio\",\"url\":\"https:\\\/\\\/blogdofarnesio.com.br\\\/\",\"logo\":{\"@type\":\"ImageObject\",\"inLanguage\":\"pt-BR\",\"@id\":\"https:\\\/\\\/blogdofarnesio.com.br\\\/#\\\/schema\\\/logo\\\/image\\\/\",\"url\":\"https:\\\/\\\/blogdofarnesio.com.br\\\/wp-content\\\/uploads\\\/2026\\\/03\\\/cropped-logo_new-1.png\",\"contentUrl\":\"https:\\\/\\\/blogdofarnesio.com.br\\\/wp-content\\\/uploads\\\/2026\\\/03\\\/cropped-logo_new-1.png\",\"width\":881,\"height\":685,\"caption\":\"Blog do Farn\u00e9sio\"},\"image\":{\"@id\":\"https:\\\/\\\/blogdofarnesio.com.br\\\/#\\\/schema\\\/logo\\\/image\\\/\"},\"sameAs\":[\"https:\\\/\\\/www.facebook.com\\\/BlogQuerSaberPolitica\\\/\"]},{\"@type\":\"Person\",\"@id\":\"https:\\\/\\\/blogdofarnesio.com.br\\\/#\\\/schema\\\/person\\\/dd1bf5eba40b687199ba45ca6b97dff9\",\"name\":\"teste\",\"image\":{\"@type\":\"ImageObject\",\"inLanguage\":\"pt-BR\",\"@id\":\"https:\\\/\\\/secure.gravatar.com\\\/avatar\\\/2172498d4914b51e1d89a0f97957b035ac4938723a5cac208135d389b6972a6d?s=96&d=mm&r=g\",\"url\":\"https:\\\/\\\/secure.gravatar.com\\\/avatar\\\/2172498d4914b51e1d89a0f97957b035ac4938723a5cac208135d389b6972a6d?s=96&d=mm&r=g\",\"contentUrl\":\"https:\\\/\\\/secure.gravatar.com\\\/avatar\\\/2172498d4914b51e1d89a0f97957b035ac4938723a5cac208135d389b6972a6d?s=96&d=mm&r=g\",\"caption\":\"teste\"},\"url\":\"https:\\\/\\\/blogdofarnesio.com.br\\\/?author=3\"}]}<\/script>\n<!-- \/ Yoast SEO plugin. -->","yoast_head_json":{"title":"COMANDANTE WALTER ARAUJO \u00c9 HOMENAGEADO PELA ALBA COM MEDALHA ESPECIAL - Blog do Farn\u00e9sio","robots":{"index":"index","follow":"follow","max-snippet":"max-snippet:-1","max-image-preview":"max-image-preview:large","max-video-preview":"max-video-preview:-1"},"canonical":"https:\/\/blogdofarnesio.com.br\/?p=139882","og_locale":"pt_BR","og_type":"article","og_title":"COMANDANTE WALTER ARAUJO \u00c9 HOMENAGEADO PELA ALBA COM MEDALHA ESPECIAL - Blog do Farn\u00e9sio","og_description":"Na \u00faltima quarta-feira,a\u00a0Assembleia Legislativa do Estado da Bahia, condecorou com a MEDALHA ESPECIAL COMEMORATIVA DOS 190 ANOS DA PMBA, o Tenente-coronel Walter \u00a0Santos Araujo, que por muito tempo serviu na regi\u00e3o, onde deixou muitos amigos. O comandante Walter Araujo serviu com garbo e efici\u00eancia operativa no 3\u00ba BPM, Juazeiro, 25 CIPM, Casa Nova; CPAC, da qual foi um dos fundadores; 38 CIPM, Bom Jesus da Lapa; 45 CIPM, Cura\u00e7a e Caesa; Xique Xique. Em seu pronunciamento o tenente-coronel Walter agradeceu ao Comandante do CPE, Cel L\u00e1zaro Raimundo, Coronel Reis Subcmt Geral, Coronel Anselmo Brand\u00e3o, Comandante Geral, Dr Maur\u00edcio Barbosa, Secret\u00e1rio de Seguran\u00e7a P\u00fablica, ao Governador do Estado, Rui Costa e a sua fam\u00edlia, por mais esta VIT\u00d3RIA e RECONHECIMENTO do&hellip;","og_url":"https:\/\/blogdofarnesio.com.br\/?p=139882","og_site_name":"Blog do Farn\u00e9sio","article_publisher":"https:\/\/www.facebook.com\/BlogQuerSaberPolitica\/","article_published_time":"2016-04-01T10:41:28+00:00","og_image":[{"url":"http:\/\/www.quersaberpolitica.com.br\/2016\/wp-content\/uploads\/2016\/03\/Blogqsppmbawalteraraujo.jpg","type":"","width":"","height":""}],"author":"teste","twitter_card":"summary_large_image","twitter_misc":{"Escrito por":"teste","Est. tempo de leitura":"1 minuto"},"schema":{"@context":"https:\/\/schema.org","@graph":[{"@type":"Article","@id":"https:\/\/blogdofarnesio.com.br\/?p=139882#article","isPartOf":{"@id":"https:\/\/blogdofarnesio.com.br\/?p=139882"},"author":{"name":"teste","@id":"https:\/\/blogdofarnesio.com.br\/#\/schema\/person\/dd1bf5eba40b687199ba45ca6b97dff9"},"headline":"COMANDANTE WALTER ARAUJO \u00c9 HOMENAGEADO PELA ALBA COM MEDALHA ESPECIAL","datePublished":"2016-04-01T10:41:28+00:00","mainEntityOfPage":{"@id":"https:\/\/blogdofarnesio.com.br\/?p=139882"},"wordCount":153,"commentCount":0,"publisher":{"@id":"https:\/\/blogdofarnesio.com.br\/#organization"},"image":{"@id":"https:\/\/blogdofarnesio.com.br\/?p=139882#primaryimage"},"thumbnailUrl":"http:\/\/www.quersaberpolitica.com.br\/2016\/wp-content\/uploads\/2016\/03\/Blogqsppmbawalteraraujo.jpg","articleSection":["Confraterniza\u00e7\u00f5es"],"inLanguage":"pt-BR","potentialAction":[{"@type":"CommentAction","name":"Comment","target":["https:\/\/blogdofarnesio.com.br\/?p=139882#respond"]}]},{"@type":"WebPage","@id":"https:\/\/blogdofarnesio.com.br\/?p=139882","url":"https:\/\/blogdofarnesio.com.br\/?p=139882","name":"COMANDANTE WALTER ARAUJO \u00c9 HOMENAGEADO PELA ALBA COM MEDALHA ESPECIAL - Blog do Farn\u00e9sio","isPartOf":{"@id":"https:\/\/blogdofarnesio.com.br\/#website"},"primaryImageOfPage":{"@id":"https:\/\/blogdofarnesio.com.br\/?p=139882#primaryimage"},"image":{"@id":"https:\/\/blogdofarnesio.com.br\/?p=139882#primaryimage"},"thumbnailUrl":"http:\/\/www.quersaberpolitica.com.br\/2016\/wp-content\/uploads\/2016\/03\/Blogqsppmbawalteraraujo.jpg","datePublished":"2016-04-01T10:41:28+00:00","breadcrumb":{"@id":"https:\/\/blogdofarnesio.com.br\/?p=139882#breadcrumb"},"inLanguage":"pt-BR","potentialAction":[{"@type":"ReadAction","target":["https:\/\/blogdofarnesio.com.br\/?p=139882"]}]},{"@type":"ImageObject","inLanguage":"pt-BR","@id":"https:\/\/blogdofarnesio.com.br\/?p=139882#primaryimage","url":"http:\/\/www.quersaberpolitica.com.br\/2016\/wp-content\/uploads\/2016\/03\/Blogqsppmbawalteraraujo.jpg","contentUrl":"http:\/\/www.quersaberpolitica.com.br\/2016\/wp-content\/uploads\/2016\/03\/Blogqsppmbawalteraraujo.jpg"},{"@type":"BreadcrumbList","@id":"https:\/\/blogdofarnesio.com.br\/?p=139882#breadcrumb","itemListElement":[{"@type":"ListItem","position":1,"name":"In\u00edcio","item":"https:\/\/blogdofarnesio.com.br\/"},{"@type":"ListItem","position":2,"name":"COMANDANTE WALTER ARAUJO \u00c9 HOMENAGEADO PELA ALBA COM MEDALHA ESPECIAL"}]},{"@type":"WebSite","@id":"https:\/\/blogdofarnesio.com.br\/#website","url":"https:\/\/blogdofarnesio.com.br\/","name":"Blog do Farn\u00e9sio","description":"Quer Saber Pol\u00edtica?","publisher":{"@id":"https:\/\/blogdofarnesio.com.br\/#organization"},"potentialAction":[{"@type":"SearchAction","target":{"@type":"EntryPoint","urlTemplate":"https:\/\/blogdofarnesio.com.br\/?s={search_term_string}"},"query-input":{"@type":"PropertyValueSpecification","valueRequired":true,"valueName":"search_term_string"}}],"inLanguage":"pt-BR"},{"@type":"Organization","@id":"https:\/\/blogdofarnesio.com.br\/#organization","name":"Blog do Farn\u00e9sio","url":"https:\/\/blogdofarnesio.com.br\/","logo":{"@type":"ImageObject","inLanguage":"pt-BR","@id":"https:\/\/blogdofarnesio.com.br\/#\/schema\/logo\/image\/","url":"https:\/\/blogdofarnesio.com.br\/wp-content\/uploads\/2026\/03\/cropped-logo_new-1.png","contentUrl":"https:\/\/blogdofarnesio.com.br\/wp-content\/uploads\/2026\/03\/cropped-logo_new-1.png","width":881,"height":685,"caption":"Blog do Farn\u00e9sio"},"image":{"@id":"https:\/\/blogdofarnesio.com.br\/#\/schema\/logo\/image\/"},"sameAs":["https:\/\/www.facebook.com\/BlogQuerSaberPolitica\/"]},{"@type":"Person","@id":"https:\/\/blogdofarnesio.com.br\/#\/schema\/person\/dd1bf5eba40b687199ba45ca6b97dff9","name":"teste","image":{"@type":"ImageObject","inLanguage":"pt-BR","@id":"https:\/\/secure.gravatar.com\/avatar\/2172498d4914b51e1d89a0f97957b035ac4938723a5cac208135d389b6972a6d?s=96&d=mm&r=g","url":"https:\/\/secure.gravatar.com\/avatar\/2172498d4914b51e1d89a0f97957b035ac4938723a5cac208135d389b6972a6d?s=96&d=mm&r=g","contentUrl":"https:\/\/secure.gravatar.com\/avatar\/2172498d4914b51e1d89a0f97957b035ac4938723a5cac208135d389b6972a6d?s=96&d=mm&r=g","caption":"teste"},"url":"https:\/\/blogdofarnesio.com.br\/?author=3"}]}},"_links":{"self":[{"href":"https:\/\/blogdofarnesio.com.br\/index.php?rest_route=\/wp\/v2\/posts\/139882","targetHints":{"allow":["GET"]}}],"collection":[{"href":"https:\/\/blogdofarnesio.com.br\/index.php?rest_route=\/wp\/v2\/posts"}],"about":[{"href":"https:\/\/blogdofarnesio.com.br\/index.php?rest_route=\/wp\/v2\/types\/post"}],"author":[{"embeddable":true,"href":"https:\/\/blogdofarnesio.com.br\/index.php?rest_route=\/wp\/v2\/users\/3"}],"replies":[{"embeddable":true,"href":"https:\/\/blogdofarnesio.com.br\/index.php?rest_route=%2Fwp%2Fv2%2Fcomments&post=139882"}],"version-history":[{"count":0,"href":"https:\/\/blogdofarnesio.com.br\/index.php?rest_route=\/wp\/v2\/posts\/139882\/revisions"}],"wp:attachment":[{"href":"https:\/\/blogdofarnesio.com.br\/index.php?rest_route=%2Fwp%2Fv2%2Fmedia&parent=139882"}],"wp:term":[{"taxonomy":"category","embeddable":true,"href":"https:\/\/blogdofarnesio.com.br\/index.php?rest_route=%2Fwp%2Fv2%2Fcategories&post=139882"},{"taxonomy":"post_tag","embeddable":true,"href":"https:\/\/blogdofarnesio.com.br\/index.php?rest_route=%2Fwp%2Fv2%2Ftags&post=139882"}],"curies":[{"name":"wp","href":"https:\/\/api.w.org\/{rel}","templated":true}]}}