{"id":13954,"date":"2012-05-15T22:00:02","date_gmt":"2012-05-15T22:00:02","guid":{"rendered":"http:\/\/www.quersaberpolitica.com.br?p=13954"},"modified":"-0001-11-30T00:00:00","modified_gmt":"-0001-11-30T03:00:00","slug":"seca-na-bahia-projetos-de-infraestrutura-hidrica-sao-discutidos-no-ministerio-do-planejamento","status":"publish","type":"post","link":"https:\/\/blogdofarnesio.com.br\/?p=13954","title":{"rendered":"Seca na Bahia: Projetos de infraestrutura h\u00eddrica s\u00e3o discutidos no Minist\u00e9rio do Planejamento"},"content":{"rendered":"<p style=\"text-align: justify;\"><span style=\"font-size: small;\"><span style=\"font-family: arial,helvetica,sans-serif;\"><a rel=\"lightbox\" href=\"http:\/\/www.quersaberpolitica.com.br\/2016\/wp-content\/uploads\/2012\/12\/blogqspwpinheiroplanejamento.jpg\"><img loading=\"lazy\" decoding=\"async\" style=\"float: left; margin: 5px 10px;\" src=\"http:\/\/www.quersaberpolitica.com.br\/2016\/wp-content\/uploads\/2012\/12\/blogqspwpinheiroplanejamento.jpg\" alt=\"\" width=\"200\" height=\"123\" \/><\/a>&#8220;Viemos  buscar solu&ccedil;&otilde;es perenizadoras para a seca considerada a mais severa dos  &uacute;ltimos 40 anos na Bahia&#8221;. Foi esse o coment&aacute;rio do senador Walter  Pinheiro (PT-BA) ao deixar, nesta segunda-feira (14), a reuni&atilde;o no  Minist&eacute;rio do Planejamento em que o governador Jaques Wagner e sua  equipe discutiram os principais projetos da Bahia na &aacute;rea de  infraestrutura h&iacute;drica com a ministra Mirian Belchior. As obras, com  prazo de execu&ccedil;&atilde;o de at&eacute; 18 meses, necessitam de recursos federais para  serem viabilizados. <\/span><\/span><\/p>\n<p style=\"text-align: justify;\"><span style=\"font-size: small;\"><span style=\"font-family: arial,helvetica,sans-serif;\">&#8220;A  proposta vem no sentido de agilizar os projetos dentro do plano de  trabalho apresentado pelo governo do Estado nessas iniciativas que chamo  de perenizadoras, al&eacute;m das a&ccedil;&otilde;es emergenciais, com respostas r&aacute;pidas &agrave;  popula&ccedil;&atilde;o atingida pela seca. S&atilde;o 26 projetos apresentados pelo  governador, 19 do governo da Bahia e sete para execu&ccedil;&atilde;o da Codevasf&#8221;,  completou Pinheiro, que &eacute; relator da Medida Provis&oacute;ria 565, que est&aacute;  sendo chamada de MP da Seca.<\/span><\/span><\/p>\n<p style=\"text-align: justify;\"><span style=\"font-size: small;\"><span style=\"font-family: arial,helvetica,sans-serif;\">De  acordo com o Escrit&oacute;rio de Representa&ccedil;&atilde;o do Governo da Bahia em  Bras&iacute;lia, o governador apresentou inicialmente como priorit&aacute;rias cinco  propostas: a libera&ccedil;&atilde;o de aditivo, no valor de R$ 18 milh&otilde;es, para a  amplia&ccedil;&atilde;o da primeira fase do projeto &Aacute;guas do Sert&atilde;o &#8211; inaugurada no  in&iacute;cio do m&ecirc;s; o repasse de R$ 104 milh&otilde;es para a segunda fase desse  projeto, que beneficiar&aacute; 79 localidades na Bahia; o Sistema Integrado de  Abastecimento de &Aacute;gua de Caetit&eacute;, no valor de R$ 40 milh&otilde;es; a Barragem  de Vit&oacute;ria da Conquista, cujo investimento &eacute; de R$ 130 milh&otilde;es; e o  Sistema Integrado de Abastecimento de &aacute;gua de Conquista, que custar&aacute; R$  68 milh&otilde;es.<\/span><\/span><\/p>\n<p style=\"text-align: justify;\"><span style=\"font-size: small;\"><span style=\"font-family: arial,helvetica,sans-serif;\">Participaram  tamb&eacute;m da discuss&atilde;o o secret&aacute;rio estadual Rui Costa (Casa Civil), os  presidentes da Embasa e da Cerb, Abelardo de Oliveira e Bento Ribeiro,  respectivamente, al&eacute;m de representantes dos minist&eacute;rios das Cidades,  Integra&ccedil;&atilde;o, Planejamento, da Casa Civil e da Presid&ecirc;ncia da Rep&uacute;blica.<\/span><\/span><\/p>\n<p style=\"text-align: justify;\"><span style=\"font-size: small;\"><span style=\"font-family: arial,helvetica,sans-serif;\"><br \/> foto: Luciano Ribeiro (Ascom\/MPOG)<br \/> <\/span><\/span><\/p>\n<p style=\"text-align: justify;\"><span style=\"font-size: small;\"><span style=\"font-family: arial,helvetica,sans-serif;\"><br \/> <\/span><\/span><\/p>\n","protected":false},"excerpt":{"rendered":"<p>&#8220;Viemos buscar solu&ccedil;&otilde;es perenizadoras para a seca considerada a mais severa dos &uacute;ltimos 40 anos na Bahia&#8221;. Foi esse o coment&aacute;rio do senador Walter Pinheiro (PT-BA) ao deixar, nesta segunda-feira (14), a reuni&atilde;o no Minist&eacute;rio do Planejamento em que o governador Jaques Wagner e sua equipe discutiram os principais projetos da Bahia na &aacute;rea de infraestrutura h&iacute;drica com a ministra Mirian Belchior. As obras, com prazo de execu&ccedil;&atilde;o de at&eacute; 18 meses, necessitam de recursos federais para serem viabilizados. &#8220;A proposta vem no sentido de agilizar os projetos dentro do plano de trabalho apresentado pelo governo do Estado nessas iniciativas que chamo de perenizadoras, al&eacute;m das a&ccedil;&otilde;es emergenciais, com respostas r&aacute;pidas &agrave; popula&ccedil;&atilde;o atingida pela seca. S&atilde;o 26 projetos apresentados&hellip; <\/p>\n","protected":false},"author":0,"featured_media":0,"comment_status":"open","ping_status":"open","sticky":false,"template":"","format":"standard","meta":{"_acf_changed":false,"footnotes":""},"categories":[13],"tags":[],"class_list":["post-13954","post","type-post","status-publish","format-standard","hentry","category-fruticultura"],"acf":[],"yoast_head":"<!-- This site is optimized with the Yoast SEO plugin v27.4 - https:\/\/yoast.com\/product\/yoast-seo-wordpress\/ -->\n<title>Seca na Bahia: Projetos de infraestrutura h\u00eddrica s\u00e3o discutidos no Minist\u00e9rio do Planejamento - Blog do Farn\u00e9sio<\/title>\n<meta name=\"robots\" content=\"index, follow, max-snippet:-1, max-image-preview:large, max-video-preview:-1\" \/>\n<link rel=\"canonical\" href=\"https:\/\/blogdofarnesio.com.br\/?p=13954\" \/>\n<meta property=\"og:locale\" content=\"pt_BR\" \/>\n<meta property=\"og:type\" content=\"article\" \/>\n<meta property=\"og:title\" content=\"Seca na Bahia: Projetos de infraestrutura h\u00eddrica s\u00e3o discutidos no Minist\u00e9rio do Planejamento - Blog do Farn\u00e9sio\" \/>\n<meta property=\"og:description\" content=\"&#8220;Viemos buscar solu&ccedil;&otilde;es perenizadoras para a seca considerada a mais severa dos &uacute;ltimos 40 anos na Bahia&#8221;. Foi esse o coment&aacute;rio do senador Walter Pinheiro (PT-BA) ao deixar, nesta segunda-feira (14), a reuni&atilde;o no Minist&eacute;rio do Planejamento em que o governador Jaques Wagner e sua equipe discutiram os principais projetos da Bahia na &aacute;rea de infraestrutura h&iacute;drica com a ministra Mirian Belchior. As obras, com prazo de execu&ccedil;&atilde;o de at&eacute; 18 meses, necessitam de recursos federais para serem viabilizados. &#8220;A proposta vem no sentido de agilizar os projetos dentro do plano de trabalho apresentado pelo governo do Estado nessas iniciativas que chamo de perenizadoras, al&eacute;m das a&ccedil;&otilde;es emergenciais, com respostas r&aacute;pidas &agrave; popula&ccedil;&atilde;o atingida pela seca. S&atilde;o 26 projetos apresentados&hellip;\" \/>\n<meta property=\"og:url\" content=\"https:\/\/blogdofarnesio.com.br\/?p=13954\" \/>\n<meta property=\"og:site_name\" content=\"Blog do Farn\u00e9sio\" \/>\n<meta property=\"article:publisher\" content=\"https:\/\/www.facebook.com\/BlogQuerSaberPolitica\/\" \/>\n<meta property=\"article:published_time\" content=\"2012-05-15T22:00:02+00:00\" \/>\n<meta property=\"og:image\" content=\"http:\/\/www.quersaberpolitica.com.br\/2016\/wp-content\/uploads\/2012\/12\/blogqspwpinheiroplanejamento.jpg\" \/>\n<meta name=\"twitter:card\" content=\"summary_large_image\" \/>\n<meta name=\"twitter:label1\" content=\"Est. tempo de leitura\" \/>\n\t<meta name=\"twitter:data1\" content=\"2 minutos\" \/>\n<script type=\"application\/ld+json\" class=\"yoast-schema-graph\">{\"@context\":\"https:\\\/\\\/schema.org\",\"@graph\":[{\"@type\":\"Article\",\"@id\":\"https:\\\/\\\/blogdofarnesio.com.br\\\/?p=13954#article\",\"isPartOf\":{\"@id\":\"https:\\\/\\\/blogdofarnesio.com.br\\\/?p=13954\"},\"author\":{\"name\":\"\",\"@id\":\"\"},\"headline\":\"Seca na Bahia: Projetos de infraestrutura h\u00eddrica s\u00e3o discutidos no Minist\u00e9rio do Planejamento\",\"datePublished\":\"2012-05-15T22:00:02+00:00\",\"mainEntityOfPage\":{\"@id\":\"https:\\\/\\\/blogdofarnesio.com.br\\\/?p=13954\"},\"wordCount\":401,\"commentCount\":0,\"publisher\":{\"@id\":\"https:\\\/\\\/blogdofarnesio.com.br\\\/#organization\"},\"image\":{\"@id\":\"https:\\\/\\\/blogdofarnesio.com.br\\\/?p=13954#primaryimage\"},\"thumbnailUrl\":\"http:\\\/\\\/www.quersaberpolitica.com.br\\\/2016\\\/wp-content\\\/uploads\\\/2012\\\/12\\\/blogqspwpinheiroplanejamento.jpg\",\"articleSection\":[\"Fruticultura\"],\"inLanguage\":\"pt-BR\",\"potentialAction\":[{\"@type\":\"CommentAction\",\"name\":\"Comment\",\"target\":[\"https:\\\/\\\/blogdofarnesio.com.br\\\/?p=13954#respond\"]}]},{\"@type\":\"WebPage\",\"@id\":\"https:\\\/\\\/blogdofarnesio.com.br\\\/?p=13954\",\"url\":\"https:\\\/\\\/blogdofarnesio.com.br\\\/?p=13954\",\"name\":\"Seca na Bahia: Projetos de infraestrutura h\u00eddrica s\u00e3o discutidos no Minist\u00e9rio do Planejamento - Blog do Farn\u00e9sio\",\"isPartOf\":{\"@id\":\"https:\\\/\\\/blogdofarnesio.com.br\\\/#website\"},\"primaryImageOfPage\":{\"@id\":\"https:\\\/\\\/blogdofarnesio.com.br\\\/?p=13954#primaryimage\"},\"image\":{\"@id\":\"https:\\\/\\\/blogdofarnesio.com.br\\\/?p=13954#primaryimage\"},\"thumbnailUrl\":\"http:\\\/\\\/www.quersaberpolitica.com.br\\\/2016\\\/wp-content\\\/uploads\\\/2012\\\/12\\\/blogqspwpinheiroplanejamento.jpg\",\"datePublished\":\"2012-05-15T22:00:02+00:00\",\"breadcrumb\":{\"@id\":\"https:\\\/\\\/blogdofarnesio.com.br\\\/?p=13954#breadcrumb\"},\"inLanguage\":\"pt-BR\",\"potentialAction\":[{\"@type\":\"ReadAction\",\"target\":[\"https:\\\/\\\/blogdofarnesio.com.br\\\/?p=13954\"]}]},{\"@type\":\"ImageObject\",\"inLanguage\":\"pt-BR\",\"@id\":\"https:\\\/\\\/blogdofarnesio.com.br\\\/?p=13954#primaryimage\",\"url\":\"http:\\\/\\\/www.quersaberpolitica.com.br\\\/2016\\\/wp-content\\\/uploads\\\/2012\\\/12\\\/blogqspwpinheiroplanejamento.jpg\",\"contentUrl\":\"http:\\\/\\\/www.quersaberpolitica.com.br\\\/2016\\\/wp-content\\\/uploads\\\/2012\\\/12\\\/blogqspwpinheiroplanejamento.jpg\"},{\"@type\":\"BreadcrumbList\",\"@id\":\"https:\\\/\\\/blogdofarnesio.com.br\\\/?p=13954#breadcrumb\",\"itemListElement\":[{\"@type\":\"ListItem\",\"position\":1,\"name\":\"In\u00edcio\",\"item\":\"https:\\\/\\\/blogdofarnesio.com.br\\\/\"},{\"@type\":\"ListItem\",\"position\":2,\"name\":\"Seca na Bahia: Projetos de infraestrutura h\u00eddrica s\u00e3o discutidos no Minist\u00e9rio do Planejamento\"}]},{\"@type\":\"WebSite\",\"@id\":\"https:\\\/\\\/blogdofarnesio.com.br\\\/#website\",\"url\":\"https:\\\/\\\/blogdofarnesio.com.br\\\/\",\"name\":\"Blog do Farn\u00e9sio\",\"description\":\"Quer Saber Pol\u00edtica?\",\"publisher\":{\"@id\":\"https:\\\/\\\/blogdofarnesio.com.br\\\/#organization\"},\"potentialAction\":[{\"@type\":\"SearchAction\",\"target\":{\"@type\":\"EntryPoint\",\"urlTemplate\":\"https:\\\/\\\/blogdofarnesio.com.br\\\/?s={search_term_string}\"},\"query-input\":{\"@type\":\"PropertyValueSpecification\",\"valueRequired\":true,\"valueName\":\"search_term_string\"}}],\"inLanguage\":\"pt-BR\"},{\"@type\":\"Organization\",\"@id\":\"https:\\\/\\\/blogdofarnesio.com.br\\\/#organization\",\"name\":\"Blog do Farn\u00e9sio\",\"url\":\"https:\\\/\\\/blogdofarnesio.com.br\\\/\",\"logo\":{\"@type\":\"ImageObject\",\"inLanguage\":\"pt-BR\",\"@id\":\"https:\\\/\\\/blogdofarnesio.com.br\\\/#\\\/schema\\\/logo\\\/image\\\/\",\"url\":\"https:\\\/\\\/blogdofarnesio.com.br\\\/wp-content\\\/uploads\\\/2026\\\/03\\\/cropped-logo_new-1.png\",\"contentUrl\":\"https:\\\/\\\/blogdofarnesio.com.br\\\/wp-content\\\/uploads\\\/2026\\\/03\\\/cropped-logo_new-1.png\",\"width\":881,\"height\":685,\"caption\":\"Blog do Farn\u00e9sio\"},\"image\":{\"@id\":\"https:\\\/\\\/blogdofarnesio.com.br\\\/#\\\/schema\\\/logo\\\/image\\\/\"},\"sameAs\":[\"https:\\\/\\\/www.facebook.com\\\/BlogQuerSaberPolitica\\\/\"]}]}<\/script>\n<!-- \/ Yoast SEO plugin. -->","yoast_head_json":{"title":"Seca na Bahia: Projetos de infraestrutura h\u00eddrica s\u00e3o discutidos no Minist\u00e9rio do Planejamento - Blog do Farn\u00e9sio","robots":{"index":"index","follow":"follow","max-snippet":"max-snippet:-1","max-image-preview":"max-image-preview:large","max-video-preview":"max-video-preview:-1"},"canonical":"https:\/\/blogdofarnesio.com.br\/?p=13954","og_locale":"pt_BR","og_type":"article","og_title":"Seca na Bahia: Projetos de infraestrutura h\u00eddrica s\u00e3o discutidos no Minist\u00e9rio do Planejamento - Blog do Farn\u00e9sio","og_description":"&#8220;Viemos buscar solu&ccedil;&otilde;es perenizadoras para a seca considerada a mais severa dos &uacute;ltimos 40 anos na Bahia&#8221;. Foi esse o coment&aacute;rio do senador Walter Pinheiro (PT-BA) ao deixar, nesta segunda-feira (14), a reuni&atilde;o no Minist&eacute;rio do Planejamento em que o governador Jaques Wagner e sua equipe discutiram os principais projetos da Bahia na &aacute;rea de infraestrutura h&iacute;drica com a ministra Mirian Belchior. As obras, com prazo de execu&ccedil;&atilde;o de at&eacute; 18 meses, necessitam de recursos federais para serem viabilizados. &#8220;A proposta vem no sentido de agilizar os projetos dentro do plano de trabalho apresentado pelo governo do Estado nessas iniciativas que chamo de perenizadoras, al&eacute;m das a&ccedil;&otilde;es emergenciais, com respostas r&aacute;pidas &agrave; popula&ccedil;&atilde;o atingida pela seca. S&atilde;o 26 projetos apresentados&hellip;","og_url":"https:\/\/blogdofarnesio.com.br\/?p=13954","og_site_name":"Blog do Farn\u00e9sio","article_publisher":"https:\/\/www.facebook.com\/BlogQuerSaberPolitica\/","article_published_time":"2012-05-15T22:00:02+00:00","og_image":[{"url":"http:\/\/www.quersaberpolitica.com.br\/2016\/wp-content\/uploads\/2012\/12\/blogqspwpinheiroplanejamento.jpg","type":"","width":"","height":""}],"twitter_card":"summary_large_image","twitter_misc":{"Est. tempo de leitura":"2 minutos"},"schema":{"@context":"https:\/\/schema.org","@graph":[{"@type":"Article","@id":"https:\/\/blogdofarnesio.com.br\/?p=13954#article","isPartOf":{"@id":"https:\/\/blogdofarnesio.com.br\/?p=13954"},"author":{"name":"","@id":""},"headline":"Seca na Bahia: Projetos de infraestrutura h\u00eddrica s\u00e3o discutidos no Minist\u00e9rio do Planejamento","datePublished":"2012-05-15T22:00:02+00:00","mainEntityOfPage":{"@id":"https:\/\/blogdofarnesio.com.br\/?p=13954"},"wordCount":401,"commentCount":0,"publisher":{"@id":"https:\/\/blogdofarnesio.com.br\/#organization"},"image":{"@id":"https:\/\/blogdofarnesio.com.br\/?p=13954#primaryimage"},"thumbnailUrl":"http:\/\/www.quersaberpolitica.com.br\/2016\/wp-content\/uploads\/2012\/12\/blogqspwpinheiroplanejamento.jpg","articleSection":["Fruticultura"],"inLanguage":"pt-BR","potentialAction":[{"@type":"CommentAction","name":"Comment","target":["https:\/\/blogdofarnesio.com.br\/?p=13954#respond"]}]},{"@type":"WebPage","@id":"https:\/\/blogdofarnesio.com.br\/?p=13954","url":"https:\/\/blogdofarnesio.com.br\/?p=13954","name":"Seca na Bahia: Projetos de infraestrutura h\u00eddrica s\u00e3o discutidos no Minist\u00e9rio do Planejamento - Blog do Farn\u00e9sio","isPartOf":{"@id":"https:\/\/blogdofarnesio.com.br\/#website"},"primaryImageOfPage":{"@id":"https:\/\/blogdofarnesio.com.br\/?p=13954#primaryimage"},"image":{"@id":"https:\/\/blogdofarnesio.com.br\/?p=13954#primaryimage"},"thumbnailUrl":"http:\/\/www.quersaberpolitica.com.br\/2016\/wp-content\/uploads\/2012\/12\/blogqspwpinheiroplanejamento.jpg","datePublished":"2012-05-15T22:00:02+00:00","breadcrumb":{"@id":"https:\/\/blogdofarnesio.com.br\/?p=13954#breadcrumb"},"inLanguage":"pt-BR","potentialAction":[{"@type":"ReadAction","target":["https:\/\/blogdofarnesio.com.br\/?p=13954"]}]},{"@type":"ImageObject","inLanguage":"pt-BR","@id":"https:\/\/blogdofarnesio.com.br\/?p=13954#primaryimage","url":"http:\/\/www.quersaberpolitica.com.br\/2016\/wp-content\/uploads\/2012\/12\/blogqspwpinheiroplanejamento.jpg","contentUrl":"http:\/\/www.quersaberpolitica.com.br\/2016\/wp-content\/uploads\/2012\/12\/blogqspwpinheiroplanejamento.jpg"},{"@type":"BreadcrumbList","@id":"https:\/\/blogdofarnesio.com.br\/?p=13954#breadcrumb","itemListElement":[{"@type":"ListItem","position":1,"name":"In\u00edcio","item":"https:\/\/blogdofarnesio.com.br\/"},{"@type":"ListItem","position":2,"name":"Seca na Bahia: Projetos de infraestrutura h\u00eddrica s\u00e3o discutidos no Minist\u00e9rio do Planejamento"}]},{"@type":"WebSite","@id":"https:\/\/blogdofarnesio.com.br\/#website","url":"https:\/\/blogdofarnesio.com.br\/","name":"Blog do Farn\u00e9sio","description":"Quer Saber Pol\u00edtica?","publisher":{"@id":"https:\/\/blogdofarnesio.com.br\/#organization"},"potentialAction":[{"@type":"SearchAction","target":{"@type":"EntryPoint","urlTemplate":"https:\/\/blogdofarnesio.com.br\/?s={search_term_string}"},"query-input":{"@type":"PropertyValueSpecification","valueRequired":true,"valueName":"search_term_string"}}],"inLanguage":"pt-BR"},{"@type":"Organization","@id":"https:\/\/blogdofarnesio.com.br\/#organization","name":"Blog do Farn\u00e9sio","url":"https:\/\/blogdofarnesio.com.br\/","logo":{"@type":"ImageObject","inLanguage":"pt-BR","@id":"https:\/\/blogdofarnesio.com.br\/#\/schema\/logo\/image\/","url":"https:\/\/blogdofarnesio.com.br\/wp-content\/uploads\/2026\/03\/cropped-logo_new-1.png","contentUrl":"https:\/\/blogdofarnesio.com.br\/wp-content\/uploads\/2026\/03\/cropped-logo_new-1.png","width":881,"height":685,"caption":"Blog do Farn\u00e9sio"},"image":{"@id":"https:\/\/blogdofarnesio.com.br\/#\/schema\/logo\/image\/"},"sameAs":["https:\/\/www.facebook.com\/BlogQuerSaberPolitica\/"]}]}},"_links":{"self":[{"href":"https:\/\/blogdofarnesio.com.br\/index.php?rest_route=\/wp\/v2\/posts\/13954","targetHints":{"allow":["GET"]}}],"collection":[{"href":"https:\/\/blogdofarnesio.com.br\/index.php?rest_route=\/wp\/v2\/posts"}],"about":[{"href":"https:\/\/blogdofarnesio.com.br\/index.php?rest_route=\/wp\/v2\/types\/post"}],"replies":[{"embeddable":true,"href":"https:\/\/blogdofarnesio.com.br\/index.php?rest_route=%2Fwp%2Fv2%2Fcomments&post=13954"}],"version-history":[{"count":0,"href":"https:\/\/blogdofarnesio.com.br\/index.php?rest_route=\/wp\/v2\/posts\/13954\/revisions"}],"wp:attachment":[{"href":"https:\/\/blogdofarnesio.com.br\/index.php?rest_route=%2Fwp%2Fv2%2Fmedia&parent=13954"}],"wp:term":[{"taxonomy":"category","embeddable":true,"href":"https:\/\/blogdofarnesio.com.br\/index.php?rest_route=%2Fwp%2Fv2%2Fcategories&post=13954"},{"taxonomy":"post_tag","embeddable":true,"href":"https:\/\/blogdofarnesio.com.br\/index.php?rest_route=%2Fwp%2Fv2%2Ftags&post=13954"}],"curies":[{"name":"wp","href":"https:\/\/api.w.org\/{rel}","templated":true}]}}