{"id":13937,"date":"2012-05-14T17:30:15","date_gmt":"2012-05-14T17:30:15","guid":{"rendered":"http:\/\/www.quersaberpolitica.com.br?p=13937"},"modified":"2012-05-14T14:17:29","modified_gmt":"2012-05-14T14:17:29","slug":"suspensao-de-voos-da-tam-causa-protesto-de-empresarios-de-petrolina-e-juazeiro","status":"publish","type":"post","link":"https:\/\/blogdofarnesio.com.br\/?p=13937","title":{"rendered":"Suspens\u00e3o de v\u00f4os da TAM causa protesto de empres\u00e1rios de Petrolina e Juazeiro"},"content":{"rendered":"<p>&nbsp;<\/p>\n<p style=\"text-align: justify;\"><span style=\"font-size: medium;\"><span style=\"font-family: arial, helvetica, sans-serif;\"><a rel=\"lightbox\" href=\"http:\/\/www.quersaberpolitica.com.br\/2016\/wp-content\/uploads\/2012\/12\/blogqspaerop1.jpg\"><img loading=\"lazy\" decoding=\"async\" style=\"float: left; margin-top: 5px; margin-bottom: 5px; margin-left: 10px; margin-right: 10px;\" src=\"http:\/\/www.quersaberpolitica.com.br\/2016\/wp-content\/uploads\/2012\/12\/blogqspaerop1.jpg\" alt=\"\" width=\"200\" height=\"133\" \/><\/a>Mesmo com o aumento de passageiros embarcando no aeroporto de Petrolina, a empresa Transportes A&eacute;reos de Mar&iacute;lia, TAM, suspendeu conex&otilde;es na cidade, o que terminou por prejudicar empres&aacute;rios do agroneg&oacute;cio de Petrolina e Juazeiro, que tem no suporte a&eacute;reo a partir do Aeroporto Nilo Coelho, deslocamento r&aacute;pido para as principais capitais do pa&iacute;s.<\/span><\/span><\/p>\n<p style=\"text-align: justify;\">&nbsp;<\/p>\n<h2 class=\"tituloPostagem\" style=\"text-align: justify;\"><span style=\"font-weight: normal;\"><span style=\"font-size: medium;\"><span style=\"font-family: arial, helvetica, sans-serif;\"><span style=\"font-weight: normal;\">As companhias a&eacute;reas est&atilde;o deixando de atender a cidades de pequeno e m&eacute;dio portes, reduzindo ainda mais as op&ccedil;&otilde;es dos passageiros. A Gol cancelou voos noturnos para diversos destinos, e a TAM parou de voar para&nbsp;<\/span>Petrolina<span style=\"font-weight: normal;\">&nbsp;em abril.<\/span><\/span><\/span><\/span><\/h2>\n<h2 class=\"tituloPostagem\" style=\"text-align: justify;\"><span style=\"font-weight: normal;\"><span style=\"font-size: medium;\"><span style=\"font-family: arial, helvetica, sans-serif;\"><span style=\"font-weight: normal;\">Reportagem publicada pelo GLOBO ontem mostrou que os usu&aacute;rios do transporte a&eacute;reo no Brasil est&atilde;o cada vez mais nas m&atilde;os das companhias a&eacute;reas, que pecam com frequ&ecirc;ncia na qualidade do servi&ccedil;o, por falta de uma fiscaliza&ccedil;&atilde;o mais efetiva da Ag&ecirc;ncia Nacional de Avia&ccedil;&atilde;o Civil (Anac). O corte se soma &agrave; falta de op&ccedil;&atilde;o de voos para algumas cidades. Para ir do Rio a Porto Seguro, por exemplo, o passageiro tem apenas duas op&ccedil;&otilde;es, segundo a Anac: ir pela Gol, saindo do Gale&atilde;o, ou pela regional Trip, partindo do Santos Dumont. Leia mais em&nbsp;<\/span><a style=\"font-weight: normal;\" href=\"http:\/\/oglobo.globo.com\/economia\/companhias-aereas-reduzem-rotas-de-cidades-menores-4888813\" target=\"_blank\">O Globo<\/a><span style=\"font-weight: normal;\">.<\/span><\/span><\/span><\/span><\/h2>\n<p>&nbsp;<\/p>\n","protected":false},"excerpt":{"rendered":"<p>&nbsp; Mesmo com o aumento de passageiros embarcando no aeroporto de Petrolina, a empresa Transportes A&eacute;reos de Mar&iacute;lia, TAM, suspendeu conex&otilde;es na cidade, o que terminou por prejudicar empres&aacute;rios do agroneg&oacute;cio de Petrolina e Juazeiro, que tem no suporte a&eacute;reo a partir do Aeroporto Nilo Coelho, deslocamento r&aacute;pido para as principais capitais do pa&iacute;s. &nbsp; As companhias a&eacute;reas est&atilde;o deixando de atender a cidades de pequeno e m&eacute;dio portes, reduzindo ainda mais as op&ccedil;&otilde;es dos passageiros. A Gol cancelou voos noturnos para diversos destinos, e a TAM parou de voar para&nbsp;Petrolina&nbsp;em abril. Reportagem publicada pelo GLOBO ontem mostrou que os usu&aacute;rios do transporte a&eacute;reo no Brasil est&atilde;o cada vez mais nas m&atilde;os das companhias a&eacute;reas, que pecam com frequ&ecirc;ncia na&hellip; <\/p>\n","protected":false},"author":0,"featured_media":0,"comment_status":"open","ping_status":"open","sticky":false,"template":"","format":"standard","meta":{"_acf_changed":false,"footnotes":""},"categories":[20],"tags":[],"class_list":["post-13937","post","type-post","status-publish","format-standard","hentry","category-economia"],"acf":[],"yoast_head":"<!-- This site is optimized with the Yoast SEO plugin v27.4 - https:\/\/yoast.com\/product\/yoast-seo-wordpress\/ -->\n<title>Suspens\u00e3o de v\u00f4os da TAM causa protesto de empres\u00e1rios de Petrolina e Juazeiro - Blog do Farn\u00e9sio<\/title>\n<meta name=\"robots\" content=\"index, follow, max-snippet:-1, max-image-preview:large, max-video-preview:-1\" \/>\n<link rel=\"canonical\" href=\"https:\/\/blogdofarnesio.com.br\/?p=13937\" \/>\n<meta property=\"og:locale\" content=\"pt_BR\" \/>\n<meta property=\"og:type\" content=\"article\" \/>\n<meta property=\"og:title\" content=\"Suspens\u00e3o de v\u00f4os da TAM causa protesto de empres\u00e1rios de Petrolina e Juazeiro - Blog do Farn\u00e9sio\" \/>\n<meta property=\"og:description\" content=\"&nbsp; Mesmo com o aumento de passageiros embarcando no aeroporto de Petrolina, a empresa Transportes A&eacute;reos de Mar&iacute;lia, TAM, suspendeu conex&otilde;es na cidade, o que terminou por prejudicar empres&aacute;rios do agroneg&oacute;cio de Petrolina e Juazeiro, que tem no suporte a&eacute;reo a partir do Aeroporto Nilo Coelho, deslocamento r&aacute;pido para as principais capitais do pa&iacute;s. &nbsp; As companhias a&eacute;reas est&atilde;o deixando de atender a cidades de pequeno e m&eacute;dio portes, reduzindo ainda mais as op&ccedil;&otilde;es dos passageiros. A Gol cancelou voos noturnos para diversos destinos, e a TAM parou de voar para&nbsp;Petrolina&nbsp;em abril. Reportagem publicada pelo GLOBO ontem mostrou que os usu&aacute;rios do transporte a&eacute;reo no Brasil est&atilde;o cada vez mais nas m&atilde;os das companhias a&eacute;reas, que pecam com frequ&ecirc;ncia na&hellip;\" \/>\n<meta property=\"og:url\" content=\"https:\/\/blogdofarnesio.com.br\/?p=13937\" \/>\n<meta property=\"og:site_name\" content=\"Blog do Farn\u00e9sio\" \/>\n<meta property=\"article:publisher\" content=\"https:\/\/www.facebook.com\/BlogQuerSaberPolitica\/\" \/>\n<meta property=\"article:published_time\" content=\"2012-05-14T17:30:15+00:00\" \/>\n<meta property=\"og:image\" content=\"http:\/\/www.quersaberpolitica.com.br\/2016\/wp-content\/uploads\/2012\/12\/blogqspaerop1.jpg\" \/>\n<meta name=\"twitter:card\" content=\"summary_large_image\" \/>\n<meta name=\"twitter:label1\" content=\"Est. tempo de leitura\" \/>\n\t<meta name=\"twitter:data1\" content=\"1 minuto\" \/>\n<script type=\"application\/ld+json\" class=\"yoast-schema-graph\">{\"@context\":\"https:\\\/\\\/schema.org\",\"@graph\":[{\"@type\":\"Article\",\"@id\":\"https:\\\/\\\/blogdofarnesio.com.br\\\/?p=13937#article\",\"isPartOf\":{\"@id\":\"https:\\\/\\\/blogdofarnesio.com.br\\\/?p=13937\"},\"author\":{\"name\":\"\",\"@id\":\"\"},\"headline\":\"Suspens\u00e3o de v\u00f4os da TAM causa protesto de empres\u00e1rios de Petrolina e Juazeiro\",\"datePublished\":\"2012-05-14T17:30:15+00:00\",\"mainEntityOfPage\":{\"@id\":\"https:\\\/\\\/blogdofarnesio.com.br\\\/?p=13937\"},\"wordCount\":264,\"commentCount\":0,\"publisher\":{\"@id\":\"https:\\\/\\\/blogdofarnesio.com.br\\\/#organization\"},\"image\":{\"@id\":\"https:\\\/\\\/blogdofarnesio.com.br\\\/?p=13937#primaryimage\"},\"thumbnailUrl\":\"http:\\\/\\\/www.quersaberpolitica.com.br\\\/2016\\\/wp-content\\\/uploads\\\/2012\\\/12\\\/blogqspaerop1.jpg\",\"articleSection\":[\"Economia\"],\"inLanguage\":\"pt-BR\",\"potentialAction\":[{\"@type\":\"CommentAction\",\"name\":\"Comment\",\"target\":[\"https:\\\/\\\/blogdofarnesio.com.br\\\/?p=13937#respond\"]}]},{\"@type\":\"WebPage\",\"@id\":\"https:\\\/\\\/blogdofarnesio.com.br\\\/?p=13937\",\"url\":\"https:\\\/\\\/blogdofarnesio.com.br\\\/?p=13937\",\"name\":\"Suspens\u00e3o de v\u00f4os da TAM causa protesto de empres\u00e1rios de Petrolina e Juazeiro - Blog do Farn\u00e9sio\",\"isPartOf\":{\"@id\":\"https:\\\/\\\/blogdofarnesio.com.br\\\/#website\"},\"primaryImageOfPage\":{\"@id\":\"https:\\\/\\\/blogdofarnesio.com.br\\\/?p=13937#primaryimage\"},\"image\":{\"@id\":\"https:\\\/\\\/blogdofarnesio.com.br\\\/?p=13937#primaryimage\"},\"thumbnailUrl\":\"http:\\\/\\\/www.quersaberpolitica.com.br\\\/2016\\\/wp-content\\\/uploads\\\/2012\\\/12\\\/blogqspaerop1.jpg\",\"datePublished\":\"2012-05-14T17:30:15+00:00\",\"breadcrumb\":{\"@id\":\"https:\\\/\\\/blogdofarnesio.com.br\\\/?p=13937#breadcrumb\"},\"inLanguage\":\"pt-BR\",\"potentialAction\":[{\"@type\":\"ReadAction\",\"target\":[\"https:\\\/\\\/blogdofarnesio.com.br\\\/?p=13937\"]}]},{\"@type\":\"ImageObject\",\"inLanguage\":\"pt-BR\",\"@id\":\"https:\\\/\\\/blogdofarnesio.com.br\\\/?p=13937#primaryimage\",\"url\":\"http:\\\/\\\/www.quersaberpolitica.com.br\\\/2016\\\/wp-content\\\/uploads\\\/2012\\\/12\\\/blogqspaerop1.jpg\",\"contentUrl\":\"http:\\\/\\\/www.quersaberpolitica.com.br\\\/2016\\\/wp-content\\\/uploads\\\/2012\\\/12\\\/blogqspaerop1.jpg\"},{\"@type\":\"BreadcrumbList\",\"@id\":\"https:\\\/\\\/blogdofarnesio.com.br\\\/?p=13937#breadcrumb\",\"itemListElement\":[{\"@type\":\"ListItem\",\"position\":1,\"name\":\"In\u00edcio\",\"item\":\"https:\\\/\\\/blogdofarnesio.com.br\\\/\"},{\"@type\":\"ListItem\",\"position\":2,\"name\":\"Suspens\u00e3o de v\u00f4os da TAM causa protesto de empres\u00e1rios de Petrolina e Juazeiro\"}]},{\"@type\":\"WebSite\",\"@id\":\"https:\\\/\\\/blogdofarnesio.com.br\\\/#website\",\"url\":\"https:\\\/\\\/blogdofarnesio.com.br\\\/\",\"name\":\"Blog do Farn\u00e9sio\",\"description\":\"Quer Saber Pol\u00edtica?\",\"publisher\":{\"@id\":\"https:\\\/\\\/blogdofarnesio.com.br\\\/#organization\"},\"potentialAction\":[{\"@type\":\"SearchAction\",\"target\":{\"@type\":\"EntryPoint\",\"urlTemplate\":\"https:\\\/\\\/blogdofarnesio.com.br\\\/?s={search_term_string}\"},\"query-input\":{\"@type\":\"PropertyValueSpecification\",\"valueRequired\":true,\"valueName\":\"search_term_string\"}}],\"inLanguage\":\"pt-BR\"},{\"@type\":\"Organization\",\"@id\":\"https:\\\/\\\/blogdofarnesio.com.br\\\/#organization\",\"name\":\"Blog do Farn\u00e9sio\",\"url\":\"https:\\\/\\\/blogdofarnesio.com.br\\\/\",\"logo\":{\"@type\":\"ImageObject\",\"inLanguage\":\"pt-BR\",\"@id\":\"https:\\\/\\\/blogdofarnesio.com.br\\\/#\\\/schema\\\/logo\\\/image\\\/\",\"url\":\"https:\\\/\\\/blogdofarnesio.com.br\\\/wp-content\\\/uploads\\\/2026\\\/03\\\/cropped-logo_new-1.png\",\"contentUrl\":\"https:\\\/\\\/blogdofarnesio.com.br\\\/wp-content\\\/uploads\\\/2026\\\/03\\\/cropped-logo_new-1.png\",\"width\":881,\"height\":685,\"caption\":\"Blog do Farn\u00e9sio\"},\"image\":{\"@id\":\"https:\\\/\\\/blogdofarnesio.com.br\\\/#\\\/schema\\\/logo\\\/image\\\/\"},\"sameAs\":[\"https:\\\/\\\/www.facebook.com\\\/BlogQuerSaberPolitica\\\/\"]}]}<\/script>\n<!-- \/ Yoast SEO plugin. -->","yoast_head_json":{"title":"Suspens\u00e3o de v\u00f4os da TAM causa protesto de empres\u00e1rios de Petrolina e Juazeiro - Blog do Farn\u00e9sio","robots":{"index":"index","follow":"follow","max-snippet":"max-snippet:-1","max-image-preview":"max-image-preview:large","max-video-preview":"max-video-preview:-1"},"canonical":"https:\/\/blogdofarnesio.com.br\/?p=13937","og_locale":"pt_BR","og_type":"article","og_title":"Suspens\u00e3o de v\u00f4os da TAM causa protesto de empres\u00e1rios de Petrolina e Juazeiro - Blog do Farn\u00e9sio","og_description":"&nbsp; Mesmo com o aumento de passageiros embarcando no aeroporto de Petrolina, a empresa Transportes A&eacute;reos de Mar&iacute;lia, TAM, suspendeu conex&otilde;es na cidade, o que terminou por prejudicar empres&aacute;rios do agroneg&oacute;cio de Petrolina e Juazeiro, que tem no suporte a&eacute;reo a partir do Aeroporto Nilo Coelho, deslocamento r&aacute;pido para as principais capitais do pa&iacute;s. &nbsp; As companhias a&eacute;reas est&atilde;o deixando de atender a cidades de pequeno e m&eacute;dio portes, reduzindo ainda mais as op&ccedil;&otilde;es dos passageiros. A Gol cancelou voos noturnos para diversos destinos, e a TAM parou de voar para&nbsp;Petrolina&nbsp;em abril. Reportagem publicada pelo GLOBO ontem mostrou que os usu&aacute;rios do transporte a&eacute;reo no Brasil est&atilde;o cada vez mais nas m&atilde;os das companhias a&eacute;reas, que pecam com frequ&ecirc;ncia na&hellip;","og_url":"https:\/\/blogdofarnesio.com.br\/?p=13937","og_site_name":"Blog do Farn\u00e9sio","article_publisher":"https:\/\/www.facebook.com\/BlogQuerSaberPolitica\/","article_published_time":"2012-05-14T17:30:15+00:00","og_image":[{"url":"http:\/\/www.quersaberpolitica.com.br\/2016\/wp-content\/uploads\/2012\/12\/blogqspaerop1.jpg","type":"","width":"","height":""}],"twitter_card":"summary_large_image","twitter_misc":{"Est. tempo de leitura":"1 minuto"},"schema":{"@context":"https:\/\/schema.org","@graph":[{"@type":"Article","@id":"https:\/\/blogdofarnesio.com.br\/?p=13937#article","isPartOf":{"@id":"https:\/\/blogdofarnesio.com.br\/?p=13937"},"author":{"name":"","@id":""},"headline":"Suspens\u00e3o de v\u00f4os da TAM causa protesto de empres\u00e1rios de Petrolina e Juazeiro","datePublished":"2012-05-14T17:30:15+00:00","mainEntityOfPage":{"@id":"https:\/\/blogdofarnesio.com.br\/?p=13937"},"wordCount":264,"commentCount":0,"publisher":{"@id":"https:\/\/blogdofarnesio.com.br\/#organization"},"image":{"@id":"https:\/\/blogdofarnesio.com.br\/?p=13937#primaryimage"},"thumbnailUrl":"http:\/\/www.quersaberpolitica.com.br\/2016\/wp-content\/uploads\/2012\/12\/blogqspaerop1.jpg","articleSection":["Economia"],"inLanguage":"pt-BR","potentialAction":[{"@type":"CommentAction","name":"Comment","target":["https:\/\/blogdofarnesio.com.br\/?p=13937#respond"]}]},{"@type":"WebPage","@id":"https:\/\/blogdofarnesio.com.br\/?p=13937","url":"https:\/\/blogdofarnesio.com.br\/?p=13937","name":"Suspens\u00e3o de v\u00f4os da TAM causa protesto de empres\u00e1rios de Petrolina e Juazeiro - Blog do Farn\u00e9sio","isPartOf":{"@id":"https:\/\/blogdofarnesio.com.br\/#website"},"primaryImageOfPage":{"@id":"https:\/\/blogdofarnesio.com.br\/?p=13937#primaryimage"},"image":{"@id":"https:\/\/blogdofarnesio.com.br\/?p=13937#primaryimage"},"thumbnailUrl":"http:\/\/www.quersaberpolitica.com.br\/2016\/wp-content\/uploads\/2012\/12\/blogqspaerop1.jpg","datePublished":"2012-05-14T17:30:15+00:00","breadcrumb":{"@id":"https:\/\/blogdofarnesio.com.br\/?p=13937#breadcrumb"},"inLanguage":"pt-BR","potentialAction":[{"@type":"ReadAction","target":["https:\/\/blogdofarnesio.com.br\/?p=13937"]}]},{"@type":"ImageObject","inLanguage":"pt-BR","@id":"https:\/\/blogdofarnesio.com.br\/?p=13937#primaryimage","url":"http:\/\/www.quersaberpolitica.com.br\/2016\/wp-content\/uploads\/2012\/12\/blogqspaerop1.jpg","contentUrl":"http:\/\/www.quersaberpolitica.com.br\/2016\/wp-content\/uploads\/2012\/12\/blogqspaerop1.jpg"},{"@type":"BreadcrumbList","@id":"https:\/\/blogdofarnesio.com.br\/?p=13937#breadcrumb","itemListElement":[{"@type":"ListItem","position":1,"name":"In\u00edcio","item":"https:\/\/blogdofarnesio.com.br\/"},{"@type":"ListItem","position":2,"name":"Suspens\u00e3o de v\u00f4os da TAM causa protesto de empres\u00e1rios de Petrolina e Juazeiro"}]},{"@type":"WebSite","@id":"https:\/\/blogdofarnesio.com.br\/#website","url":"https:\/\/blogdofarnesio.com.br\/","name":"Blog do Farn\u00e9sio","description":"Quer Saber Pol\u00edtica?","publisher":{"@id":"https:\/\/blogdofarnesio.com.br\/#organization"},"potentialAction":[{"@type":"SearchAction","target":{"@type":"EntryPoint","urlTemplate":"https:\/\/blogdofarnesio.com.br\/?s={search_term_string}"},"query-input":{"@type":"PropertyValueSpecification","valueRequired":true,"valueName":"search_term_string"}}],"inLanguage":"pt-BR"},{"@type":"Organization","@id":"https:\/\/blogdofarnesio.com.br\/#organization","name":"Blog do Farn\u00e9sio","url":"https:\/\/blogdofarnesio.com.br\/","logo":{"@type":"ImageObject","inLanguage":"pt-BR","@id":"https:\/\/blogdofarnesio.com.br\/#\/schema\/logo\/image\/","url":"https:\/\/blogdofarnesio.com.br\/wp-content\/uploads\/2026\/03\/cropped-logo_new-1.png","contentUrl":"https:\/\/blogdofarnesio.com.br\/wp-content\/uploads\/2026\/03\/cropped-logo_new-1.png","width":881,"height":685,"caption":"Blog do Farn\u00e9sio"},"image":{"@id":"https:\/\/blogdofarnesio.com.br\/#\/schema\/logo\/image\/"},"sameAs":["https:\/\/www.facebook.com\/BlogQuerSaberPolitica\/"]}]}},"_links":{"self":[{"href":"https:\/\/blogdofarnesio.com.br\/index.php?rest_route=\/wp\/v2\/posts\/13937","targetHints":{"allow":["GET"]}}],"collection":[{"href":"https:\/\/blogdofarnesio.com.br\/index.php?rest_route=\/wp\/v2\/posts"}],"about":[{"href":"https:\/\/blogdofarnesio.com.br\/index.php?rest_route=\/wp\/v2\/types\/post"}],"replies":[{"embeddable":true,"href":"https:\/\/blogdofarnesio.com.br\/index.php?rest_route=%2Fwp%2Fv2%2Fcomments&post=13937"}],"version-history":[{"count":0,"href":"https:\/\/blogdofarnesio.com.br\/index.php?rest_route=\/wp\/v2\/posts\/13937\/revisions"}],"wp:attachment":[{"href":"https:\/\/blogdofarnesio.com.br\/index.php?rest_route=%2Fwp%2Fv2%2Fmedia&parent=13937"}],"wp:term":[{"taxonomy":"category","embeddable":true,"href":"https:\/\/blogdofarnesio.com.br\/index.php?rest_route=%2Fwp%2Fv2%2Fcategories&post=13937"},{"taxonomy":"post_tag","embeddable":true,"href":"https:\/\/blogdofarnesio.com.br\/index.php?rest_route=%2Fwp%2Fv2%2Ftags&post=13937"}],"curies":[{"name":"wp","href":"https:\/\/api.w.org\/{rel}","templated":true}]}}