{"id":139303,"date":"2016-03-19T17:00:53","date_gmt":"2016-03-19T20:00:53","guid":{"rendered":"http:\/\/www.quersaberpolitica.com.br\/?p=139303"},"modified":"2016-03-19T14:52:33","modified_gmt":"2016-03-19T17:52:33","slug":"nao-existe-almoco-ou-jantar-de-graca-quem-esta-pagando-a-conta","status":"publish","type":"post","link":"https:\/\/blogdofarnesio.com.br\/?p=139303","title":{"rendered":"N\u00c3O EXISTE ALMO\u00c7O OU JANTAR DE GRA\u00c7A, QUEM EST\u00c1 PAGANDO A CONTA?"},"content":{"rendered":"<div style=\"text-align: justify\">PAULO AZAMBUJA FILHO<\/div>\n<div style=\"text-align: justify\"><\/div>\n<div style=\"text-align: justify\"><img loading=\"lazy\" decoding=\"async\" class=\"  wp-image-26382 alignleft\" src=\"http:\/\/www.quersaberpolitica.com.br\/2016\/wp-content\/uploads\/2013\/02\/blogqspopiniao2.jpg\" alt=\"blogqspopiniao2\" width=\"204\" height=\"142\" \/>Em algum momento dessa semana, eu que sou um dentre tantos os filhos adotiva e n\u00e3o &#8220;titulado&#8221; dessa terra mas aqui morando e trabalhando h\u00e1 d\u00e9cadas, tenho que revelar que ao ver nas m\u00e3os de um amigo de prest\u00edgio um envelope contendo um belo convite, confeccionado em papel fino, senti uma ponta de inveja.<\/div>\n<div style=\"text-align: justify\"><\/div>\n<div style=\"text-align: justify\">De forma pomposa a nossa sociedade foi convidada para prestigiar a entrega do T\u00cdTULO DE CIDAD\u00c3O JUAZEIRENSE ao ex-funcion\u00e1rio da fam\u00edlia do Prefeito e atual Secret\u00e1rio de Governo o SR. PAULO BOMFIM no \u00faltimo dia 18 no sal\u00e3o principal do Centro de Multi eventos da UNIVASF.<\/div>\n<div style=\"text-align: justify\"><\/div>\n<div style=\"text-align: justify\">Sem nada a opor a concess\u00e3o de t\u00e3o importante honraria pois o mesmo escolheu Juazeiro para morar e a sorte o direcionou para caminhos distantes da suas aptid\u00f5es e o transformou num homem importante da administra\u00e7\u00e3o p\u00fablica local, apesar de lhe faltar experi\u00eancia e compet\u00eancia para o cargo de tal envergadura.<\/div>\n<div style=\"text-align: justify\"><\/div>\n<div style=\"text-align: justify\">\u00c9 h\u00e1bito da CASA LEGISLATIVA proceder as solenidades de outorga nas suas depend\u00eancias e sempre no seu sal\u00e3o plen\u00e1rio independente da condi\u00e7\u00e3o econ\u00f4mica ou social do agraciado e para ilustrar o que falo, recentemente o SENADOR OTTO ALENCAR passou por l\u00e1 recebendo tal honraria.<\/div>\n<div style=\"text-align: justify\"><\/div>\n<div style=\"text-align: justify\">Coincidentemente, h\u00e1 bem pouco tempo o atual Diretor do SAAE , \u00a0Sr JOAQUIM NETO promoveu numa luxuos\u00edssima casa de eventos uma festa apote\u00f3tica para a mesma finalidade. Todos os juazeirenses que os conhecem sabem que os dois neo comunistas adv\u00e9m da mesma origem funcional e sem revelarem qualquer sinais de compet\u00eancia para a responsabilidade de dirigirem a sexta maior cidade do Estado despontam como os nomes da prefer\u00eancia do atual mandat\u00e1rio para suced\u00ea-lo.<\/div>\n<div style=\"text-align: justify\"><\/div>\n<div style=\"text-align: justify\">Acreditamos que essas mudan\u00e7as de endere\u00e7os para a realiza\u00e7\u00e3o de tais eventos em locais caros e com toda a apoteose com que se apresentam \u00e9 apenas uma defer\u00eancia do Legislativo Municipal e para satisfazer ao gosto do agraciado, naturalmente sem \u00f4nus para o er\u00e1rio p\u00fablico.<\/div>\n<div style=\"text-align: justify\"><\/div>\n<div style=\"text-align: justify\">Nesses \u00faltimos dias os servidores municipais tem se agrupados por categorias e promovidos paralisa\u00e7\u00f5es com o objetivo de pressionar a administra\u00e7\u00e3o a lhes concederem os reajustes devidos. Ali\u00e1s, essa pr\u00e1tica est\u00e1 disseminada por todo pa\u00eds diante da mais grave crise econ\u00f4mica dos \u00faltimos 25 anos e resultado do desgoverno do PT e do seu parceiro siam\u00eas o PCdoB, partido do nosso Prefeito.<\/div>\n<div style=\"text-align: justify\"><\/div>\n<div style=\"text-align: justify\">Voltando ao fato que \u00e9 objeto desse texto e invocando o dito popular de que &#8220;quem nunca comeu mel, quando come se lambuza&#8221;, por tratar-se de ocupantes de cargos de confian\u00e7a da municipalidade, com origem conhecidas e assalariados, seria de bom alvitre o povo saber com transpar\u00eancia, quem realmente est\u00e1 pagando essa conta?<\/div>\n<div style=\"text-align: justify\"><\/div>\n<div style=\"text-align: justify\">PAULO AZAMBUJA FILHO<\/div>\n<div style=\"text-align: justify\">Juazeirense SEM T\u00cdTULO<\/div>\n","protected":false},"excerpt":{"rendered":"<p>PAULO AZAMBUJA FILHO Em algum momento dessa semana, eu que sou um dentre tantos os filhos adotiva e n\u00e3o &#8220;titulado&#8221; dessa terra mas aqui morando e trabalhando h\u00e1 d\u00e9cadas, tenho que revelar que ao ver nas m\u00e3os de um amigo de prest\u00edgio um envelope contendo um belo convite, confeccionado em papel fino, senti uma ponta de inveja. De forma pomposa a nossa sociedade foi convidada para prestigiar a entrega do T\u00cdTULO DE CIDAD\u00c3O JUAZEIRENSE ao ex-funcion\u00e1rio da fam\u00edlia do Prefeito e atual Secret\u00e1rio de Governo o SR. PAULO BOMFIM no \u00faltimo dia 18 no sal\u00e3o principal do Centro de Multi eventos da UNIVASF. Sem nada a opor a concess\u00e3o de t\u00e3o importante honraria pois o mesmo escolheu Juazeiro para morar&hellip; <\/p>\n","protected":false},"author":7,"featured_media":0,"comment_status":"open","ping_status":"open","sticky":false,"template":"","format":"standard","meta":{"_acf_changed":false,"footnotes":""},"categories":[30],"tags":[],"class_list":["post-139303","post","type-post","status-publish","format-standard","hentry","category-artigo"],"acf":[],"yoast_head":"<!-- This site is optimized with the Yoast SEO plugin v27.4 - https:\/\/yoast.com\/product\/yoast-seo-wordpress\/ -->\n<title>N\u00c3O EXISTE ALMO\u00c7O OU JANTAR DE GRA\u00c7A, QUEM EST\u00c1 PAGANDO A CONTA? - Blog do Farn\u00e9sio<\/title>\n<meta name=\"robots\" content=\"index, follow, max-snippet:-1, max-image-preview:large, max-video-preview:-1\" \/>\n<link rel=\"canonical\" href=\"https:\/\/blogdofarnesio.com.br\/?p=139303\" \/>\n<meta property=\"og:locale\" content=\"pt_BR\" \/>\n<meta property=\"og:type\" content=\"article\" \/>\n<meta property=\"og:title\" content=\"N\u00c3O EXISTE ALMO\u00c7O OU JANTAR DE GRA\u00c7A, QUEM EST\u00c1 PAGANDO A CONTA? - Blog do Farn\u00e9sio\" \/>\n<meta property=\"og:description\" content=\"PAULO AZAMBUJA FILHO Em algum momento dessa semana, eu que sou um dentre tantos os filhos adotiva e n\u00e3o &#8220;titulado&#8221; dessa terra mas aqui morando e trabalhando h\u00e1 d\u00e9cadas, tenho que revelar que ao ver nas m\u00e3os de um amigo de prest\u00edgio um envelope contendo um belo convite, confeccionado em papel fino, senti uma ponta de inveja. De forma pomposa a nossa sociedade foi convidada para prestigiar a entrega do T\u00cdTULO DE CIDAD\u00c3O JUAZEIRENSE ao ex-funcion\u00e1rio da fam\u00edlia do Prefeito e atual Secret\u00e1rio de Governo o SR. PAULO BOMFIM no \u00faltimo dia 18 no sal\u00e3o principal do Centro de Multi eventos da UNIVASF. Sem nada a opor a concess\u00e3o de t\u00e3o importante honraria pois o mesmo escolheu Juazeiro para morar&hellip;\" \/>\n<meta property=\"og:url\" content=\"https:\/\/blogdofarnesio.com.br\/?p=139303\" \/>\n<meta property=\"og:site_name\" content=\"Blog do Farn\u00e9sio\" \/>\n<meta property=\"article:publisher\" content=\"https:\/\/www.facebook.com\/BlogQuerSaberPolitica\/\" \/>\n<meta property=\"article:published_time\" content=\"2016-03-19T20:00:53+00:00\" \/>\n<meta property=\"og:image\" content=\"http:\/\/www.quersaberpolitica.com.br\/2016\/wp-content\/uploads\/2013\/02\/blogqspopiniao2.jpg\" \/>\n<meta name=\"twitter:card\" content=\"summary_large_image\" \/>\n<meta name=\"twitter:label1\" content=\"Escrito por\" \/>\n\t<meta name=\"twitter:data1\" content=\"\" \/>\n\t<meta name=\"twitter:label2\" content=\"Est. tempo de leitura\" \/>\n\t<meta name=\"twitter:data2\" content=\"2 minutos\" \/>\n<script type=\"application\/ld+json\" class=\"yoast-schema-graph\">{\"@context\":\"https:\\\/\\\/schema.org\",\"@graph\":[{\"@type\":\"Article\",\"@id\":\"https:\\\/\\\/blogdofarnesio.com.br\\\/?p=139303#article\",\"isPartOf\":{\"@id\":\"https:\\\/\\\/blogdofarnesio.com.br\\\/?p=139303\"},\"author\":{\"name\":\"\",\"@id\":\"\"},\"headline\":\"N\u00c3O EXISTE ALMO\u00c7O OU JANTAR DE GRA\u00c7A, QUEM EST\u00c1 PAGANDO A CONTA?\",\"datePublished\":\"2016-03-19T20:00:53+00:00\",\"mainEntityOfPage\":{\"@id\":\"https:\\\/\\\/blogdofarnesio.com.br\\\/?p=139303\"},\"wordCount\":492,\"commentCount\":0,\"publisher\":{\"@id\":\"https:\\\/\\\/blogdofarnesio.com.br\\\/#organization\"},\"image\":{\"@id\":\"https:\\\/\\\/blogdofarnesio.com.br\\\/?p=139303#primaryimage\"},\"thumbnailUrl\":\"http:\\\/\\\/www.quersaberpolitica.com.br\\\/2016\\\/wp-content\\\/uploads\\\/2013\\\/02\\\/blogqspopiniao2.jpg\",\"articleSection\":[\"Artigo\"],\"inLanguage\":\"pt-BR\",\"potentialAction\":[{\"@type\":\"CommentAction\",\"name\":\"Comment\",\"target\":[\"https:\\\/\\\/blogdofarnesio.com.br\\\/?p=139303#respond\"]}]},{\"@type\":\"WebPage\",\"@id\":\"https:\\\/\\\/blogdofarnesio.com.br\\\/?p=139303\",\"url\":\"https:\\\/\\\/blogdofarnesio.com.br\\\/?p=139303\",\"name\":\"N\u00c3O EXISTE ALMO\u00c7O OU JANTAR DE GRA\u00c7A, QUEM EST\u00c1 PAGANDO A CONTA? - Blog do Farn\u00e9sio\",\"isPartOf\":{\"@id\":\"https:\\\/\\\/blogdofarnesio.com.br\\\/#website\"},\"primaryImageOfPage\":{\"@id\":\"https:\\\/\\\/blogdofarnesio.com.br\\\/?p=139303#primaryimage\"},\"image\":{\"@id\":\"https:\\\/\\\/blogdofarnesio.com.br\\\/?p=139303#primaryimage\"},\"thumbnailUrl\":\"http:\\\/\\\/www.quersaberpolitica.com.br\\\/2016\\\/wp-content\\\/uploads\\\/2013\\\/02\\\/blogqspopiniao2.jpg\",\"datePublished\":\"2016-03-19T20:00:53+00:00\",\"breadcrumb\":{\"@id\":\"https:\\\/\\\/blogdofarnesio.com.br\\\/?p=139303#breadcrumb\"},\"inLanguage\":\"pt-BR\",\"potentialAction\":[{\"@type\":\"ReadAction\",\"target\":[\"https:\\\/\\\/blogdofarnesio.com.br\\\/?p=139303\"]}]},{\"@type\":\"ImageObject\",\"inLanguage\":\"pt-BR\",\"@id\":\"https:\\\/\\\/blogdofarnesio.com.br\\\/?p=139303#primaryimage\",\"url\":\"http:\\\/\\\/www.quersaberpolitica.com.br\\\/2016\\\/wp-content\\\/uploads\\\/2013\\\/02\\\/blogqspopiniao2.jpg\",\"contentUrl\":\"http:\\\/\\\/www.quersaberpolitica.com.br\\\/2016\\\/wp-content\\\/uploads\\\/2013\\\/02\\\/blogqspopiniao2.jpg\"},{\"@type\":\"BreadcrumbList\",\"@id\":\"https:\\\/\\\/blogdofarnesio.com.br\\\/?p=139303#breadcrumb\",\"itemListElement\":[{\"@type\":\"ListItem\",\"position\":1,\"name\":\"In\u00edcio\",\"item\":\"https:\\\/\\\/blogdofarnesio.com.br\\\/\"},{\"@type\":\"ListItem\",\"position\":2,\"name\":\"N\u00c3O EXISTE ALMO\u00c7O OU JANTAR DE GRA\u00c7A, QUEM EST\u00c1 PAGANDO A CONTA?\"}]},{\"@type\":\"WebSite\",\"@id\":\"https:\\\/\\\/blogdofarnesio.com.br\\\/#website\",\"url\":\"https:\\\/\\\/blogdofarnesio.com.br\\\/\",\"name\":\"Blog do Farn\u00e9sio\",\"description\":\"Quer Saber Pol\u00edtica?\",\"publisher\":{\"@id\":\"https:\\\/\\\/blogdofarnesio.com.br\\\/#organization\"},\"potentialAction\":[{\"@type\":\"SearchAction\",\"target\":{\"@type\":\"EntryPoint\",\"urlTemplate\":\"https:\\\/\\\/blogdofarnesio.com.br\\\/?s={search_term_string}\"},\"query-input\":{\"@type\":\"PropertyValueSpecification\",\"valueRequired\":true,\"valueName\":\"search_term_string\"}}],\"inLanguage\":\"pt-BR\"},{\"@type\":\"Organization\",\"@id\":\"https:\\\/\\\/blogdofarnesio.com.br\\\/#organization\",\"name\":\"Blog do Farn\u00e9sio\",\"url\":\"https:\\\/\\\/blogdofarnesio.com.br\\\/\",\"logo\":{\"@type\":\"ImageObject\",\"inLanguage\":\"pt-BR\",\"@id\":\"https:\\\/\\\/blogdofarnesio.com.br\\\/#\\\/schema\\\/logo\\\/image\\\/\",\"url\":\"https:\\\/\\\/blogdofarnesio.com.br\\\/wp-content\\\/uploads\\\/2026\\\/03\\\/cropped-logo_new-1.png\",\"contentUrl\":\"https:\\\/\\\/blogdofarnesio.com.br\\\/wp-content\\\/uploads\\\/2026\\\/03\\\/cropped-logo_new-1.png\",\"width\":881,\"height\":685,\"caption\":\"Blog do Farn\u00e9sio\"},\"image\":{\"@id\":\"https:\\\/\\\/blogdofarnesio.com.br\\\/#\\\/schema\\\/logo\\\/image\\\/\"},\"sameAs\":[\"https:\\\/\\\/www.facebook.com\\\/BlogQuerSaberPolitica\\\/\"]},{\"@type\":\"Person\",\"@id\":\"\",\"url\":\"https:\\\/\\\/blogdofarnesio.com.br\\\/?author=7\"}]}<\/script>\n<!-- \/ Yoast SEO plugin. -->","yoast_head_json":{"title":"N\u00c3O EXISTE ALMO\u00c7O OU JANTAR DE GRA\u00c7A, QUEM EST\u00c1 PAGANDO A CONTA? - Blog do Farn\u00e9sio","robots":{"index":"index","follow":"follow","max-snippet":"max-snippet:-1","max-image-preview":"max-image-preview:large","max-video-preview":"max-video-preview:-1"},"canonical":"https:\/\/blogdofarnesio.com.br\/?p=139303","og_locale":"pt_BR","og_type":"article","og_title":"N\u00c3O EXISTE ALMO\u00c7O OU JANTAR DE GRA\u00c7A, QUEM EST\u00c1 PAGANDO A CONTA? - Blog do Farn\u00e9sio","og_description":"PAULO AZAMBUJA FILHO Em algum momento dessa semana, eu que sou um dentre tantos os filhos adotiva e n\u00e3o &#8220;titulado&#8221; dessa terra mas aqui morando e trabalhando h\u00e1 d\u00e9cadas, tenho que revelar que ao ver nas m\u00e3os de um amigo de prest\u00edgio um envelope contendo um belo convite, confeccionado em papel fino, senti uma ponta de inveja. De forma pomposa a nossa sociedade foi convidada para prestigiar a entrega do T\u00cdTULO DE CIDAD\u00c3O JUAZEIRENSE ao ex-funcion\u00e1rio da fam\u00edlia do Prefeito e atual Secret\u00e1rio de Governo o SR. PAULO BOMFIM no \u00faltimo dia 18 no sal\u00e3o principal do Centro de Multi eventos da UNIVASF. Sem nada a opor a concess\u00e3o de t\u00e3o importante honraria pois o mesmo escolheu Juazeiro para morar&hellip;","og_url":"https:\/\/blogdofarnesio.com.br\/?p=139303","og_site_name":"Blog do Farn\u00e9sio","article_publisher":"https:\/\/www.facebook.com\/BlogQuerSaberPolitica\/","article_published_time":"2016-03-19T20:00:53+00:00","og_image":[{"url":"http:\/\/www.quersaberpolitica.com.br\/2016\/wp-content\/uploads\/2013\/02\/blogqspopiniao2.jpg","type":"","width":"","height":""}],"twitter_card":"summary_large_image","twitter_misc":{"Escrito por":"","Est. tempo de leitura":"2 minutos"},"schema":{"@context":"https:\/\/schema.org","@graph":[{"@type":"Article","@id":"https:\/\/blogdofarnesio.com.br\/?p=139303#article","isPartOf":{"@id":"https:\/\/blogdofarnesio.com.br\/?p=139303"},"author":{"name":"","@id":""},"headline":"N\u00c3O EXISTE ALMO\u00c7O OU JANTAR DE GRA\u00c7A, QUEM EST\u00c1 PAGANDO A CONTA?","datePublished":"2016-03-19T20:00:53+00:00","mainEntityOfPage":{"@id":"https:\/\/blogdofarnesio.com.br\/?p=139303"},"wordCount":492,"commentCount":0,"publisher":{"@id":"https:\/\/blogdofarnesio.com.br\/#organization"},"image":{"@id":"https:\/\/blogdofarnesio.com.br\/?p=139303#primaryimage"},"thumbnailUrl":"http:\/\/www.quersaberpolitica.com.br\/2016\/wp-content\/uploads\/2013\/02\/blogqspopiniao2.jpg","articleSection":["Artigo"],"inLanguage":"pt-BR","potentialAction":[{"@type":"CommentAction","name":"Comment","target":["https:\/\/blogdofarnesio.com.br\/?p=139303#respond"]}]},{"@type":"WebPage","@id":"https:\/\/blogdofarnesio.com.br\/?p=139303","url":"https:\/\/blogdofarnesio.com.br\/?p=139303","name":"N\u00c3O EXISTE ALMO\u00c7O OU JANTAR DE GRA\u00c7A, QUEM EST\u00c1 PAGANDO A CONTA? - Blog do Farn\u00e9sio","isPartOf":{"@id":"https:\/\/blogdofarnesio.com.br\/#website"},"primaryImageOfPage":{"@id":"https:\/\/blogdofarnesio.com.br\/?p=139303#primaryimage"},"image":{"@id":"https:\/\/blogdofarnesio.com.br\/?p=139303#primaryimage"},"thumbnailUrl":"http:\/\/www.quersaberpolitica.com.br\/2016\/wp-content\/uploads\/2013\/02\/blogqspopiniao2.jpg","datePublished":"2016-03-19T20:00:53+00:00","breadcrumb":{"@id":"https:\/\/blogdofarnesio.com.br\/?p=139303#breadcrumb"},"inLanguage":"pt-BR","potentialAction":[{"@type":"ReadAction","target":["https:\/\/blogdofarnesio.com.br\/?p=139303"]}]},{"@type":"ImageObject","inLanguage":"pt-BR","@id":"https:\/\/blogdofarnesio.com.br\/?p=139303#primaryimage","url":"http:\/\/www.quersaberpolitica.com.br\/2016\/wp-content\/uploads\/2013\/02\/blogqspopiniao2.jpg","contentUrl":"http:\/\/www.quersaberpolitica.com.br\/2016\/wp-content\/uploads\/2013\/02\/blogqspopiniao2.jpg"},{"@type":"BreadcrumbList","@id":"https:\/\/blogdofarnesio.com.br\/?p=139303#breadcrumb","itemListElement":[{"@type":"ListItem","position":1,"name":"In\u00edcio","item":"https:\/\/blogdofarnesio.com.br\/"},{"@type":"ListItem","position":2,"name":"N\u00c3O EXISTE ALMO\u00c7O OU JANTAR DE GRA\u00c7A, QUEM EST\u00c1 PAGANDO A CONTA?"}]},{"@type":"WebSite","@id":"https:\/\/blogdofarnesio.com.br\/#website","url":"https:\/\/blogdofarnesio.com.br\/","name":"Blog do Farn\u00e9sio","description":"Quer Saber Pol\u00edtica?","publisher":{"@id":"https:\/\/blogdofarnesio.com.br\/#organization"},"potentialAction":[{"@type":"SearchAction","target":{"@type":"EntryPoint","urlTemplate":"https:\/\/blogdofarnesio.com.br\/?s={search_term_string}"},"query-input":{"@type":"PropertyValueSpecification","valueRequired":true,"valueName":"search_term_string"}}],"inLanguage":"pt-BR"},{"@type":"Organization","@id":"https:\/\/blogdofarnesio.com.br\/#organization","name":"Blog do Farn\u00e9sio","url":"https:\/\/blogdofarnesio.com.br\/","logo":{"@type":"ImageObject","inLanguage":"pt-BR","@id":"https:\/\/blogdofarnesio.com.br\/#\/schema\/logo\/image\/","url":"https:\/\/blogdofarnesio.com.br\/wp-content\/uploads\/2026\/03\/cropped-logo_new-1.png","contentUrl":"https:\/\/blogdofarnesio.com.br\/wp-content\/uploads\/2026\/03\/cropped-logo_new-1.png","width":881,"height":685,"caption":"Blog do Farn\u00e9sio"},"image":{"@id":"https:\/\/blogdofarnesio.com.br\/#\/schema\/logo\/image\/"},"sameAs":["https:\/\/www.facebook.com\/BlogQuerSaberPolitica\/"]},{"@type":"Person","@id":"","url":"https:\/\/blogdofarnesio.com.br\/?author=7"}]}},"_links":{"self":[{"href":"https:\/\/blogdofarnesio.com.br\/index.php?rest_route=\/wp\/v2\/posts\/139303","targetHints":{"allow":["GET"]}}],"collection":[{"href":"https:\/\/blogdofarnesio.com.br\/index.php?rest_route=\/wp\/v2\/posts"}],"about":[{"href":"https:\/\/blogdofarnesio.com.br\/index.php?rest_route=\/wp\/v2\/types\/post"}],"author":[{"embeddable":true,"href":"https:\/\/blogdofarnesio.com.br\/index.php?rest_route=\/wp\/v2\/users\/7"}],"replies":[{"embeddable":true,"href":"https:\/\/blogdofarnesio.com.br\/index.php?rest_route=%2Fwp%2Fv2%2Fcomments&post=139303"}],"version-history":[{"count":0,"href":"https:\/\/blogdofarnesio.com.br\/index.php?rest_route=\/wp\/v2\/posts\/139303\/revisions"}],"wp:attachment":[{"href":"https:\/\/blogdofarnesio.com.br\/index.php?rest_route=%2Fwp%2Fv2%2Fmedia&parent=139303"}],"wp:term":[{"taxonomy":"category","embeddable":true,"href":"https:\/\/blogdofarnesio.com.br\/index.php?rest_route=%2Fwp%2Fv2%2Fcategories&post=139303"},{"taxonomy":"post_tag","embeddable":true,"href":"https:\/\/blogdofarnesio.com.br\/index.php?rest_route=%2Fwp%2Fv2%2Ftags&post=139303"}],"curies":[{"name":"wp","href":"https:\/\/api.w.org\/{rel}","templated":true}]}}