{"id":139252,"date":"2016-03-19T16:00:42","date_gmt":"2016-03-19T19:00:42","guid":{"rendered":"http:\/\/www.quersaberpolitica.com.br\/?p=139252"},"modified":"2016-03-19T10:07:20","modified_gmt":"2016-03-19T13:07:20","slug":"paroquia-nossa-senhora-das-grotas-se-prepara-para-a-semana-santa-em-juazeiro","status":"publish","type":"post","link":"https:\/\/blogdofarnesio.com.br\/?p=139252","title":{"rendered":"PAR\u00d3QUIA NOSSA SENHORA DAS GROTAS SE PREPARA PARA A SEMANA SANTA, EM JUAZEIRO"},"content":{"rendered":"<p style=\"text-align: justify\"><a href=\"http:\/\/www.quersaberpolitica.com.br\/2016\/wp-content\/uploads\/2016\/03\/blogqsp-programa\u00e7\u00e3osemanasanta.jpg\"><img loading=\"lazy\" decoding=\"async\" class=\" size-full wp-image-139253 aligncenter\" src=\"http:\/\/www.quersaberpolitica.com.br\/2016\/wp-content\/uploads\/2016\/03\/blogqsp-programa\u00e7\u00e3osemanasanta.jpg\" alt=\"blogqsp-programa\u00e7\u00e3osemanasanta\" width=\"448\" height=\"139\" srcset=\"https:\/\/blogdofarnesio.com.br\/wp-content\/uploads\/2016\/03\/blogqsp-programa\u00e7\u00e3osemanasanta.jpg 448w, https:\/\/blogdofarnesio.com.br\/wp-content\/uploads\/2016\/03\/blogqsp-programa\u00e7\u00e3osemanasanta-300x93.jpg 300w\" sizes=\"auto, (max-width: 448px) 100vw, 448px\" \/><\/a><\/p>\n<p style=\"text-align: justify\">A\u00a0Par\u00f3quia Nossa Senhora das Grotas, catedral santu\u00e1rio de Juazeiro,\u00a0j\u00e1\u00a0se\u00a0prepara\u00a0para\u00a0recordar\u00a0a\u00a0Paix\u00e3o,\u00a0Morte\u00a0e\u00a0Ressurrei\u00e7\u00e3o\u00a0de Cristo. A Semana\u00a0Santa\u00a0come\u00e7a no pr\u00f3ximo dia 20 de Mar\u00e7o,\u00a0quando\u00a0\u00e9\u00a0celebrado\u00a0o Domingo de Ramos.<\/p>\n<p style=\"text-align: justify\">\u00a0A Semana Santa marca o fim da quaresma no calend\u00e1rio lit\u00fargico da Igreja Cat\u00f3lica. Em todo o Brasil, cerca de 115 milh\u00f5es de pessoas s\u00e3o cat\u00f3licas e participam das tradi\u00e7\u00f5es do per\u00edodo mais importante para a Igreja.<\/p>\n<p style=\"text-align: justify\">\u00a0A programa\u00e7\u00e3o de celebra\u00e7\u00f5es oficiais das comunidades da par\u00f3quia da Catedral come\u00e7am no Domingo, dia 20,com a prociss\u00e3o de Ramos saindo do bairro S\u00e3o Geraldo \u00e0s 17h30.<\/p>\n<p style=\"text-align: justify\">Esse ano a tradicional missa dos santos \u00f3leos ser\u00e1 realizada na igreja de Nossa Senhora Aparecida, par\u00f3quia situada no bairro Jo\u00e3o Paulo II, Zona Sul de Juazeiro. \u00c0s 19h30<\/p>\n<p style=\"text-align: justify\">Durante a semana haver\u00e1 missa de Lava-p\u00e9s na quinta-feira, na sexta a celebra\u00e7\u00e3o da Paix\u00e3o do Senhor e via-sacra, s\u00e1bado acontece a Vig\u00edlia Pascal e finaliza no domingo de p\u00e1scoa com a celebra\u00e7\u00e3o da Missa da Ressurrei\u00e7\u00e3o. Durante essa semana, cada dia tem uma representa\u00e7\u00e3o especial com celebra\u00e7\u00f5es que refletem sobre o Evangelho.<\/p>\n<p style=\"text-align: justify\">Na tradi\u00e7\u00e3o crist\u00e3, a Semana Santa \u00e9 um per\u00edodo de reflex\u00e3o e ora\u00e7\u00e3o, porque foi quando Jesus Cristo revelou sua Paix\u00e3o pelas criaturas de Deus e deu a pr\u00f3pria vida para a remiss\u00e3o dos pecados.<\/p>\n<p style=\"text-align: justify\">O P\u00e1roco da Catedral Josemar Mota faz o convite aos fi\u00e9is. \u201cO Senhor nos convida a \u00a0sermos disc\u00edpulos, testemunha deste amor e desta perd\u00e3o. Por isto nos perguntamos: Como celebrar hoje o mist\u00e9rio \u00a0de Cristo presente na humanidade? Como descer da cruz os crucificados? Vivemos o drama da desigualdade, da fome, da mis\u00e9ria, da corrup\u00e7\u00e3o, da migra\u00e7\u00e3o, que desfigura \u00a0a imagem de Deus em cada irm\u00e3o\u201d, ressalta.<\/p>\n<p>Confira abaixo a programa\u00e7\u00e3o completa da Semana Santa:<\/p>\n<p><a href=\"http:\/\/www.quersaberpolitica.com.br\/2016\/wp-content\/uploads\/2016\/03\/blogqsp-programa\u00e7\u00e3o-semanasanta-juazeiro.jpg\"><img loading=\"lazy\" decoding=\"async\" class=\"  wp-image-139254 aligncenter\" src=\"http:\/\/www.quersaberpolitica.com.br\/2016\/wp-content\/uploads\/2016\/03\/blogqsp-programa\u00e7\u00e3o-semanasanta-juazeiro.jpg\" alt=\"blogqsp-programa\u00e7\u00e3o-semanasanta-juazeiro\" width=\"370\" height=\"518\" \/><\/a><\/p>\n<p>&nbsp;<\/p>\n<p><em>Ascom<\/em><\/p>\n","protected":false},"excerpt":{"rendered":"<p>A\u00a0Par\u00f3quia Nossa Senhora das Grotas, catedral santu\u00e1rio de Juazeiro,\u00a0j\u00e1\u00a0se\u00a0prepara\u00a0para\u00a0recordar\u00a0a\u00a0Paix\u00e3o,\u00a0Morte\u00a0e\u00a0Ressurrei\u00e7\u00e3o\u00a0de Cristo. A Semana\u00a0Santa\u00a0come\u00e7a no pr\u00f3ximo dia 20 de Mar\u00e7o,\u00a0quando\u00a0\u00e9\u00a0celebrado\u00a0o Domingo de Ramos. \u00a0A Semana Santa marca o fim da quaresma no calend\u00e1rio lit\u00fargico da Igreja Cat\u00f3lica. Em todo o Brasil, cerca de 115 milh\u00f5es de pessoas s\u00e3o cat\u00f3licas e participam das tradi\u00e7\u00f5es do per\u00edodo mais importante para a Igreja. \u00a0A programa\u00e7\u00e3o de celebra\u00e7\u00f5es oficiais das comunidades da par\u00f3quia da Catedral come\u00e7am no Domingo, dia 20,com a prociss\u00e3o de Ramos saindo do bairro S\u00e3o Geraldo \u00e0s 17h30. Esse ano a tradicional missa dos santos \u00f3leos ser\u00e1 realizada na igreja de Nossa Senhora Aparecida, par\u00f3quia situada no bairro Jo\u00e3o Paulo II, Zona Sul de Juazeiro. \u00c0s 19h30 Durante a semana haver\u00e1 missa de&hellip; <\/p>\n","protected":false},"author":7,"featured_media":0,"comment_status":"open","ping_status":"open","sticky":false,"template":"","format":"standard","meta":{"_acf_changed":false,"footnotes":""},"categories":[7],"tags":[],"class_list":["post-139252","post","type-post","status-publish","format-standard","hentry","category-religiao"],"acf":[],"yoast_head":"<!-- This site is optimized with the Yoast SEO plugin v27.4 - https:\/\/yoast.com\/product\/yoast-seo-wordpress\/ -->\n<title>PAR\u00d3QUIA NOSSA SENHORA DAS GROTAS SE PREPARA PARA A SEMANA SANTA, EM JUAZEIRO - Blog do Farn\u00e9sio<\/title>\n<meta name=\"robots\" content=\"index, follow, max-snippet:-1, max-image-preview:large, max-video-preview:-1\" \/>\n<link rel=\"canonical\" href=\"https:\/\/blogdofarnesio.com.br\/?p=139252\" \/>\n<meta property=\"og:locale\" content=\"pt_BR\" \/>\n<meta property=\"og:type\" content=\"article\" \/>\n<meta property=\"og:title\" content=\"PAR\u00d3QUIA NOSSA SENHORA DAS GROTAS SE PREPARA PARA A SEMANA SANTA, EM JUAZEIRO - Blog do Farn\u00e9sio\" \/>\n<meta property=\"og:description\" content=\"A\u00a0Par\u00f3quia Nossa Senhora das Grotas, catedral santu\u00e1rio de Juazeiro,\u00a0j\u00e1\u00a0se\u00a0prepara\u00a0para\u00a0recordar\u00a0a\u00a0Paix\u00e3o,\u00a0Morte\u00a0e\u00a0Ressurrei\u00e7\u00e3o\u00a0de Cristo. A Semana\u00a0Santa\u00a0come\u00e7a no pr\u00f3ximo dia 20 de Mar\u00e7o,\u00a0quando\u00a0\u00e9\u00a0celebrado\u00a0o Domingo de Ramos. \u00a0A Semana Santa marca o fim da quaresma no calend\u00e1rio lit\u00fargico da Igreja Cat\u00f3lica. Em todo o Brasil, cerca de 115 milh\u00f5es de pessoas s\u00e3o cat\u00f3licas e participam das tradi\u00e7\u00f5es do per\u00edodo mais importante para a Igreja. \u00a0A programa\u00e7\u00e3o de celebra\u00e7\u00f5es oficiais das comunidades da par\u00f3quia da Catedral come\u00e7am no Domingo, dia 20,com a prociss\u00e3o de Ramos saindo do bairro S\u00e3o Geraldo \u00e0s 17h30. Esse ano a tradicional missa dos santos \u00f3leos ser\u00e1 realizada na igreja de Nossa Senhora Aparecida, par\u00f3quia situada no bairro Jo\u00e3o Paulo II, Zona Sul de Juazeiro. \u00c0s 19h30 Durante a semana haver\u00e1 missa de&hellip;\" \/>\n<meta property=\"og:url\" content=\"https:\/\/blogdofarnesio.com.br\/?p=139252\" \/>\n<meta property=\"og:site_name\" content=\"Blog do Farn\u00e9sio\" \/>\n<meta property=\"article:publisher\" content=\"https:\/\/www.facebook.com\/BlogQuerSaberPolitica\/\" \/>\n<meta property=\"article:published_time\" content=\"2016-03-19T19:00:42+00:00\" \/>\n<meta name=\"twitter:card\" content=\"summary_large_image\" \/>\n<meta name=\"twitter:label1\" content=\"Escrito por\" \/>\n\t<meta name=\"twitter:data1\" content=\"\" \/>\n\t<meta name=\"twitter:label2\" content=\"Est. tempo de leitura\" \/>\n\t<meta name=\"twitter:data2\" content=\"2 minutos\" \/>\n<script type=\"application\/ld+json\" class=\"yoast-schema-graph\">{\"@context\":\"https:\\\/\\\/schema.org\",\"@graph\":[{\"@type\":\"Article\",\"@id\":\"https:\\\/\\\/blogdofarnesio.com.br\\\/?p=139252#article\",\"isPartOf\":{\"@id\":\"https:\\\/\\\/blogdofarnesio.com.br\\\/?p=139252\"},\"author\":{\"name\":\"\",\"@id\":\"\"},\"headline\":\"PAR\u00d3QUIA NOSSA SENHORA DAS GROTAS SE PREPARA PARA A SEMANA SANTA, EM JUAZEIRO\",\"datePublished\":\"2016-03-19T19:00:42+00:00\",\"mainEntityOfPage\":{\"@id\":\"https:\\\/\\\/blogdofarnesio.com.br\\\/?p=139252\"},\"wordCount\":357,\"commentCount\":0,\"publisher\":{\"@id\":\"https:\\\/\\\/blogdofarnesio.com.br\\\/#organization\"},\"articleSection\":[\"Religi\u00e3o\"],\"inLanguage\":\"pt-BR\",\"potentialAction\":[{\"@type\":\"CommentAction\",\"name\":\"Comment\",\"target\":[\"https:\\\/\\\/blogdofarnesio.com.br\\\/?p=139252#respond\"]}]},{\"@type\":\"WebPage\",\"@id\":\"https:\\\/\\\/blogdofarnesio.com.br\\\/?p=139252\",\"url\":\"https:\\\/\\\/blogdofarnesio.com.br\\\/?p=139252\",\"name\":\"PAR\u00d3QUIA NOSSA SENHORA DAS GROTAS SE PREPARA PARA A SEMANA SANTA, EM JUAZEIRO - Blog do Farn\u00e9sio\",\"isPartOf\":{\"@id\":\"https:\\\/\\\/blogdofarnesio.com.br\\\/#website\"},\"datePublished\":\"2016-03-19T19:00:42+00:00\",\"breadcrumb\":{\"@id\":\"https:\\\/\\\/blogdofarnesio.com.br\\\/?p=139252#breadcrumb\"},\"inLanguage\":\"pt-BR\",\"potentialAction\":[{\"@type\":\"ReadAction\",\"target\":[\"https:\\\/\\\/blogdofarnesio.com.br\\\/?p=139252\"]}]},{\"@type\":\"BreadcrumbList\",\"@id\":\"https:\\\/\\\/blogdofarnesio.com.br\\\/?p=139252#breadcrumb\",\"itemListElement\":[{\"@type\":\"ListItem\",\"position\":1,\"name\":\"In\u00edcio\",\"item\":\"https:\\\/\\\/blogdofarnesio.com.br\\\/\"},{\"@type\":\"ListItem\",\"position\":2,\"name\":\"PAR\u00d3QUIA NOSSA SENHORA DAS GROTAS SE PREPARA PARA A SEMANA SANTA, EM JUAZEIRO\"}]},{\"@type\":\"WebSite\",\"@id\":\"https:\\\/\\\/blogdofarnesio.com.br\\\/#website\",\"url\":\"https:\\\/\\\/blogdofarnesio.com.br\\\/\",\"name\":\"Blog do Farn\u00e9sio\",\"description\":\"Quer Saber Pol\u00edtica?\",\"publisher\":{\"@id\":\"https:\\\/\\\/blogdofarnesio.com.br\\\/#organization\"},\"potentialAction\":[{\"@type\":\"SearchAction\",\"target\":{\"@type\":\"EntryPoint\",\"urlTemplate\":\"https:\\\/\\\/blogdofarnesio.com.br\\\/?s={search_term_string}\"},\"query-input\":{\"@type\":\"PropertyValueSpecification\",\"valueRequired\":true,\"valueName\":\"search_term_string\"}}],\"inLanguage\":\"pt-BR\"},{\"@type\":\"Organization\",\"@id\":\"https:\\\/\\\/blogdofarnesio.com.br\\\/#organization\",\"name\":\"Blog do Farn\u00e9sio\",\"url\":\"https:\\\/\\\/blogdofarnesio.com.br\\\/\",\"logo\":{\"@type\":\"ImageObject\",\"inLanguage\":\"pt-BR\",\"@id\":\"https:\\\/\\\/blogdofarnesio.com.br\\\/#\\\/schema\\\/logo\\\/image\\\/\",\"url\":\"https:\\\/\\\/blogdofarnesio.com.br\\\/wp-content\\\/uploads\\\/2026\\\/03\\\/cropped-logo_new-1.png\",\"contentUrl\":\"https:\\\/\\\/blogdofarnesio.com.br\\\/wp-content\\\/uploads\\\/2026\\\/03\\\/cropped-logo_new-1.png\",\"width\":881,\"height\":685,\"caption\":\"Blog do Farn\u00e9sio\"},\"image\":{\"@id\":\"https:\\\/\\\/blogdofarnesio.com.br\\\/#\\\/schema\\\/logo\\\/image\\\/\"},\"sameAs\":[\"https:\\\/\\\/www.facebook.com\\\/BlogQuerSaberPolitica\\\/\"]},{\"@type\":\"Person\",\"@id\":\"\",\"url\":\"https:\\\/\\\/blogdofarnesio.com.br\\\/?author=7\"}]}<\/script>\n<!-- \/ Yoast SEO plugin. -->","yoast_head_json":{"title":"PAR\u00d3QUIA NOSSA SENHORA DAS GROTAS SE PREPARA PARA A SEMANA SANTA, EM JUAZEIRO - Blog do Farn\u00e9sio","robots":{"index":"index","follow":"follow","max-snippet":"max-snippet:-1","max-image-preview":"max-image-preview:large","max-video-preview":"max-video-preview:-1"},"canonical":"https:\/\/blogdofarnesio.com.br\/?p=139252","og_locale":"pt_BR","og_type":"article","og_title":"PAR\u00d3QUIA NOSSA SENHORA DAS GROTAS SE PREPARA PARA A SEMANA SANTA, EM JUAZEIRO - Blog do Farn\u00e9sio","og_description":"A\u00a0Par\u00f3quia Nossa Senhora das Grotas, catedral santu\u00e1rio de Juazeiro,\u00a0j\u00e1\u00a0se\u00a0prepara\u00a0para\u00a0recordar\u00a0a\u00a0Paix\u00e3o,\u00a0Morte\u00a0e\u00a0Ressurrei\u00e7\u00e3o\u00a0de Cristo. A Semana\u00a0Santa\u00a0come\u00e7a no pr\u00f3ximo dia 20 de Mar\u00e7o,\u00a0quando\u00a0\u00e9\u00a0celebrado\u00a0o Domingo de Ramos. \u00a0A Semana Santa marca o fim da quaresma no calend\u00e1rio lit\u00fargico da Igreja Cat\u00f3lica. Em todo o Brasil, cerca de 115 milh\u00f5es de pessoas s\u00e3o cat\u00f3licas e participam das tradi\u00e7\u00f5es do per\u00edodo mais importante para a Igreja. \u00a0A programa\u00e7\u00e3o de celebra\u00e7\u00f5es oficiais das comunidades da par\u00f3quia da Catedral come\u00e7am no Domingo, dia 20,com a prociss\u00e3o de Ramos saindo do bairro S\u00e3o Geraldo \u00e0s 17h30. Esse ano a tradicional missa dos santos \u00f3leos ser\u00e1 realizada na igreja de Nossa Senhora Aparecida, par\u00f3quia situada no bairro Jo\u00e3o Paulo II, Zona Sul de Juazeiro. \u00c0s 19h30 Durante a semana haver\u00e1 missa de&hellip;","og_url":"https:\/\/blogdofarnesio.com.br\/?p=139252","og_site_name":"Blog do Farn\u00e9sio","article_publisher":"https:\/\/www.facebook.com\/BlogQuerSaberPolitica\/","article_published_time":"2016-03-19T19:00:42+00:00","twitter_card":"summary_large_image","twitter_misc":{"Escrito por":"","Est. tempo de leitura":"2 minutos"},"schema":{"@context":"https:\/\/schema.org","@graph":[{"@type":"Article","@id":"https:\/\/blogdofarnesio.com.br\/?p=139252#article","isPartOf":{"@id":"https:\/\/blogdofarnesio.com.br\/?p=139252"},"author":{"name":"","@id":""},"headline":"PAR\u00d3QUIA NOSSA SENHORA DAS GROTAS SE PREPARA PARA A SEMANA SANTA, EM JUAZEIRO","datePublished":"2016-03-19T19:00:42+00:00","mainEntityOfPage":{"@id":"https:\/\/blogdofarnesio.com.br\/?p=139252"},"wordCount":357,"commentCount":0,"publisher":{"@id":"https:\/\/blogdofarnesio.com.br\/#organization"},"articleSection":["Religi\u00e3o"],"inLanguage":"pt-BR","potentialAction":[{"@type":"CommentAction","name":"Comment","target":["https:\/\/blogdofarnesio.com.br\/?p=139252#respond"]}]},{"@type":"WebPage","@id":"https:\/\/blogdofarnesio.com.br\/?p=139252","url":"https:\/\/blogdofarnesio.com.br\/?p=139252","name":"PAR\u00d3QUIA NOSSA SENHORA DAS GROTAS SE PREPARA PARA A SEMANA SANTA, EM JUAZEIRO - Blog do Farn\u00e9sio","isPartOf":{"@id":"https:\/\/blogdofarnesio.com.br\/#website"},"datePublished":"2016-03-19T19:00:42+00:00","breadcrumb":{"@id":"https:\/\/blogdofarnesio.com.br\/?p=139252#breadcrumb"},"inLanguage":"pt-BR","potentialAction":[{"@type":"ReadAction","target":["https:\/\/blogdofarnesio.com.br\/?p=139252"]}]},{"@type":"BreadcrumbList","@id":"https:\/\/blogdofarnesio.com.br\/?p=139252#breadcrumb","itemListElement":[{"@type":"ListItem","position":1,"name":"In\u00edcio","item":"https:\/\/blogdofarnesio.com.br\/"},{"@type":"ListItem","position":2,"name":"PAR\u00d3QUIA NOSSA SENHORA DAS GROTAS SE PREPARA PARA A SEMANA SANTA, EM JUAZEIRO"}]},{"@type":"WebSite","@id":"https:\/\/blogdofarnesio.com.br\/#website","url":"https:\/\/blogdofarnesio.com.br\/","name":"Blog do Farn\u00e9sio","description":"Quer Saber Pol\u00edtica?","publisher":{"@id":"https:\/\/blogdofarnesio.com.br\/#organization"},"potentialAction":[{"@type":"SearchAction","target":{"@type":"EntryPoint","urlTemplate":"https:\/\/blogdofarnesio.com.br\/?s={search_term_string}"},"query-input":{"@type":"PropertyValueSpecification","valueRequired":true,"valueName":"search_term_string"}}],"inLanguage":"pt-BR"},{"@type":"Organization","@id":"https:\/\/blogdofarnesio.com.br\/#organization","name":"Blog do Farn\u00e9sio","url":"https:\/\/blogdofarnesio.com.br\/","logo":{"@type":"ImageObject","inLanguage":"pt-BR","@id":"https:\/\/blogdofarnesio.com.br\/#\/schema\/logo\/image\/","url":"https:\/\/blogdofarnesio.com.br\/wp-content\/uploads\/2026\/03\/cropped-logo_new-1.png","contentUrl":"https:\/\/blogdofarnesio.com.br\/wp-content\/uploads\/2026\/03\/cropped-logo_new-1.png","width":881,"height":685,"caption":"Blog do Farn\u00e9sio"},"image":{"@id":"https:\/\/blogdofarnesio.com.br\/#\/schema\/logo\/image\/"},"sameAs":["https:\/\/www.facebook.com\/BlogQuerSaberPolitica\/"]},{"@type":"Person","@id":"","url":"https:\/\/blogdofarnesio.com.br\/?author=7"}]}},"_links":{"self":[{"href":"https:\/\/blogdofarnesio.com.br\/index.php?rest_route=\/wp\/v2\/posts\/139252","targetHints":{"allow":["GET"]}}],"collection":[{"href":"https:\/\/blogdofarnesio.com.br\/index.php?rest_route=\/wp\/v2\/posts"}],"about":[{"href":"https:\/\/blogdofarnesio.com.br\/index.php?rest_route=\/wp\/v2\/types\/post"}],"author":[{"embeddable":true,"href":"https:\/\/blogdofarnesio.com.br\/index.php?rest_route=\/wp\/v2\/users\/7"}],"replies":[{"embeddable":true,"href":"https:\/\/blogdofarnesio.com.br\/index.php?rest_route=%2Fwp%2Fv2%2Fcomments&post=139252"}],"version-history":[{"count":0,"href":"https:\/\/blogdofarnesio.com.br\/index.php?rest_route=\/wp\/v2\/posts\/139252\/revisions"}],"wp:attachment":[{"href":"https:\/\/blogdofarnesio.com.br\/index.php?rest_route=%2Fwp%2Fv2%2Fmedia&parent=139252"}],"wp:term":[{"taxonomy":"category","embeddable":true,"href":"https:\/\/blogdofarnesio.com.br\/index.php?rest_route=%2Fwp%2Fv2%2Fcategories&post=139252"},{"taxonomy":"post_tag","embeddable":true,"href":"https:\/\/blogdofarnesio.com.br\/index.php?rest_route=%2Fwp%2Fv2%2Ftags&post=139252"}],"curies":[{"name":"wp","href":"https:\/\/api.w.org\/{rel}","templated":true}]}}