{"id":138834,"date":"2016-03-11T12:30:19","date_gmt":"2016-03-11T15:30:19","guid":{"rendered":"http:\/\/www.quersaberpolitica.com.br\/?p=138834"},"modified":"2016-03-11T10:51:07","modified_gmt":"2016-03-11T13:51:07","slug":"promotores-querem-fixar-data-para-prender-lula-com-forca-policial","status":"publish","type":"post","link":"https:\/\/blogdofarnesio.com.br\/?p=138834","title":{"rendered":"PROMOTORES QUEREM FIXAR DATA PARA PRENDER LULA \u2018COM FOR\u00c7A POLICIAL\u2019"},"content":{"rendered":"<p style=\"text-align: justify\"><a href=\"http:\/\/www.quersaberpolitica.com.br\/2016\/wp-content\/uploads\/2016\/03\/blogqsp-lulapreso.jpg\"><img loading=\"lazy\" decoding=\"async\" class=\"  wp-image-138835 aligncenter\" src=\"http:\/\/www.quersaberpolitica.com.br\/2016\/wp-content\/uploads\/2016\/03\/blogqsp-lulapreso.jpg\" alt=\"blogqsp-lulapreso\" width=\"422\" height=\"188\" \/><\/a><\/p>\n<p style=\"text-align: justify\">Os promotores de Justi\u00e7a que acusam Lula por falsidade ideol\u00f3gica e lavagem de dinheiro no caso tr\u00edplex querem autoriza\u00e7\u00e3o judicial \u2013 se for decretada a pris\u00e3o preventiva do ex-presidente e de outros seis investigados -, para \u2018fixar a data para a respectiva execu\u00e7\u00e3o e cumprimento dos mandados\u2019. O pedido de pris\u00e3o ser\u00e1 analisado pela ju\u00edza Maria Priscilla Ernandes, da 4\u00aa Vara Criminal da Capital.<\/p>\n<p style=\"text-align: justify\">\u201cEm caso de deferimento, que os mandados sejam entregues em m\u00e3os a um dos promotores de Justi\u00e7a subscritores da den\u00fancia, a fim de que sejam posteriormente cumpridos na forma a ser estabelecida pelo Minist\u00e9rio P\u00fablico, inclusive com uso de for\u00e7a policial, caso necess\u00e1ria, com evidente respeito \u00e0 legisla\u00e7\u00e3o vigente, tudo a fim de obter a melhor forma de operacionaliza\u00e7\u00e3o das medidas, evitando viola\u00e7\u00e3o dos direitos fundamentais dos denunciados\u201d, assinalam os promotores C\u00e1ssio Conserino, Jos\u00e9 Carlos Blat e Fernando Henrique de Moraes Ara\u00fajo.<\/p>\n<p style=\"text-align: justify\">\u201c\u00c9 que os denunciados praticaram in\u00fameros crimes graves, que geraram preju\u00edzos financeiros vultosos a diversas v\u00edtimas, durante alongado per\u00edodo temporal, al\u00e9m de uma organiza\u00e7\u00e3o em quadrilha, o que demonstra que em liberdade poder\u00e3o continuar delinquindo e prejudicando outras in\u00fameras vitimas. Presente, portanto, a garantia da ordem p\u00fablica, consistente na necessidade de se manter a ordem na sociedade\u201d, alegam os promotores.<\/p>\n<p style=\"text-align: justify\">Al\u00e9m de Lula, os promotores requereram a pris\u00e3o do empreiteiro Jos\u00e9 Adelm\u00e1rio Pinheiro, o L\u00e9o Pinheiro, o ex-tesoureiro do PT Jo\u00e3o Vaccari Neto (que j\u00e1 est\u00e1 preso como r\u00e9u da Opera\u00e7\u00e3o Lava Jato) e ex-dirigentes da Cooperativa Habitacional dos Banc\u00e1rios do Estado de S\u00e3o Paulo (Bancoop).<\/p>\n<p style=\"text-align: justify\">Caso n\u00e3o seja acolhido o requerimento de pris\u00e3o, os promotores pedem que Lula e os outros 15 alvos da acusa\u00e7\u00e3o \u2013 inclusive a ex-primeira dama Marisa Let\u00edcia e o filho mais velho do casal Lula, F\u00e1bio Luiz \u2013 fiquem proibidos \u2018de se ausentar do pa\u00eds, com busca e apreens\u00e3o dos passaportes de todos os denunciados\u2019.<\/p>\n<p style=\"text-align: justify\">\u201cPede-se tamb\u00e9m decreto cautelar de proibi\u00e7\u00e3o por parte de quaisquer dos denunciados, de manter contato com as v\u00edtimas e testemunhas arroladas na den\u00fancia por meios remotos, eletr\u00f4nicos, mensagens de texto, aplicativos de aparelho celular, e-mails, contato telef\u00f4nico ou encontro pessoal\u201d. (Fonte: Uol)<\/p>\n","protected":false},"excerpt":{"rendered":"<p>Os promotores de Justi\u00e7a que acusam Lula por falsidade ideol\u00f3gica e lavagem de dinheiro no caso tr\u00edplex querem autoriza\u00e7\u00e3o judicial \u2013 se for decretada a pris\u00e3o preventiva do ex-presidente e de outros seis investigados -, para \u2018fixar a data para a respectiva execu\u00e7\u00e3o e cumprimento dos mandados\u2019. O pedido de pris\u00e3o ser\u00e1 analisado pela ju\u00edza Maria Priscilla Ernandes, da 4\u00aa Vara Criminal da Capital. \u201cEm caso de deferimento, que os mandados sejam entregues em m\u00e3os a um dos promotores de Justi\u00e7a subscritores da den\u00fancia, a fim de que sejam posteriormente cumpridos na forma a ser estabelecida pelo Minist\u00e9rio P\u00fablico, inclusive com uso de for\u00e7a policial, caso necess\u00e1ria, com evidente respeito \u00e0 legisla\u00e7\u00e3o vigente, tudo a fim de obter a melhor&hellip; <\/p>\n","protected":false},"author":7,"featured_media":0,"comment_status":"open","ping_status":"open","sticky":false,"template":"","format":"standard","meta":{"_acf_changed":false,"footnotes":""},"categories":[1],"tags":[],"class_list":["post-138834","post","type-post","status-publish","format-standard","hentry","category-politica"],"acf":[],"yoast_head":"<!-- This site is optimized with the Yoast SEO plugin v27.4 - https:\/\/yoast.com\/product\/yoast-seo-wordpress\/ -->\n<title>PROMOTORES QUEREM FIXAR DATA PARA PRENDER LULA \u2018COM FOR\u00c7A POLICIAL\u2019 - Blog do Farn\u00e9sio<\/title>\n<meta name=\"robots\" content=\"index, follow, max-snippet:-1, max-image-preview:large, max-video-preview:-1\" \/>\n<link rel=\"canonical\" href=\"https:\/\/blogdofarnesio.com.br\/?p=138834\" \/>\n<meta property=\"og:locale\" content=\"pt_BR\" \/>\n<meta property=\"og:type\" content=\"article\" \/>\n<meta property=\"og:title\" content=\"PROMOTORES QUEREM FIXAR DATA PARA PRENDER LULA \u2018COM FOR\u00c7A POLICIAL\u2019 - Blog do Farn\u00e9sio\" \/>\n<meta property=\"og:description\" content=\"Os promotores de Justi\u00e7a que acusam Lula por falsidade ideol\u00f3gica e lavagem de dinheiro no caso tr\u00edplex querem autoriza\u00e7\u00e3o judicial \u2013 se for decretada a pris\u00e3o preventiva do ex-presidente e de outros seis investigados -, para \u2018fixar a data para a respectiva execu\u00e7\u00e3o e cumprimento dos mandados\u2019. O pedido de pris\u00e3o ser\u00e1 analisado pela ju\u00edza Maria Priscilla Ernandes, da 4\u00aa Vara Criminal da Capital. \u201cEm caso de deferimento, que os mandados sejam entregues em m\u00e3os a um dos promotores de Justi\u00e7a subscritores da den\u00fancia, a fim de que sejam posteriormente cumpridos na forma a ser estabelecida pelo Minist\u00e9rio P\u00fablico, inclusive com uso de for\u00e7a policial, caso necess\u00e1ria, com evidente respeito \u00e0 legisla\u00e7\u00e3o vigente, tudo a fim de obter a melhor&hellip;\" \/>\n<meta property=\"og:url\" content=\"https:\/\/blogdofarnesio.com.br\/?p=138834\" \/>\n<meta property=\"og:site_name\" content=\"Blog do Farn\u00e9sio\" \/>\n<meta property=\"article:publisher\" content=\"https:\/\/www.facebook.com\/BlogQuerSaberPolitica\/\" \/>\n<meta property=\"article:published_time\" content=\"2016-03-11T15:30:19+00:00\" \/>\n<meta property=\"og:image\" content=\"http:\/\/www.quersaberpolitica.com.br\/2016\/wp-content\/uploads\/2016\/03\/blogqsp-lulapreso.jpg\" \/>\n<meta name=\"twitter:card\" content=\"summary_large_image\" \/>\n<meta name=\"twitter:label1\" content=\"Escrito por\" \/>\n\t<meta name=\"twitter:data1\" content=\"\" \/>\n\t<meta name=\"twitter:label2\" content=\"Est. tempo de leitura\" \/>\n\t<meta name=\"twitter:data2\" content=\"2 minutos\" \/>\n<script type=\"application\/ld+json\" class=\"yoast-schema-graph\">{\"@context\":\"https:\\\/\\\/schema.org\",\"@graph\":[{\"@type\":\"Article\",\"@id\":\"https:\\\/\\\/blogdofarnesio.com.br\\\/?p=138834#article\",\"isPartOf\":{\"@id\":\"https:\\\/\\\/blogdofarnesio.com.br\\\/?p=138834\"},\"author\":{\"name\":\"\",\"@id\":\"\"},\"headline\":\"PROMOTORES QUEREM FIXAR DATA PARA PRENDER LULA \u2018COM FOR\u00c7A POLICIAL\u2019\",\"datePublished\":\"2016-03-11T15:30:19+00:00\",\"mainEntityOfPage\":{\"@id\":\"https:\\\/\\\/blogdofarnesio.com.br\\\/?p=138834\"},\"wordCount\":404,\"commentCount\":0,\"publisher\":{\"@id\":\"https:\\\/\\\/blogdofarnesio.com.br\\\/#organization\"},\"image\":{\"@id\":\"https:\\\/\\\/blogdofarnesio.com.br\\\/?p=138834#primaryimage\"},\"thumbnailUrl\":\"http:\\\/\\\/www.quersaberpolitica.com.br\\\/2016\\\/wp-content\\\/uploads\\\/2016\\\/03\\\/blogqsp-lulapreso.jpg\",\"articleSection\":[\"Pol\u00edtica\"],\"inLanguage\":\"pt-BR\",\"potentialAction\":[{\"@type\":\"CommentAction\",\"name\":\"Comment\",\"target\":[\"https:\\\/\\\/blogdofarnesio.com.br\\\/?p=138834#respond\"]}]},{\"@type\":\"WebPage\",\"@id\":\"https:\\\/\\\/blogdofarnesio.com.br\\\/?p=138834\",\"url\":\"https:\\\/\\\/blogdofarnesio.com.br\\\/?p=138834\",\"name\":\"PROMOTORES QUEREM FIXAR DATA PARA PRENDER LULA \u2018COM FOR\u00c7A POLICIAL\u2019 - Blog do Farn\u00e9sio\",\"isPartOf\":{\"@id\":\"https:\\\/\\\/blogdofarnesio.com.br\\\/#website\"},\"primaryImageOfPage\":{\"@id\":\"https:\\\/\\\/blogdofarnesio.com.br\\\/?p=138834#primaryimage\"},\"image\":{\"@id\":\"https:\\\/\\\/blogdofarnesio.com.br\\\/?p=138834#primaryimage\"},\"thumbnailUrl\":\"http:\\\/\\\/www.quersaberpolitica.com.br\\\/2016\\\/wp-content\\\/uploads\\\/2016\\\/03\\\/blogqsp-lulapreso.jpg\",\"datePublished\":\"2016-03-11T15:30:19+00:00\",\"breadcrumb\":{\"@id\":\"https:\\\/\\\/blogdofarnesio.com.br\\\/?p=138834#breadcrumb\"},\"inLanguage\":\"pt-BR\",\"potentialAction\":[{\"@type\":\"ReadAction\",\"target\":[\"https:\\\/\\\/blogdofarnesio.com.br\\\/?p=138834\"]}]},{\"@type\":\"ImageObject\",\"inLanguage\":\"pt-BR\",\"@id\":\"https:\\\/\\\/blogdofarnesio.com.br\\\/?p=138834#primaryimage\",\"url\":\"http:\\\/\\\/www.quersaberpolitica.com.br\\\/2016\\\/wp-content\\\/uploads\\\/2016\\\/03\\\/blogqsp-lulapreso.jpg\",\"contentUrl\":\"http:\\\/\\\/www.quersaberpolitica.com.br\\\/2016\\\/wp-content\\\/uploads\\\/2016\\\/03\\\/blogqsp-lulapreso.jpg\"},{\"@type\":\"BreadcrumbList\",\"@id\":\"https:\\\/\\\/blogdofarnesio.com.br\\\/?p=138834#breadcrumb\",\"itemListElement\":[{\"@type\":\"ListItem\",\"position\":1,\"name\":\"In\u00edcio\",\"item\":\"https:\\\/\\\/blogdofarnesio.com.br\\\/\"},{\"@type\":\"ListItem\",\"position\":2,\"name\":\"PROMOTORES QUEREM FIXAR DATA PARA PRENDER LULA \u2018COM FOR\u00c7A POLICIAL\u2019\"}]},{\"@type\":\"WebSite\",\"@id\":\"https:\\\/\\\/blogdofarnesio.com.br\\\/#website\",\"url\":\"https:\\\/\\\/blogdofarnesio.com.br\\\/\",\"name\":\"Blog do Farn\u00e9sio\",\"description\":\"Quer Saber Pol\u00edtica?\",\"publisher\":{\"@id\":\"https:\\\/\\\/blogdofarnesio.com.br\\\/#organization\"},\"potentialAction\":[{\"@type\":\"SearchAction\",\"target\":{\"@type\":\"EntryPoint\",\"urlTemplate\":\"https:\\\/\\\/blogdofarnesio.com.br\\\/?s={search_term_string}\"},\"query-input\":{\"@type\":\"PropertyValueSpecification\",\"valueRequired\":true,\"valueName\":\"search_term_string\"}}],\"inLanguage\":\"pt-BR\"},{\"@type\":\"Organization\",\"@id\":\"https:\\\/\\\/blogdofarnesio.com.br\\\/#organization\",\"name\":\"Blog do Farn\u00e9sio\",\"url\":\"https:\\\/\\\/blogdofarnesio.com.br\\\/\",\"logo\":{\"@type\":\"ImageObject\",\"inLanguage\":\"pt-BR\",\"@id\":\"https:\\\/\\\/blogdofarnesio.com.br\\\/#\\\/schema\\\/logo\\\/image\\\/\",\"url\":\"https:\\\/\\\/blogdofarnesio.com.br\\\/wp-content\\\/uploads\\\/2026\\\/03\\\/cropped-logo_new-1.png\",\"contentUrl\":\"https:\\\/\\\/blogdofarnesio.com.br\\\/wp-content\\\/uploads\\\/2026\\\/03\\\/cropped-logo_new-1.png\",\"width\":881,\"height\":685,\"caption\":\"Blog do Farn\u00e9sio\"},\"image\":{\"@id\":\"https:\\\/\\\/blogdofarnesio.com.br\\\/#\\\/schema\\\/logo\\\/image\\\/\"},\"sameAs\":[\"https:\\\/\\\/www.facebook.com\\\/BlogQuerSaberPolitica\\\/\"]},{\"@type\":\"Person\",\"@id\":\"\",\"url\":\"https:\\\/\\\/blogdofarnesio.com.br\\\/?author=7\"}]}<\/script>\n<!-- \/ Yoast SEO plugin. -->","yoast_head_json":{"title":"PROMOTORES QUEREM FIXAR DATA PARA PRENDER LULA \u2018COM FOR\u00c7A POLICIAL\u2019 - Blog do Farn\u00e9sio","robots":{"index":"index","follow":"follow","max-snippet":"max-snippet:-1","max-image-preview":"max-image-preview:large","max-video-preview":"max-video-preview:-1"},"canonical":"https:\/\/blogdofarnesio.com.br\/?p=138834","og_locale":"pt_BR","og_type":"article","og_title":"PROMOTORES QUEREM FIXAR DATA PARA PRENDER LULA \u2018COM FOR\u00c7A POLICIAL\u2019 - Blog do Farn\u00e9sio","og_description":"Os promotores de Justi\u00e7a que acusam Lula por falsidade ideol\u00f3gica e lavagem de dinheiro no caso tr\u00edplex querem autoriza\u00e7\u00e3o judicial \u2013 se for decretada a pris\u00e3o preventiva do ex-presidente e de outros seis investigados -, para \u2018fixar a data para a respectiva execu\u00e7\u00e3o e cumprimento dos mandados\u2019. O pedido de pris\u00e3o ser\u00e1 analisado pela ju\u00edza Maria Priscilla Ernandes, da 4\u00aa Vara Criminal da Capital. \u201cEm caso de deferimento, que os mandados sejam entregues em m\u00e3os a um dos promotores de Justi\u00e7a subscritores da den\u00fancia, a fim de que sejam posteriormente cumpridos na forma a ser estabelecida pelo Minist\u00e9rio P\u00fablico, inclusive com uso de for\u00e7a policial, caso necess\u00e1ria, com evidente respeito \u00e0 legisla\u00e7\u00e3o vigente, tudo a fim de obter a melhor&hellip;","og_url":"https:\/\/blogdofarnesio.com.br\/?p=138834","og_site_name":"Blog do Farn\u00e9sio","article_publisher":"https:\/\/www.facebook.com\/BlogQuerSaberPolitica\/","article_published_time":"2016-03-11T15:30:19+00:00","og_image":[{"url":"http:\/\/www.quersaberpolitica.com.br\/2016\/wp-content\/uploads\/2016\/03\/blogqsp-lulapreso.jpg","type":"","width":"","height":""}],"twitter_card":"summary_large_image","twitter_misc":{"Escrito por":"","Est. tempo de leitura":"2 minutos"},"schema":{"@context":"https:\/\/schema.org","@graph":[{"@type":"Article","@id":"https:\/\/blogdofarnesio.com.br\/?p=138834#article","isPartOf":{"@id":"https:\/\/blogdofarnesio.com.br\/?p=138834"},"author":{"name":"","@id":""},"headline":"PROMOTORES QUEREM FIXAR DATA PARA PRENDER LULA \u2018COM FOR\u00c7A POLICIAL\u2019","datePublished":"2016-03-11T15:30:19+00:00","mainEntityOfPage":{"@id":"https:\/\/blogdofarnesio.com.br\/?p=138834"},"wordCount":404,"commentCount":0,"publisher":{"@id":"https:\/\/blogdofarnesio.com.br\/#organization"},"image":{"@id":"https:\/\/blogdofarnesio.com.br\/?p=138834#primaryimage"},"thumbnailUrl":"http:\/\/www.quersaberpolitica.com.br\/2016\/wp-content\/uploads\/2016\/03\/blogqsp-lulapreso.jpg","articleSection":["Pol\u00edtica"],"inLanguage":"pt-BR","potentialAction":[{"@type":"CommentAction","name":"Comment","target":["https:\/\/blogdofarnesio.com.br\/?p=138834#respond"]}]},{"@type":"WebPage","@id":"https:\/\/blogdofarnesio.com.br\/?p=138834","url":"https:\/\/blogdofarnesio.com.br\/?p=138834","name":"PROMOTORES QUEREM FIXAR DATA PARA PRENDER LULA \u2018COM FOR\u00c7A POLICIAL\u2019 - Blog do Farn\u00e9sio","isPartOf":{"@id":"https:\/\/blogdofarnesio.com.br\/#website"},"primaryImageOfPage":{"@id":"https:\/\/blogdofarnesio.com.br\/?p=138834#primaryimage"},"image":{"@id":"https:\/\/blogdofarnesio.com.br\/?p=138834#primaryimage"},"thumbnailUrl":"http:\/\/www.quersaberpolitica.com.br\/2016\/wp-content\/uploads\/2016\/03\/blogqsp-lulapreso.jpg","datePublished":"2016-03-11T15:30:19+00:00","breadcrumb":{"@id":"https:\/\/blogdofarnesio.com.br\/?p=138834#breadcrumb"},"inLanguage":"pt-BR","potentialAction":[{"@type":"ReadAction","target":["https:\/\/blogdofarnesio.com.br\/?p=138834"]}]},{"@type":"ImageObject","inLanguage":"pt-BR","@id":"https:\/\/blogdofarnesio.com.br\/?p=138834#primaryimage","url":"http:\/\/www.quersaberpolitica.com.br\/2016\/wp-content\/uploads\/2016\/03\/blogqsp-lulapreso.jpg","contentUrl":"http:\/\/www.quersaberpolitica.com.br\/2016\/wp-content\/uploads\/2016\/03\/blogqsp-lulapreso.jpg"},{"@type":"BreadcrumbList","@id":"https:\/\/blogdofarnesio.com.br\/?p=138834#breadcrumb","itemListElement":[{"@type":"ListItem","position":1,"name":"In\u00edcio","item":"https:\/\/blogdofarnesio.com.br\/"},{"@type":"ListItem","position":2,"name":"PROMOTORES QUEREM FIXAR DATA PARA PRENDER LULA \u2018COM FOR\u00c7A POLICIAL\u2019"}]},{"@type":"WebSite","@id":"https:\/\/blogdofarnesio.com.br\/#website","url":"https:\/\/blogdofarnesio.com.br\/","name":"Blog do Farn\u00e9sio","description":"Quer Saber Pol\u00edtica?","publisher":{"@id":"https:\/\/blogdofarnesio.com.br\/#organization"},"potentialAction":[{"@type":"SearchAction","target":{"@type":"EntryPoint","urlTemplate":"https:\/\/blogdofarnesio.com.br\/?s={search_term_string}"},"query-input":{"@type":"PropertyValueSpecification","valueRequired":true,"valueName":"search_term_string"}}],"inLanguage":"pt-BR"},{"@type":"Organization","@id":"https:\/\/blogdofarnesio.com.br\/#organization","name":"Blog do Farn\u00e9sio","url":"https:\/\/blogdofarnesio.com.br\/","logo":{"@type":"ImageObject","inLanguage":"pt-BR","@id":"https:\/\/blogdofarnesio.com.br\/#\/schema\/logo\/image\/","url":"https:\/\/blogdofarnesio.com.br\/wp-content\/uploads\/2026\/03\/cropped-logo_new-1.png","contentUrl":"https:\/\/blogdofarnesio.com.br\/wp-content\/uploads\/2026\/03\/cropped-logo_new-1.png","width":881,"height":685,"caption":"Blog do Farn\u00e9sio"},"image":{"@id":"https:\/\/blogdofarnesio.com.br\/#\/schema\/logo\/image\/"},"sameAs":["https:\/\/www.facebook.com\/BlogQuerSaberPolitica\/"]},{"@type":"Person","@id":"","url":"https:\/\/blogdofarnesio.com.br\/?author=7"}]}},"_links":{"self":[{"href":"https:\/\/blogdofarnesio.com.br\/index.php?rest_route=\/wp\/v2\/posts\/138834","targetHints":{"allow":["GET"]}}],"collection":[{"href":"https:\/\/blogdofarnesio.com.br\/index.php?rest_route=\/wp\/v2\/posts"}],"about":[{"href":"https:\/\/blogdofarnesio.com.br\/index.php?rest_route=\/wp\/v2\/types\/post"}],"author":[{"embeddable":true,"href":"https:\/\/blogdofarnesio.com.br\/index.php?rest_route=\/wp\/v2\/users\/7"}],"replies":[{"embeddable":true,"href":"https:\/\/blogdofarnesio.com.br\/index.php?rest_route=%2Fwp%2Fv2%2Fcomments&post=138834"}],"version-history":[{"count":0,"href":"https:\/\/blogdofarnesio.com.br\/index.php?rest_route=\/wp\/v2\/posts\/138834\/revisions"}],"wp:attachment":[{"href":"https:\/\/blogdofarnesio.com.br\/index.php?rest_route=%2Fwp%2Fv2%2Fmedia&parent=138834"}],"wp:term":[{"taxonomy":"category","embeddable":true,"href":"https:\/\/blogdofarnesio.com.br\/index.php?rest_route=%2Fwp%2Fv2%2Fcategories&post=138834"},{"taxonomy":"post_tag","embeddable":true,"href":"https:\/\/blogdofarnesio.com.br\/index.php?rest_route=%2Fwp%2Fv2%2Ftags&post=138834"}],"curies":[{"name":"wp","href":"https:\/\/api.w.org\/{rel}","templated":true}]}}