{"id":138828,"date":"2016-03-11T14:00:50","date_gmt":"2016-03-11T17:00:50","guid":{"rendered":"http:\/\/www.quersaberpolitica.com.br\/?p=138828"},"modified":"2016-03-11T10:05:58","modified_gmt":"2016-03-11T13:05:58","slug":"gol-deixa-de-operar-linha-petrolina-recife-e-azul-inicia-voos-nessa-rota","status":"publish","type":"post","link":"https:\/\/blogdofarnesio.com.br\/?p=138828","title":{"rendered":"GOL DEIXA DE OPERAR LINHA PETROLINA\/ RECIFE E AZUL INICIA VOOS NESSA ROTA"},"content":{"rendered":"<p style=\"text-align: justify\"><a href=\"http:\/\/www.quersaberpolitica.com.br\/2016\/wp-content\/uploads\/2016\/03\/blogqsp-aeroporto-de-petrolina-senador-nilo-coelho.jpg\"><img loading=\"lazy\" decoding=\"async\" class=\"  wp-image-138829 aligncenter\" src=\"http:\/\/www.quersaberpolitica.com.br\/2016\/wp-content\/uploads\/2016\/03\/blogqsp-aeroporto-de-petrolina-senador-nilo-coelho.jpg\" alt=\"blogqsp-aeroporto-de-petrolina-senador-nilo-coelho\" width=\"422\" height=\"285\" \/><\/a><\/p>\n<p style=\"text-align: justify\">Em Petrolina, o Aeroporto Internacional Senador Nilo Coelho sofrer\u00e1 algumas mudan\u00e7as nos voos dispon\u00edveis no terminal a\u00e9reo. A empresa Gol Linhas A\u00e9reas Inteligentes vai encerrar as opera\u00e7\u00f5es na rota que liga a cidade de Petrolina \u00e0 capital do estado, Recife. Em contrapartida, a empresa Azul Linhas A\u00e9reas Brasileiras vai come\u00e7ar a operar na rota Petrolina\/Recife.<\/p>\n<p style=\"text-align: justify\">O fim dos servi\u00e7os da Gol no trecho est\u00e1 previsto para o dia 25 de mar\u00e7o. Em nota, a Gol disse que a companhia vai encerrar a rota Petrolina\/Recife e iniciar\u00e1 um novo voo direto entre S\u00e3o Paulo e Petrolina, a partir de 27 de mar\u00e7o.<\/p>\n<p style=\"text-align: justify\">J\u00e1 a Azul vai operar no novo trecho diariamente a partir do dia 17 de mar\u00e7o. O voo sai de Recife \u00e0s 22h05 e chega a Petrolina \u00e0s 13h25. Enquanto que o voo de Petrolina decola \u00e0s 7h10 e pousa na capital pernambucana \u00e0s 8h30.<\/p>\n","protected":false},"excerpt":{"rendered":"<p>Em Petrolina, o Aeroporto Internacional Senador Nilo Coelho sofrer\u00e1 algumas mudan\u00e7as nos voos dispon\u00edveis no terminal a\u00e9reo. A empresa Gol Linhas A\u00e9reas Inteligentes vai encerrar as opera\u00e7\u00f5es na rota que liga a cidade de Petrolina \u00e0 capital do estado, Recife. Em contrapartida, a empresa Azul Linhas A\u00e9reas Brasileiras vai come\u00e7ar a operar na rota Petrolina\/Recife. O fim dos servi\u00e7os da Gol no trecho est\u00e1 previsto para o dia 25 de mar\u00e7o. Em nota, a Gol disse que a companhia vai encerrar a rota Petrolina\/Recife e iniciar\u00e1 um novo voo direto entre S\u00e3o Paulo e Petrolina, a partir de 27 de mar\u00e7o. J\u00e1 a Azul vai operar no novo trecho diariamente a partir do dia 17 de mar\u00e7o. O voo sai&hellip; <\/p>\n","protected":false},"author":7,"featured_media":0,"comment_status":"open","ping_status":"open","sticky":false,"template":"","format":"standard","meta":{"_acf_changed":false,"footnotes":""},"categories":[44],"tags":[],"class_list":["post-138828","post","type-post","status-publish","format-standard","hentry","category-administracao"],"acf":[],"yoast_head":"<!-- This site is optimized with the Yoast SEO plugin v27.4 - https:\/\/yoast.com\/product\/yoast-seo-wordpress\/ -->\n<title>GOL DEIXA DE OPERAR LINHA PETROLINA\/ RECIFE E AZUL INICIA VOOS NESSA ROTA - Blog do Farn\u00e9sio<\/title>\n<meta name=\"robots\" content=\"index, follow, max-snippet:-1, max-image-preview:large, max-video-preview:-1\" \/>\n<link rel=\"canonical\" href=\"https:\/\/blogdofarnesio.com.br\/?p=138828\" \/>\n<meta property=\"og:locale\" content=\"pt_BR\" \/>\n<meta property=\"og:type\" content=\"article\" \/>\n<meta property=\"og:title\" content=\"GOL DEIXA DE OPERAR LINHA PETROLINA\/ RECIFE E AZUL INICIA VOOS NESSA ROTA - Blog do Farn\u00e9sio\" \/>\n<meta property=\"og:description\" content=\"Em Petrolina, o Aeroporto Internacional Senador Nilo Coelho sofrer\u00e1 algumas mudan\u00e7as nos voos dispon\u00edveis no terminal a\u00e9reo. A empresa Gol Linhas A\u00e9reas Inteligentes vai encerrar as opera\u00e7\u00f5es na rota que liga a cidade de Petrolina \u00e0 capital do estado, Recife. Em contrapartida, a empresa Azul Linhas A\u00e9reas Brasileiras vai come\u00e7ar a operar na rota Petrolina\/Recife. O fim dos servi\u00e7os da Gol no trecho est\u00e1 previsto para o dia 25 de mar\u00e7o. Em nota, a Gol disse que a companhia vai encerrar a rota Petrolina\/Recife e iniciar\u00e1 um novo voo direto entre S\u00e3o Paulo e Petrolina, a partir de 27 de mar\u00e7o. J\u00e1 a Azul vai operar no novo trecho diariamente a partir do dia 17 de mar\u00e7o. O voo sai&hellip;\" \/>\n<meta property=\"og:url\" content=\"https:\/\/blogdofarnesio.com.br\/?p=138828\" \/>\n<meta property=\"og:site_name\" content=\"Blog do Farn\u00e9sio\" \/>\n<meta property=\"article:publisher\" content=\"https:\/\/www.facebook.com\/BlogQuerSaberPolitica\/\" \/>\n<meta property=\"article:published_time\" content=\"2016-03-11T17:00:50+00:00\" \/>\n<meta property=\"og:image\" content=\"http:\/\/www.quersaberpolitica.com.br\/2016\/wp-content\/uploads\/2016\/03\/blogqsp-aeroporto-de-petrolina-senador-nilo-coelho.jpg\" \/>\n<meta name=\"twitter:card\" content=\"summary_large_image\" \/>\n<meta name=\"twitter:label1\" content=\"Escrito por\" \/>\n\t<meta name=\"twitter:data1\" content=\"\" \/>\n\t<meta name=\"twitter:label2\" content=\"Est. tempo de leitura\" \/>\n\t<meta name=\"twitter:data2\" content=\"1 minuto\" \/>\n<script type=\"application\/ld+json\" class=\"yoast-schema-graph\">{\"@context\":\"https:\\\/\\\/schema.org\",\"@graph\":[{\"@type\":\"Article\",\"@id\":\"https:\\\/\\\/blogdofarnesio.com.br\\\/?p=138828#article\",\"isPartOf\":{\"@id\":\"https:\\\/\\\/blogdofarnesio.com.br\\\/?p=138828\"},\"author\":{\"name\":\"\",\"@id\":\"\"},\"headline\":\"GOL DEIXA DE OPERAR LINHA PETROLINA\\\/ RECIFE E AZUL INICIA VOOS NESSA ROTA\",\"datePublished\":\"2016-03-11T17:00:50+00:00\",\"mainEntityOfPage\":{\"@id\":\"https:\\\/\\\/blogdofarnesio.com.br\\\/?p=138828\"},\"wordCount\":169,\"commentCount\":0,\"publisher\":{\"@id\":\"https:\\\/\\\/blogdofarnesio.com.br\\\/#organization\"},\"image\":{\"@id\":\"https:\\\/\\\/blogdofarnesio.com.br\\\/?p=138828#primaryimage\"},\"thumbnailUrl\":\"http:\\\/\\\/www.quersaberpolitica.com.br\\\/2016\\\/wp-content\\\/uploads\\\/2016\\\/03\\\/blogqsp-aeroporto-de-petrolina-senador-nilo-coelho.jpg\",\"articleSection\":[\"Administra\u00e7\u00e3o\"],\"inLanguage\":\"pt-BR\",\"potentialAction\":[{\"@type\":\"CommentAction\",\"name\":\"Comment\",\"target\":[\"https:\\\/\\\/blogdofarnesio.com.br\\\/?p=138828#respond\"]}]},{\"@type\":\"WebPage\",\"@id\":\"https:\\\/\\\/blogdofarnesio.com.br\\\/?p=138828\",\"url\":\"https:\\\/\\\/blogdofarnesio.com.br\\\/?p=138828\",\"name\":\"GOL DEIXA DE OPERAR LINHA PETROLINA\\\/ RECIFE E AZUL INICIA VOOS NESSA ROTA - Blog do Farn\u00e9sio\",\"isPartOf\":{\"@id\":\"https:\\\/\\\/blogdofarnesio.com.br\\\/#website\"},\"primaryImageOfPage\":{\"@id\":\"https:\\\/\\\/blogdofarnesio.com.br\\\/?p=138828#primaryimage\"},\"image\":{\"@id\":\"https:\\\/\\\/blogdofarnesio.com.br\\\/?p=138828#primaryimage\"},\"thumbnailUrl\":\"http:\\\/\\\/www.quersaberpolitica.com.br\\\/2016\\\/wp-content\\\/uploads\\\/2016\\\/03\\\/blogqsp-aeroporto-de-petrolina-senador-nilo-coelho.jpg\",\"datePublished\":\"2016-03-11T17:00:50+00:00\",\"breadcrumb\":{\"@id\":\"https:\\\/\\\/blogdofarnesio.com.br\\\/?p=138828#breadcrumb\"},\"inLanguage\":\"pt-BR\",\"potentialAction\":[{\"@type\":\"ReadAction\",\"target\":[\"https:\\\/\\\/blogdofarnesio.com.br\\\/?p=138828\"]}]},{\"@type\":\"ImageObject\",\"inLanguage\":\"pt-BR\",\"@id\":\"https:\\\/\\\/blogdofarnesio.com.br\\\/?p=138828#primaryimage\",\"url\":\"http:\\\/\\\/www.quersaberpolitica.com.br\\\/2016\\\/wp-content\\\/uploads\\\/2016\\\/03\\\/blogqsp-aeroporto-de-petrolina-senador-nilo-coelho.jpg\",\"contentUrl\":\"http:\\\/\\\/www.quersaberpolitica.com.br\\\/2016\\\/wp-content\\\/uploads\\\/2016\\\/03\\\/blogqsp-aeroporto-de-petrolina-senador-nilo-coelho.jpg\"},{\"@type\":\"BreadcrumbList\",\"@id\":\"https:\\\/\\\/blogdofarnesio.com.br\\\/?p=138828#breadcrumb\",\"itemListElement\":[{\"@type\":\"ListItem\",\"position\":1,\"name\":\"In\u00edcio\",\"item\":\"https:\\\/\\\/blogdofarnesio.com.br\\\/\"},{\"@type\":\"ListItem\",\"position\":2,\"name\":\"GOL DEIXA DE OPERAR LINHA PETROLINA\\\/ RECIFE E AZUL INICIA VOOS NESSA ROTA\"}]},{\"@type\":\"WebSite\",\"@id\":\"https:\\\/\\\/blogdofarnesio.com.br\\\/#website\",\"url\":\"https:\\\/\\\/blogdofarnesio.com.br\\\/\",\"name\":\"Blog do Farn\u00e9sio\",\"description\":\"Quer Saber Pol\u00edtica?\",\"publisher\":{\"@id\":\"https:\\\/\\\/blogdofarnesio.com.br\\\/#organization\"},\"potentialAction\":[{\"@type\":\"SearchAction\",\"target\":{\"@type\":\"EntryPoint\",\"urlTemplate\":\"https:\\\/\\\/blogdofarnesio.com.br\\\/?s={search_term_string}\"},\"query-input\":{\"@type\":\"PropertyValueSpecification\",\"valueRequired\":true,\"valueName\":\"search_term_string\"}}],\"inLanguage\":\"pt-BR\"},{\"@type\":\"Organization\",\"@id\":\"https:\\\/\\\/blogdofarnesio.com.br\\\/#organization\",\"name\":\"Blog do Farn\u00e9sio\",\"url\":\"https:\\\/\\\/blogdofarnesio.com.br\\\/\",\"logo\":{\"@type\":\"ImageObject\",\"inLanguage\":\"pt-BR\",\"@id\":\"https:\\\/\\\/blogdofarnesio.com.br\\\/#\\\/schema\\\/logo\\\/image\\\/\",\"url\":\"https:\\\/\\\/blogdofarnesio.com.br\\\/wp-content\\\/uploads\\\/2026\\\/03\\\/cropped-logo_new-1.png\",\"contentUrl\":\"https:\\\/\\\/blogdofarnesio.com.br\\\/wp-content\\\/uploads\\\/2026\\\/03\\\/cropped-logo_new-1.png\",\"width\":881,\"height\":685,\"caption\":\"Blog do Farn\u00e9sio\"},\"image\":{\"@id\":\"https:\\\/\\\/blogdofarnesio.com.br\\\/#\\\/schema\\\/logo\\\/image\\\/\"},\"sameAs\":[\"https:\\\/\\\/www.facebook.com\\\/BlogQuerSaberPolitica\\\/\"]},{\"@type\":\"Person\",\"@id\":\"\",\"url\":\"https:\\\/\\\/blogdofarnesio.com.br\\\/?author=7\"}]}<\/script>\n<!-- \/ Yoast SEO plugin. -->","yoast_head_json":{"title":"GOL DEIXA DE OPERAR LINHA PETROLINA\/ RECIFE E AZUL INICIA VOOS NESSA ROTA - Blog do Farn\u00e9sio","robots":{"index":"index","follow":"follow","max-snippet":"max-snippet:-1","max-image-preview":"max-image-preview:large","max-video-preview":"max-video-preview:-1"},"canonical":"https:\/\/blogdofarnesio.com.br\/?p=138828","og_locale":"pt_BR","og_type":"article","og_title":"GOL DEIXA DE OPERAR LINHA PETROLINA\/ RECIFE E AZUL INICIA VOOS NESSA ROTA - Blog do Farn\u00e9sio","og_description":"Em Petrolina, o Aeroporto Internacional Senador Nilo Coelho sofrer\u00e1 algumas mudan\u00e7as nos voos dispon\u00edveis no terminal a\u00e9reo. A empresa Gol Linhas A\u00e9reas Inteligentes vai encerrar as opera\u00e7\u00f5es na rota que liga a cidade de Petrolina \u00e0 capital do estado, Recife. Em contrapartida, a empresa Azul Linhas A\u00e9reas Brasileiras vai come\u00e7ar a operar na rota Petrolina\/Recife. O fim dos servi\u00e7os da Gol no trecho est\u00e1 previsto para o dia 25 de mar\u00e7o. Em nota, a Gol disse que a companhia vai encerrar a rota Petrolina\/Recife e iniciar\u00e1 um novo voo direto entre S\u00e3o Paulo e Petrolina, a partir de 27 de mar\u00e7o. J\u00e1 a Azul vai operar no novo trecho diariamente a partir do dia 17 de mar\u00e7o. O voo sai&hellip;","og_url":"https:\/\/blogdofarnesio.com.br\/?p=138828","og_site_name":"Blog do Farn\u00e9sio","article_publisher":"https:\/\/www.facebook.com\/BlogQuerSaberPolitica\/","article_published_time":"2016-03-11T17:00:50+00:00","og_image":[{"url":"http:\/\/www.quersaberpolitica.com.br\/2016\/wp-content\/uploads\/2016\/03\/blogqsp-aeroporto-de-petrolina-senador-nilo-coelho.jpg","type":"","width":"","height":""}],"twitter_card":"summary_large_image","twitter_misc":{"Escrito por":"","Est. tempo de leitura":"1 minuto"},"schema":{"@context":"https:\/\/schema.org","@graph":[{"@type":"Article","@id":"https:\/\/blogdofarnesio.com.br\/?p=138828#article","isPartOf":{"@id":"https:\/\/blogdofarnesio.com.br\/?p=138828"},"author":{"name":"","@id":""},"headline":"GOL DEIXA DE OPERAR LINHA PETROLINA\/ RECIFE E AZUL INICIA VOOS NESSA ROTA","datePublished":"2016-03-11T17:00:50+00:00","mainEntityOfPage":{"@id":"https:\/\/blogdofarnesio.com.br\/?p=138828"},"wordCount":169,"commentCount":0,"publisher":{"@id":"https:\/\/blogdofarnesio.com.br\/#organization"},"image":{"@id":"https:\/\/blogdofarnesio.com.br\/?p=138828#primaryimage"},"thumbnailUrl":"http:\/\/www.quersaberpolitica.com.br\/2016\/wp-content\/uploads\/2016\/03\/blogqsp-aeroporto-de-petrolina-senador-nilo-coelho.jpg","articleSection":["Administra\u00e7\u00e3o"],"inLanguage":"pt-BR","potentialAction":[{"@type":"CommentAction","name":"Comment","target":["https:\/\/blogdofarnesio.com.br\/?p=138828#respond"]}]},{"@type":"WebPage","@id":"https:\/\/blogdofarnesio.com.br\/?p=138828","url":"https:\/\/blogdofarnesio.com.br\/?p=138828","name":"GOL DEIXA DE OPERAR LINHA PETROLINA\/ RECIFE E AZUL INICIA VOOS NESSA ROTA - Blog do Farn\u00e9sio","isPartOf":{"@id":"https:\/\/blogdofarnesio.com.br\/#website"},"primaryImageOfPage":{"@id":"https:\/\/blogdofarnesio.com.br\/?p=138828#primaryimage"},"image":{"@id":"https:\/\/blogdofarnesio.com.br\/?p=138828#primaryimage"},"thumbnailUrl":"http:\/\/www.quersaberpolitica.com.br\/2016\/wp-content\/uploads\/2016\/03\/blogqsp-aeroporto-de-petrolina-senador-nilo-coelho.jpg","datePublished":"2016-03-11T17:00:50+00:00","breadcrumb":{"@id":"https:\/\/blogdofarnesio.com.br\/?p=138828#breadcrumb"},"inLanguage":"pt-BR","potentialAction":[{"@type":"ReadAction","target":["https:\/\/blogdofarnesio.com.br\/?p=138828"]}]},{"@type":"ImageObject","inLanguage":"pt-BR","@id":"https:\/\/blogdofarnesio.com.br\/?p=138828#primaryimage","url":"http:\/\/www.quersaberpolitica.com.br\/2016\/wp-content\/uploads\/2016\/03\/blogqsp-aeroporto-de-petrolina-senador-nilo-coelho.jpg","contentUrl":"http:\/\/www.quersaberpolitica.com.br\/2016\/wp-content\/uploads\/2016\/03\/blogqsp-aeroporto-de-petrolina-senador-nilo-coelho.jpg"},{"@type":"BreadcrumbList","@id":"https:\/\/blogdofarnesio.com.br\/?p=138828#breadcrumb","itemListElement":[{"@type":"ListItem","position":1,"name":"In\u00edcio","item":"https:\/\/blogdofarnesio.com.br\/"},{"@type":"ListItem","position":2,"name":"GOL DEIXA DE OPERAR LINHA PETROLINA\/ RECIFE E AZUL INICIA VOOS NESSA ROTA"}]},{"@type":"WebSite","@id":"https:\/\/blogdofarnesio.com.br\/#website","url":"https:\/\/blogdofarnesio.com.br\/","name":"Blog do Farn\u00e9sio","description":"Quer Saber Pol\u00edtica?","publisher":{"@id":"https:\/\/blogdofarnesio.com.br\/#organization"},"potentialAction":[{"@type":"SearchAction","target":{"@type":"EntryPoint","urlTemplate":"https:\/\/blogdofarnesio.com.br\/?s={search_term_string}"},"query-input":{"@type":"PropertyValueSpecification","valueRequired":true,"valueName":"search_term_string"}}],"inLanguage":"pt-BR"},{"@type":"Organization","@id":"https:\/\/blogdofarnesio.com.br\/#organization","name":"Blog do Farn\u00e9sio","url":"https:\/\/blogdofarnesio.com.br\/","logo":{"@type":"ImageObject","inLanguage":"pt-BR","@id":"https:\/\/blogdofarnesio.com.br\/#\/schema\/logo\/image\/","url":"https:\/\/blogdofarnesio.com.br\/wp-content\/uploads\/2026\/03\/cropped-logo_new-1.png","contentUrl":"https:\/\/blogdofarnesio.com.br\/wp-content\/uploads\/2026\/03\/cropped-logo_new-1.png","width":881,"height":685,"caption":"Blog do Farn\u00e9sio"},"image":{"@id":"https:\/\/blogdofarnesio.com.br\/#\/schema\/logo\/image\/"},"sameAs":["https:\/\/www.facebook.com\/BlogQuerSaberPolitica\/"]},{"@type":"Person","@id":"","url":"https:\/\/blogdofarnesio.com.br\/?author=7"}]}},"_links":{"self":[{"href":"https:\/\/blogdofarnesio.com.br\/index.php?rest_route=\/wp\/v2\/posts\/138828","targetHints":{"allow":["GET"]}}],"collection":[{"href":"https:\/\/blogdofarnesio.com.br\/index.php?rest_route=\/wp\/v2\/posts"}],"about":[{"href":"https:\/\/blogdofarnesio.com.br\/index.php?rest_route=\/wp\/v2\/types\/post"}],"author":[{"embeddable":true,"href":"https:\/\/blogdofarnesio.com.br\/index.php?rest_route=\/wp\/v2\/users\/7"}],"replies":[{"embeddable":true,"href":"https:\/\/blogdofarnesio.com.br\/index.php?rest_route=%2Fwp%2Fv2%2Fcomments&post=138828"}],"version-history":[{"count":0,"href":"https:\/\/blogdofarnesio.com.br\/index.php?rest_route=\/wp\/v2\/posts\/138828\/revisions"}],"wp:attachment":[{"href":"https:\/\/blogdofarnesio.com.br\/index.php?rest_route=%2Fwp%2Fv2%2Fmedia&parent=138828"}],"wp:term":[{"taxonomy":"category","embeddable":true,"href":"https:\/\/blogdofarnesio.com.br\/index.php?rest_route=%2Fwp%2Fv2%2Fcategories&post=138828"},{"taxonomy":"post_tag","embeddable":true,"href":"https:\/\/blogdofarnesio.com.br\/index.php?rest_route=%2Fwp%2Fv2%2Ftags&post=138828"}],"curies":[{"name":"wp","href":"https:\/\/api.w.org\/{rel}","templated":true}]}}