{"id":138826,"date":"2016-03-11T11:30:42","date_gmt":"2016-03-11T14:30:42","guid":{"rendered":"http:\/\/www.quersaberpolitica.com.br\/?p=138826"},"modified":"2016-03-11T10:02:34","modified_gmt":"2016-03-11T13:02:34","slug":"apos-3-meses-da-morte-de-beatriz-protesto-pede-elucidacao-do-caso","status":"publish","type":"post","link":"https:\/\/blogdofarnesio.com.br\/?p=138826","title":{"rendered":"AP\u00d3S 3 MESES DA MORTE DE BEATRIZ, PROTESTO PEDE ELUCIDA\u00c7\u00c3O DO CASO"},"content":{"rendered":"<p style=\"text-align: justify\"><a href=\"http:\/\/www.quersaberpolitica.com.br\/2016\/wp-content\/uploads\/2016\/03\/blogqsp-manifesrat\u00e7\u00e3obeatriz.jpg\"><img loading=\"lazy\" decoding=\"async\" class=\"  wp-image-138827 aligncenter\" src=\"http:\/\/www.quersaberpolitica.com.br\/2016\/wp-content\/uploads\/2016\/03\/blogqsp-manifesrat\u00e7\u00e3obeatriz.jpg\" alt=\"blogqsp-manifesrat\u00e7\u00e3obeatriz\" width=\"412\" height=\"311\" \/><\/a><\/p>\n<p style=\"text-align: justify\">Ap\u00f3s tr\u00eas meses da morte de Beatriz Mota, assassinada com 42 facadas, durante a aula da saudade das turmas do terceiro ano do Col\u00e9gio Nossa Senhora Maria Auxiliadora em Petrolina, no Sert\u00e3o de Pernambuco, ainda n\u00e3o foi identificado o autor do crime. Para cobrar a elucida\u00e7\u00e3o do caso, que est\u00e1 sob investiga\u00e7\u00e3o da Policia Civil, uma manifesta\u00e7\u00e3o foi realizada nesta quinta-feira (10) na Pra\u00e7a Maria Auxiliadora, no centro da cidade.<\/p>\n<p style=\"text-align: justify\">Al\u00e9m dos pais da menina, Sandro Romilton e L\u00facia Mota, amigos e a popula\u00e7\u00e3o, o manifesto contou com a participa\u00e7\u00e3o, pela primeira vez, de uma representante oficial da Col\u00e9gio Maria Auxiliadora que leu uma carta em nome da dire\u00e7\u00e3o da institui\u00e7\u00e3o de ensino. \u201cPedimos a puni\u00e7\u00e3o do culpado. O col\u00e9gio teve a iniciativa do Disk den\u00fancia que hoje est\u00e1 com valor aumentado para R$10 mil. Todas as solicita\u00e7\u00f5es da pol\u00edcia est\u00e3o sendo atendidas de imediato e nenhum momento houve barreira de entrada no col\u00e9gio para as investiga\u00e7\u00f5es. J\u00e1 fizemos contato com o Minist\u00e9rio P\u00fablico no sentido de elucidar o caso. O col\u00e9gio est\u00e1 muito empenhado em colaborar que o caso seja elucidado o mais r\u00e1pido poss\u00edvel\u201d.<\/p>\n<p style=\"text-align: justify\">A manifesta\u00e7\u00e3o teve um teor de cobran\u00e7a. \u201cA gente precisa de uma resposta. A pol\u00edcia os respons\u00e1veis nos devem satisfa\u00e7\u00f5es, queremos saber quem est\u00e1 ajudando, quem est\u00e1 contribuindo com o caso, quais s\u00e3o as dificuldades e o que est\u00e1 acontecendo que est\u00e1 demorando tanto. N\u00f3s estamos aumentando o n\u00edvel de cobran\u00e7a. A escola est\u00e1 participando e acho que com a colabora\u00e7\u00e3o da escola tudo vai dar certo\u201d, relata o pai Sandro, que \u00e9 professor e lecionava na escola da filha, em aconteceu o crime.<\/p>\n<p style=\"text-align: justify\">O pai questionou a colabora\u00e7\u00e3o do governo do estado de Pernambuco para desvendar o crime brutal da filha de 7 anos. \u201cEstamos correndo atr\u00e1s das pessoas e das institui\u00e7\u00f5es. Queremos saber o porqu\u00ea do governador de Pernambuco, Paulo c\u00e2mara, ainda n\u00e3o se pronunciou. N\u00f3s j\u00e1 conversamos com todas as autoridades, menos com eles. N\u00e3o sabemos porque eles fogem. A injusti\u00e7a j\u00e1 foi feita com nossa fam\u00edlia e n\u00e3o queremos que outra injusti\u00e7a seja feita com outras fam\u00edlias\u201d, ressalta.<\/p>\n<p style=\"text-align: justify\">Emocionada, L\u00facia Mota tenta explicar a dor da perda ao longo desses tr\u00eas meses de aus\u00eancia da filha. \u201c\u00c9 dif\u00edcil, n\u00e3o tem como explicar essa dor. Eu acredito na justi\u00e7a e isso ser\u00e1 revelado. Nossa vida parou no dia 10 de dezembro de 2015 e de l\u00e1 para c\u00e1 s\u00f3 Deus tem nos sustentado\u201d, argumenta.<\/p>\n<p><em>G1 Petrolina<\/em><\/p>\n","protected":false},"excerpt":{"rendered":"<p>Ap\u00f3s tr\u00eas meses da morte de Beatriz Mota, assassinada com 42 facadas, durante a aula da saudade das turmas do terceiro ano do Col\u00e9gio Nossa Senhora Maria Auxiliadora em Petrolina, no Sert\u00e3o de Pernambuco, ainda n\u00e3o foi identificado o autor do crime. Para cobrar a elucida\u00e7\u00e3o do caso, que est\u00e1 sob investiga\u00e7\u00e3o da Policia Civil, uma manifesta\u00e7\u00e3o foi realizada nesta quinta-feira (10) na Pra\u00e7a Maria Auxiliadora, no centro da cidade. Al\u00e9m dos pais da menina, Sandro Romilton e L\u00facia Mota, amigos e a popula\u00e7\u00e3o, o manifesto contou com a participa\u00e7\u00e3o, pela primeira vez, de uma representante oficial da Col\u00e9gio Maria Auxiliadora que leu uma carta em nome da dire\u00e7\u00e3o da institui\u00e7\u00e3o de ensino. \u201cPedimos a puni\u00e7\u00e3o do culpado. O col\u00e9gio&hellip; <\/p>\n","protected":false},"author":7,"featured_media":0,"comment_status":"open","ping_status":"open","sticky":false,"template":"","format":"standard","meta":{"_acf_changed":false,"footnotes":""},"categories":[44,9],"tags":[],"class_list":["post-138826","post","type-post","status-publish","format-standard","hentry","category-administracao","category-policia"],"acf":[],"yoast_head":"<!-- This site is optimized with the Yoast SEO plugin v27.4 - https:\/\/yoast.com\/product\/yoast-seo-wordpress\/ -->\n<title>AP\u00d3S 3 MESES DA MORTE DE BEATRIZ, PROTESTO PEDE ELUCIDA\u00c7\u00c3O DO CASO - Blog do Farn\u00e9sio<\/title>\n<meta name=\"robots\" content=\"index, follow, max-snippet:-1, max-image-preview:large, max-video-preview:-1\" \/>\n<link rel=\"canonical\" href=\"https:\/\/blogdofarnesio.com.br\/?p=138826\" \/>\n<meta property=\"og:locale\" content=\"pt_BR\" \/>\n<meta property=\"og:type\" content=\"article\" \/>\n<meta property=\"og:title\" content=\"AP\u00d3S 3 MESES DA MORTE DE BEATRIZ, PROTESTO PEDE ELUCIDA\u00c7\u00c3O DO CASO - Blog do Farn\u00e9sio\" \/>\n<meta property=\"og:description\" content=\"Ap\u00f3s tr\u00eas meses da morte de Beatriz Mota, assassinada com 42 facadas, durante a aula da saudade das turmas do terceiro ano do Col\u00e9gio Nossa Senhora Maria Auxiliadora em Petrolina, no Sert\u00e3o de Pernambuco, ainda n\u00e3o foi identificado o autor do crime. Para cobrar a elucida\u00e7\u00e3o do caso, que est\u00e1 sob investiga\u00e7\u00e3o da Policia Civil, uma manifesta\u00e7\u00e3o foi realizada nesta quinta-feira (10) na Pra\u00e7a Maria Auxiliadora, no centro da cidade. Al\u00e9m dos pais da menina, Sandro Romilton e L\u00facia Mota, amigos e a popula\u00e7\u00e3o, o manifesto contou com a participa\u00e7\u00e3o, pela primeira vez, de uma representante oficial da Col\u00e9gio Maria Auxiliadora que leu uma carta em nome da dire\u00e7\u00e3o da institui\u00e7\u00e3o de ensino. \u201cPedimos a puni\u00e7\u00e3o do culpado. O col\u00e9gio&hellip;\" \/>\n<meta property=\"og:url\" content=\"https:\/\/blogdofarnesio.com.br\/?p=138826\" \/>\n<meta property=\"og:site_name\" content=\"Blog do Farn\u00e9sio\" \/>\n<meta property=\"article:publisher\" content=\"https:\/\/www.facebook.com\/BlogQuerSaberPolitica\/\" \/>\n<meta property=\"article:published_time\" content=\"2016-03-11T14:30:42+00:00\" \/>\n<meta name=\"twitter:card\" content=\"summary_large_image\" \/>\n<meta name=\"twitter:label1\" content=\"Escrito por\" \/>\n\t<meta name=\"twitter:data1\" content=\"\" \/>\n\t<meta name=\"twitter:label2\" content=\"Est. tempo de leitura\" \/>\n\t<meta name=\"twitter:data2\" content=\"2 minutos\" \/>\n<script type=\"application\/ld+json\" class=\"yoast-schema-graph\">{\"@context\":\"https:\\\/\\\/schema.org\",\"@graph\":[{\"@type\":\"Article\",\"@id\":\"https:\\\/\\\/blogdofarnesio.com.br\\\/?p=138826#article\",\"isPartOf\":{\"@id\":\"https:\\\/\\\/blogdofarnesio.com.br\\\/?p=138826\"},\"author\":{\"name\":\"\",\"@id\":\"\"},\"headline\":\"AP\u00d3S 3 MESES DA MORTE DE BEATRIZ, PROTESTO PEDE ELUCIDA\u00c7\u00c3O DO CASO\",\"datePublished\":\"2016-03-11T14:30:42+00:00\",\"mainEntityOfPage\":{\"@id\":\"https:\\\/\\\/blogdofarnesio.com.br\\\/?p=138826\"},\"wordCount\":468,\"commentCount\":0,\"publisher\":{\"@id\":\"https:\\\/\\\/blogdofarnesio.com.br\\\/#organization\"},\"articleSection\":[\"Administra\u00e7\u00e3o\",\"Pol\u00edcia\"],\"inLanguage\":\"pt-BR\",\"potentialAction\":[{\"@type\":\"CommentAction\",\"name\":\"Comment\",\"target\":[\"https:\\\/\\\/blogdofarnesio.com.br\\\/?p=138826#respond\"]}]},{\"@type\":\"WebPage\",\"@id\":\"https:\\\/\\\/blogdofarnesio.com.br\\\/?p=138826\",\"url\":\"https:\\\/\\\/blogdofarnesio.com.br\\\/?p=138826\",\"name\":\"AP\u00d3S 3 MESES DA MORTE DE BEATRIZ, PROTESTO PEDE ELUCIDA\u00c7\u00c3O DO CASO - Blog do Farn\u00e9sio\",\"isPartOf\":{\"@id\":\"https:\\\/\\\/blogdofarnesio.com.br\\\/#website\"},\"datePublished\":\"2016-03-11T14:30:42+00:00\",\"breadcrumb\":{\"@id\":\"https:\\\/\\\/blogdofarnesio.com.br\\\/?p=138826#breadcrumb\"},\"inLanguage\":\"pt-BR\",\"potentialAction\":[{\"@type\":\"ReadAction\",\"target\":[\"https:\\\/\\\/blogdofarnesio.com.br\\\/?p=138826\"]}]},{\"@type\":\"BreadcrumbList\",\"@id\":\"https:\\\/\\\/blogdofarnesio.com.br\\\/?p=138826#breadcrumb\",\"itemListElement\":[{\"@type\":\"ListItem\",\"position\":1,\"name\":\"In\u00edcio\",\"item\":\"https:\\\/\\\/blogdofarnesio.com.br\\\/\"},{\"@type\":\"ListItem\",\"position\":2,\"name\":\"AP\u00d3S 3 MESES DA MORTE DE BEATRIZ, PROTESTO PEDE ELUCIDA\u00c7\u00c3O DO CASO\"}]},{\"@type\":\"WebSite\",\"@id\":\"https:\\\/\\\/blogdofarnesio.com.br\\\/#website\",\"url\":\"https:\\\/\\\/blogdofarnesio.com.br\\\/\",\"name\":\"Blog do Farn\u00e9sio\",\"description\":\"Quer Saber Pol\u00edtica?\",\"publisher\":{\"@id\":\"https:\\\/\\\/blogdofarnesio.com.br\\\/#organization\"},\"potentialAction\":[{\"@type\":\"SearchAction\",\"target\":{\"@type\":\"EntryPoint\",\"urlTemplate\":\"https:\\\/\\\/blogdofarnesio.com.br\\\/?s={search_term_string}\"},\"query-input\":{\"@type\":\"PropertyValueSpecification\",\"valueRequired\":true,\"valueName\":\"search_term_string\"}}],\"inLanguage\":\"pt-BR\"},{\"@type\":\"Organization\",\"@id\":\"https:\\\/\\\/blogdofarnesio.com.br\\\/#organization\",\"name\":\"Blog do Farn\u00e9sio\",\"url\":\"https:\\\/\\\/blogdofarnesio.com.br\\\/\",\"logo\":{\"@type\":\"ImageObject\",\"inLanguage\":\"pt-BR\",\"@id\":\"https:\\\/\\\/blogdofarnesio.com.br\\\/#\\\/schema\\\/logo\\\/image\\\/\",\"url\":\"https:\\\/\\\/blogdofarnesio.com.br\\\/wp-content\\\/uploads\\\/2026\\\/03\\\/cropped-logo_new-1.png\",\"contentUrl\":\"https:\\\/\\\/blogdofarnesio.com.br\\\/wp-content\\\/uploads\\\/2026\\\/03\\\/cropped-logo_new-1.png\",\"width\":881,\"height\":685,\"caption\":\"Blog do Farn\u00e9sio\"},\"image\":{\"@id\":\"https:\\\/\\\/blogdofarnesio.com.br\\\/#\\\/schema\\\/logo\\\/image\\\/\"},\"sameAs\":[\"https:\\\/\\\/www.facebook.com\\\/BlogQuerSaberPolitica\\\/\"]},{\"@type\":\"Person\",\"@id\":\"\",\"url\":\"https:\\\/\\\/blogdofarnesio.com.br\\\/?author=7\"}]}<\/script>\n<!-- \/ Yoast SEO plugin. -->","yoast_head_json":{"title":"AP\u00d3S 3 MESES DA MORTE DE BEATRIZ, PROTESTO PEDE ELUCIDA\u00c7\u00c3O DO CASO - Blog do Farn\u00e9sio","robots":{"index":"index","follow":"follow","max-snippet":"max-snippet:-1","max-image-preview":"max-image-preview:large","max-video-preview":"max-video-preview:-1"},"canonical":"https:\/\/blogdofarnesio.com.br\/?p=138826","og_locale":"pt_BR","og_type":"article","og_title":"AP\u00d3S 3 MESES DA MORTE DE BEATRIZ, PROTESTO PEDE ELUCIDA\u00c7\u00c3O DO CASO - Blog do Farn\u00e9sio","og_description":"Ap\u00f3s tr\u00eas meses da morte de Beatriz Mota, assassinada com 42 facadas, durante a aula da saudade das turmas do terceiro ano do Col\u00e9gio Nossa Senhora Maria Auxiliadora em Petrolina, no Sert\u00e3o de Pernambuco, ainda n\u00e3o foi identificado o autor do crime. Para cobrar a elucida\u00e7\u00e3o do caso, que est\u00e1 sob investiga\u00e7\u00e3o da Policia Civil, uma manifesta\u00e7\u00e3o foi realizada nesta quinta-feira (10) na Pra\u00e7a Maria Auxiliadora, no centro da cidade. Al\u00e9m dos pais da menina, Sandro Romilton e L\u00facia Mota, amigos e a popula\u00e7\u00e3o, o manifesto contou com a participa\u00e7\u00e3o, pela primeira vez, de uma representante oficial da Col\u00e9gio Maria Auxiliadora que leu uma carta em nome da dire\u00e7\u00e3o da institui\u00e7\u00e3o de ensino. \u201cPedimos a puni\u00e7\u00e3o do culpado. O col\u00e9gio&hellip;","og_url":"https:\/\/blogdofarnesio.com.br\/?p=138826","og_site_name":"Blog do Farn\u00e9sio","article_publisher":"https:\/\/www.facebook.com\/BlogQuerSaberPolitica\/","article_published_time":"2016-03-11T14:30:42+00:00","twitter_card":"summary_large_image","twitter_misc":{"Escrito por":"","Est. tempo de leitura":"2 minutos"},"schema":{"@context":"https:\/\/schema.org","@graph":[{"@type":"Article","@id":"https:\/\/blogdofarnesio.com.br\/?p=138826#article","isPartOf":{"@id":"https:\/\/blogdofarnesio.com.br\/?p=138826"},"author":{"name":"","@id":""},"headline":"AP\u00d3S 3 MESES DA MORTE DE BEATRIZ, PROTESTO PEDE ELUCIDA\u00c7\u00c3O DO CASO","datePublished":"2016-03-11T14:30:42+00:00","mainEntityOfPage":{"@id":"https:\/\/blogdofarnesio.com.br\/?p=138826"},"wordCount":468,"commentCount":0,"publisher":{"@id":"https:\/\/blogdofarnesio.com.br\/#organization"},"articleSection":["Administra\u00e7\u00e3o","Pol\u00edcia"],"inLanguage":"pt-BR","potentialAction":[{"@type":"CommentAction","name":"Comment","target":["https:\/\/blogdofarnesio.com.br\/?p=138826#respond"]}]},{"@type":"WebPage","@id":"https:\/\/blogdofarnesio.com.br\/?p=138826","url":"https:\/\/blogdofarnesio.com.br\/?p=138826","name":"AP\u00d3S 3 MESES DA MORTE DE BEATRIZ, PROTESTO PEDE ELUCIDA\u00c7\u00c3O DO CASO - Blog do Farn\u00e9sio","isPartOf":{"@id":"https:\/\/blogdofarnesio.com.br\/#website"},"datePublished":"2016-03-11T14:30:42+00:00","breadcrumb":{"@id":"https:\/\/blogdofarnesio.com.br\/?p=138826#breadcrumb"},"inLanguage":"pt-BR","potentialAction":[{"@type":"ReadAction","target":["https:\/\/blogdofarnesio.com.br\/?p=138826"]}]},{"@type":"BreadcrumbList","@id":"https:\/\/blogdofarnesio.com.br\/?p=138826#breadcrumb","itemListElement":[{"@type":"ListItem","position":1,"name":"In\u00edcio","item":"https:\/\/blogdofarnesio.com.br\/"},{"@type":"ListItem","position":2,"name":"AP\u00d3S 3 MESES DA MORTE DE BEATRIZ, PROTESTO PEDE ELUCIDA\u00c7\u00c3O DO CASO"}]},{"@type":"WebSite","@id":"https:\/\/blogdofarnesio.com.br\/#website","url":"https:\/\/blogdofarnesio.com.br\/","name":"Blog do Farn\u00e9sio","description":"Quer Saber Pol\u00edtica?","publisher":{"@id":"https:\/\/blogdofarnesio.com.br\/#organization"},"potentialAction":[{"@type":"SearchAction","target":{"@type":"EntryPoint","urlTemplate":"https:\/\/blogdofarnesio.com.br\/?s={search_term_string}"},"query-input":{"@type":"PropertyValueSpecification","valueRequired":true,"valueName":"search_term_string"}}],"inLanguage":"pt-BR"},{"@type":"Organization","@id":"https:\/\/blogdofarnesio.com.br\/#organization","name":"Blog do Farn\u00e9sio","url":"https:\/\/blogdofarnesio.com.br\/","logo":{"@type":"ImageObject","inLanguage":"pt-BR","@id":"https:\/\/blogdofarnesio.com.br\/#\/schema\/logo\/image\/","url":"https:\/\/blogdofarnesio.com.br\/wp-content\/uploads\/2026\/03\/cropped-logo_new-1.png","contentUrl":"https:\/\/blogdofarnesio.com.br\/wp-content\/uploads\/2026\/03\/cropped-logo_new-1.png","width":881,"height":685,"caption":"Blog do Farn\u00e9sio"},"image":{"@id":"https:\/\/blogdofarnesio.com.br\/#\/schema\/logo\/image\/"},"sameAs":["https:\/\/www.facebook.com\/BlogQuerSaberPolitica\/"]},{"@type":"Person","@id":"","url":"https:\/\/blogdofarnesio.com.br\/?author=7"}]}},"_links":{"self":[{"href":"https:\/\/blogdofarnesio.com.br\/index.php?rest_route=\/wp\/v2\/posts\/138826","targetHints":{"allow":["GET"]}}],"collection":[{"href":"https:\/\/blogdofarnesio.com.br\/index.php?rest_route=\/wp\/v2\/posts"}],"about":[{"href":"https:\/\/blogdofarnesio.com.br\/index.php?rest_route=\/wp\/v2\/types\/post"}],"author":[{"embeddable":true,"href":"https:\/\/blogdofarnesio.com.br\/index.php?rest_route=\/wp\/v2\/users\/7"}],"replies":[{"embeddable":true,"href":"https:\/\/blogdofarnesio.com.br\/index.php?rest_route=%2Fwp%2Fv2%2Fcomments&post=138826"}],"version-history":[{"count":0,"href":"https:\/\/blogdofarnesio.com.br\/index.php?rest_route=\/wp\/v2\/posts\/138826\/revisions"}],"wp:attachment":[{"href":"https:\/\/blogdofarnesio.com.br\/index.php?rest_route=%2Fwp%2Fv2%2Fmedia&parent=138826"}],"wp:term":[{"taxonomy":"category","embeddable":true,"href":"https:\/\/blogdofarnesio.com.br\/index.php?rest_route=%2Fwp%2Fv2%2Fcategories&post=138826"},{"taxonomy":"post_tag","embeddable":true,"href":"https:\/\/blogdofarnesio.com.br\/index.php?rest_route=%2Fwp%2Fv2%2Ftags&post=138826"}],"curies":[{"name":"wp","href":"https:\/\/api.w.org\/{rel}","templated":true}]}}