{"id":138816,"date":"2016-03-11T14:20:45","date_gmt":"2016-03-11T17:20:45","guid":{"rendered":"http:\/\/www.quersaberpolitica.com.br\/?p=138816"},"modified":"2016-03-11T10:07:03","modified_gmt":"2016-03-11T13:07:03","slug":"escola-santa-terezinha-e-reinaugurada-no-dom-avelar","status":"publish","type":"post","link":"https:\/\/blogdofarnesio.com.br\/?p=138816","title":{"rendered":"ESCOLA SANTA TEREZINHA \u00c9 REINAUGURADA NO DOM AVELAR"},"content":{"rendered":"<p style=\"text-align: justify\"><a href=\"http:\/\/www.quersaberpolitica.com.br\/2016\/wp-content\/uploads\/2016\/03\/blogqsp-inagura\u00e7\u00e3o-escolasta-terezinha.jpg\"><img loading=\"lazy\" decoding=\"async\" class=\"wp-image-138817 aligncenter\" src=\"http:\/\/www.quersaberpolitica.com.br\/2016\/wp-content\/uploads\/2016\/03\/blogqsp-inagura\u00e7\u00e3o-escolasta-terezinha.jpg\" alt=\"blogqsp-inagura\u00e7\u00e3o-escolasta terezinha\" width=\"423\" height=\"305\" \/><\/a><\/p>\n<p style=\"text-align: justify\">A comunidade do bairro Dom Avelar fez a festa na inaugura\u00e7\u00e3o da nova sede da Escola Municipal Santa Terezinha. O prefeito Julio Lossio e o secret\u00e1rio de Educa\u00e7\u00e3o, Coronel Leite entregaram as novas instala\u00e7\u00f5es,com a presen\u00e7a de v\u00e1rias autoridades, entre secret\u00e1rios e vereadores da cidade. A reforma foi geral em toda a estrutura f\u00edsica e al\u00e9m da recupera\u00e7\u00e3o, a Santa Terezinha foi ampliada e ganhou novos espa\u00e7os.<\/p>\n<p style=\"text-align: justify\">A Escola que funciona nos turnos da manh\u00e3, tarde e noite, com 1300 alunos, possui Laborat\u00f3rio de inform\u00e1tica e AEE-Atendimento Educacional Especializado, atendendo cerca de 200 alunos em tempo integral no Programa Mais Educa\u00e7\u00e3o com atividades de Letramento, Matem\u00e1tica, Handebol, Capoeira e Teatro. O secret\u00e1rio de Educa\u00e7\u00e3o elogiou a gest\u00e3o da Escola e a comunidade do Dom Avelar, que est\u00e3o juntos na preserva\u00e7\u00e3o dos bens p\u00fablicos. \u201cA escola Santa Terezinha est\u00e1 fazendo bom uso dos seus recursos e as benfeitorias s\u00f3 tendem a chegar e beneficiar a todos da comunidade\u201d. J\u00e1 o prefeito Julio Lossio, enalteceu o cumprimento das pol\u00edticas p\u00fablicas na gest\u00e3o do Secret\u00e1rio de Educa\u00e7\u00e3o, Coronel Leite. \u201cLeite cumpriu o estabelecido e foi al\u00e9m do que planejamos para uma educa\u00e7\u00e3o de qualidade,\u201d citou o prefeito.<\/p>\n<p style=\"text-align: justify\"><!--more--><\/p>\n<p style=\"text-align: justify\">Al\u00e9m da reforma geral em toda a sua estrutura, a unidade escolar ganhou oito novas salas de aula climatizadas, novos conjuntos de banheiro masculino, feminino e de acessibilidade, nova cozinha com dep\u00f3sitos de frios, de cereais e de frutos, \u00e1rea de servi\u00e7o tamb\u00e9m com dep\u00f3sito para material de limpeza. Os servidores tamb\u00e9m contar\u00e3o com uma nova sala de professor, sala de coordena\u00e7\u00e3o e tamb\u00e9m uma nova secretaria.<\/p>\n<p style=\"text-align: justify\">A reforma da Escola Municipal Santa Terezinha est\u00e1 dentro do conjunto de restrutura\u00e7\u00e3o das novas unidades escolares de Petrolina, que est\u00e3o sendo restauradas, reequipadas e ampliadas.<\/p>\n<p style=\"text-align: justify\"><em>Ascom<\/em><\/p>\n","protected":false},"excerpt":{"rendered":"<p>A comunidade do bairro Dom Avelar fez a festa na inaugura\u00e7\u00e3o da nova sede da Escola Municipal Santa Terezinha. O prefeito Julio Lossio e o secret\u00e1rio de Educa\u00e7\u00e3o, Coronel Leite entregaram as novas instala\u00e7\u00f5es,com a presen\u00e7a de v\u00e1rias autoridades, entre secret\u00e1rios e vereadores da cidade. A reforma foi geral em toda a estrutura f\u00edsica e al\u00e9m da recupera\u00e7\u00e3o, a Santa Terezinha foi ampliada e ganhou novos espa\u00e7os. A Escola que funciona nos turnos da manh\u00e3, tarde e noite, com 1300 alunos, possui Laborat\u00f3rio de inform\u00e1tica e AEE-Atendimento Educacional Especializado, atendendo cerca de 200 alunos em tempo integral no Programa Mais Educa\u00e7\u00e3o com atividades de Letramento, Matem\u00e1tica, Handebol, Capoeira e Teatro. O secret\u00e1rio de Educa\u00e7\u00e3o elogiou a gest\u00e3o da Escola e&hellip; <\/p>\n","protected":false},"author":7,"featured_media":0,"comment_status":"open","ping_status":"open","sticky":false,"template":"","format":"standard","meta":{"_acf_changed":false,"footnotes":""},"categories":[44],"tags":[],"class_list":["post-138816","post","type-post","status-publish","format-standard","hentry","category-administracao"],"acf":[],"yoast_head":"<!-- This site is optimized with the Yoast SEO plugin v27.4 - https:\/\/yoast.com\/product\/yoast-seo-wordpress\/ -->\n<title>ESCOLA SANTA TEREZINHA \u00c9 REINAUGURADA NO DOM AVELAR - Blog do Farn\u00e9sio<\/title>\n<meta name=\"robots\" content=\"index, follow, max-snippet:-1, max-image-preview:large, max-video-preview:-1\" \/>\n<link rel=\"canonical\" href=\"https:\/\/blogdofarnesio.com.br\/?p=138816\" \/>\n<meta property=\"og:locale\" content=\"pt_BR\" \/>\n<meta property=\"og:type\" content=\"article\" \/>\n<meta property=\"og:title\" content=\"ESCOLA SANTA TEREZINHA \u00c9 REINAUGURADA NO DOM AVELAR - Blog do Farn\u00e9sio\" \/>\n<meta property=\"og:description\" content=\"A comunidade do bairro Dom Avelar fez a festa na inaugura\u00e7\u00e3o da nova sede da Escola Municipal Santa Terezinha. O prefeito Julio Lossio e o secret\u00e1rio de Educa\u00e7\u00e3o, Coronel Leite entregaram as novas instala\u00e7\u00f5es,com a presen\u00e7a de v\u00e1rias autoridades, entre secret\u00e1rios e vereadores da cidade. A reforma foi geral em toda a estrutura f\u00edsica e al\u00e9m da recupera\u00e7\u00e3o, a Santa Terezinha foi ampliada e ganhou novos espa\u00e7os. A Escola que funciona nos turnos da manh\u00e3, tarde e noite, com 1300 alunos, possui Laborat\u00f3rio de inform\u00e1tica e AEE-Atendimento Educacional Especializado, atendendo cerca de 200 alunos em tempo integral no Programa Mais Educa\u00e7\u00e3o com atividades de Letramento, Matem\u00e1tica, Handebol, Capoeira e Teatro. O secret\u00e1rio de Educa\u00e7\u00e3o elogiou a gest\u00e3o da Escola e&hellip;\" \/>\n<meta property=\"og:url\" content=\"https:\/\/blogdofarnesio.com.br\/?p=138816\" \/>\n<meta property=\"og:site_name\" content=\"Blog do Farn\u00e9sio\" \/>\n<meta property=\"article:publisher\" content=\"https:\/\/www.facebook.com\/BlogQuerSaberPolitica\/\" \/>\n<meta property=\"article:published_time\" content=\"2016-03-11T17:20:45+00:00\" \/>\n<meta name=\"twitter:card\" content=\"summary_large_image\" \/>\n<meta name=\"twitter:label1\" content=\"Escrito por\" \/>\n\t<meta name=\"twitter:data1\" content=\"\" \/>\n\t<meta name=\"twitter:label2\" content=\"Est. tempo de leitura\" \/>\n\t<meta name=\"twitter:data2\" content=\"2 minutos\" \/>\n<script type=\"application\/ld+json\" class=\"yoast-schema-graph\">{\"@context\":\"https:\\\/\\\/schema.org\",\"@graph\":[{\"@type\":\"Article\",\"@id\":\"https:\\\/\\\/blogdofarnesio.com.br\\\/?p=138816#article\",\"isPartOf\":{\"@id\":\"https:\\\/\\\/blogdofarnesio.com.br\\\/?p=138816\"},\"author\":{\"name\":\"\",\"@id\":\"\"},\"headline\":\"ESCOLA SANTA TEREZINHA \u00c9 REINAUGURADA NO DOM AVELAR\",\"datePublished\":\"2016-03-11T17:20:45+00:00\",\"mainEntityOfPage\":{\"@id\":\"https:\\\/\\\/blogdofarnesio.com.br\\\/?p=138816\"},\"wordCount\":333,\"commentCount\":0,\"publisher\":{\"@id\":\"https:\\\/\\\/blogdofarnesio.com.br\\\/#organization\"},\"articleSection\":[\"Administra\u00e7\u00e3o\"],\"inLanguage\":\"pt-BR\",\"potentialAction\":[{\"@type\":\"CommentAction\",\"name\":\"Comment\",\"target\":[\"https:\\\/\\\/blogdofarnesio.com.br\\\/?p=138816#respond\"]}]},{\"@type\":\"WebPage\",\"@id\":\"https:\\\/\\\/blogdofarnesio.com.br\\\/?p=138816\",\"url\":\"https:\\\/\\\/blogdofarnesio.com.br\\\/?p=138816\",\"name\":\"ESCOLA SANTA TEREZINHA \u00c9 REINAUGURADA NO DOM AVELAR - Blog do Farn\u00e9sio\",\"isPartOf\":{\"@id\":\"https:\\\/\\\/blogdofarnesio.com.br\\\/#website\"},\"datePublished\":\"2016-03-11T17:20:45+00:00\",\"breadcrumb\":{\"@id\":\"https:\\\/\\\/blogdofarnesio.com.br\\\/?p=138816#breadcrumb\"},\"inLanguage\":\"pt-BR\",\"potentialAction\":[{\"@type\":\"ReadAction\",\"target\":[\"https:\\\/\\\/blogdofarnesio.com.br\\\/?p=138816\"]}]},{\"@type\":\"BreadcrumbList\",\"@id\":\"https:\\\/\\\/blogdofarnesio.com.br\\\/?p=138816#breadcrumb\",\"itemListElement\":[{\"@type\":\"ListItem\",\"position\":1,\"name\":\"In\u00edcio\",\"item\":\"https:\\\/\\\/blogdofarnesio.com.br\\\/\"},{\"@type\":\"ListItem\",\"position\":2,\"name\":\"ESCOLA SANTA TEREZINHA \u00c9 REINAUGURADA NO DOM AVELAR\"}]},{\"@type\":\"WebSite\",\"@id\":\"https:\\\/\\\/blogdofarnesio.com.br\\\/#website\",\"url\":\"https:\\\/\\\/blogdofarnesio.com.br\\\/\",\"name\":\"Blog do Farn\u00e9sio\",\"description\":\"Quer Saber Pol\u00edtica?\",\"publisher\":{\"@id\":\"https:\\\/\\\/blogdofarnesio.com.br\\\/#organization\"},\"potentialAction\":[{\"@type\":\"SearchAction\",\"target\":{\"@type\":\"EntryPoint\",\"urlTemplate\":\"https:\\\/\\\/blogdofarnesio.com.br\\\/?s={search_term_string}\"},\"query-input\":{\"@type\":\"PropertyValueSpecification\",\"valueRequired\":true,\"valueName\":\"search_term_string\"}}],\"inLanguage\":\"pt-BR\"},{\"@type\":\"Organization\",\"@id\":\"https:\\\/\\\/blogdofarnesio.com.br\\\/#organization\",\"name\":\"Blog do Farn\u00e9sio\",\"url\":\"https:\\\/\\\/blogdofarnesio.com.br\\\/\",\"logo\":{\"@type\":\"ImageObject\",\"inLanguage\":\"pt-BR\",\"@id\":\"https:\\\/\\\/blogdofarnesio.com.br\\\/#\\\/schema\\\/logo\\\/image\\\/\",\"url\":\"https:\\\/\\\/blogdofarnesio.com.br\\\/wp-content\\\/uploads\\\/2026\\\/03\\\/cropped-logo_new-1.png\",\"contentUrl\":\"https:\\\/\\\/blogdofarnesio.com.br\\\/wp-content\\\/uploads\\\/2026\\\/03\\\/cropped-logo_new-1.png\",\"width\":881,\"height\":685,\"caption\":\"Blog do Farn\u00e9sio\"},\"image\":{\"@id\":\"https:\\\/\\\/blogdofarnesio.com.br\\\/#\\\/schema\\\/logo\\\/image\\\/\"},\"sameAs\":[\"https:\\\/\\\/www.facebook.com\\\/BlogQuerSaberPolitica\\\/\"]},{\"@type\":\"Person\",\"@id\":\"\",\"url\":\"https:\\\/\\\/blogdofarnesio.com.br\\\/?author=7\"}]}<\/script>\n<!-- \/ Yoast SEO plugin. -->","yoast_head_json":{"title":"ESCOLA SANTA TEREZINHA \u00c9 REINAUGURADA NO DOM AVELAR - Blog do Farn\u00e9sio","robots":{"index":"index","follow":"follow","max-snippet":"max-snippet:-1","max-image-preview":"max-image-preview:large","max-video-preview":"max-video-preview:-1"},"canonical":"https:\/\/blogdofarnesio.com.br\/?p=138816","og_locale":"pt_BR","og_type":"article","og_title":"ESCOLA SANTA TEREZINHA \u00c9 REINAUGURADA NO DOM AVELAR - Blog do Farn\u00e9sio","og_description":"A comunidade do bairro Dom Avelar fez a festa na inaugura\u00e7\u00e3o da nova sede da Escola Municipal Santa Terezinha. O prefeito Julio Lossio e o secret\u00e1rio de Educa\u00e7\u00e3o, Coronel Leite entregaram as novas instala\u00e7\u00f5es,com a presen\u00e7a de v\u00e1rias autoridades, entre secret\u00e1rios e vereadores da cidade. A reforma foi geral em toda a estrutura f\u00edsica e al\u00e9m da recupera\u00e7\u00e3o, a Santa Terezinha foi ampliada e ganhou novos espa\u00e7os. A Escola que funciona nos turnos da manh\u00e3, tarde e noite, com 1300 alunos, possui Laborat\u00f3rio de inform\u00e1tica e AEE-Atendimento Educacional Especializado, atendendo cerca de 200 alunos em tempo integral no Programa Mais Educa\u00e7\u00e3o com atividades de Letramento, Matem\u00e1tica, Handebol, Capoeira e Teatro. O secret\u00e1rio de Educa\u00e7\u00e3o elogiou a gest\u00e3o da Escola e&hellip;","og_url":"https:\/\/blogdofarnesio.com.br\/?p=138816","og_site_name":"Blog do Farn\u00e9sio","article_publisher":"https:\/\/www.facebook.com\/BlogQuerSaberPolitica\/","article_published_time":"2016-03-11T17:20:45+00:00","twitter_card":"summary_large_image","twitter_misc":{"Escrito por":"","Est. tempo de leitura":"2 minutos"},"schema":{"@context":"https:\/\/schema.org","@graph":[{"@type":"Article","@id":"https:\/\/blogdofarnesio.com.br\/?p=138816#article","isPartOf":{"@id":"https:\/\/blogdofarnesio.com.br\/?p=138816"},"author":{"name":"","@id":""},"headline":"ESCOLA SANTA TEREZINHA \u00c9 REINAUGURADA NO DOM AVELAR","datePublished":"2016-03-11T17:20:45+00:00","mainEntityOfPage":{"@id":"https:\/\/blogdofarnesio.com.br\/?p=138816"},"wordCount":333,"commentCount":0,"publisher":{"@id":"https:\/\/blogdofarnesio.com.br\/#organization"},"articleSection":["Administra\u00e7\u00e3o"],"inLanguage":"pt-BR","potentialAction":[{"@type":"CommentAction","name":"Comment","target":["https:\/\/blogdofarnesio.com.br\/?p=138816#respond"]}]},{"@type":"WebPage","@id":"https:\/\/blogdofarnesio.com.br\/?p=138816","url":"https:\/\/blogdofarnesio.com.br\/?p=138816","name":"ESCOLA SANTA TEREZINHA \u00c9 REINAUGURADA NO DOM AVELAR - Blog do Farn\u00e9sio","isPartOf":{"@id":"https:\/\/blogdofarnesio.com.br\/#website"},"datePublished":"2016-03-11T17:20:45+00:00","breadcrumb":{"@id":"https:\/\/blogdofarnesio.com.br\/?p=138816#breadcrumb"},"inLanguage":"pt-BR","potentialAction":[{"@type":"ReadAction","target":["https:\/\/blogdofarnesio.com.br\/?p=138816"]}]},{"@type":"BreadcrumbList","@id":"https:\/\/blogdofarnesio.com.br\/?p=138816#breadcrumb","itemListElement":[{"@type":"ListItem","position":1,"name":"In\u00edcio","item":"https:\/\/blogdofarnesio.com.br\/"},{"@type":"ListItem","position":2,"name":"ESCOLA SANTA TEREZINHA \u00c9 REINAUGURADA NO DOM AVELAR"}]},{"@type":"WebSite","@id":"https:\/\/blogdofarnesio.com.br\/#website","url":"https:\/\/blogdofarnesio.com.br\/","name":"Blog do Farn\u00e9sio","description":"Quer Saber Pol\u00edtica?","publisher":{"@id":"https:\/\/blogdofarnesio.com.br\/#organization"},"potentialAction":[{"@type":"SearchAction","target":{"@type":"EntryPoint","urlTemplate":"https:\/\/blogdofarnesio.com.br\/?s={search_term_string}"},"query-input":{"@type":"PropertyValueSpecification","valueRequired":true,"valueName":"search_term_string"}}],"inLanguage":"pt-BR"},{"@type":"Organization","@id":"https:\/\/blogdofarnesio.com.br\/#organization","name":"Blog do Farn\u00e9sio","url":"https:\/\/blogdofarnesio.com.br\/","logo":{"@type":"ImageObject","inLanguage":"pt-BR","@id":"https:\/\/blogdofarnesio.com.br\/#\/schema\/logo\/image\/","url":"https:\/\/blogdofarnesio.com.br\/wp-content\/uploads\/2026\/03\/cropped-logo_new-1.png","contentUrl":"https:\/\/blogdofarnesio.com.br\/wp-content\/uploads\/2026\/03\/cropped-logo_new-1.png","width":881,"height":685,"caption":"Blog do Farn\u00e9sio"},"image":{"@id":"https:\/\/blogdofarnesio.com.br\/#\/schema\/logo\/image\/"},"sameAs":["https:\/\/www.facebook.com\/BlogQuerSaberPolitica\/"]},{"@type":"Person","@id":"","url":"https:\/\/blogdofarnesio.com.br\/?author=7"}]}},"_links":{"self":[{"href":"https:\/\/blogdofarnesio.com.br\/index.php?rest_route=\/wp\/v2\/posts\/138816","targetHints":{"allow":["GET"]}}],"collection":[{"href":"https:\/\/blogdofarnesio.com.br\/index.php?rest_route=\/wp\/v2\/posts"}],"about":[{"href":"https:\/\/blogdofarnesio.com.br\/index.php?rest_route=\/wp\/v2\/types\/post"}],"author":[{"embeddable":true,"href":"https:\/\/blogdofarnesio.com.br\/index.php?rest_route=\/wp\/v2\/users\/7"}],"replies":[{"embeddable":true,"href":"https:\/\/blogdofarnesio.com.br\/index.php?rest_route=%2Fwp%2Fv2%2Fcomments&post=138816"}],"version-history":[{"count":0,"href":"https:\/\/blogdofarnesio.com.br\/index.php?rest_route=\/wp\/v2\/posts\/138816\/revisions"}],"wp:attachment":[{"href":"https:\/\/blogdofarnesio.com.br\/index.php?rest_route=%2Fwp%2Fv2%2Fmedia&parent=138816"}],"wp:term":[{"taxonomy":"category","embeddable":true,"href":"https:\/\/blogdofarnesio.com.br\/index.php?rest_route=%2Fwp%2Fv2%2Fcategories&post=138816"},{"taxonomy":"post_tag","embeddable":true,"href":"https:\/\/blogdofarnesio.com.br\/index.php?rest_route=%2Fwp%2Fv2%2Ftags&post=138816"}],"curies":[{"name":"wp","href":"https:\/\/api.w.org\/{rel}","templated":true}]}}