{"id":138697,"date":"2016-03-09T12:30:15","date_gmt":"2016-03-09T15:30:15","guid":{"rendered":"http:\/\/www.quersaberpolitica.com.br\/?p=138697"},"modified":"2016-03-09T10:58:10","modified_gmt":"2016-03-09T13:58:10","slug":"em-delacao-delcidio-cita-renan-calheiros-e-aecio-neves","status":"publish","type":"post","link":"https:\/\/blogdofarnesio.com.br\/2016\/03\/em-delacao-delcidio-cita-renan-calheiros-e-aecio-neves\/","title":{"rendered":"EM DELA\u00c7\u00c3O, DELC\u00cdDIO CITA RENAN CALHEIROS E A\u00c9CIO NEVES"},"content":{"rendered":"<p style=\"text-align: justify\"><a href=\"http:\/\/www.quersaberpolitica.com.br\/2016\/wp-content\/uploads\/2015\/11\/blogqsp-senador-Delc\u00eddio-do-Amaral.jpg\"><img loading=\"lazy\" decoding=\"async\" class=\" size-full wp-image-133614 aligncenter\" src=\"http:\/\/www.quersaberpolitica.com.br\/2016\/wp-content\/uploads\/2015\/11\/blogqsp-senador-Delc\u00eddio-do-Amaral.jpg\" alt=\"blogqsp-senador Delc\u00eddio do Amaral\" width=\"448\" height=\"299\" srcset=\"https:\/\/blogdofarnesio.com.br\/wp-content\/uploads\/2015\/11\/blogqsp-senador-Delc\u00eddio-do-Amaral.jpg 448w, https:\/\/blogdofarnesio.com.br\/wp-content\/uploads\/2015\/11\/blogqsp-senador-Delc\u00eddio-do-Amaral-300x200.jpg 300w\" sizes=\"auto, (max-width: 448px) 100vw, 448px\" \/><\/a><\/p>\n<p style=\"text-align: justify\">O senador Delc\u00eddio do Amaral (PT-MS) teria feito\u00a0um acordo de dela\u00e7\u00e3o premiada no qual cita v\u00e1rios pol\u00edticos, incluindo colegas do Senado.<\/p>\n<p style=\"text-align: justify\">De acordo com informa\u00e7\u00f5es da Folha de S. Paulo, fontes pr\u00f3ximas \u00e0 investiga\u00e7\u00e3o relataram que Delc\u00eddio fez refer\u00eancias a integrantes das c\u00fapulas de PMDB, PSDB e PT. No entanto, a publica\u00e7\u00e3o n\u00e3o teve acesso ao contexto do suposto envolvimento desses pol\u00edticos.<\/p>\n<p style=\"text-align: justify\">O senador teria citado parlamentares como o presidente do Senado, Renan Calheiros (PMDB-AL), Edison Lob\u00e3o (PMDB-MA), Romero Juc\u00e1 (PMDB-RR) e Valdir Raupp (PMDB-RO).<\/p>\n<p style=\"text-align: justify\">Al\u00e9m disso, revela a Folha, Delc\u00eddio teria citado o senador A\u00e9cio Neves (MG). A publica\u00e7\u00e3o destaca que as declara\u00e7\u00f5es do senador petista n\u00e3o indicam que os parlamentares tenham cometido crimes ou que ser\u00e3o investigados.<\/p>\n<p style=\"text-align: justify\">Os investigadores da Lava Jato devem analisar se os fatos atribu\u00eddos aos senadores t\u00eam ind\u00edcios m\u00ednimos para justificar o pedido de abertura de inqu\u00e9rito.<\/p>\n<p style=\"text-align: justify\">Ainda segundo a reportagem, a dela\u00e7\u00e3o de Delc\u00eddio encontra-se na Procuradoria-Geral da Rep\u00fablica aguardando um ajuste solicitado pelo ministro Teori Zavascki, relator da Lava Jato.<\/p>\n<p style=\"text-align: justify\">Na semana passada, a revista \u201cIsto\u00c9\u201d divulgou trechos dos depoimentos do petista nos quais ele teria referido o nome de Dilma e do ex-presidente Lula.<\/p>\n<p style=\"text-align: justify\"><strong><span class=\"news_bold\">Respostas<\/span><\/strong><\/p>\n<p style=\"text-align: justify\">A assessoria de A\u00e9cio Neves disse que n\u00e3o iria comentar a cita\u00e7\u00e3o pela falta de \u201cinforma\u00e7\u00e3o concreta\u201d sobre o envolvimento do senador com Delc\u00eddio.<\/p>\n<p style=\"text-align: justify\">Valdir Raupp argumentou que recebe com \u201cestranheza\u201d a informa\u00e7\u00e3o de que teria sido citado. \u201cEu nunca tive uma rela\u00e7\u00e3o mais pr\u00f3xima com Delc\u00eddio. Minha rela\u00e7\u00e3o com ele sempre foi muito republicana\u201d, afirmou.<\/p>\n<p style=\"text-align: justify\">A publica\u00e7\u00e3o n\u00e3o conseguiu contatar os demais senadores citados por Delc\u00eddio. A defesa do petista ainda argumenta que desconhece a dela\u00e7\u00e3o.<\/p>\n<p><em>Blog do Jamildo<\/em><\/p>\n","protected":false},"excerpt":{"rendered":"<p>O senador Delc\u00eddio do Amaral (PT-MS) teria feito\u00a0um acordo de dela\u00e7\u00e3o premiada no qual cita v\u00e1rios pol\u00edticos, incluindo colegas do Senado. De acordo com informa\u00e7\u00f5es da Folha de S. Paulo, fontes pr\u00f3ximas \u00e0 investiga\u00e7\u00e3o relataram que Delc\u00eddio fez refer\u00eancias a integrantes das c\u00fapulas de PMDB, PSDB e PT. No entanto, a publica\u00e7\u00e3o n\u00e3o teve acesso ao contexto do suposto envolvimento desses pol\u00edticos. O senador teria citado parlamentares como o presidente do Senado, Renan Calheiros (PMDB-AL), Edison Lob\u00e3o (PMDB-MA), Romero Juc\u00e1 (PMDB-RR) e Valdir Raupp (PMDB-RO). Al\u00e9m disso, revela a Folha, Delc\u00eddio teria citado o senador A\u00e9cio Neves (MG). A publica\u00e7\u00e3o destaca que as declara\u00e7\u00f5es do senador petista n\u00e3o indicam que os parlamentares tenham cometido crimes ou que ser\u00e3o investigados. Os&hellip; <\/p>\n","protected":false},"author":7,"featured_media":0,"comment_status":"open","ping_status":"open","sticky":false,"template":"","format":"standard","meta":{"_acf_changed":false,"footnotes":""},"categories":[1],"tags":[],"class_list":["post-138697","post","type-post","status-publish","format-standard","hentry","category-politica"],"acf":[],"yoast_head":"<!-- This site is optimized with the Yoast SEO plugin v27.5 - https:\/\/yoast.com\/product\/yoast-seo-wordpress\/ -->\n<title>EM DELA\u00c7\u00c3O, DELC\u00cdDIO CITA RENAN CALHEIROS E A\u00c9CIO NEVES - Blog do Farn\u00e9sio<\/title>\n<meta name=\"robots\" content=\"index, follow, max-snippet:-1, max-image-preview:large, max-video-preview:-1\" \/>\n<link rel=\"canonical\" href=\"https:\/\/blogdofarnesio.com.br\/2016\/03\/em-delacao-delcidio-cita-renan-calheiros-e-aecio-neves\/\" \/>\n<meta property=\"og:locale\" content=\"pt_BR\" \/>\n<meta property=\"og:type\" content=\"article\" \/>\n<meta property=\"og:title\" content=\"EM DELA\u00c7\u00c3O, DELC\u00cdDIO CITA RENAN CALHEIROS E A\u00c9CIO NEVES - Blog do Farn\u00e9sio\" \/>\n<meta property=\"og:description\" content=\"O senador Delc\u00eddio do Amaral (PT-MS) teria feito\u00a0um acordo de dela\u00e7\u00e3o premiada no qual cita v\u00e1rios pol\u00edticos, incluindo colegas do Senado. De acordo com informa\u00e7\u00f5es da Folha de S. Paulo, fontes pr\u00f3ximas \u00e0 investiga\u00e7\u00e3o relataram que Delc\u00eddio fez refer\u00eancias a integrantes das c\u00fapulas de PMDB, PSDB e PT. No entanto, a publica\u00e7\u00e3o n\u00e3o teve acesso ao contexto do suposto envolvimento desses pol\u00edticos. O senador teria citado parlamentares como o presidente do Senado, Renan Calheiros (PMDB-AL), Edison Lob\u00e3o (PMDB-MA), Romero Juc\u00e1 (PMDB-RR) e Valdir Raupp (PMDB-RO). Al\u00e9m disso, revela a Folha, Delc\u00eddio teria citado o senador A\u00e9cio Neves (MG). A publica\u00e7\u00e3o destaca que as declara\u00e7\u00f5es do senador petista n\u00e3o indicam que os parlamentares tenham cometido crimes ou que ser\u00e3o investigados. Os&hellip;\" \/>\n<meta property=\"og:url\" content=\"https:\/\/blogdofarnesio.com.br\/2016\/03\/em-delacao-delcidio-cita-renan-calheiros-e-aecio-neves\/\" \/>\n<meta property=\"og:site_name\" content=\"Blog do Farn\u00e9sio\" \/>\n<meta property=\"article:publisher\" content=\"https:\/\/www.facebook.com\/BlogQuerSaberPolitica\/\" \/>\n<meta property=\"article:published_time\" content=\"2016-03-09T15:30:15+00:00\" \/>\n<meta name=\"twitter:card\" content=\"summary_large_image\" \/>\n<meta name=\"twitter:label1\" content=\"Escrito por\" \/>\n\t<meta name=\"twitter:data1\" content=\"\" \/>\n\t<meta name=\"twitter:label2\" content=\"Est. tempo de leitura\" \/>\n\t<meta name=\"twitter:data2\" content=\"2 minutos\" \/>\n<script type=\"application\/ld+json\" class=\"yoast-schema-graph\">{\"@context\":\"https:\\\/\\\/schema.org\",\"@graph\":[{\"@type\":\"Article\",\"@id\":\"https:\\\/\\\/blogdofarnesio.com.br\\\/2016\\\/03\\\/em-delacao-delcidio-cita-renan-calheiros-e-aecio-neves\\\/#article\",\"isPartOf\":{\"@id\":\"https:\\\/\\\/blogdofarnesio.com.br\\\/2016\\\/03\\\/em-delacao-delcidio-cita-renan-calheiros-e-aecio-neves\\\/\"},\"author\":{\"name\":\"\",\"@id\":\"\"},\"headline\":\"EM DELA\u00c7\u00c3O, DELC\u00cdDIO CITA RENAN CALHEIROS E A\u00c9CIO NEVES\",\"datePublished\":\"2016-03-09T15:30:15+00:00\",\"mainEntityOfPage\":{\"@id\":\"https:\\\/\\\/blogdofarnesio.com.br\\\/2016\\\/03\\\/em-delacao-delcidio-cita-renan-calheiros-e-aecio-neves\\\/\"},\"wordCount\":329,\"commentCount\":0,\"publisher\":{\"@id\":\"https:\\\/\\\/blogdofarnesio.com.br\\\/#organization\"},\"articleSection\":[\"Pol\u00edtica\"],\"inLanguage\":\"pt-BR\",\"potentialAction\":[{\"@type\":\"CommentAction\",\"name\":\"Comment\",\"target\":[\"https:\\\/\\\/blogdofarnesio.com.br\\\/2016\\\/03\\\/em-delacao-delcidio-cita-renan-calheiros-e-aecio-neves\\\/#respond\"]}]},{\"@type\":\"WebPage\",\"@id\":\"https:\\\/\\\/blogdofarnesio.com.br\\\/2016\\\/03\\\/em-delacao-delcidio-cita-renan-calheiros-e-aecio-neves\\\/\",\"url\":\"https:\\\/\\\/blogdofarnesio.com.br\\\/2016\\\/03\\\/em-delacao-delcidio-cita-renan-calheiros-e-aecio-neves\\\/\",\"name\":\"EM DELA\u00c7\u00c3O, DELC\u00cdDIO CITA RENAN CALHEIROS E A\u00c9CIO NEVES - Blog do Farn\u00e9sio\",\"isPartOf\":{\"@id\":\"https:\\\/\\\/blogdofarnesio.com.br\\\/#website\"},\"datePublished\":\"2016-03-09T15:30:15+00:00\",\"breadcrumb\":{\"@id\":\"https:\\\/\\\/blogdofarnesio.com.br\\\/2016\\\/03\\\/em-delacao-delcidio-cita-renan-calheiros-e-aecio-neves\\\/#breadcrumb\"},\"inLanguage\":\"pt-BR\",\"potentialAction\":[{\"@type\":\"ReadAction\",\"target\":[\"https:\\\/\\\/blogdofarnesio.com.br\\\/2016\\\/03\\\/em-delacao-delcidio-cita-renan-calheiros-e-aecio-neves\\\/\"]}]},{\"@type\":\"BreadcrumbList\",\"@id\":\"https:\\\/\\\/blogdofarnesio.com.br\\\/2016\\\/03\\\/em-delacao-delcidio-cita-renan-calheiros-e-aecio-neves\\\/#breadcrumb\",\"itemListElement\":[{\"@type\":\"ListItem\",\"position\":1,\"name\":\"In\u00edcio\",\"item\":\"https:\\\/\\\/blogdofarnesio.com.br\\\/\"},{\"@type\":\"ListItem\",\"position\":2,\"name\":\"EM DELA\u00c7\u00c3O, DELC\u00cdDIO CITA RENAN CALHEIROS E A\u00c9CIO NEVES\"}]},{\"@type\":\"WebSite\",\"@id\":\"https:\\\/\\\/blogdofarnesio.com.br\\\/#website\",\"url\":\"https:\\\/\\\/blogdofarnesio.com.br\\\/\",\"name\":\"Blog do Farn\u00e9sio\",\"description\":\"Quer Saber Pol\u00edtica?\",\"publisher\":{\"@id\":\"https:\\\/\\\/blogdofarnesio.com.br\\\/#organization\"},\"potentialAction\":[{\"@type\":\"SearchAction\",\"target\":{\"@type\":\"EntryPoint\",\"urlTemplate\":\"https:\\\/\\\/blogdofarnesio.com.br\\\/?s={search_term_string}\"},\"query-input\":{\"@type\":\"PropertyValueSpecification\",\"valueRequired\":true,\"valueName\":\"search_term_string\"}}],\"inLanguage\":\"pt-BR\"},{\"@type\":\"Organization\",\"@id\":\"https:\\\/\\\/blogdofarnesio.com.br\\\/#organization\",\"name\":\"Blog do Farn\u00e9sio\",\"url\":\"https:\\\/\\\/blogdofarnesio.com.br\\\/\",\"logo\":{\"@type\":\"ImageObject\",\"inLanguage\":\"pt-BR\",\"@id\":\"https:\\\/\\\/blogdofarnesio.com.br\\\/#\\\/schema\\\/logo\\\/image\\\/\",\"url\":\"https:\\\/\\\/blogdofarnesio.com.br\\\/wp-content\\\/uploads\\\/2026\\\/03\\\/cropped-logo_new-1.png\",\"contentUrl\":\"https:\\\/\\\/blogdofarnesio.com.br\\\/wp-content\\\/uploads\\\/2026\\\/03\\\/cropped-logo_new-1.png\",\"width\":881,\"height\":685,\"caption\":\"Blog do Farn\u00e9sio\"},\"image\":{\"@id\":\"https:\\\/\\\/blogdofarnesio.com.br\\\/#\\\/schema\\\/logo\\\/image\\\/\"},\"sameAs\":[\"https:\\\/\\\/www.facebook.com\\\/BlogQuerSaberPolitica\\\/\"]},{\"@type\":\"Person\",\"@id\":\"\",\"url\":\"https:\\\/\\\/blogdofarnesio.com.br\\\/author\\\/\"}]}<\/script>\n<!-- \/ Yoast SEO plugin. -->","yoast_head_json":{"title":"EM DELA\u00c7\u00c3O, DELC\u00cdDIO CITA RENAN CALHEIROS E A\u00c9CIO NEVES - Blog do Farn\u00e9sio","robots":{"index":"index","follow":"follow","max-snippet":"max-snippet:-1","max-image-preview":"max-image-preview:large","max-video-preview":"max-video-preview:-1"},"canonical":"https:\/\/blogdofarnesio.com.br\/2016\/03\/em-delacao-delcidio-cita-renan-calheiros-e-aecio-neves\/","og_locale":"pt_BR","og_type":"article","og_title":"EM DELA\u00c7\u00c3O, DELC\u00cdDIO CITA RENAN CALHEIROS E A\u00c9CIO NEVES - Blog do Farn\u00e9sio","og_description":"O senador Delc\u00eddio do Amaral (PT-MS) teria feito\u00a0um acordo de dela\u00e7\u00e3o premiada no qual cita v\u00e1rios pol\u00edticos, incluindo colegas do Senado. De acordo com informa\u00e7\u00f5es da Folha de S. Paulo, fontes pr\u00f3ximas \u00e0 investiga\u00e7\u00e3o relataram que Delc\u00eddio fez refer\u00eancias a integrantes das c\u00fapulas de PMDB, PSDB e PT. No entanto, a publica\u00e7\u00e3o n\u00e3o teve acesso ao contexto do suposto envolvimento desses pol\u00edticos. O senador teria citado parlamentares como o presidente do Senado, Renan Calheiros (PMDB-AL), Edison Lob\u00e3o (PMDB-MA), Romero Juc\u00e1 (PMDB-RR) e Valdir Raupp (PMDB-RO). Al\u00e9m disso, revela a Folha, Delc\u00eddio teria citado o senador A\u00e9cio Neves (MG). A publica\u00e7\u00e3o destaca que as declara\u00e7\u00f5es do senador petista n\u00e3o indicam que os parlamentares tenham cometido crimes ou que ser\u00e3o investigados. Os&hellip;","og_url":"https:\/\/blogdofarnesio.com.br\/2016\/03\/em-delacao-delcidio-cita-renan-calheiros-e-aecio-neves\/","og_site_name":"Blog do Farn\u00e9sio","article_publisher":"https:\/\/www.facebook.com\/BlogQuerSaberPolitica\/","article_published_time":"2016-03-09T15:30:15+00:00","twitter_card":"summary_large_image","twitter_misc":{"Escrito por":"","Est. tempo de leitura":"2 minutos"},"schema":{"@context":"https:\/\/schema.org","@graph":[{"@type":"Article","@id":"https:\/\/blogdofarnesio.com.br\/2016\/03\/em-delacao-delcidio-cita-renan-calheiros-e-aecio-neves\/#article","isPartOf":{"@id":"https:\/\/blogdofarnesio.com.br\/2016\/03\/em-delacao-delcidio-cita-renan-calheiros-e-aecio-neves\/"},"author":{"name":"","@id":""},"headline":"EM DELA\u00c7\u00c3O, DELC\u00cdDIO CITA RENAN CALHEIROS E A\u00c9CIO NEVES","datePublished":"2016-03-09T15:30:15+00:00","mainEntityOfPage":{"@id":"https:\/\/blogdofarnesio.com.br\/2016\/03\/em-delacao-delcidio-cita-renan-calheiros-e-aecio-neves\/"},"wordCount":329,"commentCount":0,"publisher":{"@id":"https:\/\/blogdofarnesio.com.br\/#organization"},"articleSection":["Pol\u00edtica"],"inLanguage":"pt-BR","potentialAction":[{"@type":"CommentAction","name":"Comment","target":["https:\/\/blogdofarnesio.com.br\/2016\/03\/em-delacao-delcidio-cita-renan-calheiros-e-aecio-neves\/#respond"]}]},{"@type":"WebPage","@id":"https:\/\/blogdofarnesio.com.br\/2016\/03\/em-delacao-delcidio-cita-renan-calheiros-e-aecio-neves\/","url":"https:\/\/blogdofarnesio.com.br\/2016\/03\/em-delacao-delcidio-cita-renan-calheiros-e-aecio-neves\/","name":"EM DELA\u00c7\u00c3O, DELC\u00cdDIO CITA RENAN CALHEIROS E A\u00c9CIO NEVES - Blog do Farn\u00e9sio","isPartOf":{"@id":"https:\/\/blogdofarnesio.com.br\/#website"},"datePublished":"2016-03-09T15:30:15+00:00","breadcrumb":{"@id":"https:\/\/blogdofarnesio.com.br\/2016\/03\/em-delacao-delcidio-cita-renan-calheiros-e-aecio-neves\/#breadcrumb"},"inLanguage":"pt-BR","potentialAction":[{"@type":"ReadAction","target":["https:\/\/blogdofarnesio.com.br\/2016\/03\/em-delacao-delcidio-cita-renan-calheiros-e-aecio-neves\/"]}]},{"@type":"BreadcrumbList","@id":"https:\/\/blogdofarnesio.com.br\/2016\/03\/em-delacao-delcidio-cita-renan-calheiros-e-aecio-neves\/#breadcrumb","itemListElement":[{"@type":"ListItem","position":1,"name":"In\u00edcio","item":"https:\/\/blogdofarnesio.com.br\/"},{"@type":"ListItem","position":2,"name":"EM DELA\u00c7\u00c3O, DELC\u00cdDIO CITA RENAN CALHEIROS E A\u00c9CIO NEVES"}]},{"@type":"WebSite","@id":"https:\/\/blogdofarnesio.com.br\/#website","url":"https:\/\/blogdofarnesio.com.br\/","name":"Blog do Farn\u00e9sio","description":"Quer Saber Pol\u00edtica?","publisher":{"@id":"https:\/\/blogdofarnesio.com.br\/#organization"},"potentialAction":[{"@type":"SearchAction","target":{"@type":"EntryPoint","urlTemplate":"https:\/\/blogdofarnesio.com.br\/?s={search_term_string}"},"query-input":{"@type":"PropertyValueSpecification","valueRequired":true,"valueName":"search_term_string"}}],"inLanguage":"pt-BR"},{"@type":"Organization","@id":"https:\/\/blogdofarnesio.com.br\/#organization","name":"Blog do Farn\u00e9sio","url":"https:\/\/blogdofarnesio.com.br\/","logo":{"@type":"ImageObject","inLanguage":"pt-BR","@id":"https:\/\/blogdofarnesio.com.br\/#\/schema\/logo\/image\/","url":"https:\/\/blogdofarnesio.com.br\/wp-content\/uploads\/2026\/03\/cropped-logo_new-1.png","contentUrl":"https:\/\/blogdofarnesio.com.br\/wp-content\/uploads\/2026\/03\/cropped-logo_new-1.png","width":881,"height":685,"caption":"Blog do Farn\u00e9sio"},"image":{"@id":"https:\/\/blogdofarnesio.com.br\/#\/schema\/logo\/image\/"},"sameAs":["https:\/\/www.facebook.com\/BlogQuerSaberPolitica\/"]},{"@type":"Person","@id":"","url":"https:\/\/blogdofarnesio.com.br\/author\/"}]}},"_links":{"self":[{"href":"https:\/\/blogdofarnesio.com.br\/wp-json\/wp\/v2\/posts\/138697","targetHints":{"allow":["GET"]}}],"collection":[{"href":"https:\/\/blogdofarnesio.com.br\/wp-json\/wp\/v2\/posts"}],"about":[{"href":"https:\/\/blogdofarnesio.com.br\/wp-json\/wp\/v2\/types\/post"}],"author":[{"embeddable":true,"href":"https:\/\/blogdofarnesio.com.br\/wp-json\/wp\/v2\/users\/7"}],"replies":[{"embeddable":true,"href":"https:\/\/blogdofarnesio.com.br\/wp-json\/wp\/v2\/comments?post=138697"}],"version-history":[{"count":0,"href":"https:\/\/blogdofarnesio.com.br\/wp-json\/wp\/v2\/posts\/138697\/revisions"}],"wp:attachment":[{"href":"https:\/\/blogdofarnesio.com.br\/wp-json\/wp\/v2\/media?parent=138697"}],"wp:term":[{"taxonomy":"category","embeddable":true,"href":"https:\/\/blogdofarnesio.com.br\/wp-json\/wp\/v2\/categories?post=138697"},{"taxonomy":"post_tag","embeddable":true,"href":"https:\/\/blogdofarnesio.com.br\/wp-json\/wp\/v2\/tags?post=138697"}],"curies":[{"name":"wp","href":"https:\/\/api.w.org\/{rel}","templated":true}]}}