{"id":138212,"date":"2016-03-01T17:33:19","date_gmt":"2016-03-01T20:33:19","guid":{"rendered":"http:\/\/www.quersaberpolitica.com.br\/?p=138212"},"modified":"2016-03-01T15:28:47","modified_gmt":"2016-03-01T18:28:47","slug":"andrade-gutierrez-diz-que-pagou-ilegalmente-divida-da-campanha-de-dilma","status":"publish","type":"post","link":"https:\/\/blogdofarnesio.com.br\/?p=138212","title":{"rendered":"ANDRADE GUTIERREZ DIZ QUE PAGOU ILEGALMENTE D\u00cdVIDA DA CAMPANHA DE DILMA"},"content":{"rendered":"<div class=\"entry-content\">\n<p><img loading=\"lazy\" decoding=\"async\" class=\" wp-image-141755 aligncenter\" src=\"http:\/\/imagens1.ne10.uol.com.br\/blogsne10\/jamildo\/uploads\/2016\/02\/Dilma-3.jpg\" alt=\"em dela\u00e7\u00f5es premiadas dirigentes teriam relatado um pagamento de R$ 5,1 milh\u00f5es, que teria sido feito por um contrato fict\u00edcio de presta\u00e7\u00e3o de servi\u00e7o em 2010\" width=\"428\" height=\"241\" \/><\/p>\n<p style=\"text-align: justify\">A empreiteira Andrade Gutierrez teria pago despesas com fornecedores da campanha eleitoral de Dilma Rousseff em 2010. Segundo o jornal Folha de S. Paulo, a revela\u00e7\u00e3o teria sido feita no acordo para dela\u00e7\u00e3o premiada de 11 executivos da empresa.<\/p>\n<p style=\"text-align: justify\">\u00c9 a primeira cita\u00e7\u00e3o direta de irregularidade apurada pela Opera\u00e7\u00e3o Lava Jato que envolve uma campanha da presidente. O pagamento, segundo os delatores, teria sido feito por um contrato fict\u00edcio de presta\u00e7\u00e3o de servi\u00e7o.<\/p>\n<p style=\"text-align: justify\">De acordo com o jornal, o fornecedor \u00e9 a ag\u00eancia de comunica\u00e7\u00e3o Pepper, que trabalhou para a presidente em 2010. Os delatores teriam informado que o valor, acima de R$ 5 milh\u00f5es \u00e0 \u00e9poca, foi pago a pedido de um dos coordenadores da campanha do PT.<\/p>\n<p style=\"text-align: justify\">Em 2010, a empreiteira fez tr\u00eas doa\u00e7\u00f5es oficiais para a campanha de Dilma, entre agosto e outubro, que totalizaram R$ 5,1 milh\u00f5es. O comit\u00ea de campanha da petista declarou gastos de R$ 6,4 milh\u00f5es especificamente com a ag\u00eancia Pepper.<\/p>\n<p style=\"text-align: justify\">Para os ministros do Tribunal Superior Eleitoral (TSE), isso \u00e9 um crime de caixa dois. Por\u00e9m, como se trata da campanha de 2010, n\u00e3o haveria implica\u00e7\u00f5es na Justi\u00e7a Eleitoral em caso de comprova\u00e7\u00e3o da dela\u00e7\u00e3o porque o governo se encerrou em 2014.<\/p>\n<p style=\"text-align: justify\">O roteiro acertado com os procuradores inclui tamb\u00e9m revela\u00e7\u00f5es sobre irregularidades praticadas nas obras da usina nuclear de Angra 3, da hidrel\u00e9trica de Belo Monte, na Petrobras e em tr\u00eas est\u00e1dios da Copa do Mundo: Arena Amazonas, Maracan\u00e3 e Man\u00e9 Garrincha.<\/p>\n<\/div>\n","protected":false},"excerpt":{"rendered":"<p>A empreiteira Andrade Gutierrez teria pago despesas com fornecedores da campanha eleitoral de Dilma Rousseff em 2010. Segundo o jornal Folha de S. Paulo, a revela\u00e7\u00e3o teria sido feita no acordo para dela\u00e7\u00e3o premiada de 11 executivos da empresa. \u00c9 a primeira cita\u00e7\u00e3o direta de irregularidade apurada pela Opera\u00e7\u00e3o Lava Jato que envolve uma campanha da presidente. O pagamento, segundo os delatores, teria sido feito por um contrato fict\u00edcio de presta\u00e7\u00e3o de servi\u00e7o. De acordo com o jornal, o fornecedor \u00e9 a ag\u00eancia de comunica\u00e7\u00e3o Pepper, que trabalhou para a presidente em 2010. Os delatores teriam informado que o valor, acima de R$ 5 milh\u00f5es \u00e0 \u00e9poca, foi pago a pedido de um dos coordenadores da campanha do PT. Em&hellip; <\/p>\n","protected":false},"author":3,"featured_media":0,"comment_status":"open","ping_status":"open","sticky":false,"template":"","format":"standard","meta":{"_acf_changed":false,"footnotes":""},"categories":[1],"tags":[],"class_list":["post-138212","post","type-post","status-publish","format-standard","hentry","category-politica"],"acf":[],"yoast_head":"<!-- This site is optimized with the Yoast SEO plugin v27.4 - https:\/\/yoast.com\/product\/yoast-seo-wordpress\/ -->\n<title>ANDRADE GUTIERREZ DIZ QUE PAGOU ILEGALMENTE D\u00cdVIDA DA CAMPANHA DE DILMA - Blog do Farn\u00e9sio<\/title>\n<meta name=\"robots\" content=\"index, follow, max-snippet:-1, max-image-preview:large, max-video-preview:-1\" \/>\n<link rel=\"canonical\" href=\"https:\/\/blogdofarnesio.com.br\/?p=138212\" \/>\n<meta property=\"og:locale\" content=\"pt_BR\" \/>\n<meta property=\"og:type\" content=\"article\" \/>\n<meta property=\"og:title\" content=\"ANDRADE GUTIERREZ DIZ QUE PAGOU ILEGALMENTE D\u00cdVIDA DA CAMPANHA DE DILMA - Blog do Farn\u00e9sio\" \/>\n<meta property=\"og:description\" content=\"A empreiteira Andrade Gutierrez teria pago despesas com fornecedores da campanha eleitoral de Dilma Rousseff em 2010. Segundo o jornal Folha de S. Paulo, a revela\u00e7\u00e3o teria sido feita no acordo para dela\u00e7\u00e3o premiada de 11 executivos da empresa. \u00c9 a primeira cita\u00e7\u00e3o direta de irregularidade apurada pela Opera\u00e7\u00e3o Lava Jato que envolve uma campanha da presidente. O pagamento, segundo os delatores, teria sido feito por um contrato fict\u00edcio de presta\u00e7\u00e3o de servi\u00e7o. De acordo com o jornal, o fornecedor \u00e9 a ag\u00eancia de comunica\u00e7\u00e3o Pepper, que trabalhou para a presidente em 2010. Os delatores teriam informado que o valor, acima de R$ 5 milh\u00f5es \u00e0 \u00e9poca, foi pago a pedido de um dos coordenadores da campanha do PT. Em&hellip;\" \/>\n<meta property=\"og:url\" content=\"https:\/\/blogdofarnesio.com.br\/?p=138212\" \/>\n<meta property=\"og:site_name\" content=\"Blog do Farn\u00e9sio\" \/>\n<meta property=\"article:publisher\" content=\"https:\/\/www.facebook.com\/BlogQuerSaberPolitica\/\" \/>\n<meta property=\"article:published_time\" content=\"2016-03-01T20:33:19+00:00\" \/>\n<meta property=\"og:image\" content=\"http:\/\/imagens1.ne10.uol.com.br\/blogsne10\/jamildo\/uploads\/2016\/02\/Dilma-3.jpg\" \/>\n<meta name=\"author\" content=\"teste\" \/>\n<meta name=\"twitter:card\" content=\"summary_large_image\" \/>\n<meta name=\"twitter:label1\" content=\"Escrito por\" \/>\n\t<meta name=\"twitter:data1\" content=\"teste\" \/>\n\t<meta name=\"twitter:label2\" content=\"Est. tempo de leitura\" \/>\n\t<meta name=\"twitter:data2\" content=\"1 minuto\" \/>\n<script type=\"application\/ld+json\" class=\"yoast-schema-graph\">{\"@context\":\"https:\\\/\\\/schema.org\",\"@graph\":[{\"@type\":\"Article\",\"@id\":\"https:\\\/\\\/blogdofarnesio.com.br\\\/?p=138212#article\",\"isPartOf\":{\"@id\":\"https:\\\/\\\/blogdofarnesio.com.br\\\/?p=138212\"},\"author\":{\"name\":\"teste\",\"@id\":\"https:\\\/\\\/blogdofarnesio.com.br\\\/#\\\/schema\\\/person\\\/dd1bf5eba40b687199ba45ca6b97dff9\"},\"headline\":\"ANDRADE GUTIERREZ DIZ QUE PAGOU ILEGALMENTE D\u00cdVIDA DA CAMPANHA DE DILMA\",\"datePublished\":\"2016-03-01T20:33:19+00:00\",\"mainEntityOfPage\":{\"@id\":\"https:\\\/\\\/blogdofarnesio.com.br\\\/?p=138212\"},\"wordCount\":265,\"commentCount\":0,\"publisher\":{\"@id\":\"https:\\\/\\\/blogdofarnesio.com.br\\\/#organization\"},\"image\":{\"@id\":\"https:\\\/\\\/blogdofarnesio.com.br\\\/?p=138212#primaryimage\"},\"thumbnailUrl\":\"http:\\\/\\\/imagens1.ne10.uol.com.br\\\/blogsne10\\\/jamildo\\\/uploads\\\/2016\\\/02\\\/Dilma-3.jpg\",\"articleSection\":[\"Pol\u00edtica\"],\"inLanguage\":\"pt-BR\",\"potentialAction\":[{\"@type\":\"CommentAction\",\"name\":\"Comment\",\"target\":[\"https:\\\/\\\/blogdofarnesio.com.br\\\/?p=138212#respond\"]}]},{\"@type\":\"WebPage\",\"@id\":\"https:\\\/\\\/blogdofarnesio.com.br\\\/?p=138212\",\"url\":\"https:\\\/\\\/blogdofarnesio.com.br\\\/?p=138212\",\"name\":\"ANDRADE GUTIERREZ DIZ QUE PAGOU ILEGALMENTE D\u00cdVIDA DA CAMPANHA DE DILMA - Blog do Farn\u00e9sio\",\"isPartOf\":{\"@id\":\"https:\\\/\\\/blogdofarnesio.com.br\\\/#website\"},\"primaryImageOfPage\":{\"@id\":\"https:\\\/\\\/blogdofarnesio.com.br\\\/?p=138212#primaryimage\"},\"image\":{\"@id\":\"https:\\\/\\\/blogdofarnesio.com.br\\\/?p=138212#primaryimage\"},\"thumbnailUrl\":\"http:\\\/\\\/imagens1.ne10.uol.com.br\\\/blogsne10\\\/jamildo\\\/uploads\\\/2016\\\/02\\\/Dilma-3.jpg\",\"datePublished\":\"2016-03-01T20:33:19+00:00\",\"breadcrumb\":{\"@id\":\"https:\\\/\\\/blogdofarnesio.com.br\\\/?p=138212#breadcrumb\"},\"inLanguage\":\"pt-BR\",\"potentialAction\":[{\"@type\":\"ReadAction\",\"target\":[\"https:\\\/\\\/blogdofarnesio.com.br\\\/?p=138212\"]}]},{\"@type\":\"ImageObject\",\"inLanguage\":\"pt-BR\",\"@id\":\"https:\\\/\\\/blogdofarnesio.com.br\\\/?p=138212#primaryimage\",\"url\":\"http:\\\/\\\/imagens1.ne10.uol.com.br\\\/blogsne10\\\/jamildo\\\/uploads\\\/2016\\\/02\\\/Dilma-3.jpg\",\"contentUrl\":\"http:\\\/\\\/imagens1.ne10.uol.com.br\\\/blogsne10\\\/jamildo\\\/uploads\\\/2016\\\/02\\\/Dilma-3.jpg\"},{\"@type\":\"BreadcrumbList\",\"@id\":\"https:\\\/\\\/blogdofarnesio.com.br\\\/?p=138212#breadcrumb\",\"itemListElement\":[{\"@type\":\"ListItem\",\"position\":1,\"name\":\"In\u00edcio\",\"item\":\"https:\\\/\\\/blogdofarnesio.com.br\\\/\"},{\"@type\":\"ListItem\",\"position\":2,\"name\":\"ANDRADE GUTIERREZ DIZ QUE PAGOU ILEGALMENTE D\u00cdVIDA DA CAMPANHA DE DILMA\"}]},{\"@type\":\"WebSite\",\"@id\":\"https:\\\/\\\/blogdofarnesio.com.br\\\/#website\",\"url\":\"https:\\\/\\\/blogdofarnesio.com.br\\\/\",\"name\":\"Blog do Farn\u00e9sio\",\"description\":\"Quer Saber Pol\u00edtica?\",\"publisher\":{\"@id\":\"https:\\\/\\\/blogdofarnesio.com.br\\\/#organization\"},\"potentialAction\":[{\"@type\":\"SearchAction\",\"target\":{\"@type\":\"EntryPoint\",\"urlTemplate\":\"https:\\\/\\\/blogdofarnesio.com.br\\\/?s={search_term_string}\"},\"query-input\":{\"@type\":\"PropertyValueSpecification\",\"valueRequired\":true,\"valueName\":\"search_term_string\"}}],\"inLanguage\":\"pt-BR\"},{\"@type\":\"Organization\",\"@id\":\"https:\\\/\\\/blogdofarnesio.com.br\\\/#organization\",\"name\":\"Blog do Farn\u00e9sio\",\"url\":\"https:\\\/\\\/blogdofarnesio.com.br\\\/\",\"logo\":{\"@type\":\"ImageObject\",\"inLanguage\":\"pt-BR\",\"@id\":\"https:\\\/\\\/blogdofarnesio.com.br\\\/#\\\/schema\\\/logo\\\/image\\\/\",\"url\":\"https:\\\/\\\/blogdofarnesio.com.br\\\/wp-content\\\/uploads\\\/2026\\\/03\\\/cropped-logo_new-1.png\",\"contentUrl\":\"https:\\\/\\\/blogdofarnesio.com.br\\\/wp-content\\\/uploads\\\/2026\\\/03\\\/cropped-logo_new-1.png\",\"width\":881,\"height\":685,\"caption\":\"Blog do Farn\u00e9sio\"},\"image\":{\"@id\":\"https:\\\/\\\/blogdofarnesio.com.br\\\/#\\\/schema\\\/logo\\\/image\\\/\"},\"sameAs\":[\"https:\\\/\\\/www.facebook.com\\\/BlogQuerSaberPolitica\\\/\"]},{\"@type\":\"Person\",\"@id\":\"https:\\\/\\\/blogdofarnesio.com.br\\\/#\\\/schema\\\/person\\\/dd1bf5eba40b687199ba45ca6b97dff9\",\"name\":\"teste\",\"image\":{\"@type\":\"ImageObject\",\"inLanguage\":\"pt-BR\",\"@id\":\"https:\\\/\\\/secure.gravatar.com\\\/avatar\\\/2172498d4914b51e1d89a0f97957b035ac4938723a5cac208135d389b6972a6d?s=96&d=mm&r=g\",\"url\":\"https:\\\/\\\/secure.gravatar.com\\\/avatar\\\/2172498d4914b51e1d89a0f97957b035ac4938723a5cac208135d389b6972a6d?s=96&d=mm&r=g\",\"contentUrl\":\"https:\\\/\\\/secure.gravatar.com\\\/avatar\\\/2172498d4914b51e1d89a0f97957b035ac4938723a5cac208135d389b6972a6d?s=96&d=mm&r=g\",\"caption\":\"teste\"},\"url\":\"https:\\\/\\\/blogdofarnesio.com.br\\\/?author=3\"}]}<\/script>\n<!-- \/ Yoast SEO plugin. -->","yoast_head_json":{"title":"ANDRADE GUTIERREZ DIZ QUE PAGOU ILEGALMENTE D\u00cdVIDA DA CAMPANHA DE DILMA - Blog do Farn\u00e9sio","robots":{"index":"index","follow":"follow","max-snippet":"max-snippet:-1","max-image-preview":"max-image-preview:large","max-video-preview":"max-video-preview:-1"},"canonical":"https:\/\/blogdofarnesio.com.br\/?p=138212","og_locale":"pt_BR","og_type":"article","og_title":"ANDRADE GUTIERREZ DIZ QUE PAGOU ILEGALMENTE D\u00cdVIDA DA CAMPANHA DE DILMA - Blog do Farn\u00e9sio","og_description":"A empreiteira Andrade Gutierrez teria pago despesas com fornecedores da campanha eleitoral de Dilma Rousseff em 2010. Segundo o jornal Folha de S. Paulo, a revela\u00e7\u00e3o teria sido feita no acordo para dela\u00e7\u00e3o premiada de 11 executivos da empresa. \u00c9 a primeira cita\u00e7\u00e3o direta de irregularidade apurada pela Opera\u00e7\u00e3o Lava Jato que envolve uma campanha da presidente. O pagamento, segundo os delatores, teria sido feito por um contrato fict\u00edcio de presta\u00e7\u00e3o de servi\u00e7o. De acordo com o jornal, o fornecedor \u00e9 a ag\u00eancia de comunica\u00e7\u00e3o Pepper, que trabalhou para a presidente em 2010. Os delatores teriam informado que o valor, acima de R$ 5 milh\u00f5es \u00e0 \u00e9poca, foi pago a pedido de um dos coordenadores da campanha do PT. Em&hellip;","og_url":"https:\/\/blogdofarnesio.com.br\/?p=138212","og_site_name":"Blog do Farn\u00e9sio","article_publisher":"https:\/\/www.facebook.com\/BlogQuerSaberPolitica\/","article_published_time":"2016-03-01T20:33:19+00:00","og_image":[{"url":"http:\/\/imagens1.ne10.uol.com.br\/blogsne10\/jamildo\/uploads\/2016\/02\/Dilma-3.jpg","type":"","width":"","height":""}],"author":"teste","twitter_card":"summary_large_image","twitter_misc":{"Escrito por":"teste","Est. tempo de leitura":"1 minuto"},"schema":{"@context":"https:\/\/schema.org","@graph":[{"@type":"Article","@id":"https:\/\/blogdofarnesio.com.br\/?p=138212#article","isPartOf":{"@id":"https:\/\/blogdofarnesio.com.br\/?p=138212"},"author":{"name":"teste","@id":"https:\/\/blogdofarnesio.com.br\/#\/schema\/person\/dd1bf5eba40b687199ba45ca6b97dff9"},"headline":"ANDRADE GUTIERREZ DIZ QUE PAGOU ILEGALMENTE D\u00cdVIDA DA CAMPANHA DE DILMA","datePublished":"2016-03-01T20:33:19+00:00","mainEntityOfPage":{"@id":"https:\/\/blogdofarnesio.com.br\/?p=138212"},"wordCount":265,"commentCount":0,"publisher":{"@id":"https:\/\/blogdofarnesio.com.br\/#organization"},"image":{"@id":"https:\/\/blogdofarnesio.com.br\/?p=138212#primaryimage"},"thumbnailUrl":"http:\/\/imagens1.ne10.uol.com.br\/blogsne10\/jamildo\/uploads\/2016\/02\/Dilma-3.jpg","articleSection":["Pol\u00edtica"],"inLanguage":"pt-BR","potentialAction":[{"@type":"CommentAction","name":"Comment","target":["https:\/\/blogdofarnesio.com.br\/?p=138212#respond"]}]},{"@type":"WebPage","@id":"https:\/\/blogdofarnesio.com.br\/?p=138212","url":"https:\/\/blogdofarnesio.com.br\/?p=138212","name":"ANDRADE GUTIERREZ DIZ QUE PAGOU ILEGALMENTE D\u00cdVIDA DA CAMPANHA DE DILMA - Blog do Farn\u00e9sio","isPartOf":{"@id":"https:\/\/blogdofarnesio.com.br\/#website"},"primaryImageOfPage":{"@id":"https:\/\/blogdofarnesio.com.br\/?p=138212#primaryimage"},"image":{"@id":"https:\/\/blogdofarnesio.com.br\/?p=138212#primaryimage"},"thumbnailUrl":"http:\/\/imagens1.ne10.uol.com.br\/blogsne10\/jamildo\/uploads\/2016\/02\/Dilma-3.jpg","datePublished":"2016-03-01T20:33:19+00:00","breadcrumb":{"@id":"https:\/\/blogdofarnesio.com.br\/?p=138212#breadcrumb"},"inLanguage":"pt-BR","potentialAction":[{"@type":"ReadAction","target":["https:\/\/blogdofarnesio.com.br\/?p=138212"]}]},{"@type":"ImageObject","inLanguage":"pt-BR","@id":"https:\/\/blogdofarnesio.com.br\/?p=138212#primaryimage","url":"http:\/\/imagens1.ne10.uol.com.br\/blogsne10\/jamildo\/uploads\/2016\/02\/Dilma-3.jpg","contentUrl":"http:\/\/imagens1.ne10.uol.com.br\/blogsne10\/jamildo\/uploads\/2016\/02\/Dilma-3.jpg"},{"@type":"BreadcrumbList","@id":"https:\/\/blogdofarnesio.com.br\/?p=138212#breadcrumb","itemListElement":[{"@type":"ListItem","position":1,"name":"In\u00edcio","item":"https:\/\/blogdofarnesio.com.br\/"},{"@type":"ListItem","position":2,"name":"ANDRADE GUTIERREZ DIZ QUE PAGOU ILEGALMENTE D\u00cdVIDA DA CAMPANHA DE DILMA"}]},{"@type":"WebSite","@id":"https:\/\/blogdofarnesio.com.br\/#website","url":"https:\/\/blogdofarnesio.com.br\/","name":"Blog do Farn\u00e9sio","description":"Quer Saber Pol\u00edtica?","publisher":{"@id":"https:\/\/blogdofarnesio.com.br\/#organization"},"potentialAction":[{"@type":"SearchAction","target":{"@type":"EntryPoint","urlTemplate":"https:\/\/blogdofarnesio.com.br\/?s={search_term_string}"},"query-input":{"@type":"PropertyValueSpecification","valueRequired":true,"valueName":"search_term_string"}}],"inLanguage":"pt-BR"},{"@type":"Organization","@id":"https:\/\/blogdofarnesio.com.br\/#organization","name":"Blog do Farn\u00e9sio","url":"https:\/\/blogdofarnesio.com.br\/","logo":{"@type":"ImageObject","inLanguage":"pt-BR","@id":"https:\/\/blogdofarnesio.com.br\/#\/schema\/logo\/image\/","url":"https:\/\/blogdofarnesio.com.br\/wp-content\/uploads\/2026\/03\/cropped-logo_new-1.png","contentUrl":"https:\/\/blogdofarnesio.com.br\/wp-content\/uploads\/2026\/03\/cropped-logo_new-1.png","width":881,"height":685,"caption":"Blog do Farn\u00e9sio"},"image":{"@id":"https:\/\/blogdofarnesio.com.br\/#\/schema\/logo\/image\/"},"sameAs":["https:\/\/www.facebook.com\/BlogQuerSaberPolitica\/"]},{"@type":"Person","@id":"https:\/\/blogdofarnesio.com.br\/#\/schema\/person\/dd1bf5eba40b687199ba45ca6b97dff9","name":"teste","image":{"@type":"ImageObject","inLanguage":"pt-BR","@id":"https:\/\/secure.gravatar.com\/avatar\/2172498d4914b51e1d89a0f97957b035ac4938723a5cac208135d389b6972a6d?s=96&d=mm&r=g","url":"https:\/\/secure.gravatar.com\/avatar\/2172498d4914b51e1d89a0f97957b035ac4938723a5cac208135d389b6972a6d?s=96&d=mm&r=g","contentUrl":"https:\/\/secure.gravatar.com\/avatar\/2172498d4914b51e1d89a0f97957b035ac4938723a5cac208135d389b6972a6d?s=96&d=mm&r=g","caption":"teste"},"url":"https:\/\/blogdofarnesio.com.br\/?author=3"}]}},"_links":{"self":[{"href":"https:\/\/blogdofarnesio.com.br\/index.php?rest_route=\/wp\/v2\/posts\/138212","targetHints":{"allow":["GET"]}}],"collection":[{"href":"https:\/\/blogdofarnesio.com.br\/index.php?rest_route=\/wp\/v2\/posts"}],"about":[{"href":"https:\/\/blogdofarnesio.com.br\/index.php?rest_route=\/wp\/v2\/types\/post"}],"author":[{"embeddable":true,"href":"https:\/\/blogdofarnesio.com.br\/index.php?rest_route=\/wp\/v2\/users\/3"}],"replies":[{"embeddable":true,"href":"https:\/\/blogdofarnesio.com.br\/index.php?rest_route=%2Fwp%2Fv2%2Fcomments&post=138212"}],"version-history":[{"count":0,"href":"https:\/\/blogdofarnesio.com.br\/index.php?rest_route=\/wp\/v2\/posts\/138212\/revisions"}],"wp:attachment":[{"href":"https:\/\/blogdofarnesio.com.br\/index.php?rest_route=%2Fwp%2Fv2%2Fmedia&parent=138212"}],"wp:term":[{"taxonomy":"category","embeddable":true,"href":"https:\/\/blogdofarnesio.com.br\/index.php?rest_route=%2Fwp%2Fv2%2Fcategories&post=138212"},{"taxonomy":"post_tag","embeddable":true,"href":"https:\/\/blogdofarnesio.com.br\/index.php?rest_route=%2Fwp%2Fv2%2Ftags&post=138212"}],"curies":[{"name":"wp","href":"https:\/\/api.w.org\/{rel}","templated":true}]}}