{"id":138179,"date":"2016-03-01T16:22:55","date_gmt":"2016-03-01T19:22:55","guid":{"rendered":"http:\/\/www.quersaberpolitica.com.br\/?p=138179"},"modified":"2016-03-01T15:13:43","modified_gmt":"2016-03-01T18:13:43","slug":"apos-festejar-aniversario-homem-se-enforca-no-jd-florida","status":"publish","type":"post","link":"https:\/\/blogdofarnesio.com.br\/?p=138179","title":{"rendered":"AP\u00d3S FESTEJAR ANIVERS\u00c1RIO HOMEM SE ENFORCA NO JD FL\u00d3RIDA"},"content":{"rendered":"<div id=\"post-body-8083621940525410230\" class=\"post-body entry-content\">\n<div class=\"separator\" style=\"text-align: justify\"><a href=\"https:\/\/4.bp.blogspot.com\/-NC0xNKlVuXk\/VtQ6AHuV-nI\/AAAAAAAANN8\/iemR753h-_A\/s1600\/suicidio.jpg\"><img loading=\"lazy\" decoding=\"async\" class=\" aligncenter\" src=\"https:\/\/4.bp.blogspot.com\/-NC0xNKlVuXk\/VtQ6AHuV-nI\/AAAAAAAANN8\/iemR753h-_A\/s400\/suicidio.jpg\" alt=\"\" width=\"412\" height=\"312\" border=\"0\" \/><\/a><\/div>\n<div id=\"post-body-9215287206121508136\" class=\"post-body entry-content\">\n<div class=\"blogaway-section\" style=\"text-align: justify\">Segunda (29) o CICOM recebeu v\u00e1rias liga\u00e7\u00f5es dando conta de que uma pessoa teria praticado suic\u00eddio no bairro Jardim Primavera &#8211; \u00e0s margens da BR-235 &#8211; sentido Agrovale.<\/div>\n<div class=\"blogaway-section\" style=\"text-align: justify\"><\/div>\n<div class=\"blogaway-section\" style=\"text-align: justify\">Uma ambul\u00e2ncia do Servi\u00e7o M\u00e9dico de Urg\u00eancia deslocou ao local e constatou a veracidade do sinistro &#8211; segundo informa\u00e7\u00f5es o mesmo se envolveu em uma discuss\u00e3o ap\u00f3s a festa de seu anivers\u00e1rio, hoje pela manh\u00e3 Irineu foi encontrado enforcado no interior da pr\u00f3pria casa &#8211;\u00a0 a viatura da 75\u00b0 Companhia Independente de Pol\u00edcia Militar isolou o local do ocorrido.<\/div>\n<div class=\"blogaway-section\" style=\"text-align: justify\"><\/div>\n<div class=\"blogaway-section\" style=\"text-align: justify\">O DPT acionou prepostos do IML que deslocaram ao local citado e fizeram os procedimentos de praxe. A v\u00edtima era conhecida socialmente por Irineu, soldador da Agrovale.<\/div>\n<\/div>\n<\/div>\n","protected":false},"excerpt":{"rendered":"<p>Segunda (29) o CICOM recebeu v\u00e1rias liga\u00e7\u00f5es dando conta de que uma pessoa teria praticado suic\u00eddio no bairro Jardim Primavera &#8211; \u00e0s margens da BR-235 &#8211; sentido Agrovale. Uma ambul\u00e2ncia do Servi\u00e7o M\u00e9dico de Urg\u00eancia deslocou ao local e constatou a veracidade do sinistro &#8211; segundo informa\u00e7\u00f5es o mesmo se envolveu em uma discuss\u00e3o ap\u00f3s a festa de seu anivers\u00e1rio, hoje pela manh\u00e3 Irineu foi encontrado enforcado no interior da pr\u00f3pria casa &#8211;\u00a0 a viatura da 75\u00b0 Companhia Independente de Pol\u00edcia Militar isolou o local do ocorrido. O DPT acionou prepostos do IML que deslocaram ao local citado e fizeram os procedimentos de praxe. A v\u00edtima era conhecida socialmente por Irineu, soldador da Agrovale.<\/p>\n","protected":false},"author":3,"featured_media":0,"comment_status":"open","ping_status":"open","sticky":false,"template":"","format":"standard","meta":{"_acf_changed":false,"footnotes":""},"categories":[9],"tags":[],"class_list":["post-138179","post","type-post","status-publish","format-standard","hentry","category-policia"],"acf":[],"yoast_head":"<!-- This site is optimized with the Yoast SEO plugin v27.4 - https:\/\/yoast.com\/product\/yoast-seo-wordpress\/ -->\n<title>AP\u00d3S FESTEJAR ANIVERS\u00c1RIO HOMEM SE ENFORCA NO JD FL\u00d3RIDA - Blog do Farn\u00e9sio<\/title>\n<meta name=\"robots\" content=\"index, follow, max-snippet:-1, max-image-preview:large, max-video-preview:-1\" \/>\n<link rel=\"canonical\" href=\"https:\/\/blogdofarnesio.com.br\/?p=138179\" \/>\n<meta property=\"og:locale\" content=\"pt_BR\" \/>\n<meta property=\"og:type\" content=\"article\" \/>\n<meta property=\"og:title\" content=\"AP\u00d3S FESTEJAR ANIVERS\u00c1RIO HOMEM SE ENFORCA NO JD FL\u00d3RIDA - Blog do Farn\u00e9sio\" \/>\n<meta property=\"og:description\" content=\"Segunda (29) o CICOM recebeu v\u00e1rias liga\u00e7\u00f5es dando conta de que uma pessoa teria praticado suic\u00eddio no bairro Jardim Primavera &#8211; \u00e0s margens da BR-235 &#8211; sentido Agrovale. Uma ambul\u00e2ncia do Servi\u00e7o M\u00e9dico de Urg\u00eancia deslocou ao local e constatou a veracidade do sinistro &#8211; segundo informa\u00e7\u00f5es o mesmo se envolveu em uma discuss\u00e3o ap\u00f3s a festa de seu anivers\u00e1rio, hoje pela manh\u00e3 Irineu foi encontrado enforcado no interior da pr\u00f3pria casa &#8211;\u00a0 a viatura da 75\u00b0 Companhia Independente de Pol\u00edcia Militar isolou o local do ocorrido. O DPT acionou prepostos do IML que deslocaram ao local citado e fizeram os procedimentos de praxe. A v\u00edtima era conhecida socialmente por Irineu, soldador da Agrovale.\" \/>\n<meta property=\"og:url\" content=\"https:\/\/blogdofarnesio.com.br\/?p=138179\" \/>\n<meta property=\"og:site_name\" content=\"Blog do Farn\u00e9sio\" \/>\n<meta property=\"article:publisher\" content=\"https:\/\/www.facebook.com\/BlogQuerSaberPolitica\/\" \/>\n<meta property=\"article:published_time\" content=\"2016-03-01T19:22:55+00:00\" \/>\n<meta property=\"og:image\" content=\"https:\/\/4.bp.blogspot.com\/-NC0xNKlVuXk\/VtQ6AHuV-nI\/AAAAAAAANN8\/iemR753h-_A\/s400\/suicidio.jpg\" \/>\n<meta name=\"author\" content=\"teste\" \/>\n<meta name=\"twitter:card\" content=\"summary_large_image\" \/>\n<meta name=\"twitter:label1\" content=\"Escrito por\" \/>\n\t<meta name=\"twitter:data1\" content=\"teste\" \/>\n\t<meta name=\"twitter:label2\" content=\"Est. tempo de leitura\" \/>\n\t<meta name=\"twitter:data2\" content=\"1 minuto\" \/>\n<script type=\"application\/ld+json\" class=\"yoast-schema-graph\">{\"@context\":\"https:\\\/\\\/schema.org\",\"@graph\":[{\"@type\":\"Article\",\"@id\":\"https:\\\/\\\/blogdofarnesio.com.br\\\/?p=138179#article\",\"isPartOf\":{\"@id\":\"https:\\\/\\\/blogdofarnesio.com.br\\\/?p=138179\"},\"author\":{\"name\":\"teste\",\"@id\":\"https:\\\/\\\/blogdofarnesio.com.br\\\/#\\\/schema\\\/person\\\/dd1bf5eba40b687199ba45ca6b97dff9\"},\"headline\":\"AP\u00d3S FESTEJAR ANIVERS\u00c1RIO HOMEM SE ENFORCA NO JD FL\u00d3RIDA\",\"datePublished\":\"2016-03-01T19:22:55+00:00\",\"mainEntityOfPage\":{\"@id\":\"https:\\\/\\\/blogdofarnesio.com.br\\\/?p=138179\"},\"wordCount\":138,\"commentCount\":0,\"publisher\":{\"@id\":\"https:\\\/\\\/blogdofarnesio.com.br\\\/#organization\"},\"image\":{\"@id\":\"https:\\\/\\\/blogdofarnesio.com.br\\\/?p=138179#primaryimage\"},\"thumbnailUrl\":\"https:\\\/\\\/4.bp.blogspot.com\\\/-NC0xNKlVuXk\\\/VtQ6AHuV-nI\\\/AAAAAAAANN8\\\/iemR753h-_A\\\/s400\\\/suicidio.jpg\",\"articleSection\":[\"Pol\u00edcia\"],\"inLanguage\":\"pt-BR\",\"potentialAction\":[{\"@type\":\"CommentAction\",\"name\":\"Comment\",\"target\":[\"https:\\\/\\\/blogdofarnesio.com.br\\\/?p=138179#respond\"]}]},{\"@type\":\"WebPage\",\"@id\":\"https:\\\/\\\/blogdofarnesio.com.br\\\/?p=138179\",\"url\":\"https:\\\/\\\/blogdofarnesio.com.br\\\/?p=138179\",\"name\":\"AP\u00d3S FESTEJAR ANIVERS\u00c1RIO HOMEM SE ENFORCA NO JD FL\u00d3RIDA - Blog do Farn\u00e9sio\",\"isPartOf\":{\"@id\":\"https:\\\/\\\/blogdofarnesio.com.br\\\/#website\"},\"primaryImageOfPage\":{\"@id\":\"https:\\\/\\\/blogdofarnesio.com.br\\\/?p=138179#primaryimage\"},\"image\":{\"@id\":\"https:\\\/\\\/blogdofarnesio.com.br\\\/?p=138179#primaryimage\"},\"thumbnailUrl\":\"https:\\\/\\\/4.bp.blogspot.com\\\/-NC0xNKlVuXk\\\/VtQ6AHuV-nI\\\/AAAAAAAANN8\\\/iemR753h-_A\\\/s400\\\/suicidio.jpg\",\"datePublished\":\"2016-03-01T19:22:55+00:00\",\"breadcrumb\":{\"@id\":\"https:\\\/\\\/blogdofarnesio.com.br\\\/?p=138179#breadcrumb\"},\"inLanguage\":\"pt-BR\",\"potentialAction\":[{\"@type\":\"ReadAction\",\"target\":[\"https:\\\/\\\/blogdofarnesio.com.br\\\/?p=138179\"]}]},{\"@type\":\"ImageObject\",\"inLanguage\":\"pt-BR\",\"@id\":\"https:\\\/\\\/blogdofarnesio.com.br\\\/?p=138179#primaryimage\",\"url\":\"https:\\\/\\\/4.bp.blogspot.com\\\/-NC0xNKlVuXk\\\/VtQ6AHuV-nI\\\/AAAAAAAANN8\\\/iemR753h-_A\\\/s400\\\/suicidio.jpg\",\"contentUrl\":\"https:\\\/\\\/4.bp.blogspot.com\\\/-NC0xNKlVuXk\\\/VtQ6AHuV-nI\\\/AAAAAAAANN8\\\/iemR753h-_A\\\/s400\\\/suicidio.jpg\"},{\"@type\":\"BreadcrumbList\",\"@id\":\"https:\\\/\\\/blogdofarnesio.com.br\\\/?p=138179#breadcrumb\",\"itemListElement\":[{\"@type\":\"ListItem\",\"position\":1,\"name\":\"In\u00edcio\",\"item\":\"https:\\\/\\\/blogdofarnesio.com.br\\\/\"},{\"@type\":\"ListItem\",\"position\":2,\"name\":\"AP\u00d3S FESTEJAR ANIVERS\u00c1RIO HOMEM SE ENFORCA NO JD FL\u00d3RIDA\"}]},{\"@type\":\"WebSite\",\"@id\":\"https:\\\/\\\/blogdofarnesio.com.br\\\/#website\",\"url\":\"https:\\\/\\\/blogdofarnesio.com.br\\\/\",\"name\":\"Blog do Farn\u00e9sio\",\"description\":\"Quer Saber Pol\u00edtica?\",\"publisher\":{\"@id\":\"https:\\\/\\\/blogdofarnesio.com.br\\\/#organization\"},\"potentialAction\":[{\"@type\":\"SearchAction\",\"target\":{\"@type\":\"EntryPoint\",\"urlTemplate\":\"https:\\\/\\\/blogdofarnesio.com.br\\\/?s={search_term_string}\"},\"query-input\":{\"@type\":\"PropertyValueSpecification\",\"valueRequired\":true,\"valueName\":\"search_term_string\"}}],\"inLanguage\":\"pt-BR\"},{\"@type\":\"Organization\",\"@id\":\"https:\\\/\\\/blogdofarnesio.com.br\\\/#organization\",\"name\":\"Blog do Farn\u00e9sio\",\"url\":\"https:\\\/\\\/blogdofarnesio.com.br\\\/\",\"logo\":{\"@type\":\"ImageObject\",\"inLanguage\":\"pt-BR\",\"@id\":\"https:\\\/\\\/blogdofarnesio.com.br\\\/#\\\/schema\\\/logo\\\/image\\\/\",\"url\":\"https:\\\/\\\/blogdofarnesio.com.br\\\/wp-content\\\/uploads\\\/2026\\\/03\\\/cropped-logo_new-1.png\",\"contentUrl\":\"https:\\\/\\\/blogdofarnesio.com.br\\\/wp-content\\\/uploads\\\/2026\\\/03\\\/cropped-logo_new-1.png\",\"width\":881,\"height\":685,\"caption\":\"Blog do Farn\u00e9sio\"},\"image\":{\"@id\":\"https:\\\/\\\/blogdofarnesio.com.br\\\/#\\\/schema\\\/logo\\\/image\\\/\"},\"sameAs\":[\"https:\\\/\\\/www.facebook.com\\\/BlogQuerSaberPolitica\\\/\"]},{\"@type\":\"Person\",\"@id\":\"https:\\\/\\\/blogdofarnesio.com.br\\\/#\\\/schema\\\/person\\\/dd1bf5eba40b687199ba45ca6b97dff9\",\"name\":\"teste\",\"image\":{\"@type\":\"ImageObject\",\"inLanguage\":\"pt-BR\",\"@id\":\"https:\\\/\\\/secure.gravatar.com\\\/avatar\\\/2172498d4914b51e1d89a0f97957b035ac4938723a5cac208135d389b6972a6d?s=96&d=mm&r=g\",\"url\":\"https:\\\/\\\/secure.gravatar.com\\\/avatar\\\/2172498d4914b51e1d89a0f97957b035ac4938723a5cac208135d389b6972a6d?s=96&d=mm&r=g\",\"contentUrl\":\"https:\\\/\\\/secure.gravatar.com\\\/avatar\\\/2172498d4914b51e1d89a0f97957b035ac4938723a5cac208135d389b6972a6d?s=96&d=mm&r=g\",\"caption\":\"teste\"},\"url\":\"https:\\\/\\\/blogdofarnesio.com.br\\\/?author=3\"}]}<\/script>\n<!-- \/ Yoast SEO plugin. -->","yoast_head_json":{"title":"AP\u00d3S FESTEJAR ANIVERS\u00c1RIO HOMEM SE ENFORCA NO JD FL\u00d3RIDA - Blog do Farn\u00e9sio","robots":{"index":"index","follow":"follow","max-snippet":"max-snippet:-1","max-image-preview":"max-image-preview:large","max-video-preview":"max-video-preview:-1"},"canonical":"https:\/\/blogdofarnesio.com.br\/?p=138179","og_locale":"pt_BR","og_type":"article","og_title":"AP\u00d3S FESTEJAR ANIVERS\u00c1RIO HOMEM SE ENFORCA NO JD FL\u00d3RIDA - Blog do Farn\u00e9sio","og_description":"Segunda (29) o CICOM recebeu v\u00e1rias liga\u00e7\u00f5es dando conta de que uma pessoa teria praticado suic\u00eddio no bairro Jardim Primavera &#8211; \u00e0s margens da BR-235 &#8211; sentido Agrovale. Uma ambul\u00e2ncia do Servi\u00e7o M\u00e9dico de Urg\u00eancia deslocou ao local e constatou a veracidade do sinistro &#8211; segundo informa\u00e7\u00f5es o mesmo se envolveu em uma discuss\u00e3o ap\u00f3s a festa de seu anivers\u00e1rio, hoje pela manh\u00e3 Irineu foi encontrado enforcado no interior da pr\u00f3pria casa &#8211;\u00a0 a viatura da 75\u00b0 Companhia Independente de Pol\u00edcia Militar isolou o local do ocorrido. O DPT acionou prepostos do IML que deslocaram ao local citado e fizeram os procedimentos de praxe. A v\u00edtima era conhecida socialmente por Irineu, soldador da Agrovale.","og_url":"https:\/\/blogdofarnesio.com.br\/?p=138179","og_site_name":"Blog do Farn\u00e9sio","article_publisher":"https:\/\/www.facebook.com\/BlogQuerSaberPolitica\/","article_published_time":"2016-03-01T19:22:55+00:00","og_image":[{"url":"https:\/\/4.bp.blogspot.com\/-NC0xNKlVuXk\/VtQ6AHuV-nI\/AAAAAAAANN8\/iemR753h-_A\/s400\/suicidio.jpg","type":"","width":"","height":""}],"author":"teste","twitter_card":"summary_large_image","twitter_misc":{"Escrito por":"teste","Est. tempo de leitura":"1 minuto"},"schema":{"@context":"https:\/\/schema.org","@graph":[{"@type":"Article","@id":"https:\/\/blogdofarnesio.com.br\/?p=138179#article","isPartOf":{"@id":"https:\/\/blogdofarnesio.com.br\/?p=138179"},"author":{"name":"teste","@id":"https:\/\/blogdofarnesio.com.br\/#\/schema\/person\/dd1bf5eba40b687199ba45ca6b97dff9"},"headline":"AP\u00d3S FESTEJAR ANIVERS\u00c1RIO HOMEM SE ENFORCA NO JD FL\u00d3RIDA","datePublished":"2016-03-01T19:22:55+00:00","mainEntityOfPage":{"@id":"https:\/\/blogdofarnesio.com.br\/?p=138179"},"wordCount":138,"commentCount":0,"publisher":{"@id":"https:\/\/blogdofarnesio.com.br\/#organization"},"image":{"@id":"https:\/\/blogdofarnesio.com.br\/?p=138179#primaryimage"},"thumbnailUrl":"https:\/\/4.bp.blogspot.com\/-NC0xNKlVuXk\/VtQ6AHuV-nI\/AAAAAAAANN8\/iemR753h-_A\/s400\/suicidio.jpg","articleSection":["Pol\u00edcia"],"inLanguage":"pt-BR","potentialAction":[{"@type":"CommentAction","name":"Comment","target":["https:\/\/blogdofarnesio.com.br\/?p=138179#respond"]}]},{"@type":"WebPage","@id":"https:\/\/blogdofarnesio.com.br\/?p=138179","url":"https:\/\/blogdofarnesio.com.br\/?p=138179","name":"AP\u00d3S FESTEJAR ANIVERS\u00c1RIO HOMEM SE ENFORCA NO JD FL\u00d3RIDA - Blog do Farn\u00e9sio","isPartOf":{"@id":"https:\/\/blogdofarnesio.com.br\/#website"},"primaryImageOfPage":{"@id":"https:\/\/blogdofarnesio.com.br\/?p=138179#primaryimage"},"image":{"@id":"https:\/\/blogdofarnesio.com.br\/?p=138179#primaryimage"},"thumbnailUrl":"https:\/\/4.bp.blogspot.com\/-NC0xNKlVuXk\/VtQ6AHuV-nI\/AAAAAAAANN8\/iemR753h-_A\/s400\/suicidio.jpg","datePublished":"2016-03-01T19:22:55+00:00","breadcrumb":{"@id":"https:\/\/blogdofarnesio.com.br\/?p=138179#breadcrumb"},"inLanguage":"pt-BR","potentialAction":[{"@type":"ReadAction","target":["https:\/\/blogdofarnesio.com.br\/?p=138179"]}]},{"@type":"ImageObject","inLanguage":"pt-BR","@id":"https:\/\/blogdofarnesio.com.br\/?p=138179#primaryimage","url":"https:\/\/4.bp.blogspot.com\/-NC0xNKlVuXk\/VtQ6AHuV-nI\/AAAAAAAANN8\/iemR753h-_A\/s400\/suicidio.jpg","contentUrl":"https:\/\/4.bp.blogspot.com\/-NC0xNKlVuXk\/VtQ6AHuV-nI\/AAAAAAAANN8\/iemR753h-_A\/s400\/suicidio.jpg"},{"@type":"BreadcrumbList","@id":"https:\/\/blogdofarnesio.com.br\/?p=138179#breadcrumb","itemListElement":[{"@type":"ListItem","position":1,"name":"In\u00edcio","item":"https:\/\/blogdofarnesio.com.br\/"},{"@type":"ListItem","position":2,"name":"AP\u00d3S FESTEJAR ANIVERS\u00c1RIO HOMEM SE ENFORCA NO JD FL\u00d3RIDA"}]},{"@type":"WebSite","@id":"https:\/\/blogdofarnesio.com.br\/#website","url":"https:\/\/blogdofarnesio.com.br\/","name":"Blog do Farn\u00e9sio","description":"Quer Saber Pol\u00edtica?","publisher":{"@id":"https:\/\/blogdofarnesio.com.br\/#organization"},"potentialAction":[{"@type":"SearchAction","target":{"@type":"EntryPoint","urlTemplate":"https:\/\/blogdofarnesio.com.br\/?s={search_term_string}"},"query-input":{"@type":"PropertyValueSpecification","valueRequired":true,"valueName":"search_term_string"}}],"inLanguage":"pt-BR"},{"@type":"Organization","@id":"https:\/\/blogdofarnesio.com.br\/#organization","name":"Blog do Farn\u00e9sio","url":"https:\/\/blogdofarnesio.com.br\/","logo":{"@type":"ImageObject","inLanguage":"pt-BR","@id":"https:\/\/blogdofarnesio.com.br\/#\/schema\/logo\/image\/","url":"https:\/\/blogdofarnesio.com.br\/wp-content\/uploads\/2026\/03\/cropped-logo_new-1.png","contentUrl":"https:\/\/blogdofarnesio.com.br\/wp-content\/uploads\/2026\/03\/cropped-logo_new-1.png","width":881,"height":685,"caption":"Blog do Farn\u00e9sio"},"image":{"@id":"https:\/\/blogdofarnesio.com.br\/#\/schema\/logo\/image\/"},"sameAs":["https:\/\/www.facebook.com\/BlogQuerSaberPolitica\/"]},{"@type":"Person","@id":"https:\/\/blogdofarnesio.com.br\/#\/schema\/person\/dd1bf5eba40b687199ba45ca6b97dff9","name":"teste","image":{"@type":"ImageObject","inLanguage":"pt-BR","@id":"https:\/\/secure.gravatar.com\/avatar\/2172498d4914b51e1d89a0f97957b035ac4938723a5cac208135d389b6972a6d?s=96&d=mm&r=g","url":"https:\/\/secure.gravatar.com\/avatar\/2172498d4914b51e1d89a0f97957b035ac4938723a5cac208135d389b6972a6d?s=96&d=mm&r=g","contentUrl":"https:\/\/secure.gravatar.com\/avatar\/2172498d4914b51e1d89a0f97957b035ac4938723a5cac208135d389b6972a6d?s=96&d=mm&r=g","caption":"teste"},"url":"https:\/\/blogdofarnesio.com.br\/?author=3"}]}},"_links":{"self":[{"href":"https:\/\/blogdofarnesio.com.br\/index.php?rest_route=\/wp\/v2\/posts\/138179","targetHints":{"allow":["GET"]}}],"collection":[{"href":"https:\/\/blogdofarnesio.com.br\/index.php?rest_route=\/wp\/v2\/posts"}],"about":[{"href":"https:\/\/blogdofarnesio.com.br\/index.php?rest_route=\/wp\/v2\/types\/post"}],"author":[{"embeddable":true,"href":"https:\/\/blogdofarnesio.com.br\/index.php?rest_route=\/wp\/v2\/users\/3"}],"replies":[{"embeddable":true,"href":"https:\/\/blogdofarnesio.com.br\/index.php?rest_route=%2Fwp%2Fv2%2Fcomments&post=138179"}],"version-history":[{"count":0,"href":"https:\/\/blogdofarnesio.com.br\/index.php?rest_route=\/wp\/v2\/posts\/138179\/revisions"}],"wp:attachment":[{"href":"https:\/\/blogdofarnesio.com.br\/index.php?rest_route=%2Fwp%2Fv2%2Fmedia&parent=138179"}],"wp:term":[{"taxonomy":"category","embeddable":true,"href":"https:\/\/blogdofarnesio.com.br\/index.php?rest_route=%2Fwp%2Fv2%2Fcategories&post=138179"},{"taxonomy":"post_tag","embeddable":true,"href":"https:\/\/blogdofarnesio.com.br\/index.php?rest_route=%2Fwp%2Fv2%2Ftags&post=138179"}],"curies":[{"name":"wp","href":"https:\/\/api.w.org\/{rel}","templated":true}]}}