{"id":138078,"date":"2016-02-29T07:42:16","date_gmt":"2016-02-29T10:42:16","guid":{"rendered":"http:\/\/www.quersaberpolitica.com.br\/?p=138078"},"modified":"2016-02-28T17:37:35","modified_gmt":"2016-02-28T20:37:35","slug":"juazeiro-atualiza-cadastro-do-minha-casa-pra-quem-fez-inscricao-em-2014","status":"publish","type":"post","link":"https:\/\/blogdofarnesio.com.br\/?p=138078","title":{"rendered":"JUAZEIRO ATUALIZA CADASTRO DO &#8220;MINHA CASA&#8230;&#8221; PRA QUEM FEZ INSCRI\u00c7\u00c3O EM 2014"},"content":{"rendered":"<div id=\"post-body-2281351722951704092\" class=\"post-body entry-content\">\n<div class=\"separator\" style=\"text-align: center\">\u00a0Confira a rela\u00e7\u00e3o por bairro,\u00a0quando ser\u00e1 o seu atendimento<\/div>\n<div class=\"separator\" style=\"text-align: justify\"><a href=\"https:\/\/2.bp.blogspot.com\/-_dRyhqQi_R4\/VtMC_GrgajI\/AAAAAAAAe0g\/fsU9VMXg-ZI\/s1600\/_Sorteados-Minha-Casa-Minha-Vida-Natal-%25E2%2580%2593-RN.jpg\"><img loading=\"lazy\" decoding=\"async\" class=\" aligncenter\" src=\"https:\/\/2.bp.blogspot.com\/-_dRyhqQi_R4\/VtMC_GrgajI\/AAAAAAAAe0g\/fsU9VMXg-ZI\/s640\/_Sorteados-Minha-Casa-Minha-Vida-Natal-%25E2%2580%2593-RN.jpg\" alt=\"\" width=\"424\" height=\"285\" border=\"0\" \/><\/a><\/div>\n<div style=\"text-align: justify\">A partir de amanh\u00e3, dia 01 at\u00e9 07 de mar\u00e7o, das 08h30 \u00e0s 17h, no Gin\u00e1sio de Esportes Alo\u00edsio Viana, a Secretaria de Desenvolvimento e Igualdade Social vai atualizar o cadastro de quem se inscreveu para o Programa Minha Casa, Minha Vida no ano de 2014. Quem j\u00e1 fez a atualiza\u00e7\u00e3o em 2016 n\u00e3o precisa fazer novamente.<\/div>\n<div style=\"text-align: justify\"><\/div>\n<div style=\"text-align: justify\">Para realizar a atualiza\u00e7\u00e3o \u00e9 preciso levar c\u00f3pia de carteira de identidade, CPF, certid\u00e3o de nascimento (ou casamento), se o c\u00f4njuge for falecido, levar certid\u00e3o de \u00f3bito; certid\u00e3o de nascimento dos filhos (menores), carteira de trabalho, n\u00famero do NIS, t\u00edtulo de eleitor, laudo m\u00e9dico com n\u00famero do CID (se for deficiente), certid\u00e3o de casamento com averba\u00e7\u00e3o (se divorciado) e comprovante de resid\u00eancia.<\/div>\n<div style=\"text-align: justify\"><\/div>\n<div style=\"text-align: justify\">A atualiza\u00e7\u00e3o ser\u00e1 dividida por Bairros. Nos dias 01 e 02 ser\u00e3o os Bairros Itaberaba, Tabuleiro, S\u00e3o Geraldo, Alto do Alencar, Alto do Cruzeiro, Monte Castelo, Dom Thom\u00e1z, Centen\u00e1rio, Sol Levante, Novo Encontro, Lomanto Junior, Jardim Universit\u00e1rio, Jo\u00e3o XXIII, Castelo Branco, Jo\u00e3o Paulo II, Antonio Guilhermino, Tancredo Neves, Residencial Praia do Rodeadouro e Morada do Salitre.<\/div>\n<div style=\"text-align: justify\"><\/div>\n<div style=\"text-align: justify\">Dias 03 e 04 ser\u00e1 a vez dos Bairros<!--more--> Palmares, Pedra do Lord, Quid\u00e9, \u00c1gua Bela, Nossa Senhora das Grotas, Centro, Dom Jos\u00e9 Rodrigues, Santo Antonio, Mussamb\u00ea, Alagadi\u00e7o, Maring\u00e1, Penha, Cajueiro, Maria Gorete, Alto da Maravilha, Cor\u00e9ia e Residencial S\u00e3o Francisco.<\/div>\n<div style=\"text-align: justify\"><\/div>\n<div style=\"text-align: justify\">No dia 07 ser\u00e3o os Bairros Argemiro, Padre Vicente, Piranga I e II, Antonio Conselheiro, Alto da Alian\u00e7a, Vila Tiradentes, Pedro Raimundo, Jardim S\u00e3o Paulo, Malhada da Areia, Jardim das Ac\u00e1cias, Nova Esperan\u00e7a, Jardim Fl\u00f3rida, Jardim Vit\u00f3ria e Jardim Primavera.<\/div>\n<div style=\"text-align: justify\"><\/div>\n<div style=\"text-align: justify\">De acordo com a Coordenadora de Habita\u00e7\u00e3o da SEDIS, Giln\u00e1gila Machado, a atualiza\u00e7\u00e3o ir\u00e1 verificar se as pessoas inscritas no programa ainda est\u00e3o com a documenta\u00e7\u00e3o organizada. &#8220;Precisamos verificar tamb\u00e9m a situa\u00e7\u00e3o de vida dessas pessoas. H\u00e1 ainda tr\u00eas mil casas para serem sorteadas e n\u00f3s queremos ter certeza de que os inscritos estejam prontos para receberem suas casas, de que est\u00e1 tudo em ordem com a documenta\u00e7\u00e3o e os dados cadastrais. Muita gente nos questiona sobre novas inscri\u00e7\u00f5es, mas, por enquanto, precisamos fazer essa atualiza\u00e7\u00e3o de quem se inscreveu em 2014 e s\u00f3 ent\u00e3o verificar a necessidade de novos registros&#8221;, explica Giln\u00e1gila.<\/div>\n<\/div>\n<p>&nbsp;<\/p>\n","protected":false},"excerpt":{"rendered":"<p>\u00a0Confira a rela\u00e7\u00e3o por bairro,\u00a0quando ser\u00e1 o seu atendimento A partir de amanh\u00e3, dia 01 at\u00e9 07 de mar\u00e7o, das 08h30 \u00e0s 17h, no Gin\u00e1sio de Esportes Alo\u00edsio Viana, a Secretaria de Desenvolvimento e Igualdade Social vai atualizar o cadastro de quem se inscreveu para o Programa Minha Casa, Minha Vida no ano de 2014. Quem j\u00e1 fez a atualiza\u00e7\u00e3o em 2016 n\u00e3o precisa fazer novamente. Para realizar a atualiza\u00e7\u00e3o \u00e9 preciso levar c\u00f3pia de carteira de identidade, CPF, certid\u00e3o de nascimento (ou casamento), se o c\u00f4njuge for falecido, levar certid\u00e3o de \u00f3bito; certid\u00e3o de nascimento dos filhos (menores), carteira de trabalho, n\u00famero do NIS, t\u00edtulo de eleitor, laudo m\u00e9dico com n\u00famero do CID (se for deficiente), certid\u00e3o de casamento&hellip; <\/p>\n","protected":false},"author":3,"featured_media":0,"comment_status":"open","ping_status":"open","sticky":false,"template":"","format":"standard","meta":{"_acf_changed":false,"footnotes":""},"categories":[],"tags":[],"class_list":["post-138078","post","type-post","status-publish","format-standard","hentry"],"acf":[],"yoast_head":"<!-- This site is optimized with the Yoast SEO plugin v27.4 - https:\/\/yoast.com\/product\/yoast-seo-wordpress\/ -->\n<title>JUAZEIRO ATUALIZA CADASTRO DO &quot;MINHA CASA...&quot; PRA QUEM FEZ INSCRI\u00c7\u00c3O EM 2014 - Blog do Farn\u00e9sio<\/title>\n<meta name=\"robots\" content=\"index, follow, max-snippet:-1, max-image-preview:large, max-video-preview:-1\" \/>\n<link rel=\"canonical\" href=\"https:\/\/blogdofarnesio.com.br\/?p=138078\" \/>\n<meta property=\"og:locale\" content=\"pt_BR\" \/>\n<meta property=\"og:type\" content=\"article\" \/>\n<meta property=\"og:title\" content=\"JUAZEIRO ATUALIZA CADASTRO DO &quot;MINHA CASA...&quot; PRA QUEM FEZ INSCRI\u00c7\u00c3O EM 2014 - Blog do Farn\u00e9sio\" \/>\n<meta property=\"og:description\" content=\"\u00a0Confira a rela\u00e7\u00e3o por bairro,\u00a0quando ser\u00e1 o seu atendimento A partir de amanh\u00e3, dia 01 at\u00e9 07 de mar\u00e7o, das 08h30 \u00e0s 17h, no Gin\u00e1sio de Esportes Alo\u00edsio Viana, a Secretaria de Desenvolvimento e Igualdade Social vai atualizar o cadastro de quem se inscreveu para o Programa Minha Casa, Minha Vida no ano de 2014. Quem j\u00e1 fez a atualiza\u00e7\u00e3o em 2016 n\u00e3o precisa fazer novamente. Para realizar a atualiza\u00e7\u00e3o \u00e9 preciso levar c\u00f3pia de carteira de identidade, CPF, certid\u00e3o de nascimento (ou casamento), se o c\u00f4njuge for falecido, levar certid\u00e3o de \u00f3bito; certid\u00e3o de nascimento dos filhos (menores), carteira de trabalho, n\u00famero do NIS, t\u00edtulo de eleitor, laudo m\u00e9dico com n\u00famero do CID (se for deficiente), certid\u00e3o de casamento&hellip;\" \/>\n<meta property=\"og:url\" content=\"https:\/\/blogdofarnesio.com.br\/?p=138078\" \/>\n<meta property=\"og:site_name\" content=\"Blog do Farn\u00e9sio\" \/>\n<meta property=\"article:publisher\" content=\"https:\/\/www.facebook.com\/BlogQuerSaberPolitica\/\" \/>\n<meta property=\"article:published_time\" content=\"2016-02-29T10:42:16+00:00\" \/>\n<meta property=\"og:image\" content=\"https:\/\/2.bp.blogspot.com\/-_dRyhqQi_R4\/VtMC_GrgajI\/AAAAAAAAe0g\/fsU9VMXg-ZI\/s640\/_Sorteados-Minha-Casa-Minha-Vida-Natal-%25E2%2580%2593-RN.jpg\" \/>\n<meta name=\"author\" content=\"teste\" \/>\n<meta name=\"twitter:card\" content=\"summary_large_image\" \/>\n<meta name=\"twitter:label1\" content=\"Escrito por\" \/>\n\t<meta name=\"twitter:data1\" content=\"teste\" \/>\n\t<meta name=\"twitter:label2\" content=\"Est. tempo de leitura\" \/>\n\t<meta name=\"twitter:data2\" content=\"2 minutos\" \/>\n<script type=\"application\/ld+json\" class=\"yoast-schema-graph\">{\"@context\":\"https:\\\/\\\/schema.org\",\"@graph\":[{\"@type\":\"Article\",\"@id\":\"https:\\\/\\\/blogdofarnesio.com.br\\\/?p=138078#article\",\"isPartOf\":{\"@id\":\"https:\\\/\\\/blogdofarnesio.com.br\\\/?p=138078\"},\"author\":{\"name\":\"teste\",\"@id\":\"https:\\\/\\\/blogdofarnesio.com.br\\\/#\\\/schema\\\/person\\\/dd1bf5eba40b687199ba45ca6b97dff9\"},\"headline\":\"JUAZEIRO ATUALIZA CADASTRO DO &#8220;MINHA CASA&#8230;&#8221; PRA QUEM FEZ INSCRI\u00c7\u00c3O EM 2014\",\"datePublished\":\"2016-02-29T10:42:16+00:00\",\"mainEntityOfPage\":{\"@id\":\"https:\\\/\\\/blogdofarnesio.com.br\\\/?p=138078\"},\"wordCount\":422,\"commentCount\":1,\"publisher\":{\"@id\":\"https:\\\/\\\/blogdofarnesio.com.br\\\/#organization\"},\"image\":{\"@id\":\"https:\\\/\\\/blogdofarnesio.com.br\\\/?p=138078#primaryimage\"},\"thumbnailUrl\":\"https:\\\/\\\/2.bp.blogspot.com\\\/-_dRyhqQi_R4\\\/VtMC_GrgajI\\\/AAAAAAAAe0g\\\/fsU9VMXg-ZI\\\/s640\\\/_Sorteados-Minha-Casa-Minha-Vida-Natal-%25E2%2580%2593-RN.jpg\",\"inLanguage\":\"pt-BR\",\"potentialAction\":[{\"@type\":\"CommentAction\",\"name\":\"Comment\",\"target\":[\"https:\\\/\\\/blogdofarnesio.com.br\\\/?p=138078#respond\"]}]},{\"@type\":\"WebPage\",\"@id\":\"https:\\\/\\\/blogdofarnesio.com.br\\\/?p=138078\",\"url\":\"https:\\\/\\\/blogdofarnesio.com.br\\\/?p=138078\",\"name\":\"JUAZEIRO ATUALIZA CADASTRO DO \\\"MINHA CASA...\\\" PRA QUEM FEZ INSCRI\u00c7\u00c3O EM 2014 - Blog do Farn\u00e9sio\",\"isPartOf\":{\"@id\":\"https:\\\/\\\/blogdofarnesio.com.br\\\/#website\"},\"primaryImageOfPage\":{\"@id\":\"https:\\\/\\\/blogdofarnesio.com.br\\\/?p=138078#primaryimage\"},\"image\":{\"@id\":\"https:\\\/\\\/blogdofarnesio.com.br\\\/?p=138078#primaryimage\"},\"thumbnailUrl\":\"https:\\\/\\\/2.bp.blogspot.com\\\/-_dRyhqQi_R4\\\/VtMC_GrgajI\\\/AAAAAAAAe0g\\\/fsU9VMXg-ZI\\\/s640\\\/_Sorteados-Minha-Casa-Minha-Vida-Natal-%25E2%2580%2593-RN.jpg\",\"datePublished\":\"2016-02-29T10:42:16+00:00\",\"breadcrumb\":{\"@id\":\"https:\\\/\\\/blogdofarnesio.com.br\\\/?p=138078#breadcrumb\"},\"inLanguage\":\"pt-BR\",\"potentialAction\":[{\"@type\":\"ReadAction\",\"target\":[\"https:\\\/\\\/blogdofarnesio.com.br\\\/?p=138078\"]}]},{\"@type\":\"ImageObject\",\"inLanguage\":\"pt-BR\",\"@id\":\"https:\\\/\\\/blogdofarnesio.com.br\\\/?p=138078#primaryimage\",\"url\":\"https:\\\/\\\/2.bp.blogspot.com\\\/-_dRyhqQi_R4\\\/VtMC_GrgajI\\\/AAAAAAAAe0g\\\/fsU9VMXg-ZI\\\/s640\\\/_Sorteados-Minha-Casa-Minha-Vida-Natal-%25E2%2580%2593-RN.jpg\",\"contentUrl\":\"https:\\\/\\\/2.bp.blogspot.com\\\/-_dRyhqQi_R4\\\/VtMC_GrgajI\\\/AAAAAAAAe0g\\\/fsU9VMXg-ZI\\\/s640\\\/_Sorteados-Minha-Casa-Minha-Vida-Natal-%25E2%2580%2593-RN.jpg\"},{\"@type\":\"BreadcrumbList\",\"@id\":\"https:\\\/\\\/blogdofarnesio.com.br\\\/?p=138078#breadcrumb\",\"itemListElement\":[{\"@type\":\"ListItem\",\"position\":1,\"name\":\"In\u00edcio\",\"item\":\"https:\\\/\\\/blogdofarnesio.com.br\\\/\"},{\"@type\":\"ListItem\",\"position\":2,\"name\":\"JUAZEIRO ATUALIZA CADASTRO DO &#8220;MINHA CASA&#8230;&#8221; PRA QUEM FEZ INSCRI\u00c7\u00c3O EM 2014\"}]},{\"@type\":\"WebSite\",\"@id\":\"https:\\\/\\\/blogdofarnesio.com.br\\\/#website\",\"url\":\"https:\\\/\\\/blogdofarnesio.com.br\\\/\",\"name\":\"Blog do Farn\u00e9sio\",\"description\":\"Quer Saber Pol\u00edtica?\",\"publisher\":{\"@id\":\"https:\\\/\\\/blogdofarnesio.com.br\\\/#organization\"},\"potentialAction\":[{\"@type\":\"SearchAction\",\"target\":{\"@type\":\"EntryPoint\",\"urlTemplate\":\"https:\\\/\\\/blogdofarnesio.com.br\\\/?s={search_term_string}\"},\"query-input\":{\"@type\":\"PropertyValueSpecification\",\"valueRequired\":true,\"valueName\":\"search_term_string\"}}],\"inLanguage\":\"pt-BR\"},{\"@type\":\"Organization\",\"@id\":\"https:\\\/\\\/blogdofarnesio.com.br\\\/#organization\",\"name\":\"Blog do Farn\u00e9sio\",\"url\":\"https:\\\/\\\/blogdofarnesio.com.br\\\/\",\"logo\":{\"@type\":\"ImageObject\",\"inLanguage\":\"pt-BR\",\"@id\":\"https:\\\/\\\/blogdofarnesio.com.br\\\/#\\\/schema\\\/logo\\\/image\\\/\",\"url\":\"https:\\\/\\\/blogdofarnesio.com.br\\\/wp-content\\\/uploads\\\/2026\\\/03\\\/cropped-logo_new-1.png\",\"contentUrl\":\"https:\\\/\\\/blogdofarnesio.com.br\\\/wp-content\\\/uploads\\\/2026\\\/03\\\/cropped-logo_new-1.png\",\"width\":881,\"height\":685,\"caption\":\"Blog do Farn\u00e9sio\"},\"image\":{\"@id\":\"https:\\\/\\\/blogdofarnesio.com.br\\\/#\\\/schema\\\/logo\\\/image\\\/\"},\"sameAs\":[\"https:\\\/\\\/www.facebook.com\\\/BlogQuerSaberPolitica\\\/\"]},{\"@type\":\"Person\",\"@id\":\"https:\\\/\\\/blogdofarnesio.com.br\\\/#\\\/schema\\\/person\\\/dd1bf5eba40b687199ba45ca6b97dff9\",\"name\":\"teste\",\"image\":{\"@type\":\"ImageObject\",\"inLanguage\":\"pt-BR\",\"@id\":\"https:\\\/\\\/secure.gravatar.com\\\/avatar\\\/2172498d4914b51e1d89a0f97957b035ac4938723a5cac208135d389b6972a6d?s=96&d=mm&r=g\",\"url\":\"https:\\\/\\\/secure.gravatar.com\\\/avatar\\\/2172498d4914b51e1d89a0f97957b035ac4938723a5cac208135d389b6972a6d?s=96&d=mm&r=g\",\"contentUrl\":\"https:\\\/\\\/secure.gravatar.com\\\/avatar\\\/2172498d4914b51e1d89a0f97957b035ac4938723a5cac208135d389b6972a6d?s=96&d=mm&r=g\",\"caption\":\"teste\"},\"url\":\"https:\\\/\\\/blogdofarnesio.com.br\\\/?author=3\"}]}<\/script>\n<!-- \/ Yoast SEO plugin. -->","yoast_head_json":{"title":"JUAZEIRO ATUALIZA CADASTRO DO \"MINHA CASA...\" PRA QUEM FEZ INSCRI\u00c7\u00c3O EM 2014 - Blog do Farn\u00e9sio","robots":{"index":"index","follow":"follow","max-snippet":"max-snippet:-1","max-image-preview":"max-image-preview:large","max-video-preview":"max-video-preview:-1"},"canonical":"https:\/\/blogdofarnesio.com.br\/?p=138078","og_locale":"pt_BR","og_type":"article","og_title":"JUAZEIRO ATUALIZA CADASTRO DO \"MINHA CASA...\" PRA QUEM FEZ INSCRI\u00c7\u00c3O EM 2014 - Blog do Farn\u00e9sio","og_description":"\u00a0Confira a rela\u00e7\u00e3o por bairro,\u00a0quando ser\u00e1 o seu atendimento A partir de amanh\u00e3, dia 01 at\u00e9 07 de mar\u00e7o, das 08h30 \u00e0s 17h, no Gin\u00e1sio de Esportes Alo\u00edsio Viana, a Secretaria de Desenvolvimento e Igualdade Social vai atualizar o cadastro de quem se inscreveu para o Programa Minha Casa, Minha Vida no ano de 2014. Quem j\u00e1 fez a atualiza\u00e7\u00e3o em 2016 n\u00e3o precisa fazer novamente. Para realizar a atualiza\u00e7\u00e3o \u00e9 preciso levar c\u00f3pia de carteira de identidade, CPF, certid\u00e3o de nascimento (ou casamento), se o c\u00f4njuge for falecido, levar certid\u00e3o de \u00f3bito; certid\u00e3o de nascimento dos filhos (menores), carteira de trabalho, n\u00famero do NIS, t\u00edtulo de eleitor, laudo m\u00e9dico com n\u00famero do CID (se for deficiente), certid\u00e3o de casamento&hellip;","og_url":"https:\/\/blogdofarnesio.com.br\/?p=138078","og_site_name":"Blog do Farn\u00e9sio","article_publisher":"https:\/\/www.facebook.com\/BlogQuerSaberPolitica\/","article_published_time":"2016-02-29T10:42:16+00:00","og_image":[{"url":"https:\/\/2.bp.blogspot.com\/-_dRyhqQi_R4\/VtMC_GrgajI\/AAAAAAAAe0g\/fsU9VMXg-ZI\/s640\/_Sorteados-Minha-Casa-Minha-Vida-Natal-%25E2%2580%2593-RN.jpg","type":"","width":"","height":""}],"author":"teste","twitter_card":"summary_large_image","twitter_misc":{"Escrito por":"teste","Est. tempo de leitura":"2 minutos"},"schema":{"@context":"https:\/\/schema.org","@graph":[{"@type":"Article","@id":"https:\/\/blogdofarnesio.com.br\/?p=138078#article","isPartOf":{"@id":"https:\/\/blogdofarnesio.com.br\/?p=138078"},"author":{"name":"teste","@id":"https:\/\/blogdofarnesio.com.br\/#\/schema\/person\/dd1bf5eba40b687199ba45ca6b97dff9"},"headline":"JUAZEIRO ATUALIZA CADASTRO DO &#8220;MINHA CASA&#8230;&#8221; PRA QUEM FEZ INSCRI\u00c7\u00c3O EM 2014","datePublished":"2016-02-29T10:42:16+00:00","mainEntityOfPage":{"@id":"https:\/\/blogdofarnesio.com.br\/?p=138078"},"wordCount":422,"commentCount":1,"publisher":{"@id":"https:\/\/blogdofarnesio.com.br\/#organization"},"image":{"@id":"https:\/\/blogdofarnesio.com.br\/?p=138078#primaryimage"},"thumbnailUrl":"https:\/\/2.bp.blogspot.com\/-_dRyhqQi_R4\/VtMC_GrgajI\/AAAAAAAAe0g\/fsU9VMXg-ZI\/s640\/_Sorteados-Minha-Casa-Minha-Vida-Natal-%25E2%2580%2593-RN.jpg","inLanguage":"pt-BR","potentialAction":[{"@type":"CommentAction","name":"Comment","target":["https:\/\/blogdofarnesio.com.br\/?p=138078#respond"]}]},{"@type":"WebPage","@id":"https:\/\/blogdofarnesio.com.br\/?p=138078","url":"https:\/\/blogdofarnesio.com.br\/?p=138078","name":"JUAZEIRO ATUALIZA CADASTRO DO \"MINHA CASA...\" PRA QUEM FEZ INSCRI\u00c7\u00c3O EM 2014 - Blog do Farn\u00e9sio","isPartOf":{"@id":"https:\/\/blogdofarnesio.com.br\/#website"},"primaryImageOfPage":{"@id":"https:\/\/blogdofarnesio.com.br\/?p=138078#primaryimage"},"image":{"@id":"https:\/\/blogdofarnesio.com.br\/?p=138078#primaryimage"},"thumbnailUrl":"https:\/\/2.bp.blogspot.com\/-_dRyhqQi_R4\/VtMC_GrgajI\/AAAAAAAAe0g\/fsU9VMXg-ZI\/s640\/_Sorteados-Minha-Casa-Minha-Vida-Natal-%25E2%2580%2593-RN.jpg","datePublished":"2016-02-29T10:42:16+00:00","breadcrumb":{"@id":"https:\/\/blogdofarnesio.com.br\/?p=138078#breadcrumb"},"inLanguage":"pt-BR","potentialAction":[{"@type":"ReadAction","target":["https:\/\/blogdofarnesio.com.br\/?p=138078"]}]},{"@type":"ImageObject","inLanguage":"pt-BR","@id":"https:\/\/blogdofarnesio.com.br\/?p=138078#primaryimage","url":"https:\/\/2.bp.blogspot.com\/-_dRyhqQi_R4\/VtMC_GrgajI\/AAAAAAAAe0g\/fsU9VMXg-ZI\/s640\/_Sorteados-Minha-Casa-Minha-Vida-Natal-%25E2%2580%2593-RN.jpg","contentUrl":"https:\/\/2.bp.blogspot.com\/-_dRyhqQi_R4\/VtMC_GrgajI\/AAAAAAAAe0g\/fsU9VMXg-ZI\/s640\/_Sorteados-Minha-Casa-Minha-Vida-Natal-%25E2%2580%2593-RN.jpg"},{"@type":"BreadcrumbList","@id":"https:\/\/blogdofarnesio.com.br\/?p=138078#breadcrumb","itemListElement":[{"@type":"ListItem","position":1,"name":"In\u00edcio","item":"https:\/\/blogdofarnesio.com.br\/"},{"@type":"ListItem","position":2,"name":"JUAZEIRO ATUALIZA CADASTRO DO &#8220;MINHA CASA&#8230;&#8221; PRA QUEM FEZ INSCRI\u00c7\u00c3O EM 2014"}]},{"@type":"WebSite","@id":"https:\/\/blogdofarnesio.com.br\/#website","url":"https:\/\/blogdofarnesio.com.br\/","name":"Blog do Farn\u00e9sio","description":"Quer Saber Pol\u00edtica?","publisher":{"@id":"https:\/\/blogdofarnesio.com.br\/#organization"},"potentialAction":[{"@type":"SearchAction","target":{"@type":"EntryPoint","urlTemplate":"https:\/\/blogdofarnesio.com.br\/?s={search_term_string}"},"query-input":{"@type":"PropertyValueSpecification","valueRequired":true,"valueName":"search_term_string"}}],"inLanguage":"pt-BR"},{"@type":"Organization","@id":"https:\/\/blogdofarnesio.com.br\/#organization","name":"Blog do Farn\u00e9sio","url":"https:\/\/blogdofarnesio.com.br\/","logo":{"@type":"ImageObject","inLanguage":"pt-BR","@id":"https:\/\/blogdofarnesio.com.br\/#\/schema\/logo\/image\/","url":"https:\/\/blogdofarnesio.com.br\/wp-content\/uploads\/2026\/03\/cropped-logo_new-1.png","contentUrl":"https:\/\/blogdofarnesio.com.br\/wp-content\/uploads\/2026\/03\/cropped-logo_new-1.png","width":881,"height":685,"caption":"Blog do Farn\u00e9sio"},"image":{"@id":"https:\/\/blogdofarnesio.com.br\/#\/schema\/logo\/image\/"},"sameAs":["https:\/\/www.facebook.com\/BlogQuerSaberPolitica\/"]},{"@type":"Person","@id":"https:\/\/blogdofarnesio.com.br\/#\/schema\/person\/dd1bf5eba40b687199ba45ca6b97dff9","name":"teste","image":{"@type":"ImageObject","inLanguage":"pt-BR","@id":"https:\/\/secure.gravatar.com\/avatar\/2172498d4914b51e1d89a0f97957b035ac4938723a5cac208135d389b6972a6d?s=96&d=mm&r=g","url":"https:\/\/secure.gravatar.com\/avatar\/2172498d4914b51e1d89a0f97957b035ac4938723a5cac208135d389b6972a6d?s=96&d=mm&r=g","contentUrl":"https:\/\/secure.gravatar.com\/avatar\/2172498d4914b51e1d89a0f97957b035ac4938723a5cac208135d389b6972a6d?s=96&d=mm&r=g","caption":"teste"},"url":"https:\/\/blogdofarnesio.com.br\/?author=3"}]}},"_links":{"self":[{"href":"https:\/\/blogdofarnesio.com.br\/index.php?rest_route=\/wp\/v2\/posts\/138078","targetHints":{"allow":["GET"]}}],"collection":[{"href":"https:\/\/blogdofarnesio.com.br\/index.php?rest_route=\/wp\/v2\/posts"}],"about":[{"href":"https:\/\/blogdofarnesio.com.br\/index.php?rest_route=\/wp\/v2\/types\/post"}],"author":[{"embeddable":true,"href":"https:\/\/blogdofarnesio.com.br\/index.php?rest_route=\/wp\/v2\/users\/3"}],"replies":[{"embeddable":true,"href":"https:\/\/blogdofarnesio.com.br\/index.php?rest_route=%2Fwp%2Fv2%2Fcomments&post=138078"}],"version-history":[{"count":0,"href":"https:\/\/blogdofarnesio.com.br\/index.php?rest_route=\/wp\/v2\/posts\/138078\/revisions"}],"wp:attachment":[{"href":"https:\/\/blogdofarnesio.com.br\/index.php?rest_route=%2Fwp%2Fv2%2Fmedia&parent=138078"}],"wp:term":[{"taxonomy":"category","embeddable":true,"href":"https:\/\/blogdofarnesio.com.br\/index.php?rest_route=%2Fwp%2Fv2%2Fcategories&post=138078"},{"taxonomy":"post_tag","embeddable":true,"href":"https:\/\/blogdofarnesio.com.br\/index.php?rest_route=%2Fwp%2Fv2%2Ftags&post=138078"}],"curies":[{"name":"wp","href":"https:\/\/api.w.org\/{rel}","templated":true}]}}