{"id":138073,"date":"2016-02-29T07:22:46","date_gmt":"2016-02-29T10:22:46","guid":{"rendered":"http:\/\/www.quersaberpolitica.com.br\/?p=138073"},"modified":"2016-02-28T13:41:05","modified_gmt":"2016-02-28T16:41:05","slug":"deputados-lucas-ramos-e-gonzaga-patriota-se-unem-contra-bezerra-coelho-e-os-filhos","status":"publish","type":"post","link":"https:\/\/blogdofarnesio.com.br\/?p=138073","title":{"rendered":"DEPUTADOS LUCAS RAMOS E GONZAGA PATRIOTA SE UNEM CONTRA BEZERRA COELHO E OS FILHOS"},"content":{"rendered":"<figure id=\"attachment_79023\" aria-describedby=\"caption-attachment-79023\" style=\"width: 249px\" class=\"wp-caption alignleft\"><a title=\"Gonzaga Patriota e Lucas Ramos Anunciam parceria: \u201cestamos unidos\u201d\" href=\"http:\/\/didigalvao.com.br\/wp-content\/uploads\/2016\/02\/Foto-Lucas-Ramos-Cr%C3%A9ditos-Bosco-Lacerda-12.jpg\" rel=\"attachment wp-att-79023\"><img loading=\"lazy\" decoding=\"async\" class=\"  wp-image-79023\" src=\"http:\/\/didigalvao.com.br\/wp-content\/uploads\/2016\/02\/Foto-Lucas-Ramos-Cr%C3%A9ditos-Bosco-Lacerda-12.jpg\" alt=\"Foto - Lucas Ramos - Cr\u00e9ditos Bosco Lacerda (12)\" width=\"249\" height=\"168\" \/><\/a><figcaption id=\"caption-attachment-79023\" class=\"wp-caption-text\">&#8220;Estamos unidos&#8221;<\/figcaption><\/figure>\n<figure id=\"attachment_22284\" aria-describedby=\"caption-attachment-22284\" style=\"width: 243px\" class=\"wp-caption alignright\"><a href=\"http:\/\/www.quersaberpolitica.com.br\/2016\/wp-content\/uploads\/2013\/01\/blogqspgonzaga-3.jpg\"><img loading=\"lazy\" decoding=\"async\" class=\" wp-image-22284\" src=\"http:\/\/www.quersaberpolitica.com.br\/2016\/wp-content\/uploads\/2013\/01\/blogqspgonzaga-3-300x199.jpg\" alt=\"Deputado Gonzaga Patriota\" width=\"243\" height=\"161\" srcset=\"https:\/\/blogdofarnesio.com.br\/wp-content\/uploads\/2013\/01\/blogqspgonzaga-3-300x199.jpg 300w, https:\/\/blogdofarnesio.com.br\/wp-content\/uploads\/2013\/01\/blogqspgonzaga-3.jpg 448w\" sizes=\"auto, (max-width: 243px) 100vw, 243px\" \/><\/a><figcaption id=\"caption-attachment-22284\" class=\"wp-caption-text\">Deputado Gonzaga Patriota<\/figcaption><\/figure>\n<p style=\"text-align: justify\">O deputado federal Gonzaga Patriota e o deputado estadual Lucas Ramos, ambos do PSB, anunciaram na \u00faltima sexta-feira (26) uma parceria administrativa e pol\u00edtica que vai nortear a a\u00e7\u00e3o dos parlamentares em v\u00e1rios munic\u00edpios pernambucanos.<\/p>\n<p style=\"text-align: justify\">De acordo com Lucas, a alian\u00e7a program\u00e1tica foi constru\u00edda sobre um alicerce hist\u00f3rico de dois parlamentares que t\u00eam voz ativa dentro dos quadros do PSB.\u00a0\u201cO deputado Gonzaga Patriota, como eu, tem uma hist\u00f3ria org\u00e2nica e de constru\u00e7\u00e3o dentro do partido. Sempre teve compromisso e fidelidade a Arraes, Eduardo e Paulo\u201d, dispara Lucas.<\/p>\n<p style=\"text-align: justify\">Com a parceria, os socialistas passam a realizar uma agenda conjunta em diversos munic\u00edpios do Sert\u00e3o<em>. <\/em>\u201cCome\u00e7aremos pelo S\u00e3o Francisco por ser uma regi\u00e3o estrat\u00e9gica para nosso estado.<\/p>\n<p style=\"text-align: justify\">\u00c9 em Petrolina que temos nossa base mais importante, nosso domic\u00edlio eleitoral. \u00c9 onde moramos, vivemos e constru\u00edmos fam\u00edlia. E essa parceria deve ser ampliada para outros munic\u00edpios\u201d,<em><span style=\"text-decoration: underline\">\u00a0<\/span><\/em>destaca Gonzaga Patriota. Os dois grupos se re\u00fanem na pr\u00f3xima sexta-feira (04) para discutir uma pauta administrativa para os pr\u00f3ximos tr\u00eas meses que antecipam o per\u00edodo eleitoral.<\/p>\n<p style=\"text-align: justify\">De acordo com Lucas, a prioridade \u00e9 ajudar ainda mais o governador Paulo C\u00e2mara. \u201cBuscamos ajudar o governo, garantir as a\u00e7\u00f5es e as parcerias necess\u00e1rias para tirar do papel e realizar os programas anteriormente discutidos com a popula\u00e7\u00e3o\u201d, afirma o deputado estadual.<\/p>\n<p style=\"text-align: justify\">\u201cLucas vem desempenhando um mandato brilhante na Assembleia Legislativa. Vou tirar minha camisa de candidato e quero que ele tire tamb\u00e9m para que possamos vestir a camisa da mesma candidatura. Onde um estiver, o outro tamb\u00e9m estar\u00e1 junto\u201d, completa Gonzaga.<\/p>\n<p style=\"text-align: justify\"><strong>AGENDA<\/strong>\u00a0\u2013 A primeira agenda conjunta dos dois parlamentares ocorreu durante visita ao Projeto Fulg\u00eancio e Assentamento Catalunia, no munic\u00edpio de Santa Maria da Boa Vista. Na ocasi\u00e3o, anunciaram ao lado da prefeita Eliane Costa (PSL) e de vereadores a recupera\u00e7\u00e3o da PE-550 (que liga o Projeto Cara\u00edba ao distrito de Urimam\u00e3) e a PE-555 (entre Parnamirim e Lagoa Grande), rotas fundamentais para o escoamento da produ\u00e7\u00e3o agr\u00edcola da regi\u00e3o.<\/p>\n<p style=\"text-align: justify\">Tamb\u00e9m anunciaram a libera\u00e7\u00e3o de recursos pela Codevasf para os produtores rurais.\u00a0\u201cEste foi o primeiro de uma s\u00e9rie de compromissos que ser\u00e3o realizados por n\u00f3s dois\u201d<span style=\"text-decoration: underline\">,<\/span> antecipa o deputado federal.<\/p>\n","protected":false},"excerpt":{"rendered":"<p>O deputado federal Gonzaga Patriota e o deputado estadual Lucas Ramos, ambos do PSB, anunciaram na \u00faltima sexta-feira (26) uma parceria administrativa e pol\u00edtica que vai nortear a a\u00e7\u00e3o dos parlamentares em v\u00e1rios munic\u00edpios pernambucanos. De acordo com Lucas, a alian\u00e7a program\u00e1tica foi constru\u00edda sobre um alicerce hist\u00f3rico de dois parlamentares que t\u00eam voz ativa dentro dos quadros do PSB.\u00a0\u201cO deputado Gonzaga Patriota, como eu, tem uma hist\u00f3ria org\u00e2nica e de constru\u00e7\u00e3o dentro do partido. Sempre teve compromisso e fidelidade a Arraes, Eduardo e Paulo\u201d, dispara Lucas. Com a parceria, os socialistas passam a realizar uma agenda conjunta em diversos munic\u00edpios do Sert\u00e3o. \u201cCome\u00e7aremos pelo S\u00e3o Francisco por ser uma regi\u00e3o estrat\u00e9gica para nosso estado. \u00c9 em Petrolina que temos&hellip; <\/p>\n","protected":false},"author":3,"featured_media":0,"comment_status":"open","ping_status":"open","sticky":false,"template":"","format":"standard","meta":{"_acf_changed":false,"footnotes":""},"categories":[1],"tags":[],"class_list":["post-138073","post","type-post","status-publish","format-standard","hentry","category-politica"],"acf":[],"yoast_head":"<!-- This site is optimized with the Yoast SEO plugin v27.4 - https:\/\/yoast.com\/product\/yoast-seo-wordpress\/ -->\n<title>DEPUTADOS LUCAS RAMOS E GONZAGA PATRIOTA SE UNEM CONTRA BEZERRA COELHO E OS FILHOS - Blog do Farn\u00e9sio<\/title>\n<meta name=\"robots\" content=\"index, follow, max-snippet:-1, max-image-preview:large, max-video-preview:-1\" \/>\n<link rel=\"canonical\" href=\"https:\/\/blogdofarnesio.com.br\/?p=138073\" \/>\n<meta property=\"og:locale\" content=\"pt_BR\" \/>\n<meta property=\"og:type\" content=\"article\" \/>\n<meta property=\"og:title\" content=\"DEPUTADOS LUCAS RAMOS E GONZAGA PATRIOTA SE UNEM CONTRA BEZERRA COELHO E OS FILHOS - Blog do Farn\u00e9sio\" \/>\n<meta property=\"og:description\" content=\"O deputado federal Gonzaga Patriota e o deputado estadual Lucas Ramos, ambos do PSB, anunciaram na \u00faltima sexta-feira (26) uma parceria administrativa e pol\u00edtica que vai nortear a a\u00e7\u00e3o dos parlamentares em v\u00e1rios munic\u00edpios pernambucanos. De acordo com Lucas, a alian\u00e7a program\u00e1tica foi constru\u00edda sobre um alicerce hist\u00f3rico de dois parlamentares que t\u00eam voz ativa dentro dos quadros do PSB.\u00a0\u201cO deputado Gonzaga Patriota, como eu, tem uma hist\u00f3ria org\u00e2nica e de constru\u00e7\u00e3o dentro do partido. Sempre teve compromisso e fidelidade a Arraes, Eduardo e Paulo\u201d, dispara Lucas. Com a parceria, os socialistas passam a realizar uma agenda conjunta em diversos munic\u00edpios do Sert\u00e3o. \u201cCome\u00e7aremos pelo S\u00e3o Francisco por ser uma regi\u00e3o estrat\u00e9gica para nosso estado. \u00c9 em Petrolina que temos&hellip;\" \/>\n<meta property=\"og:url\" content=\"https:\/\/blogdofarnesio.com.br\/?p=138073\" \/>\n<meta property=\"og:site_name\" content=\"Blog do Farn\u00e9sio\" \/>\n<meta property=\"article:publisher\" content=\"https:\/\/www.facebook.com\/BlogQuerSaberPolitica\/\" \/>\n<meta property=\"article:published_time\" content=\"2016-02-29T10:22:46+00:00\" \/>\n<meta property=\"og:image\" content=\"http:\/\/didigalvao.com.br\/wp-content\/uploads\/2016\/02\/Foto-Lucas-Ramos-Cr%C3%A9ditos-Bosco-Lacerda-12.jpg\" \/>\n<meta name=\"author\" content=\"teste\" \/>\n<meta name=\"twitter:card\" content=\"summary_large_image\" \/>\n<meta name=\"twitter:label1\" content=\"Escrito por\" \/>\n\t<meta name=\"twitter:data1\" content=\"teste\" \/>\n\t<meta name=\"twitter:label2\" content=\"Est. tempo de leitura\" \/>\n\t<meta name=\"twitter:data2\" content=\"2 minutos\" \/>\n<script type=\"application\/ld+json\" class=\"yoast-schema-graph\">{\"@context\":\"https:\\\/\\\/schema.org\",\"@graph\":[{\"@type\":\"Article\",\"@id\":\"https:\\\/\\\/blogdofarnesio.com.br\\\/?p=138073#article\",\"isPartOf\":{\"@id\":\"https:\\\/\\\/blogdofarnesio.com.br\\\/?p=138073\"},\"author\":{\"name\":\"teste\",\"@id\":\"https:\\\/\\\/blogdofarnesio.com.br\\\/#\\\/schema\\\/person\\\/dd1bf5eba40b687199ba45ca6b97dff9\"},\"headline\":\"DEPUTADOS LUCAS RAMOS E GONZAGA PATRIOTA SE UNEM CONTRA BEZERRA COELHO E OS FILHOS\",\"datePublished\":\"2016-02-29T10:22:46+00:00\",\"mainEntityOfPage\":{\"@id\":\"https:\\\/\\\/blogdofarnesio.com.br\\\/?p=138073\"},\"wordCount\":427,\"commentCount\":0,\"publisher\":{\"@id\":\"https:\\\/\\\/blogdofarnesio.com.br\\\/#organization\"},\"image\":{\"@id\":\"https:\\\/\\\/blogdofarnesio.com.br\\\/?p=138073#primaryimage\"},\"thumbnailUrl\":\"http:\\\/\\\/didigalvao.com.br\\\/wp-content\\\/uploads\\\/2016\\\/02\\\/Foto-Lucas-Ramos-Cr%C3%A9ditos-Bosco-Lacerda-12.jpg\",\"articleSection\":[\"Pol\u00edtica\"],\"inLanguage\":\"pt-BR\",\"potentialAction\":[{\"@type\":\"CommentAction\",\"name\":\"Comment\",\"target\":[\"https:\\\/\\\/blogdofarnesio.com.br\\\/?p=138073#respond\"]}]},{\"@type\":\"WebPage\",\"@id\":\"https:\\\/\\\/blogdofarnesio.com.br\\\/?p=138073\",\"url\":\"https:\\\/\\\/blogdofarnesio.com.br\\\/?p=138073\",\"name\":\"DEPUTADOS LUCAS RAMOS E GONZAGA PATRIOTA SE UNEM CONTRA BEZERRA COELHO E OS FILHOS - Blog do Farn\u00e9sio\",\"isPartOf\":{\"@id\":\"https:\\\/\\\/blogdofarnesio.com.br\\\/#website\"},\"primaryImageOfPage\":{\"@id\":\"https:\\\/\\\/blogdofarnesio.com.br\\\/?p=138073#primaryimage\"},\"image\":{\"@id\":\"https:\\\/\\\/blogdofarnesio.com.br\\\/?p=138073#primaryimage\"},\"thumbnailUrl\":\"http:\\\/\\\/didigalvao.com.br\\\/wp-content\\\/uploads\\\/2016\\\/02\\\/Foto-Lucas-Ramos-Cr%C3%A9ditos-Bosco-Lacerda-12.jpg\",\"datePublished\":\"2016-02-29T10:22:46+00:00\",\"breadcrumb\":{\"@id\":\"https:\\\/\\\/blogdofarnesio.com.br\\\/?p=138073#breadcrumb\"},\"inLanguage\":\"pt-BR\",\"potentialAction\":[{\"@type\":\"ReadAction\",\"target\":[\"https:\\\/\\\/blogdofarnesio.com.br\\\/?p=138073\"]}]},{\"@type\":\"ImageObject\",\"inLanguage\":\"pt-BR\",\"@id\":\"https:\\\/\\\/blogdofarnesio.com.br\\\/?p=138073#primaryimage\",\"url\":\"http:\\\/\\\/didigalvao.com.br\\\/wp-content\\\/uploads\\\/2016\\\/02\\\/Foto-Lucas-Ramos-Cr%C3%A9ditos-Bosco-Lacerda-12.jpg\",\"contentUrl\":\"http:\\\/\\\/didigalvao.com.br\\\/wp-content\\\/uploads\\\/2016\\\/02\\\/Foto-Lucas-Ramos-Cr%C3%A9ditos-Bosco-Lacerda-12.jpg\"},{\"@type\":\"BreadcrumbList\",\"@id\":\"https:\\\/\\\/blogdofarnesio.com.br\\\/?p=138073#breadcrumb\",\"itemListElement\":[{\"@type\":\"ListItem\",\"position\":1,\"name\":\"In\u00edcio\",\"item\":\"https:\\\/\\\/blogdofarnesio.com.br\\\/\"},{\"@type\":\"ListItem\",\"position\":2,\"name\":\"DEPUTADOS LUCAS RAMOS E GONZAGA PATRIOTA SE UNEM CONTRA BEZERRA COELHO E OS FILHOS\"}]},{\"@type\":\"WebSite\",\"@id\":\"https:\\\/\\\/blogdofarnesio.com.br\\\/#website\",\"url\":\"https:\\\/\\\/blogdofarnesio.com.br\\\/\",\"name\":\"Blog do Farn\u00e9sio\",\"description\":\"Quer Saber Pol\u00edtica?\",\"publisher\":{\"@id\":\"https:\\\/\\\/blogdofarnesio.com.br\\\/#organization\"},\"potentialAction\":[{\"@type\":\"SearchAction\",\"target\":{\"@type\":\"EntryPoint\",\"urlTemplate\":\"https:\\\/\\\/blogdofarnesio.com.br\\\/?s={search_term_string}\"},\"query-input\":{\"@type\":\"PropertyValueSpecification\",\"valueRequired\":true,\"valueName\":\"search_term_string\"}}],\"inLanguage\":\"pt-BR\"},{\"@type\":\"Organization\",\"@id\":\"https:\\\/\\\/blogdofarnesio.com.br\\\/#organization\",\"name\":\"Blog do Farn\u00e9sio\",\"url\":\"https:\\\/\\\/blogdofarnesio.com.br\\\/\",\"logo\":{\"@type\":\"ImageObject\",\"inLanguage\":\"pt-BR\",\"@id\":\"https:\\\/\\\/blogdofarnesio.com.br\\\/#\\\/schema\\\/logo\\\/image\\\/\",\"url\":\"https:\\\/\\\/blogdofarnesio.com.br\\\/wp-content\\\/uploads\\\/2026\\\/03\\\/cropped-logo_new-1.png\",\"contentUrl\":\"https:\\\/\\\/blogdofarnesio.com.br\\\/wp-content\\\/uploads\\\/2026\\\/03\\\/cropped-logo_new-1.png\",\"width\":881,\"height\":685,\"caption\":\"Blog do Farn\u00e9sio\"},\"image\":{\"@id\":\"https:\\\/\\\/blogdofarnesio.com.br\\\/#\\\/schema\\\/logo\\\/image\\\/\"},\"sameAs\":[\"https:\\\/\\\/www.facebook.com\\\/BlogQuerSaberPolitica\\\/\"]},{\"@type\":\"Person\",\"@id\":\"https:\\\/\\\/blogdofarnesio.com.br\\\/#\\\/schema\\\/person\\\/dd1bf5eba40b687199ba45ca6b97dff9\",\"name\":\"teste\",\"image\":{\"@type\":\"ImageObject\",\"inLanguage\":\"pt-BR\",\"@id\":\"https:\\\/\\\/secure.gravatar.com\\\/avatar\\\/2172498d4914b51e1d89a0f97957b035ac4938723a5cac208135d389b6972a6d?s=96&d=mm&r=g\",\"url\":\"https:\\\/\\\/secure.gravatar.com\\\/avatar\\\/2172498d4914b51e1d89a0f97957b035ac4938723a5cac208135d389b6972a6d?s=96&d=mm&r=g\",\"contentUrl\":\"https:\\\/\\\/secure.gravatar.com\\\/avatar\\\/2172498d4914b51e1d89a0f97957b035ac4938723a5cac208135d389b6972a6d?s=96&d=mm&r=g\",\"caption\":\"teste\"},\"url\":\"https:\\\/\\\/blogdofarnesio.com.br\\\/?author=3\"}]}<\/script>\n<!-- \/ Yoast SEO plugin. -->","yoast_head_json":{"title":"DEPUTADOS LUCAS RAMOS E GONZAGA PATRIOTA SE UNEM CONTRA BEZERRA COELHO E OS FILHOS - Blog do Farn\u00e9sio","robots":{"index":"index","follow":"follow","max-snippet":"max-snippet:-1","max-image-preview":"max-image-preview:large","max-video-preview":"max-video-preview:-1"},"canonical":"https:\/\/blogdofarnesio.com.br\/?p=138073","og_locale":"pt_BR","og_type":"article","og_title":"DEPUTADOS LUCAS RAMOS E GONZAGA PATRIOTA SE UNEM CONTRA BEZERRA COELHO E OS FILHOS - Blog do Farn\u00e9sio","og_description":"O deputado federal Gonzaga Patriota e o deputado estadual Lucas Ramos, ambos do PSB, anunciaram na \u00faltima sexta-feira (26) uma parceria administrativa e pol\u00edtica que vai nortear a a\u00e7\u00e3o dos parlamentares em v\u00e1rios munic\u00edpios pernambucanos. De acordo com Lucas, a alian\u00e7a program\u00e1tica foi constru\u00edda sobre um alicerce hist\u00f3rico de dois parlamentares que t\u00eam voz ativa dentro dos quadros do PSB.\u00a0\u201cO deputado Gonzaga Patriota, como eu, tem uma hist\u00f3ria org\u00e2nica e de constru\u00e7\u00e3o dentro do partido. Sempre teve compromisso e fidelidade a Arraes, Eduardo e Paulo\u201d, dispara Lucas. Com a parceria, os socialistas passam a realizar uma agenda conjunta em diversos munic\u00edpios do Sert\u00e3o. \u201cCome\u00e7aremos pelo S\u00e3o Francisco por ser uma regi\u00e3o estrat\u00e9gica para nosso estado. \u00c9 em Petrolina que temos&hellip;","og_url":"https:\/\/blogdofarnesio.com.br\/?p=138073","og_site_name":"Blog do Farn\u00e9sio","article_publisher":"https:\/\/www.facebook.com\/BlogQuerSaberPolitica\/","article_published_time":"2016-02-29T10:22:46+00:00","og_image":[{"url":"http:\/\/didigalvao.com.br\/wp-content\/uploads\/2016\/02\/Foto-Lucas-Ramos-Cr%C3%A9ditos-Bosco-Lacerda-12.jpg","type":"","width":"","height":""}],"author":"teste","twitter_card":"summary_large_image","twitter_misc":{"Escrito por":"teste","Est. tempo de leitura":"2 minutos"},"schema":{"@context":"https:\/\/schema.org","@graph":[{"@type":"Article","@id":"https:\/\/blogdofarnesio.com.br\/?p=138073#article","isPartOf":{"@id":"https:\/\/blogdofarnesio.com.br\/?p=138073"},"author":{"name":"teste","@id":"https:\/\/blogdofarnesio.com.br\/#\/schema\/person\/dd1bf5eba40b687199ba45ca6b97dff9"},"headline":"DEPUTADOS LUCAS RAMOS E GONZAGA PATRIOTA SE UNEM CONTRA BEZERRA COELHO E OS FILHOS","datePublished":"2016-02-29T10:22:46+00:00","mainEntityOfPage":{"@id":"https:\/\/blogdofarnesio.com.br\/?p=138073"},"wordCount":427,"commentCount":0,"publisher":{"@id":"https:\/\/blogdofarnesio.com.br\/#organization"},"image":{"@id":"https:\/\/blogdofarnesio.com.br\/?p=138073#primaryimage"},"thumbnailUrl":"http:\/\/didigalvao.com.br\/wp-content\/uploads\/2016\/02\/Foto-Lucas-Ramos-Cr%C3%A9ditos-Bosco-Lacerda-12.jpg","articleSection":["Pol\u00edtica"],"inLanguage":"pt-BR","potentialAction":[{"@type":"CommentAction","name":"Comment","target":["https:\/\/blogdofarnesio.com.br\/?p=138073#respond"]}]},{"@type":"WebPage","@id":"https:\/\/blogdofarnesio.com.br\/?p=138073","url":"https:\/\/blogdofarnesio.com.br\/?p=138073","name":"DEPUTADOS LUCAS RAMOS E GONZAGA PATRIOTA SE UNEM CONTRA BEZERRA COELHO E OS FILHOS - Blog do Farn\u00e9sio","isPartOf":{"@id":"https:\/\/blogdofarnesio.com.br\/#website"},"primaryImageOfPage":{"@id":"https:\/\/blogdofarnesio.com.br\/?p=138073#primaryimage"},"image":{"@id":"https:\/\/blogdofarnesio.com.br\/?p=138073#primaryimage"},"thumbnailUrl":"http:\/\/didigalvao.com.br\/wp-content\/uploads\/2016\/02\/Foto-Lucas-Ramos-Cr%C3%A9ditos-Bosco-Lacerda-12.jpg","datePublished":"2016-02-29T10:22:46+00:00","breadcrumb":{"@id":"https:\/\/blogdofarnesio.com.br\/?p=138073#breadcrumb"},"inLanguage":"pt-BR","potentialAction":[{"@type":"ReadAction","target":["https:\/\/blogdofarnesio.com.br\/?p=138073"]}]},{"@type":"ImageObject","inLanguage":"pt-BR","@id":"https:\/\/blogdofarnesio.com.br\/?p=138073#primaryimage","url":"http:\/\/didigalvao.com.br\/wp-content\/uploads\/2016\/02\/Foto-Lucas-Ramos-Cr%C3%A9ditos-Bosco-Lacerda-12.jpg","contentUrl":"http:\/\/didigalvao.com.br\/wp-content\/uploads\/2016\/02\/Foto-Lucas-Ramos-Cr%C3%A9ditos-Bosco-Lacerda-12.jpg"},{"@type":"BreadcrumbList","@id":"https:\/\/blogdofarnesio.com.br\/?p=138073#breadcrumb","itemListElement":[{"@type":"ListItem","position":1,"name":"In\u00edcio","item":"https:\/\/blogdofarnesio.com.br\/"},{"@type":"ListItem","position":2,"name":"DEPUTADOS LUCAS RAMOS E GONZAGA PATRIOTA SE UNEM CONTRA BEZERRA COELHO E OS FILHOS"}]},{"@type":"WebSite","@id":"https:\/\/blogdofarnesio.com.br\/#website","url":"https:\/\/blogdofarnesio.com.br\/","name":"Blog do Farn\u00e9sio","description":"Quer Saber Pol\u00edtica?","publisher":{"@id":"https:\/\/blogdofarnesio.com.br\/#organization"},"potentialAction":[{"@type":"SearchAction","target":{"@type":"EntryPoint","urlTemplate":"https:\/\/blogdofarnesio.com.br\/?s={search_term_string}"},"query-input":{"@type":"PropertyValueSpecification","valueRequired":true,"valueName":"search_term_string"}}],"inLanguage":"pt-BR"},{"@type":"Organization","@id":"https:\/\/blogdofarnesio.com.br\/#organization","name":"Blog do Farn\u00e9sio","url":"https:\/\/blogdofarnesio.com.br\/","logo":{"@type":"ImageObject","inLanguage":"pt-BR","@id":"https:\/\/blogdofarnesio.com.br\/#\/schema\/logo\/image\/","url":"https:\/\/blogdofarnesio.com.br\/wp-content\/uploads\/2026\/03\/cropped-logo_new-1.png","contentUrl":"https:\/\/blogdofarnesio.com.br\/wp-content\/uploads\/2026\/03\/cropped-logo_new-1.png","width":881,"height":685,"caption":"Blog do Farn\u00e9sio"},"image":{"@id":"https:\/\/blogdofarnesio.com.br\/#\/schema\/logo\/image\/"},"sameAs":["https:\/\/www.facebook.com\/BlogQuerSaberPolitica\/"]},{"@type":"Person","@id":"https:\/\/blogdofarnesio.com.br\/#\/schema\/person\/dd1bf5eba40b687199ba45ca6b97dff9","name":"teste","image":{"@type":"ImageObject","inLanguage":"pt-BR","@id":"https:\/\/secure.gravatar.com\/avatar\/2172498d4914b51e1d89a0f97957b035ac4938723a5cac208135d389b6972a6d?s=96&d=mm&r=g","url":"https:\/\/secure.gravatar.com\/avatar\/2172498d4914b51e1d89a0f97957b035ac4938723a5cac208135d389b6972a6d?s=96&d=mm&r=g","contentUrl":"https:\/\/secure.gravatar.com\/avatar\/2172498d4914b51e1d89a0f97957b035ac4938723a5cac208135d389b6972a6d?s=96&d=mm&r=g","caption":"teste"},"url":"https:\/\/blogdofarnesio.com.br\/?author=3"}]}},"_links":{"self":[{"href":"https:\/\/blogdofarnesio.com.br\/index.php?rest_route=\/wp\/v2\/posts\/138073","targetHints":{"allow":["GET"]}}],"collection":[{"href":"https:\/\/blogdofarnesio.com.br\/index.php?rest_route=\/wp\/v2\/posts"}],"about":[{"href":"https:\/\/blogdofarnesio.com.br\/index.php?rest_route=\/wp\/v2\/types\/post"}],"author":[{"embeddable":true,"href":"https:\/\/blogdofarnesio.com.br\/index.php?rest_route=\/wp\/v2\/users\/3"}],"replies":[{"embeddable":true,"href":"https:\/\/blogdofarnesio.com.br\/index.php?rest_route=%2Fwp%2Fv2%2Fcomments&post=138073"}],"version-history":[{"count":0,"href":"https:\/\/blogdofarnesio.com.br\/index.php?rest_route=\/wp\/v2\/posts\/138073\/revisions"}],"wp:attachment":[{"href":"https:\/\/blogdofarnesio.com.br\/index.php?rest_route=%2Fwp%2Fv2%2Fmedia&parent=138073"}],"wp:term":[{"taxonomy":"category","embeddable":true,"href":"https:\/\/blogdofarnesio.com.br\/index.php?rest_route=%2Fwp%2Fv2%2Fcategories&post=138073"},{"taxonomy":"post_tag","embeddable":true,"href":"https:\/\/blogdofarnesio.com.br\/index.php?rest_route=%2Fwp%2Fv2%2Ftags&post=138073"}],"curies":[{"name":"wp","href":"https:\/\/api.w.org\/{rel}","templated":true}]}}