{"id":138022,"date":"2016-02-28T16:00:16","date_gmt":"2016-02-28T19:00:16","guid":{"rendered":"http:\/\/www.quersaberpolitica.com.br\/?p=138022"},"modified":"2016-02-28T10:58:58","modified_gmt":"2016-02-28T13:58:58","slug":"seduc-petrolina-promove-a-caravana-do-esporte-e-a-das-artes","status":"publish","type":"post","link":"https:\/\/blogdofarnesio.com.br\/?p=138022","title":{"rendered":"SEDUC PETROLINA PROMOVE A CARAVANA DO ESPORTE E A DAS ARTES"},"content":{"rendered":"<p style=\"text-align: justify\"><a href=\"http:\/\/www.quersaberpolitica.com.br\/2016\/wp-content\/uploads\/2016\/01\/blogqsp-banner-Caravanas-do-Esporte-e-das-Artes.jpg\"><img loading=\"lazy\" decoding=\"async\" class=\"aligncenter  wp-image-135503\" src=\"http:\/\/www.quersaberpolitica.com.br\/2016\/wp-content\/uploads\/2016\/01\/blogqsp-banner-Caravanas-do-Esporte-e-das-Artes.jpg\" alt=\"blogqsp-banner-Caravanas do Esporte e das Artes\" width=\"418\" height=\"138\" \/><\/a>A partir de amanh\u00e3\u00a0dia 01 at\u00e9 o dia 04 de mar\u00e7o, cerca de r\u00eas mil estudantes do ensino fundamental da rede p\u00fablica e cerca de 300 professores, monitores e gestores das \u00e1reas de Educa\u00e7\u00e3o, Esportes e Cultura participar\u00e3o da \u00a0Caravana do Esporte e pela Caravana das Artes , promovidas pela Seduc. A abertura oficial dos projetos na cidade ser\u00e1 no dia 01 de mar\u00e7o, a partir das 19h, no audit\u00f3rio Socorro Freitas, na Seduc, Centro de Conven\u00e7\u00f5es.<\/p>\n<p style=\"text-align: justify\">J\u00e1 a arena ser\u00e1 montada no Sest Senat, com oito miniesta\u00e7\u00f5es, \u00a0duas esta\u00e7\u00f5es de linguagens art\u00edsticas e o Cinema DISNEY\/CARAVANA. Os alunos do ensino m\u00e9dio e fundamental de Petrolina e Juazeiro poder\u00e3o participar.<\/p>\n<p style=\"text-align: justify\">Ponto alto das forma\u00e7\u00f5es ser\u00e3o as aulas pr\u00e1ticas na arena das Caravanas, onde os professores, gestores e monitores da rede p\u00fablica de ensino poder\u00e3o conhecer a aplica\u00e7\u00e3o dessas metodologias e uma s\u00e9rie de inova\u00e7\u00f5es propostas para ampliar o uso do esporte e da arte\u00a0 no ambiente escolar.<\/p>\n<p style=\"text-align: justify\">Os projetos \u201cser\u00e3o importantes para motivar ainda mais os professores do munic\u00edpio\u201d, j\u00e1 que as Caravanas deixam um legado de ferramentas inovadoras para que o professor possa trabalhar o esporte e a arte no ambiente escolar, explica a secret\u00e1ria adjunta de Educa\u00e7\u00e3o, Gilmara Lacerda.<!--more--><\/p>\n<p style=\"text-align: justify\">A Caravana do Esporte e a Caravana das Artes s\u00e3o a\u00e7\u00f5es de responsabilidade social do o Instituto Esporte &amp; Educa\u00e7\u00e3o em parceria com a ESPN , a Disney e \u00a0o Instituto Mpumalanga,.<\/p>\n<p style=\"text-align: justify\">A CARAVANA DO ESPORTE trabalha com a forma\u00e7\u00e3o de educadores e gestores dentro da metodologia do Esporte Educacional, desenvolvida pelo Instituto Esporte &amp; Educa\u00e7\u00e3o. O\u00a0 objetivo\u00a0 \u00e9 subsidiar uma pol\u00edtica p\u00fablica voltada para o esporte, aumentar o atendimento em esporte a crian\u00e7as e jovens nas escolas da rede p\u00fablica de ensino e em centros esportivos p\u00fablicos e garantir o direito de crian\u00e7as e jovens, meninos e meninas, de praticarem esportes com inclus\u00e3o e em ambientes livres de viol\u00eancia. A tecnologia desenvolvida e empregada pelo Instituto Esporte &amp; Educa\u00e7\u00e3o, nas suas a\u00e7\u00f5es, visa a utiliza\u00e7\u00e3o do esporte como instrumento de educa\u00e7\u00e3o e desenvolve valores como:\u00a0 solidariedade, respeito ao outro e \u00e0s regras, toler\u00e2ncia, sentido coletivo e coopera\u00e7\u00e3o. Aponta para a pr\u00e1tica esportiva com materiais de baixo custo,\u00a0 adaptados em tamanho para as faixas et\u00e1rias,\u00a0 e est\u00e1 fundamentada em 3 princ\u00edpios b\u00e1sicos: ensinar esporte para todos; ensinar bem esporte para todos e ensinar mais do que esporte para todos.<\/p>\n<p style=\"text-align: justify\">A CARAVANA DAS ARTES\u00a0 promove oficinas de forma\u00e7\u00e3o de educadores dentro da metodologia\u00a0 \u201cArte Educa\u201d, desenvolvida pelo Instituto Mpumalanga, e oficinas de lideran\u00e7a juvenil em literatura (Jovens Autores) e em comunica\u00e7\u00e3o (Jovens Comunicadores). O objetivo \u00e9 garantir o direito de crian\u00e7as e jovens de produzirem e terem acesso \u00e0s\u00a0 diversas linguagens art\u00edsticas de forma inclusiva, por meio da forma\u00e7\u00e3o de professores, gestores e mestres de cultura. A metodologia Arte Educa proporciona aos professores\/educadores o reconhecimento das matrizes culturais locais e a valoriza\u00e7\u00e3o do conhecimento que a crian\u00e7a traz com ela, visando propiciar sentido, criatividade, afetividade, autoria e felicidade ao processo de aprendizagem.<\/p>\n<p style=\"text-align: justify\"><em>Ascom<\/em><\/p>\n","protected":false},"excerpt":{"rendered":"<p>A partir de amanh\u00e3\u00a0dia 01 at\u00e9 o dia 04 de mar\u00e7o, cerca de r\u00eas mil estudantes do ensino fundamental da rede p\u00fablica e cerca de 300 professores, monitores e gestores das \u00e1reas de Educa\u00e7\u00e3o, Esportes e Cultura participar\u00e3o da \u00a0Caravana do Esporte e pela Caravana das Artes , promovidas pela Seduc. A abertura oficial dos projetos na cidade ser\u00e1 no dia 01 de mar\u00e7o, a partir das 19h, no audit\u00f3rio Socorro Freitas, na Seduc, Centro de Conven\u00e7\u00f5es. J\u00e1 a arena ser\u00e1 montada no Sest Senat, com oito miniesta\u00e7\u00f5es, \u00a0duas esta\u00e7\u00f5es de linguagens art\u00edsticas e o Cinema DISNEY\/CARAVANA. Os alunos do ensino m\u00e9dio e fundamental de Petrolina e Juazeiro poder\u00e3o participar. Ponto alto das forma\u00e7\u00f5es ser\u00e3o as aulas pr\u00e1ticas na arena&hellip; <\/p>\n","protected":false},"author":7,"featured_media":0,"comment_status":"open","ping_status":"open","sticky":false,"template":"","format":"standard","meta":{"_acf_changed":false,"footnotes":""},"categories":[6],"tags":[],"class_list":["post-138022","post","type-post","status-publish","format-standard","hentry","category-educacao"],"acf":[],"yoast_head":"<!-- This site is optimized with the Yoast SEO plugin v27.4 - https:\/\/yoast.com\/product\/yoast-seo-wordpress\/ -->\n<title>SEDUC PETROLINA PROMOVE A CARAVANA DO ESPORTE E A DAS ARTES - Blog do Farn\u00e9sio<\/title>\n<meta name=\"robots\" content=\"index, follow, max-snippet:-1, max-image-preview:large, max-video-preview:-1\" \/>\n<link rel=\"canonical\" href=\"https:\/\/blogdofarnesio.com.br\/?p=138022\" \/>\n<meta property=\"og:locale\" content=\"pt_BR\" \/>\n<meta property=\"og:type\" content=\"article\" \/>\n<meta property=\"og:title\" content=\"SEDUC PETROLINA PROMOVE A CARAVANA DO ESPORTE E A DAS ARTES - Blog do Farn\u00e9sio\" \/>\n<meta property=\"og:description\" content=\"A partir de amanh\u00e3\u00a0dia 01 at\u00e9 o dia 04 de mar\u00e7o, cerca de r\u00eas mil estudantes do ensino fundamental da rede p\u00fablica e cerca de 300 professores, monitores e gestores das \u00e1reas de Educa\u00e7\u00e3o, Esportes e Cultura participar\u00e3o da \u00a0Caravana do Esporte e pela Caravana das Artes , promovidas pela Seduc. A abertura oficial dos projetos na cidade ser\u00e1 no dia 01 de mar\u00e7o, a partir das 19h, no audit\u00f3rio Socorro Freitas, na Seduc, Centro de Conven\u00e7\u00f5es. J\u00e1 a arena ser\u00e1 montada no Sest Senat, com oito miniesta\u00e7\u00f5es, \u00a0duas esta\u00e7\u00f5es de linguagens art\u00edsticas e o Cinema DISNEY\/CARAVANA. Os alunos do ensino m\u00e9dio e fundamental de Petrolina e Juazeiro poder\u00e3o participar. Ponto alto das forma\u00e7\u00f5es ser\u00e3o as aulas pr\u00e1ticas na arena&hellip;\" \/>\n<meta property=\"og:url\" content=\"https:\/\/blogdofarnesio.com.br\/?p=138022\" \/>\n<meta property=\"og:site_name\" content=\"Blog do Farn\u00e9sio\" \/>\n<meta property=\"article:publisher\" content=\"https:\/\/www.facebook.com\/BlogQuerSaberPolitica\/\" \/>\n<meta property=\"article:published_time\" content=\"2016-02-28T19:00:16+00:00\" \/>\n<meta property=\"og:image\" content=\"http:\/\/www.quersaberpolitica.com.br\/2016\/wp-content\/uploads\/2016\/01\/blogqsp-banner-Caravanas-do-Esporte-e-das-Artes.jpg\" \/>\n<meta name=\"twitter:card\" content=\"summary_large_image\" \/>\n<meta name=\"twitter:label1\" content=\"Escrito por\" \/>\n\t<meta name=\"twitter:data1\" content=\"\" \/>\n\t<meta name=\"twitter:label2\" content=\"Est. tempo de leitura\" \/>\n\t<meta name=\"twitter:data2\" content=\"3 minutos\" \/>\n<script type=\"application\/ld+json\" class=\"yoast-schema-graph\">{\"@context\":\"https:\\\/\\\/schema.org\",\"@graph\":[{\"@type\":\"Article\",\"@id\":\"https:\\\/\\\/blogdofarnesio.com.br\\\/?p=138022#article\",\"isPartOf\":{\"@id\":\"https:\\\/\\\/blogdofarnesio.com.br\\\/?p=138022\"},\"author\":{\"name\":\"\",\"@id\":\"\"},\"headline\":\"SEDUC PETROLINA PROMOVE A CARAVANA DO ESPORTE E A DAS ARTES\",\"datePublished\":\"2016-02-28T19:00:16+00:00\",\"mainEntityOfPage\":{\"@id\":\"https:\\\/\\\/blogdofarnesio.com.br\\\/?p=138022\"},\"wordCount\":554,\"commentCount\":0,\"publisher\":{\"@id\":\"https:\\\/\\\/blogdofarnesio.com.br\\\/#organization\"},\"image\":{\"@id\":\"https:\\\/\\\/blogdofarnesio.com.br\\\/?p=138022#primaryimage\"},\"thumbnailUrl\":\"http:\\\/\\\/www.quersaberpolitica.com.br\\\/2016\\\/wp-content\\\/uploads\\\/2016\\\/01\\\/blogqsp-banner-Caravanas-do-Esporte-e-das-Artes.jpg\",\"articleSection\":[\"Educa\u00e7\u00e3o\"],\"inLanguage\":\"pt-BR\",\"potentialAction\":[{\"@type\":\"CommentAction\",\"name\":\"Comment\",\"target\":[\"https:\\\/\\\/blogdofarnesio.com.br\\\/?p=138022#respond\"]}]},{\"@type\":\"WebPage\",\"@id\":\"https:\\\/\\\/blogdofarnesio.com.br\\\/?p=138022\",\"url\":\"https:\\\/\\\/blogdofarnesio.com.br\\\/?p=138022\",\"name\":\"SEDUC PETROLINA PROMOVE A CARAVANA DO ESPORTE E A DAS ARTES - Blog do Farn\u00e9sio\",\"isPartOf\":{\"@id\":\"https:\\\/\\\/blogdofarnesio.com.br\\\/#website\"},\"primaryImageOfPage\":{\"@id\":\"https:\\\/\\\/blogdofarnesio.com.br\\\/?p=138022#primaryimage\"},\"image\":{\"@id\":\"https:\\\/\\\/blogdofarnesio.com.br\\\/?p=138022#primaryimage\"},\"thumbnailUrl\":\"http:\\\/\\\/www.quersaberpolitica.com.br\\\/2016\\\/wp-content\\\/uploads\\\/2016\\\/01\\\/blogqsp-banner-Caravanas-do-Esporte-e-das-Artes.jpg\",\"datePublished\":\"2016-02-28T19:00:16+00:00\",\"breadcrumb\":{\"@id\":\"https:\\\/\\\/blogdofarnesio.com.br\\\/?p=138022#breadcrumb\"},\"inLanguage\":\"pt-BR\",\"potentialAction\":[{\"@type\":\"ReadAction\",\"target\":[\"https:\\\/\\\/blogdofarnesio.com.br\\\/?p=138022\"]}]},{\"@type\":\"ImageObject\",\"inLanguage\":\"pt-BR\",\"@id\":\"https:\\\/\\\/blogdofarnesio.com.br\\\/?p=138022#primaryimage\",\"url\":\"http:\\\/\\\/www.quersaberpolitica.com.br\\\/2016\\\/wp-content\\\/uploads\\\/2016\\\/01\\\/blogqsp-banner-Caravanas-do-Esporte-e-das-Artes.jpg\",\"contentUrl\":\"http:\\\/\\\/www.quersaberpolitica.com.br\\\/2016\\\/wp-content\\\/uploads\\\/2016\\\/01\\\/blogqsp-banner-Caravanas-do-Esporte-e-das-Artes.jpg\"},{\"@type\":\"BreadcrumbList\",\"@id\":\"https:\\\/\\\/blogdofarnesio.com.br\\\/?p=138022#breadcrumb\",\"itemListElement\":[{\"@type\":\"ListItem\",\"position\":1,\"name\":\"In\u00edcio\",\"item\":\"https:\\\/\\\/blogdofarnesio.com.br\\\/\"},{\"@type\":\"ListItem\",\"position\":2,\"name\":\"SEDUC PETROLINA PROMOVE A CARAVANA DO ESPORTE E A DAS ARTES\"}]},{\"@type\":\"WebSite\",\"@id\":\"https:\\\/\\\/blogdofarnesio.com.br\\\/#website\",\"url\":\"https:\\\/\\\/blogdofarnesio.com.br\\\/\",\"name\":\"Blog do Farn\u00e9sio\",\"description\":\"Quer Saber Pol\u00edtica?\",\"publisher\":{\"@id\":\"https:\\\/\\\/blogdofarnesio.com.br\\\/#organization\"},\"potentialAction\":[{\"@type\":\"SearchAction\",\"target\":{\"@type\":\"EntryPoint\",\"urlTemplate\":\"https:\\\/\\\/blogdofarnesio.com.br\\\/?s={search_term_string}\"},\"query-input\":{\"@type\":\"PropertyValueSpecification\",\"valueRequired\":true,\"valueName\":\"search_term_string\"}}],\"inLanguage\":\"pt-BR\"},{\"@type\":\"Organization\",\"@id\":\"https:\\\/\\\/blogdofarnesio.com.br\\\/#organization\",\"name\":\"Blog do Farn\u00e9sio\",\"url\":\"https:\\\/\\\/blogdofarnesio.com.br\\\/\",\"logo\":{\"@type\":\"ImageObject\",\"inLanguage\":\"pt-BR\",\"@id\":\"https:\\\/\\\/blogdofarnesio.com.br\\\/#\\\/schema\\\/logo\\\/image\\\/\",\"url\":\"https:\\\/\\\/blogdofarnesio.com.br\\\/wp-content\\\/uploads\\\/2026\\\/03\\\/cropped-logo_new-1.png\",\"contentUrl\":\"https:\\\/\\\/blogdofarnesio.com.br\\\/wp-content\\\/uploads\\\/2026\\\/03\\\/cropped-logo_new-1.png\",\"width\":881,\"height\":685,\"caption\":\"Blog do Farn\u00e9sio\"},\"image\":{\"@id\":\"https:\\\/\\\/blogdofarnesio.com.br\\\/#\\\/schema\\\/logo\\\/image\\\/\"},\"sameAs\":[\"https:\\\/\\\/www.facebook.com\\\/BlogQuerSaberPolitica\\\/\"]},{\"@type\":\"Person\",\"@id\":\"\",\"url\":\"https:\\\/\\\/blogdofarnesio.com.br\\\/?author=7\"}]}<\/script>\n<!-- \/ Yoast SEO plugin. -->","yoast_head_json":{"title":"SEDUC PETROLINA PROMOVE A CARAVANA DO ESPORTE E A DAS ARTES - Blog do Farn\u00e9sio","robots":{"index":"index","follow":"follow","max-snippet":"max-snippet:-1","max-image-preview":"max-image-preview:large","max-video-preview":"max-video-preview:-1"},"canonical":"https:\/\/blogdofarnesio.com.br\/?p=138022","og_locale":"pt_BR","og_type":"article","og_title":"SEDUC PETROLINA PROMOVE A CARAVANA DO ESPORTE E A DAS ARTES - Blog do Farn\u00e9sio","og_description":"A partir de amanh\u00e3\u00a0dia 01 at\u00e9 o dia 04 de mar\u00e7o, cerca de r\u00eas mil estudantes do ensino fundamental da rede p\u00fablica e cerca de 300 professores, monitores e gestores das \u00e1reas de Educa\u00e7\u00e3o, Esportes e Cultura participar\u00e3o da \u00a0Caravana do Esporte e pela Caravana das Artes , promovidas pela Seduc. A abertura oficial dos projetos na cidade ser\u00e1 no dia 01 de mar\u00e7o, a partir das 19h, no audit\u00f3rio Socorro Freitas, na Seduc, Centro de Conven\u00e7\u00f5es. J\u00e1 a arena ser\u00e1 montada no Sest Senat, com oito miniesta\u00e7\u00f5es, \u00a0duas esta\u00e7\u00f5es de linguagens art\u00edsticas e o Cinema DISNEY\/CARAVANA. Os alunos do ensino m\u00e9dio e fundamental de Petrolina e Juazeiro poder\u00e3o participar. Ponto alto das forma\u00e7\u00f5es ser\u00e3o as aulas pr\u00e1ticas na arena&hellip;","og_url":"https:\/\/blogdofarnesio.com.br\/?p=138022","og_site_name":"Blog do Farn\u00e9sio","article_publisher":"https:\/\/www.facebook.com\/BlogQuerSaberPolitica\/","article_published_time":"2016-02-28T19:00:16+00:00","og_image":[{"url":"http:\/\/www.quersaberpolitica.com.br\/2016\/wp-content\/uploads\/2016\/01\/blogqsp-banner-Caravanas-do-Esporte-e-das-Artes.jpg","type":"","width":"","height":""}],"twitter_card":"summary_large_image","twitter_misc":{"Escrito por":"","Est. tempo de leitura":"3 minutos"},"schema":{"@context":"https:\/\/schema.org","@graph":[{"@type":"Article","@id":"https:\/\/blogdofarnesio.com.br\/?p=138022#article","isPartOf":{"@id":"https:\/\/blogdofarnesio.com.br\/?p=138022"},"author":{"name":"","@id":""},"headline":"SEDUC PETROLINA PROMOVE A CARAVANA DO ESPORTE E A DAS ARTES","datePublished":"2016-02-28T19:00:16+00:00","mainEntityOfPage":{"@id":"https:\/\/blogdofarnesio.com.br\/?p=138022"},"wordCount":554,"commentCount":0,"publisher":{"@id":"https:\/\/blogdofarnesio.com.br\/#organization"},"image":{"@id":"https:\/\/blogdofarnesio.com.br\/?p=138022#primaryimage"},"thumbnailUrl":"http:\/\/www.quersaberpolitica.com.br\/2016\/wp-content\/uploads\/2016\/01\/blogqsp-banner-Caravanas-do-Esporte-e-das-Artes.jpg","articleSection":["Educa\u00e7\u00e3o"],"inLanguage":"pt-BR","potentialAction":[{"@type":"CommentAction","name":"Comment","target":["https:\/\/blogdofarnesio.com.br\/?p=138022#respond"]}]},{"@type":"WebPage","@id":"https:\/\/blogdofarnesio.com.br\/?p=138022","url":"https:\/\/blogdofarnesio.com.br\/?p=138022","name":"SEDUC PETROLINA PROMOVE A CARAVANA DO ESPORTE E A DAS ARTES - Blog do Farn\u00e9sio","isPartOf":{"@id":"https:\/\/blogdofarnesio.com.br\/#website"},"primaryImageOfPage":{"@id":"https:\/\/blogdofarnesio.com.br\/?p=138022#primaryimage"},"image":{"@id":"https:\/\/blogdofarnesio.com.br\/?p=138022#primaryimage"},"thumbnailUrl":"http:\/\/www.quersaberpolitica.com.br\/2016\/wp-content\/uploads\/2016\/01\/blogqsp-banner-Caravanas-do-Esporte-e-das-Artes.jpg","datePublished":"2016-02-28T19:00:16+00:00","breadcrumb":{"@id":"https:\/\/blogdofarnesio.com.br\/?p=138022#breadcrumb"},"inLanguage":"pt-BR","potentialAction":[{"@type":"ReadAction","target":["https:\/\/blogdofarnesio.com.br\/?p=138022"]}]},{"@type":"ImageObject","inLanguage":"pt-BR","@id":"https:\/\/blogdofarnesio.com.br\/?p=138022#primaryimage","url":"http:\/\/www.quersaberpolitica.com.br\/2016\/wp-content\/uploads\/2016\/01\/blogqsp-banner-Caravanas-do-Esporte-e-das-Artes.jpg","contentUrl":"http:\/\/www.quersaberpolitica.com.br\/2016\/wp-content\/uploads\/2016\/01\/blogqsp-banner-Caravanas-do-Esporte-e-das-Artes.jpg"},{"@type":"BreadcrumbList","@id":"https:\/\/blogdofarnesio.com.br\/?p=138022#breadcrumb","itemListElement":[{"@type":"ListItem","position":1,"name":"In\u00edcio","item":"https:\/\/blogdofarnesio.com.br\/"},{"@type":"ListItem","position":2,"name":"SEDUC PETROLINA PROMOVE A CARAVANA DO ESPORTE E A DAS ARTES"}]},{"@type":"WebSite","@id":"https:\/\/blogdofarnesio.com.br\/#website","url":"https:\/\/blogdofarnesio.com.br\/","name":"Blog do Farn\u00e9sio","description":"Quer Saber Pol\u00edtica?","publisher":{"@id":"https:\/\/blogdofarnesio.com.br\/#organization"},"potentialAction":[{"@type":"SearchAction","target":{"@type":"EntryPoint","urlTemplate":"https:\/\/blogdofarnesio.com.br\/?s={search_term_string}"},"query-input":{"@type":"PropertyValueSpecification","valueRequired":true,"valueName":"search_term_string"}}],"inLanguage":"pt-BR"},{"@type":"Organization","@id":"https:\/\/blogdofarnesio.com.br\/#organization","name":"Blog do Farn\u00e9sio","url":"https:\/\/blogdofarnesio.com.br\/","logo":{"@type":"ImageObject","inLanguage":"pt-BR","@id":"https:\/\/blogdofarnesio.com.br\/#\/schema\/logo\/image\/","url":"https:\/\/blogdofarnesio.com.br\/wp-content\/uploads\/2026\/03\/cropped-logo_new-1.png","contentUrl":"https:\/\/blogdofarnesio.com.br\/wp-content\/uploads\/2026\/03\/cropped-logo_new-1.png","width":881,"height":685,"caption":"Blog do Farn\u00e9sio"},"image":{"@id":"https:\/\/blogdofarnesio.com.br\/#\/schema\/logo\/image\/"},"sameAs":["https:\/\/www.facebook.com\/BlogQuerSaberPolitica\/"]},{"@type":"Person","@id":"","url":"https:\/\/blogdofarnesio.com.br\/?author=7"}]}},"_links":{"self":[{"href":"https:\/\/blogdofarnesio.com.br\/index.php?rest_route=\/wp\/v2\/posts\/138022","targetHints":{"allow":["GET"]}}],"collection":[{"href":"https:\/\/blogdofarnesio.com.br\/index.php?rest_route=\/wp\/v2\/posts"}],"about":[{"href":"https:\/\/blogdofarnesio.com.br\/index.php?rest_route=\/wp\/v2\/types\/post"}],"author":[{"embeddable":true,"href":"https:\/\/blogdofarnesio.com.br\/index.php?rest_route=\/wp\/v2\/users\/7"}],"replies":[{"embeddable":true,"href":"https:\/\/blogdofarnesio.com.br\/index.php?rest_route=%2Fwp%2Fv2%2Fcomments&post=138022"}],"version-history":[{"count":0,"href":"https:\/\/blogdofarnesio.com.br\/index.php?rest_route=\/wp\/v2\/posts\/138022\/revisions"}],"wp:attachment":[{"href":"https:\/\/blogdofarnesio.com.br\/index.php?rest_route=%2Fwp%2Fv2%2Fmedia&parent=138022"}],"wp:term":[{"taxonomy":"category","embeddable":true,"href":"https:\/\/blogdofarnesio.com.br\/index.php?rest_route=%2Fwp%2Fv2%2Fcategories&post=138022"},{"taxonomy":"post_tag","embeddable":true,"href":"https:\/\/blogdofarnesio.com.br\/index.php?rest_route=%2Fwp%2Fv2%2Ftags&post=138022"}],"curies":[{"name":"wp","href":"https:\/\/api.w.org\/{rel}","templated":true}]}}