{"id":13761,"date":"2012-05-08T17:00:10","date_gmt":"2012-05-08T17:00:10","guid":{"rendered":"http:\/\/www.quersaberpolitica.com.br?p=13761"},"modified":"-0001-11-30T00:00:00","modified_gmt":"-0001-11-30T03:00:00","slug":"professores-da-rede-municipal-de-ensino-trocarao-quadro-branco-por-midia-interativa","status":"publish","type":"post","link":"https:\/\/blogdofarnesio.com.br\/?p=13761","title":{"rendered":"Professores da Rede Municipal de Ensino trocar\u00e3o quadro branco por m\u00eddia interativa"},"content":{"rendered":"<p><p style=\"text-align: justify;\"><span style=\"font-size: medium;\"><a rel=\"lightbox\" href=\"http:\/\/www.quersaberpolitica.com.br\/2016\/wp-content\/uploads\/2012\/12\/blogqsp.mestres.jpg\"><img loading=\"lazy\" decoding=\"async\" style=\"float: left; margin-top: 5px; margin-bottom: 5px;\" src=\"http:\/\/www.quersaberpolitica.com.br\/2016\/wp-content\/uploads\/2012\/12\/blogqsp.mestres.jpg\" alt=\"\" width=\"200\" height=\"150\" \/><\/a>Alguns professores da Rede Municipal de Ensino de Juazeiro n&atilde;o precisar&atilde;o mais utilizar o quadro branco para ministrar aula. O instrumento est&aacute;tico ser&aacute; substitu&iacute;do pelo projetor multim&iacute;dia interativo da Epson, que re&uacute;ne v&aacute;rios recursos sempre desejados por profissionais da &aacute;rea de educa&ccedil;&atilde;o. Com o objetivo de oferecer mais uma ferramenta pedag&oacute;gica ao docente, a Secretaria de Educa&ccedil;&atilde;o e Esportes de Juazeiro j&aacute; adquiriu 25 equipamentos desse, que ir&atilde;o beneficiar, inicialmente, a Escola de Tempo Integral e o N&uacute;cleo de Tecnologia Municipal.<\/span><\/p>\n<p style=\"text-align: justify;\"><span style=\"font-size: medium;\">De acordo com o representante da empresa fabricante, Andr&eacute; Albuquerque, para entender os benef&iacute;cios &eacute; preciso conhecer primeiro o equipamento. &#8220;O Powerlite al&eacute;m de projetar &agrave; ultra curta dist&acirc;ncia de proje&ccedil;&atilde;o, tamb&eacute;m possui um sistema exclusivo de interatividade que permite total controle da imagem projetada a partir de uma caneta eletr&ocirc;nica infra-vermelha. &Eacute; como se o mouse do computador estivesse nas suas m&atilde;os e voc&ecirc; pudesse interagir com sua apresenta&ccedil;&atilde;o a partir da imagem projetada&#8221;, explicou o consultor na tarde dessa segunda-feira (07), durante uma forma&ccedil;&atilde;o para os profissionais que utilizar&atilde;o o equipamento.<\/span><\/p>\n<p style=\"text-align: justify;\"><span style=\"font-size: medium;\">Com esse novo conceito em proje&ccedil;&atilde;o, n&atilde;o &eacute; mais necess&aacute;rio um quadro eletr&ocirc;nico na parede, a caneta eletr&ocirc;nica funciona em qualquer superf&iacute;cie de proje&ccedil;&atilde;o (quadros brancos, parede lisa, quadros negros), interagindo com a imagem. Al&eacute;m disso, o projetor trabalha com qualquer software, seja ele corporativo, gr&aacute;fico ou educacional com mais efici&ecirc;ncia e dinamismo. &#8220;Esse &eacute; um grande avan&ccedil;o tecnol&oacute;gico que traz todos os recursos necess&aacute;rios (de &aacute;udio, v&iacute;deo e interatividade) para uma aula din&acirc;mica e atraente. O produto &eacute; instalado na parede e oferece um grande conforto visual&#8221;, complementou o representante.<\/span><\/p>\n<p style=\"text-align: justify;\"><span style=\"font-size: medium;\">A professora Cleia Barreto revelou estar fascinada com a nova ferramenta. &#8220;Hoje em dia &eacute; dif&iacute;cil competir com todos os atrativos que o mundo virtual oferece &agrave; crian&ccedil;a. Dar aula em um quadro branco j&aacute; est&aacute; ficando obsoleto e pouco interessante para essa gera&ccedil;&atilde;o, e por isso o educador precisa estar constantemente se reinventando. Sem d&uacute;vida, o projetor multim&iacute;dia diminuir&aacute; o nosso desgaste, pois por si s&oacute; j&aacute; atrair&aacute; a aten&ccedil;&atilde;o do aluno, contribuindo dessa forma com a aprendizagem. Tenho certeza que diminuir&aacute; a indisciplina, melhorar&aacute; a sa&uacute;de do professor e far&aacute; com que o aluno desperte para o mundo do conhecimento&#8221;.<\/span><\/p>\n<p style=\"text-align: justify;\"><span style=\"font-size: medium;\">Para o secret&aacute;rio da pasta, Cl&eacute;riston Andrade, esse &eacute; um avan&ccedil;o sem precedentes. &#8220;Com esse equipamento o docente tem um leque de possibilidades nas m&atilde;os. Estamos come&ccedil;ando primeiro pela Escola de Tempo Integral e N&uacute;cleo de Tecnologia, mas pretendemos expandir esse n&uacute;mero. Sem d&uacute;vida esse instrumento pedag&oacute;gico far&aacute; a diferen&ccedil;a na Rede Municipal&#8221;, justificou. A gestora Ileane Damasceno Imoto, agradeceu, &#8220;estamos lisonjeados de sermos os pioneiros, tanto no projeto de educa&ccedil;&atilde;o em tempo integral, como na utiliza&ccedil;&atilde;o do projetor multim&iacute;dia. Esses avan&ccedil;os j&aacute; marcam a hist&oacute;ria da educa&ccedil;&atilde;o de Juazeiro de uma forma extremamente positiva. H&aacute; um tempo isso tudo era utopia, e hoje &eacute; realidade&#8221;. Nesta segunda-feira foi realizada a forma&ccedil;&atilde;o para uso do equipamento e em breve os projetores multim&iacute;dia estar&atilde;o dispon&iacute;veis na Rede.<\/span><\/p>\n<p style=\"text-align: justify;\"><span style=\"font-size: medium;\"><br \/><\/span><\/p>\n<p style=\"text-align: justify;\"><span style=\"font-size: medium;\"><br \/><\/span><\/p><\/p>\n","protected":false},"excerpt":{"rendered":"<p>Alguns professores da Rede Municipal de Ensino de Juazeiro n&atilde;o precisar&atilde;o mais utilizar o quadro branco para ministrar aula. O instrumento est&aacute;tico ser&aacute; substitu&iacute;do pelo projetor multim&iacute;dia interativo da Epson, que re&uacute;ne v&aacute;rios recursos sempre desejados por profissionais da &aacute;rea de educa&ccedil;&atilde;o. Com o objetivo de oferecer mais uma ferramenta pedag&oacute;gica ao docente, a Secretaria de Educa&ccedil;&atilde;o e Esportes de Juazeiro j&aacute; adquiriu 25 equipamentos desse, que ir&atilde;o beneficiar, inicialmente, a Escola de Tempo Integral e o N&uacute;cleo de Tecnologia Municipal. De acordo com o representante da empresa fabricante, Andr&eacute; Albuquerque, para entender os benef&iacute;cios &eacute; preciso conhecer primeiro o equipamento. &#8220;O Powerlite al&eacute;m de projetar &agrave; ultra curta dist&acirc;ncia de proje&ccedil;&atilde;o, tamb&eacute;m possui um sistema exclusivo de interatividade que&hellip; <\/p>\n","protected":false},"author":0,"featured_media":0,"comment_status":"open","ping_status":"open","sticky":false,"template":"","format":"standard","meta":{"_acf_changed":false,"footnotes":""},"categories":[43],"tags":[],"class_list":["post-13761","post","type-post","status-publish","format-standard","hentry","category-sem-categoria"],"acf":[],"yoast_head":"<!-- This site is optimized with the Yoast SEO plugin v27.4 - https:\/\/yoast.com\/product\/yoast-seo-wordpress\/ -->\n<title>Professores da Rede Municipal de Ensino trocar\u00e3o quadro branco por m\u00eddia interativa  - Blog do Farn\u00e9sio<\/title>\n<meta name=\"robots\" content=\"index, follow, max-snippet:-1, max-image-preview:large, max-video-preview:-1\" \/>\n<link rel=\"canonical\" href=\"https:\/\/blogdofarnesio.com.br\/?p=13761\" \/>\n<meta property=\"og:locale\" content=\"pt_BR\" \/>\n<meta property=\"og:type\" content=\"article\" \/>\n<meta property=\"og:title\" content=\"Professores da Rede Municipal de Ensino trocar\u00e3o quadro branco por m\u00eddia interativa  - Blog do Farn\u00e9sio\" \/>\n<meta property=\"og:description\" content=\"Alguns professores da Rede Municipal de Ensino de Juazeiro n&atilde;o precisar&atilde;o mais utilizar o quadro branco para ministrar aula. O instrumento est&aacute;tico ser&aacute; substitu&iacute;do pelo projetor multim&iacute;dia interativo da Epson, que re&uacute;ne v&aacute;rios recursos sempre desejados por profissionais da &aacute;rea de educa&ccedil;&atilde;o. Com o objetivo de oferecer mais uma ferramenta pedag&oacute;gica ao docente, a Secretaria de Educa&ccedil;&atilde;o e Esportes de Juazeiro j&aacute; adquiriu 25 equipamentos desse, que ir&atilde;o beneficiar, inicialmente, a Escola de Tempo Integral e o N&uacute;cleo de Tecnologia Municipal. De acordo com o representante da empresa fabricante, Andr&eacute; Albuquerque, para entender os benef&iacute;cios &eacute; preciso conhecer primeiro o equipamento. &#8220;O Powerlite al&eacute;m de projetar &agrave; ultra curta dist&acirc;ncia de proje&ccedil;&atilde;o, tamb&eacute;m possui um sistema exclusivo de interatividade que&hellip;\" \/>\n<meta property=\"og:url\" content=\"https:\/\/blogdofarnesio.com.br\/?p=13761\" \/>\n<meta property=\"og:site_name\" content=\"Blog do Farn\u00e9sio\" \/>\n<meta property=\"article:publisher\" content=\"https:\/\/www.facebook.com\/BlogQuerSaberPolitica\/\" \/>\n<meta property=\"article:published_time\" content=\"2012-05-08T17:00:10+00:00\" \/>\n<meta property=\"og:image\" content=\"http:\/\/www.quersaberpolitica.com.br\/2016\/wp-content\/uploads\/2012\/12\/blogqsp.mestres.jpg\" \/>\n<meta name=\"twitter:card\" content=\"summary_large_image\" \/>\n<meta name=\"twitter:label1\" content=\"Est. tempo de leitura\" \/>\n\t<meta name=\"twitter:data1\" content=\"3 minutos\" \/>\n<script type=\"application\/ld+json\" class=\"yoast-schema-graph\">{\"@context\":\"https:\\\/\\\/schema.org\",\"@graph\":[{\"@type\":\"Article\",\"@id\":\"https:\\\/\\\/blogdofarnesio.com.br\\\/?p=13761#article\",\"isPartOf\":{\"@id\":\"https:\\\/\\\/blogdofarnesio.com.br\\\/?p=13761\"},\"author\":{\"name\":\"\",\"@id\":\"\"},\"headline\":\"Professores da Rede Municipal de Ensino trocar\u00e3o quadro branco por m\u00eddia interativa\",\"datePublished\":\"2012-05-08T17:00:10+00:00\",\"mainEntityOfPage\":{\"@id\":\"https:\\\/\\\/blogdofarnesio.com.br\\\/?p=13761\"},\"wordCount\":664,\"commentCount\":0,\"publisher\":{\"@id\":\"https:\\\/\\\/blogdofarnesio.com.br\\\/#organization\"},\"image\":{\"@id\":\"https:\\\/\\\/blogdofarnesio.com.br\\\/?p=13761#primaryimage\"},\"thumbnailUrl\":\"http:\\\/\\\/www.quersaberpolitica.com.br\\\/2016\\\/wp-content\\\/uploads\\\/2012\\\/12\\\/blogqsp.mestres.jpg\",\"inLanguage\":\"pt-BR\",\"potentialAction\":[{\"@type\":\"CommentAction\",\"name\":\"Comment\",\"target\":[\"https:\\\/\\\/blogdofarnesio.com.br\\\/?p=13761#respond\"]}]},{\"@type\":\"WebPage\",\"@id\":\"https:\\\/\\\/blogdofarnesio.com.br\\\/?p=13761\",\"url\":\"https:\\\/\\\/blogdofarnesio.com.br\\\/?p=13761\",\"name\":\"Professores da Rede Municipal de Ensino trocar\u00e3o quadro branco por m\u00eddia interativa - Blog do Farn\u00e9sio\",\"isPartOf\":{\"@id\":\"https:\\\/\\\/blogdofarnesio.com.br\\\/#website\"},\"primaryImageOfPage\":{\"@id\":\"https:\\\/\\\/blogdofarnesio.com.br\\\/?p=13761#primaryimage\"},\"image\":{\"@id\":\"https:\\\/\\\/blogdofarnesio.com.br\\\/?p=13761#primaryimage\"},\"thumbnailUrl\":\"http:\\\/\\\/www.quersaberpolitica.com.br\\\/2016\\\/wp-content\\\/uploads\\\/2012\\\/12\\\/blogqsp.mestres.jpg\",\"datePublished\":\"2012-05-08T17:00:10+00:00\",\"breadcrumb\":{\"@id\":\"https:\\\/\\\/blogdofarnesio.com.br\\\/?p=13761#breadcrumb\"},\"inLanguage\":\"pt-BR\",\"potentialAction\":[{\"@type\":\"ReadAction\",\"target\":[\"https:\\\/\\\/blogdofarnesio.com.br\\\/?p=13761\"]}]},{\"@type\":\"ImageObject\",\"inLanguage\":\"pt-BR\",\"@id\":\"https:\\\/\\\/blogdofarnesio.com.br\\\/?p=13761#primaryimage\",\"url\":\"http:\\\/\\\/www.quersaberpolitica.com.br\\\/2016\\\/wp-content\\\/uploads\\\/2012\\\/12\\\/blogqsp.mestres.jpg\",\"contentUrl\":\"http:\\\/\\\/www.quersaberpolitica.com.br\\\/2016\\\/wp-content\\\/uploads\\\/2012\\\/12\\\/blogqsp.mestres.jpg\"},{\"@type\":\"BreadcrumbList\",\"@id\":\"https:\\\/\\\/blogdofarnesio.com.br\\\/?p=13761#breadcrumb\",\"itemListElement\":[{\"@type\":\"ListItem\",\"position\":1,\"name\":\"In\u00edcio\",\"item\":\"https:\\\/\\\/blogdofarnesio.com.br\\\/\"},{\"@type\":\"ListItem\",\"position\":2,\"name\":\"Professores da Rede Municipal de Ensino trocar\u00e3o quadro branco por m\u00eddia interativa\"}]},{\"@type\":\"WebSite\",\"@id\":\"https:\\\/\\\/blogdofarnesio.com.br\\\/#website\",\"url\":\"https:\\\/\\\/blogdofarnesio.com.br\\\/\",\"name\":\"Blog do Farn\u00e9sio\",\"description\":\"Quer Saber Pol\u00edtica?\",\"publisher\":{\"@id\":\"https:\\\/\\\/blogdofarnesio.com.br\\\/#organization\"},\"potentialAction\":[{\"@type\":\"SearchAction\",\"target\":{\"@type\":\"EntryPoint\",\"urlTemplate\":\"https:\\\/\\\/blogdofarnesio.com.br\\\/?s={search_term_string}\"},\"query-input\":{\"@type\":\"PropertyValueSpecification\",\"valueRequired\":true,\"valueName\":\"search_term_string\"}}],\"inLanguage\":\"pt-BR\"},{\"@type\":\"Organization\",\"@id\":\"https:\\\/\\\/blogdofarnesio.com.br\\\/#organization\",\"name\":\"Blog do Farn\u00e9sio\",\"url\":\"https:\\\/\\\/blogdofarnesio.com.br\\\/\",\"logo\":{\"@type\":\"ImageObject\",\"inLanguage\":\"pt-BR\",\"@id\":\"https:\\\/\\\/blogdofarnesio.com.br\\\/#\\\/schema\\\/logo\\\/image\\\/\",\"url\":\"https:\\\/\\\/blogdofarnesio.com.br\\\/wp-content\\\/uploads\\\/2026\\\/03\\\/cropped-logo_new-1.png\",\"contentUrl\":\"https:\\\/\\\/blogdofarnesio.com.br\\\/wp-content\\\/uploads\\\/2026\\\/03\\\/cropped-logo_new-1.png\",\"width\":881,\"height\":685,\"caption\":\"Blog do Farn\u00e9sio\"},\"image\":{\"@id\":\"https:\\\/\\\/blogdofarnesio.com.br\\\/#\\\/schema\\\/logo\\\/image\\\/\"},\"sameAs\":[\"https:\\\/\\\/www.facebook.com\\\/BlogQuerSaberPolitica\\\/\"]}]}<\/script>\n<!-- \/ Yoast SEO plugin. -->","yoast_head_json":{"title":"Professores da Rede Municipal de Ensino trocar\u00e3o quadro branco por m\u00eddia interativa  - Blog do Farn\u00e9sio","robots":{"index":"index","follow":"follow","max-snippet":"max-snippet:-1","max-image-preview":"max-image-preview:large","max-video-preview":"max-video-preview:-1"},"canonical":"https:\/\/blogdofarnesio.com.br\/?p=13761","og_locale":"pt_BR","og_type":"article","og_title":"Professores da Rede Municipal de Ensino trocar\u00e3o quadro branco por m\u00eddia interativa  - Blog do Farn\u00e9sio","og_description":"Alguns professores da Rede Municipal de Ensino de Juazeiro n&atilde;o precisar&atilde;o mais utilizar o quadro branco para ministrar aula. O instrumento est&aacute;tico ser&aacute; substitu&iacute;do pelo projetor multim&iacute;dia interativo da Epson, que re&uacute;ne v&aacute;rios recursos sempre desejados por profissionais da &aacute;rea de educa&ccedil;&atilde;o. Com o objetivo de oferecer mais uma ferramenta pedag&oacute;gica ao docente, a Secretaria de Educa&ccedil;&atilde;o e Esportes de Juazeiro j&aacute; adquiriu 25 equipamentos desse, que ir&atilde;o beneficiar, inicialmente, a Escola de Tempo Integral e o N&uacute;cleo de Tecnologia Municipal. De acordo com o representante da empresa fabricante, Andr&eacute; Albuquerque, para entender os benef&iacute;cios &eacute; preciso conhecer primeiro o equipamento. &#8220;O Powerlite al&eacute;m de projetar &agrave; ultra curta dist&acirc;ncia de proje&ccedil;&atilde;o, tamb&eacute;m possui um sistema exclusivo de interatividade que&hellip;","og_url":"https:\/\/blogdofarnesio.com.br\/?p=13761","og_site_name":"Blog do Farn\u00e9sio","article_publisher":"https:\/\/www.facebook.com\/BlogQuerSaberPolitica\/","article_published_time":"2012-05-08T17:00:10+00:00","og_image":[{"url":"http:\/\/www.quersaberpolitica.com.br\/2016\/wp-content\/uploads\/2012\/12\/blogqsp.mestres.jpg","type":"","width":"","height":""}],"twitter_card":"summary_large_image","twitter_misc":{"Est. tempo de leitura":"3 minutos"},"schema":{"@context":"https:\/\/schema.org","@graph":[{"@type":"Article","@id":"https:\/\/blogdofarnesio.com.br\/?p=13761#article","isPartOf":{"@id":"https:\/\/blogdofarnesio.com.br\/?p=13761"},"author":{"name":"","@id":""},"headline":"Professores da Rede Municipal de Ensino trocar\u00e3o quadro branco por m\u00eddia interativa","datePublished":"2012-05-08T17:00:10+00:00","mainEntityOfPage":{"@id":"https:\/\/blogdofarnesio.com.br\/?p=13761"},"wordCount":664,"commentCount":0,"publisher":{"@id":"https:\/\/blogdofarnesio.com.br\/#organization"},"image":{"@id":"https:\/\/blogdofarnesio.com.br\/?p=13761#primaryimage"},"thumbnailUrl":"http:\/\/www.quersaberpolitica.com.br\/2016\/wp-content\/uploads\/2012\/12\/blogqsp.mestres.jpg","inLanguage":"pt-BR","potentialAction":[{"@type":"CommentAction","name":"Comment","target":["https:\/\/blogdofarnesio.com.br\/?p=13761#respond"]}]},{"@type":"WebPage","@id":"https:\/\/blogdofarnesio.com.br\/?p=13761","url":"https:\/\/blogdofarnesio.com.br\/?p=13761","name":"Professores da Rede Municipal de Ensino trocar\u00e3o quadro branco por m\u00eddia interativa - Blog do Farn\u00e9sio","isPartOf":{"@id":"https:\/\/blogdofarnesio.com.br\/#website"},"primaryImageOfPage":{"@id":"https:\/\/blogdofarnesio.com.br\/?p=13761#primaryimage"},"image":{"@id":"https:\/\/blogdofarnesio.com.br\/?p=13761#primaryimage"},"thumbnailUrl":"http:\/\/www.quersaberpolitica.com.br\/2016\/wp-content\/uploads\/2012\/12\/blogqsp.mestres.jpg","datePublished":"2012-05-08T17:00:10+00:00","breadcrumb":{"@id":"https:\/\/blogdofarnesio.com.br\/?p=13761#breadcrumb"},"inLanguage":"pt-BR","potentialAction":[{"@type":"ReadAction","target":["https:\/\/blogdofarnesio.com.br\/?p=13761"]}]},{"@type":"ImageObject","inLanguage":"pt-BR","@id":"https:\/\/blogdofarnesio.com.br\/?p=13761#primaryimage","url":"http:\/\/www.quersaberpolitica.com.br\/2016\/wp-content\/uploads\/2012\/12\/blogqsp.mestres.jpg","contentUrl":"http:\/\/www.quersaberpolitica.com.br\/2016\/wp-content\/uploads\/2012\/12\/blogqsp.mestres.jpg"},{"@type":"BreadcrumbList","@id":"https:\/\/blogdofarnesio.com.br\/?p=13761#breadcrumb","itemListElement":[{"@type":"ListItem","position":1,"name":"In\u00edcio","item":"https:\/\/blogdofarnesio.com.br\/"},{"@type":"ListItem","position":2,"name":"Professores da Rede Municipal de Ensino trocar\u00e3o quadro branco por m\u00eddia interativa"}]},{"@type":"WebSite","@id":"https:\/\/blogdofarnesio.com.br\/#website","url":"https:\/\/blogdofarnesio.com.br\/","name":"Blog do Farn\u00e9sio","description":"Quer Saber Pol\u00edtica?","publisher":{"@id":"https:\/\/blogdofarnesio.com.br\/#organization"},"potentialAction":[{"@type":"SearchAction","target":{"@type":"EntryPoint","urlTemplate":"https:\/\/blogdofarnesio.com.br\/?s={search_term_string}"},"query-input":{"@type":"PropertyValueSpecification","valueRequired":true,"valueName":"search_term_string"}}],"inLanguage":"pt-BR"},{"@type":"Organization","@id":"https:\/\/blogdofarnesio.com.br\/#organization","name":"Blog do Farn\u00e9sio","url":"https:\/\/blogdofarnesio.com.br\/","logo":{"@type":"ImageObject","inLanguage":"pt-BR","@id":"https:\/\/blogdofarnesio.com.br\/#\/schema\/logo\/image\/","url":"https:\/\/blogdofarnesio.com.br\/wp-content\/uploads\/2026\/03\/cropped-logo_new-1.png","contentUrl":"https:\/\/blogdofarnesio.com.br\/wp-content\/uploads\/2026\/03\/cropped-logo_new-1.png","width":881,"height":685,"caption":"Blog do Farn\u00e9sio"},"image":{"@id":"https:\/\/blogdofarnesio.com.br\/#\/schema\/logo\/image\/"},"sameAs":["https:\/\/www.facebook.com\/BlogQuerSaberPolitica\/"]}]}},"_links":{"self":[{"href":"https:\/\/blogdofarnesio.com.br\/index.php?rest_route=\/wp\/v2\/posts\/13761","targetHints":{"allow":["GET"]}}],"collection":[{"href":"https:\/\/blogdofarnesio.com.br\/index.php?rest_route=\/wp\/v2\/posts"}],"about":[{"href":"https:\/\/blogdofarnesio.com.br\/index.php?rest_route=\/wp\/v2\/types\/post"}],"replies":[{"embeddable":true,"href":"https:\/\/blogdofarnesio.com.br\/index.php?rest_route=%2Fwp%2Fv2%2Fcomments&post=13761"}],"version-history":[{"count":0,"href":"https:\/\/blogdofarnesio.com.br\/index.php?rest_route=\/wp\/v2\/posts\/13761\/revisions"}],"wp:attachment":[{"href":"https:\/\/blogdofarnesio.com.br\/index.php?rest_route=%2Fwp%2Fv2%2Fmedia&parent=13761"}],"wp:term":[{"taxonomy":"category","embeddable":true,"href":"https:\/\/blogdofarnesio.com.br\/index.php?rest_route=%2Fwp%2Fv2%2Fcategories&post=13761"},{"taxonomy":"post_tag","embeddable":true,"href":"https:\/\/blogdofarnesio.com.br\/index.php?rest_route=%2Fwp%2Fv2%2Ftags&post=13761"}],"curies":[{"name":"wp","href":"https:\/\/api.w.org\/{rel}","templated":true}]}}