{"id":137586,"date":"2016-02-19T10:22:23","date_gmt":"2016-02-19T13:22:23","guid":{"rendered":"http:\/\/www.quersaberpolitica.com.br\/?p=137586"},"modified":"2016-02-19T08:56:26","modified_gmt":"2016-02-19T11:56:26","slug":"populacao-festeja-a-inauguracao-do-clube-do-bairroacademia-da-saude-da-vila-eulalia","status":"publish","type":"post","link":"https:\/\/blogdofarnesio.com.br\/?p=137586","title":{"rendered":"VILA EUL\u00c1LIA FESTEJA A INAUGURA\u00c7\u00c3O DO CLUBE DO BAIRRO\/ACADEMIA DA SA\u00daDE"},"content":{"rendered":"<p style=\"text-align: justify\"><a href=\"http:\/\/www.quersaberpolitica.com.br\/2016\/wp-content\/uploads\/2016\/02\/blogqsp-inaugura\u00e7\u00e3o-academiadacidade-petrolina.jpg\"><img loading=\"lazy\" decoding=\"async\" class=\"  wp-image-137587 aligncenter\" src=\"http:\/\/www.quersaberpolitica.com.br\/2016\/wp-content\/uploads\/2016\/02\/blogqsp-inaugura\u00e7\u00e3o-academiadacidade-petrolina.jpg\" alt=\"blogqsp-inaugura\u00e7\u00e3o-academiadacidade-petrolina\" width=\"401\" height=\"271\" \/><\/a><\/p>\n<p style=\"text-align: justify\">Na noite desta \u00faltima quarta-feira (17) os moradores da Vila Eul\u00e1lia festejaram mais uma conquista para a comunidade, a inaugura\u00e7\u00e3o do Clube do Bairro\/Academia da Sa\u00fade Dona Marinete Fonseca de Souza. O prefeito Julio Lossio e a secret\u00e1ria de Sa\u00fade, Lucia Giesta, entregaram mais um equipamento p\u00fablico de sa\u00fade.<\/p>\n<p style=\"text-align: justify\">A dona de casa, Maria Mendon\u00e7a, que mora ao lado da nova unidade ficou muito feliz. \u201cO espa\u00e7o \u00e9 maravilhoso. Tem brinquedos para as crian\u00e7as, pista para fazer uma caminhada, uma verdadeira \u00e1rea de lazer para comunidade\u201d, disse.<\/p>\n<p style=\"text-align: justify\">O prefeito Julio Lossio em seu discurso frisou a import\u00e2ncia do equipamento para o bem estar do povo. \u201c\u00c9 um equipamento para trazer felicidade para as pessoas atrav\u00e9s da promo\u00e7\u00e3o \u00e0 sa\u00fade. Estamos com v\u00e1rios servi\u00e7os para serem inaugurados, inclusive, na sexta mais 2.400 casas ser\u00e3o entregues\u201d.<\/p>\n<p style=\"text-align: justify\"><!--more--><\/p>\n<p style=\"text-align: justify\">Durante a solenidade, o ex-deputado, Paulo Rubem, foi homenageado com uma placa de agradecimento a todos os incentivos financeiros destinados \u00e0 sa\u00fade. \u201cForam mais de 3 milh\u00f5es destinados \u00e0 sa\u00fade para reforma e constru\u00e7\u00e3o de unidades de sa\u00fade, constru\u00e7\u00e3o do Clube do Bairro\/Academia da Sa\u00fade; uma das emendas possibilitou a constru\u00e7\u00e3o desse importante espa\u00e7o que entregamos. Estamos felizes com mais essa conquista, para pr\u00e1tica de atividade f\u00edsica; cuidem com carinho e zelo\u201d, disse a secret\u00e1ria de Sa\u00fade, Lucia Giesta.<\/p>\n<p style=\"text-align: justify\">\u201cO prefeito Julio Lossio \u00e9 gestor que tem argumento, capacidade, transpar\u00eancia, capacidade e que vem mudando a realidade de Petrolina. \u00c9 bom ver que, aqui, os recursos realmente s\u00e3o investidos para benef\u00edcio da popula\u00e7\u00e3o\u201d, disse Paulo Rubem.<\/p>\n<p style=\"text-align: justify\">Estiveram presentes no evento vereadores municipais, secret\u00e1rios municipais, a gerente da VIII Geres, Aline Jer\u00f4nimo, o presidente do bairro, Chiquinho, o l\u00edder comunit\u00e1rio, Pedro Caldas, entre outros.<\/p>\n<p><em><strong>Gabriella Moura<\/strong><\/em><\/p>\n","protected":false},"excerpt":{"rendered":"<p>Na noite desta \u00faltima quarta-feira (17) os moradores da Vila Eul\u00e1lia festejaram mais uma conquista para a comunidade, a inaugura\u00e7\u00e3o do Clube do Bairro\/Academia da Sa\u00fade Dona Marinete Fonseca de Souza. O prefeito Julio Lossio e a secret\u00e1ria de Sa\u00fade, Lucia Giesta, entregaram mais um equipamento p\u00fablico de sa\u00fade. A dona de casa, Maria Mendon\u00e7a, que mora ao lado da nova unidade ficou muito feliz. \u201cO espa\u00e7o \u00e9 maravilhoso. Tem brinquedos para as crian\u00e7as, pista para fazer uma caminhada, uma verdadeira \u00e1rea de lazer para comunidade\u201d, disse. O prefeito Julio Lossio em seu discurso frisou a import\u00e2ncia do equipamento para o bem estar do povo. \u201c\u00c9 um equipamento para trazer felicidade para as pessoas atrav\u00e9s da promo\u00e7\u00e3o \u00e0 sa\u00fade. Estamos&hellip; <\/p>\n","protected":false},"author":7,"featured_media":0,"comment_status":"open","ping_status":"open","sticky":false,"template":"","format":"standard","meta":{"_acf_changed":false,"footnotes":""},"categories":[44],"tags":[],"class_list":["post-137586","post","type-post","status-publish","format-standard","hentry","category-administracao"],"acf":[],"yoast_head":"<!-- This site is optimized with the Yoast SEO plugin v27.4 - https:\/\/yoast.com\/product\/yoast-seo-wordpress\/ -->\n<title>VILA EUL\u00c1LIA FESTEJA A INAUGURA\u00c7\u00c3O DO CLUBE DO BAIRRO\/ACADEMIA DA SA\u00daDE - Blog do Farn\u00e9sio<\/title>\n<meta name=\"robots\" content=\"index, follow, max-snippet:-1, max-image-preview:large, max-video-preview:-1\" \/>\n<link rel=\"canonical\" href=\"https:\/\/blogdofarnesio.com.br\/?p=137586\" \/>\n<meta property=\"og:locale\" content=\"pt_BR\" \/>\n<meta property=\"og:type\" content=\"article\" \/>\n<meta property=\"og:title\" content=\"VILA EUL\u00c1LIA FESTEJA A INAUGURA\u00c7\u00c3O DO CLUBE DO BAIRRO\/ACADEMIA DA SA\u00daDE - Blog do Farn\u00e9sio\" \/>\n<meta property=\"og:description\" content=\"Na noite desta \u00faltima quarta-feira (17) os moradores da Vila Eul\u00e1lia festejaram mais uma conquista para a comunidade, a inaugura\u00e7\u00e3o do Clube do Bairro\/Academia da Sa\u00fade Dona Marinete Fonseca de Souza. O prefeito Julio Lossio e a secret\u00e1ria de Sa\u00fade, Lucia Giesta, entregaram mais um equipamento p\u00fablico de sa\u00fade. A dona de casa, Maria Mendon\u00e7a, que mora ao lado da nova unidade ficou muito feliz. \u201cO espa\u00e7o \u00e9 maravilhoso. Tem brinquedos para as crian\u00e7as, pista para fazer uma caminhada, uma verdadeira \u00e1rea de lazer para comunidade\u201d, disse. O prefeito Julio Lossio em seu discurso frisou a import\u00e2ncia do equipamento para o bem estar do povo. \u201c\u00c9 um equipamento para trazer felicidade para as pessoas atrav\u00e9s da promo\u00e7\u00e3o \u00e0 sa\u00fade. Estamos&hellip;\" \/>\n<meta property=\"og:url\" content=\"https:\/\/blogdofarnesio.com.br\/?p=137586\" \/>\n<meta property=\"og:site_name\" content=\"Blog do Farn\u00e9sio\" \/>\n<meta property=\"article:publisher\" content=\"https:\/\/www.facebook.com\/BlogQuerSaberPolitica\/\" \/>\n<meta property=\"article:published_time\" content=\"2016-02-19T13:22:23+00:00\" \/>\n<meta name=\"twitter:card\" content=\"summary_large_image\" \/>\n<meta name=\"twitter:label1\" content=\"Escrito por\" \/>\n\t<meta name=\"twitter:data1\" content=\"\" \/>\n\t<meta name=\"twitter:label2\" content=\"Est. tempo de leitura\" \/>\n\t<meta name=\"twitter:data2\" content=\"2 minutos\" \/>\n<script type=\"application\/ld+json\" class=\"yoast-schema-graph\">{\"@context\":\"https:\\\/\\\/schema.org\",\"@graph\":[{\"@type\":\"Article\",\"@id\":\"https:\\\/\\\/blogdofarnesio.com.br\\\/?p=137586#article\",\"isPartOf\":{\"@id\":\"https:\\\/\\\/blogdofarnesio.com.br\\\/?p=137586\"},\"author\":{\"name\":\"\",\"@id\":\"\"},\"headline\":\"VILA EUL\u00c1LIA FESTEJA A INAUGURA\u00c7\u00c3O DO CLUBE DO BAIRRO\\\/ACADEMIA DA SA\u00daDE\",\"datePublished\":\"2016-02-19T13:22:23+00:00\",\"mainEntityOfPage\":{\"@id\":\"https:\\\/\\\/blogdofarnesio.com.br\\\/?p=137586\"},\"wordCount\":324,\"commentCount\":0,\"publisher\":{\"@id\":\"https:\\\/\\\/blogdofarnesio.com.br\\\/#organization\"},\"articleSection\":[\"Administra\u00e7\u00e3o\"],\"inLanguage\":\"pt-BR\",\"potentialAction\":[{\"@type\":\"CommentAction\",\"name\":\"Comment\",\"target\":[\"https:\\\/\\\/blogdofarnesio.com.br\\\/?p=137586#respond\"]}]},{\"@type\":\"WebPage\",\"@id\":\"https:\\\/\\\/blogdofarnesio.com.br\\\/?p=137586\",\"url\":\"https:\\\/\\\/blogdofarnesio.com.br\\\/?p=137586\",\"name\":\"VILA EUL\u00c1LIA FESTEJA A INAUGURA\u00c7\u00c3O DO CLUBE DO BAIRRO\\\/ACADEMIA DA SA\u00daDE - Blog do Farn\u00e9sio\",\"isPartOf\":{\"@id\":\"https:\\\/\\\/blogdofarnesio.com.br\\\/#website\"},\"datePublished\":\"2016-02-19T13:22:23+00:00\",\"breadcrumb\":{\"@id\":\"https:\\\/\\\/blogdofarnesio.com.br\\\/?p=137586#breadcrumb\"},\"inLanguage\":\"pt-BR\",\"potentialAction\":[{\"@type\":\"ReadAction\",\"target\":[\"https:\\\/\\\/blogdofarnesio.com.br\\\/?p=137586\"]}]},{\"@type\":\"BreadcrumbList\",\"@id\":\"https:\\\/\\\/blogdofarnesio.com.br\\\/?p=137586#breadcrumb\",\"itemListElement\":[{\"@type\":\"ListItem\",\"position\":1,\"name\":\"In\u00edcio\",\"item\":\"https:\\\/\\\/blogdofarnesio.com.br\\\/\"},{\"@type\":\"ListItem\",\"position\":2,\"name\":\"VILA EUL\u00c1LIA FESTEJA A INAUGURA\u00c7\u00c3O DO CLUBE DO BAIRRO\\\/ACADEMIA DA SA\u00daDE\"}]},{\"@type\":\"WebSite\",\"@id\":\"https:\\\/\\\/blogdofarnesio.com.br\\\/#website\",\"url\":\"https:\\\/\\\/blogdofarnesio.com.br\\\/\",\"name\":\"Blog do Farn\u00e9sio\",\"description\":\"Quer Saber Pol\u00edtica?\",\"publisher\":{\"@id\":\"https:\\\/\\\/blogdofarnesio.com.br\\\/#organization\"},\"potentialAction\":[{\"@type\":\"SearchAction\",\"target\":{\"@type\":\"EntryPoint\",\"urlTemplate\":\"https:\\\/\\\/blogdofarnesio.com.br\\\/?s={search_term_string}\"},\"query-input\":{\"@type\":\"PropertyValueSpecification\",\"valueRequired\":true,\"valueName\":\"search_term_string\"}}],\"inLanguage\":\"pt-BR\"},{\"@type\":\"Organization\",\"@id\":\"https:\\\/\\\/blogdofarnesio.com.br\\\/#organization\",\"name\":\"Blog do Farn\u00e9sio\",\"url\":\"https:\\\/\\\/blogdofarnesio.com.br\\\/\",\"logo\":{\"@type\":\"ImageObject\",\"inLanguage\":\"pt-BR\",\"@id\":\"https:\\\/\\\/blogdofarnesio.com.br\\\/#\\\/schema\\\/logo\\\/image\\\/\",\"url\":\"https:\\\/\\\/blogdofarnesio.com.br\\\/wp-content\\\/uploads\\\/2026\\\/03\\\/cropped-logo_new-1.png\",\"contentUrl\":\"https:\\\/\\\/blogdofarnesio.com.br\\\/wp-content\\\/uploads\\\/2026\\\/03\\\/cropped-logo_new-1.png\",\"width\":881,\"height\":685,\"caption\":\"Blog do Farn\u00e9sio\"},\"image\":{\"@id\":\"https:\\\/\\\/blogdofarnesio.com.br\\\/#\\\/schema\\\/logo\\\/image\\\/\"},\"sameAs\":[\"https:\\\/\\\/www.facebook.com\\\/BlogQuerSaberPolitica\\\/\"]},{\"@type\":\"Person\",\"@id\":\"\",\"url\":\"https:\\\/\\\/blogdofarnesio.com.br\\\/?author=7\"}]}<\/script>\n<!-- \/ Yoast SEO plugin. -->","yoast_head_json":{"title":"VILA EUL\u00c1LIA FESTEJA A INAUGURA\u00c7\u00c3O DO CLUBE DO BAIRRO\/ACADEMIA DA SA\u00daDE - Blog do Farn\u00e9sio","robots":{"index":"index","follow":"follow","max-snippet":"max-snippet:-1","max-image-preview":"max-image-preview:large","max-video-preview":"max-video-preview:-1"},"canonical":"https:\/\/blogdofarnesio.com.br\/?p=137586","og_locale":"pt_BR","og_type":"article","og_title":"VILA EUL\u00c1LIA FESTEJA A INAUGURA\u00c7\u00c3O DO CLUBE DO BAIRRO\/ACADEMIA DA SA\u00daDE - Blog do Farn\u00e9sio","og_description":"Na noite desta \u00faltima quarta-feira (17) os moradores da Vila Eul\u00e1lia festejaram mais uma conquista para a comunidade, a inaugura\u00e7\u00e3o do Clube do Bairro\/Academia da Sa\u00fade Dona Marinete Fonseca de Souza. O prefeito Julio Lossio e a secret\u00e1ria de Sa\u00fade, Lucia Giesta, entregaram mais um equipamento p\u00fablico de sa\u00fade. A dona de casa, Maria Mendon\u00e7a, que mora ao lado da nova unidade ficou muito feliz. \u201cO espa\u00e7o \u00e9 maravilhoso. Tem brinquedos para as crian\u00e7as, pista para fazer uma caminhada, uma verdadeira \u00e1rea de lazer para comunidade\u201d, disse. O prefeito Julio Lossio em seu discurso frisou a import\u00e2ncia do equipamento para o bem estar do povo. \u201c\u00c9 um equipamento para trazer felicidade para as pessoas atrav\u00e9s da promo\u00e7\u00e3o \u00e0 sa\u00fade. Estamos&hellip;","og_url":"https:\/\/blogdofarnesio.com.br\/?p=137586","og_site_name":"Blog do Farn\u00e9sio","article_publisher":"https:\/\/www.facebook.com\/BlogQuerSaberPolitica\/","article_published_time":"2016-02-19T13:22:23+00:00","twitter_card":"summary_large_image","twitter_misc":{"Escrito por":"","Est. tempo de leitura":"2 minutos"},"schema":{"@context":"https:\/\/schema.org","@graph":[{"@type":"Article","@id":"https:\/\/blogdofarnesio.com.br\/?p=137586#article","isPartOf":{"@id":"https:\/\/blogdofarnesio.com.br\/?p=137586"},"author":{"name":"","@id":""},"headline":"VILA EUL\u00c1LIA FESTEJA A INAUGURA\u00c7\u00c3O DO CLUBE DO BAIRRO\/ACADEMIA DA SA\u00daDE","datePublished":"2016-02-19T13:22:23+00:00","mainEntityOfPage":{"@id":"https:\/\/blogdofarnesio.com.br\/?p=137586"},"wordCount":324,"commentCount":0,"publisher":{"@id":"https:\/\/blogdofarnesio.com.br\/#organization"},"articleSection":["Administra\u00e7\u00e3o"],"inLanguage":"pt-BR","potentialAction":[{"@type":"CommentAction","name":"Comment","target":["https:\/\/blogdofarnesio.com.br\/?p=137586#respond"]}]},{"@type":"WebPage","@id":"https:\/\/blogdofarnesio.com.br\/?p=137586","url":"https:\/\/blogdofarnesio.com.br\/?p=137586","name":"VILA EUL\u00c1LIA FESTEJA A INAUGURA\u00c7\u00c3O DO CLUBE DO BAIRRO\/ACADEMIA DA SA\u00daDE - Blog do Farn\u00e9sio","isPartOf":{"@id":"https:\/\/blogdofarnesio.com.br\/#website"},"datePublished":"2016-02-19T13:22:23+00:00","breadcrumb":{"@id":"https:\/\/blogdofarnesio.com.br\/?p=137586#breadcrumb"},"inLanguage":"pt-BR","potentialAction":[{"@type":"ReadAction","target":["https:\/\/blogdofarnesio.com.br\/?p=137586"]}]},{"@type":"BreadcrumbList","@id":"https:\/\/blogdofarnesio.com.br\/?p=137586#breadcrumb","itemListElement":[{"@type":"ListItem","position":1,"name":"In\u00edcio","item":"https:\/\/blogdofarnesio.com.br\/"},{"@type":"ListItem","position":2,"name":"VILA EUL\u00c1LIA FESTEJA A INAUGURA\u00c7\u00c3O DO CLUBE DO BAIRRO\/ACADEMIA DA SA\u00daDE"}]},{"@type":"WebSite","@id":"https:\/\/blogdofarnesio.com.br\/#website","url":"https:\/\/blogdofarnesio.com.br\/","name":"Blog do Farn\u00e9sio","description":"Quer Saber Pol\u00edtica?","publisher":{"@id":"https:\/\/blogdofarnesio.com.br\/#organization"},"potentialAction":[{"@type":"SearchAction","target":{"@type":"EntryPoint","urlTemplate":"https:\/\/blogdofarnesio.com.br\/?s={search_term_string}"},"query-input":{"@type":"PropertyValueSpecification","valueRequired":true,"valueName":"search_term_string"}}],"inLanguage":"pt-BR"},{"@type":"Organization","@id":"https:\/\/blogdofarnesio.com.br\/#organization","name":"Blog do Farn\u00e9sio","url":"https:\/\/blogdofarnesio.com.br\/","logo":{"@type":"ImageObject","inLanguage":"pt-BR","@id":"https:\/\/blogdofarnesio.com.br\/#\/schema\/logo\/image\/","url":"https:\/\/blogdofarnesio.com.br\/wp-content\/uploads\/2026\/03\/cropped-logo_new-1.png","contentUrl":"https:\/\/blogdofarnesio.com.br\/wp-content\/uploads\/2026\/03\/cropped-logo_new-1.png","width":881,"height":685,"caption":"Blog do Farn\u00e9sio"},"image":{"@id":"https:\/\/blogdofarnesio.com.br\/#\/schema\/logo\/image\/"},"sameAs":["https:\/\/www.facebook.com\/BlogQuerSaberPolitica\/"]},{"@type":"Person","@id":"","url":"https:\/\/blogdofarnesio.com.br\/?author=7"}]}},"_links":{"self":[{"href":"https:\/\/blogdofarnesio.com.br\/index.php?rest_route=\/wp\/v2\/posts\/137586","targetHints":{"allow":["GET"]}}],"collection":[{"href":"https:\/\/blogdofarnesio.com.br\/index.php?rest_route=\/wp\/v2\/posts"}],"about":[{"href":"https:\/\/blogdofarnesio.com.br\/index.php?rest_route=\/wp\/v2\/types\/post"}],"author":[{"embeddable":true,"href":"https:\/\/blogdofarnesio.com.br\/index.php?rest_route=\/wp\/v2\/users\/7"}],"replies":[{"embeddable":true,"href":"https:\/\/blogdofarnesio.com.br\/index.php?rest_route=%2Fwp%2Fv2%2Fcomments&post=137586"}],"version-history":[{"count":0,"href":"https:\/\/blogdofarnesio.com.br\/index.php?rest_route=\/wp\/v2\/posts\/137586\/revisions"}],"wp:attachment":[{"href":"https:\/\/blogdofarnesio.com.br\/index.php?rest_route=%2Fwp%2Fv2%2Fmedia&parent=137586"}],"wp:term":[{"taxonomy":"category","embeddable":true,"href":"https:\/\/blogdofarnesio.com.br\/index.php?rest_route=%2Fwp%2Fv2%2Fcategories&post=137586"},{"taxonomy":"post_tag","embeddable":true,"href":"https:\/\/blogdofarnesio.com.br\/index.php?rest_route=%2Fwp%2Fv2%2Ftags&post=137586"}],"curies":[{"name":"wp","href":"https:\/\/api.w.org\/{rel}","templated":true}]}}