{"id":137456,"date":"2016-02-16T17:30:36","date_gmt":"2016-02-16T20:30:36","guid":{"rendered":"http:\/\/www.quersaberpolitica.com.br\/?p=137456"},"modified":"2016-02-16T17:04:55","modified_gmt":"2016-02-16T20:04:55","slug":"codevasf-participa-de-grupo-de-trabalho-contra-doencas-endemicas","status":"publish","type":"post","link":"https:\/\/blogdofarnesio.com.br\/?p=137456","title":{"rendered":"CODEVASF PARTICIPA DE GRUPO DE TRABALHO CONTRA DOEN\u00c7AS END\u00caMICAS"},"content":{"rendered":"<p style=\"text-align: justify\"><a href=\"http:\/\/www.quersaberpolitica.com.br\/2016\/wp-content\/uploads\/2016\/02\/blogqsp-reuni\u00e3o-rotary-codevasf-dengue.jpg\"><img loading=\"lazy\" decoding=\"async\" class=\" wp-image-137457 aligncenter\" src=\"http:\/\/www.quersaberpolitica.com.br\/2016\/wp-content\/uploads\/2016\/02\/blogqsp-reuni\u00e3o-rotary-codevasf-dengue-300x200.jpg\" alt=\"blogqsp-reuni\u00e3o-rotary-codevasf-dengue\" width=\"400\" height=\"266\" srcset=\"https:\/\/blogdofarnesio.com.br\/wp-content\/uploads\/2016\/02\/blogqsp-reuni\u00e3o-rotary-codevasf-dengue-300x200.jpg 300w, https:\/\/blogdofarnesio.com.br\/wp-content\/uploads\/2016\/02\/blogqsp-reuni\u00e3o-rotary-codevasf-dengue.jpg 448w\" sizes=\"auto, (max-width: 400px) 100vw, 400px\" \/><\/a><\/p>\n<p style=\"text-align: justify\">Em uma reuni\u00e3o realizada na \u00faltima segunda-feira (15) na sede do Rotary Club de Juazeiro &#8211; S\u00e3o Francisco, a Codevasf, atrav\u00e9s de um representante da 6\u00aa superintend\u00eancia regional, participou do lan\u00e7amento da campanha &#8220;Juazeiro, quem ama cuida: Elimine o Mosquito&#8221;, lan\u00e7ada pelos Rotary Clubs e as Secretarias de Sa\u00fade e Educa\u00e7\u00e3o do munic\u00edpio.<\/p>\n<p style=\"text-align: justify\">O objetivo foi criar um grupo de trabalho para concretizar esta campanha, com a participa\u00e7\u00e3o de entidades e institui\u00e7\u00f5es da cidade, clubes de servi\u00e7os e as for\u00e7as armadas.<\/p>\n<p style=\"text-align: justify\">Al\u00e9m da Codevasf, participaram do encontro representantes do Sebrae, Servi\u00e7o Aut\u00f4nomo e \u00c1gua e Esgoto (SAAE), Pol\u00edcia Militar, Corpo de Bombeiros, Pol\u00edcia Civil, Marinha, Ex\u00e9rcito, Faculdade S\u00e3o Francisco de Juazeiro (FASJ), Universidade Federal do Vale do S\u00e3o Francisco (UNIVASF), Agroind\u00fastrias do Vale do S\u00e3o Francisco S.A. (AGROVALE), Banco do Nordeste, Instituto da Pequena Agricultura Apropriada (IRPAA), secretarias de Sa\u00fade e Educa\u00e7\u00e3o do munic\u00edpio, al\u00e9m de outras institui\u00e7\u00f5es e clubes de servi\u00e7os.<\/p>\n<p style=\"text-align: justify\"><!--more--><\/p>\n<p style=\"text-align: justify\">Durante a palestra de abertura foi feita uma apresenta\u00e7\u00e3o sobre as caracter\u00edsticas das doen\u00e7as transmitidas pelo mosquito Aedes Aegypti, seus sintomas e os\u00a0 \u00edndices de infesta\u00e7\u00e3o no pa\u00eds. Segundo dados colhidos junto ao Minist\u00e9rio da Sa\u00fade, j\u00e1 foram registrados no Nordeste mais de 7.860 casos de Dengue, febre Chikungunya e Zika.<\/p>\n<p style=\"text-align: justify\">Para tentar conter a prolifera\u00e7\u00e3o do mosquito e a propaga\u00e7\u00e3o da doen\u00e7a na regi\u00e3o do vale do S\u00e3o Francisco, a comiss\u00e3o organizadora estabeleceu como metas, nessa campanha, a\u00e7\u00f5es como o tratamento de dep\u00f3sitos p\u00fablicos de \u00e1gua com Cal; o envolvimento de toda as redes p\u00fablica e privada de ensino nestas a\u00e7\u00f5es; a institui\u00e7\u00e3o de temas relacionados \u00e0 preven\u00e7\u00e3o no curr\u00edculo do ensino b\u00e1sico; a capacita\u00e7\u00e3o do corpo docente das institui\u00e7\u00f5es de ensino; a distribui\u00e7\u00e3o de material educativo anexo \u00e0s contas de \u00e1gua e energia; a forma\u00e7\u00e3o de agentes ambientais mirins volunt\u00e1rios nas escolas; a capacita\u00e7\u00e3o e requalifica\u00e7\u00e3o dos profissionais da rede de Aten\u00e7\u00e3o \u00e0 Sa\u00fade e a realiza\u00e7\u00e3o de dez mutir\u00f5es de limpeza em 2016 em diversos locais da cidade.<\/p>\n<p style=\"text-align: justify\">O p\u00fablico-alvo dessas a\u00e7\u00f5es inicialmente seriam os estudantes da rede municipal de ensino que tenham entre 6 e 14 anos; a comunidade em geral; as equipes de sa\u00fade e as empresas e institui\u00e7\u00f5es envolvidas nesta campanha, pelo per\u00edodo de um ano. A metodologia utilizada abrange a divulga\u00e7\u00e3o aos cidad\u00e3os das comunidades sobre este plano de mobiliza\u00e7\u00e3o e combate ao vetor; realiza\u00e7\u00e3o de parcerias com as equipes das unidades de sa\u00fade; fixa\u00e7\u00e3o de material ilustrativo e educativo em pr\u00e9dios p\u00fablicos, estabelecimentos comerciais, igrejas e locais de grande frequ\u00eancia de p\u00fablico e utiliza\u00e7\u00e3o das contas de energia e \u00e1gua como ve\u00edculo de divulga\u00e7\u00e3o da campanha de combate ao vetor das doen\u00e7as.<\/p>\n<p style=\"text-align: justify\">Ap\u00f3s a apresenta\u00e7\u00e3o houve um debate e foram sugeridas algumas ideias para serem desenvolvidas durante a campanha, como desconto nas contas de energia e \u00e1gua para as fam\u00edlias que tiverem a casa vistoriada por agentes de sa\u00fade ou endemias, com o objetivo de identificar e eliminar poss\u00edveis focos de prolifera\u00e7\u00e3o do mosquito; a utiliza\u00e7\u00e3o dos servi\u00e7os dos alunos do curso de Publicidade e Propaganda da FASJ na cria\u00e7\u00e3o dos elementos audiovisuais da campanha; a cria\u00e7\u00e3o de uma comiss\u00e3o permanente para coordena\u00e7\u00e3o da campanha durante este ano e o envolvimento dos meios de comunica\u00e7\u00e3o de massa na divulga\u00e7\u00e3o da campanha.<\/p>\n<p style=\"text-align: justify\">No encerramento do encontro, foi solicitado o comprometimentos dos participantes na realiza\u00e7\u00e3o dessas a\u00e7\u00f5es para que a campanha obtenha o sucesso esperado. Para isso cada institui\u00e7\u00e3o ou entidade dever\u00e1 apontar de que maneira pode contribuir com esta iniciativa. Na opini\u00e3o do superintendente regional da Codevasf em Juazeiro, Jos\u00e9 Hailton Carneiro de Oliveira, &#8220;\u00e9 importante que as institui\u00e7\u00f5es p\u00fablicas e privadas tamb\u00e9m participem de todas as iniciativas que possam ajudar a combater a prolifera\u00e7\u00e3o destas doen\u00e7as. Somente com a uni\u00e3o de todos e a participa\u00e7\u00e3o da comunidades poderemos alcan\u00e7ar este objetivo, e a 6\u00aa superintend\u00eancia vai colaborar da melhor maneira poss\u00edvel&#8221;. Um novo encontro foi marcado pela comiss\u00e3o organizadora para que esse trabalho seja levado adiante.<\/p>\n<p style=\"text-align: justify\"><em>Ascom<\/em><\/p>\n","protected":false},"excerpt":{"rendered":"<p>Em uma reuni\u00e3o realizada na \u00faltima segunda-feira (15) na sede do Rotary Club de Juazeiro &#8211; S\u00e3o Francisco, a Codevasf, atrav\u00e9s de um representante da 6\u00aa superintend\u00eancia regional, participou do lan\u00e7amento da campanha &#8220;Juazeiro, quem ama cuida: Elimine o Mosquito&#8221;, lan\u00e7ada pelos Rotary Clubs e as Secretarias de Sa\u00fade e Educa\u00e7\u00e3o do munic\u00edpio. O objetivo foi criar um grupo de trabalho para concretizar esta campanha, com a participa\u00e7\u00e3o de entidades e institui\u00e7\u00f5es da cidade, clubes de servi\u00e7os e as for\u00e7as armadas. Al\u00e9m da Codevasf, participaram do encontro representantes do Sebrae, Servi\u00e7o Aut\u00f4nomo e \u00c1gua e Esgoto (SAAE), Pol\u00edcia Militar, Corpo de Bombeiros, Pol\u00edcia Civil, Marinha, Ex\u00e9rcito, Faculdade S\u00e3o Francisco de Juazeiro (FASJ), Universidade Federal do Vale do S\u00e3o Francisco (UNIVASF),&hellip; <\/p>\n","protected":false},"author":7,"featured_media":0,"comment_status":"open","ping_status":"open","sticky":false,"template":"","format":"standard","meta":{"_acf_changed":false,"footnotes":""},"categories":[44],"tags":[],"class_list":["post-137456","post","type-post","status-publish","format-standard","hentry","category-administracao"],"acf":[],"yoast_head":"<!-- This site is optimized with the Yoast SEO plugin v27.4 - https:\/\/yoast.com\/product\/yoast-seo-wordpress\/ -->\n<title>CODEVASF PARTICIPA DE GRUPO DE TRABALHO CONTRA DOEN\u00c7AS END\u00caMICAS - Blog do Farn\u00e9sio<\/title>\n<meta name=\"robots\" content=\"index, follow, max-snippet:-1, max-image-preview:large, max-video-preview:-1\" \/>\n<link rel=\"canonical\" href=\"https:\/\/blogdofarnesio.com.br\/?p=137456\" \/>\n<meta property=\"og:locale\" content=\"pt_BR\" \/>\n<meta property=\"og:type\" content=\"article\" \/>\n<meta property=\"og:title\" content=\"CODEVASF PARTICIPA DE GRUPO DE TRABALHO CONTRA DOEN\u00c7AS END\u00caMICAS - Blog do Farn\u00e9sio\" \/>\n<meta property=\"og:description\" content=\"Em uma reuni\u00e3o realizada na \u00faltima segunda-feira (15) na sede do Rotary Club de Juazeiro &#8211; S\u00e3o Francisco, a Codevasf, atrav\u00e9s de um representante da 6\u00aa superintend\u00eancia regional, participou do lan\u00e7amento da campanha &#8220;Juazeiro, quem ama cuida: Elimine o Mosquito&#8221;, lan\u00e7ada pelos Rotary Clubs e as Secretarias de Sa\u00fade e Educa\u00e7\u00e3o do munic\u00edpio. O objetivo foi criar um grupo de trabalho para concretizar esta campanha, com a participa\u00e7\u00e3o de entidades e institui\u00e7\u00f5es da cidade, clubes de servi\u00e7os e as for\u00e7as armadas. Al\u00e9m da Codevasf, participaram do encontro representantes do Sebrae, Servi\u00e7o Aut\u00f4nomo e \u00c1gua e Esgoto (SAAE), Pol\u00edcia Militar, Corpo de Bombeiros, Pol\u00edcia Civil, Marinha, Ex\u00e9rcito, Faculdade S\u00e3o Francisco de Juazeiro (FASJ), Universidade Federal do Vale do S\u00e3o Francisco (UNIVASF),&hellip;\" \/>\n<meta property=\"og:url\" content=\"https:\/\/blogdofarnesio.com.br\/?p=137456\" \/>\n<meta property=\"og:site_name\" content=\"Blog do Farn\u00e9sio\" \/>\n<meta property=\"article:publisher\" content=\"https:\/\/www.facebook.com\/BlogQuerSaberPolitica\/\" \/>\n<meta property=\"article:published_time\" content=\"2016-02-16T20:30:36+00:00\" \/>\n<meta name=\"twitter:card\" content=\"summary_large_image\" \/>\n<meta name=\"twitter:label1\" content=\"Escrito por\" \/>\n\t<meta name=\"twitter:data1\" content=\"\" \/>\n\t<meta name=\"twitter:label2\" content=\"Est. tempo de leitura\" \/>\n\t<meta name=\"twitter:data2\" content=\"4 minutos\" \/>\n<script type=\"application\/ld+json\" class=\"yoast-schema-graph\">{\"@context\":\"https:\\\/\\\/schema.org\",\"@graph\":[{\"@type\":\"Article\",\"@id\":\"https:\\\/\\\/blogdofarnesio.com.br\\\/?p=137456#article\",\"isPartOf\":{\"@id\":\"https:\\\/\\\/blogdofarnesio.com.br\\\/?p=137456\"},\"author\":{\"name\":\"\",\"@id\":\"\"},\"headline\":\"CODEVASF PARTICIPA DE GRUPO DE TRABALHO CONTRA DOEN\u00c7AS END\u00caMICAS\",\"datePublished\":\"2016-02-16T20:30:36+00:00\",\"mainEntityOfPage\":{\"@id\":\"https:\\\/\\\/blogdofarnesio.com.br\\\/?p=137456\"},\"wordCount\":759,\"commentCount\":0,\"publisher\":{\"@id\":\"https:\\\/\\\/blogdofarnesio.com.br\\\/#organization\"},\"articleSection\":[\"Administra\u00e7\u00e3o\"],\"inLanguage\":\"pt-BR\",\"potentialAction\":[{\"@type\":\"CommentAction\",\"name\":\"Comment\",\"target\":[\"https:\\\/\\\/blogdofarnesio.com.br\\\/?p=137456#respond\"]}]},{\"@type\":\"WebPage\",\"@id\":\"https:\\\/\\\/blogdofarnesio.com.br\\\/?p=137456\",\"url\":\"https:\\\/\\\/blogdofarnesio.com.br\\\/?p=137456\",\"name\":\"CODEVASF PARTICIPA DE GRUPO DE TRABALHO CONTRA DOEN\u00c7AS END\u00caMICAS - Blog do Farn\u00e9sio\",\"isPartOf\":{\"@id\":\"https:\\\/\\\/blogdofarnesio.com.br\\\/#website\"},\"datePublished\":\"2016-02-16T20:30:36+00:00\",\"breadcrumb\":{\"@id\":\"https:\\\/\\\/blogdofarnesio.com.br\\\/?p=137456#breadcrumb\"},\"inLanguage\":\"pt-BR\",\"potentialAction\":[{\"@type\":\"ReadAction\",\"target\":[\"https:\\\/\\\/blogdofarnesio.com.br\\\/?p=137456\"]}]},{\"@type\":\"BreadcrumbList\",\"@id\":\"https:\\\/\\\/blogdofarnesio.com.br\\\/?p=137456#breadcrumb\",\"itemListElement\":[{\"@type\":\"ListItem\",\"position\":1,\"name\":\"In\u00edcio\",\"item\":\"https:\\\/\\\/blogdofarnesio.com.br\\\/\"},{\"@type\":\"ListItem\",\"position\":2,\"name\":\"CODEVASF PARTICIPA DE GRUPO DE TRABALHO CONTRA DOEN\u00c7AS END\u00caMICAS\"}]},{\"@type\":\"WebSite\",\"@id\":\"https:\\\/\\\/blogdofarnesio.com.br\\\/#website\",\"url\":\"https:\\\/\\\/blogdofarnesio.com.br\\\/\",\"name\":\"Blog do Farn\u00e9sio\",\"description\":\"Quer Saber Pol\u00edtica?\",\"publisher\":{\"@id\":\"https:\\\/\\\/blogdofarnesio.com.br\\\/#organization\"},\"potentialAction\":[{\"@type\":\"SearchAction\",\"target\":{\"@type\":\"EntryPoint\",\"urlTemplate\":\"https:\\\/\\\/blogdofarnesio.com.br\\\/?s={search_term_string}\"},\"query-input\":{\"@type\":\"PropertyValueSpecification\",\"valueRequired\":true,\"valueName\":\"search_term_string\"}}],\"inLanguage\":\"pt-BR\"},{\"@type\":\"Organization\",\"@id\":\"https:\\\/\\\/blogdofarnesio.com.br\\\/#organization\",\"name\":\"Blog do Farn\u00e9sio\",\"url\":\"https:\\\/\\\/blogdofarnesio.com.br\\\/\",\"logo\":{\"@type\":\"ImageObject\",\"inLanguage\":\"pt-BR\",\"@id\":\"https:\\\/\\\/blogdofarnesio.com.br\\\/#\\\/schema\\\/logo\\\/image\\\/\",\"url\":\"https:\\\/\\\/blogdofarnesio.com.br\\\/wp-content\\\/uploads\\\/2026\\\/03\\\/cropped-logo_new-1.png\",\"contentUrl\":\"https:\\\/\\\/blogdofarnesio.com.br\\\/wp-content\\\/uploads\\\/2026\\\/03\\\/cropped-logo_new-1.png\",\"width\":881,\"height\":685,\"caption\":\"Blog do Farn\u00e9sio\"},\"image\":{\"@id\":\"https:\\\/\\\/blogdofarnesio.com.br\\\/#\\\/schema\\\/logo\\\/image\\\/\"},\"sameAs\":[\"https:\\\/\\\/www.facebook.com\\\/BlogQuerSaberPolitica\\\/\"]},{\"@type\":\"Person\",\"@id\":\"\",\"url\":\"https:\\\/\\\/blogdofarnesio.com.br\\\/?author=7\"}]}<\/script>\n<!-- \/ Yoast SEO plugin. -->","yoast_head_json":{"title":"CODEVASF PARTICIPA DE GRUPO DE TRABALHO CONTRA DOEN\u00c7AS END\u00caMICAS - Blog do Farn\u00e9sio","robots":{"index":"index","follow":"follow","max-snippet":"max-snippet:-1","max-image-preview":"max-image-preview:large","max-video-preview":"max-video-preview:-1"},"canonical":"https:\/\/blogdofarnesio.com.br\/?p=137456","og_locale":"pt_BR","og_type":"article","og_title":"CODEVASF PARTICIPA DE GRUPO DE TRABALHO CONTRA DOEN\u00c7AS END\u00caMICAS - Blog do Farn\u00e9sio","og_description":"Em uma reuni\u00e3o realizada na \u00faltima segunda-feira (15) na sede do Rotary Club de Juazeiro &#8211; S\u00e3o Francisco, a Codevasf, atrav\u00e9s de um representante da 6\u00aa superintend\u00eancia regional, participou do lan\u00e7amento da campanha &#8220;Juazeiro, quem ama cuida: Elimine o Mosquito&#8221;, lan\u00e7ada pelos Rotary Clubs e as Secretarias de Sa\u00fade e Educa\u00e7\u00e3o do munic\u00edpio. O objetivo foi criar um grupo de trabalho para concretizar esta campanha, com a participa\u00e7\u00e3o de entidades e institui\u00e7\u00f5es da cidade, clubes de servi\u00e7os e as for\u00e7as armadas. Al\u00e9m da Codevasf, participaram do encontro representantes do Sebrae, Servi\u00e7o Aut\u00f4nomo e \u00c1gua e Esgoto (SAAE), Pol\u00edcia Militar, Corpo de Bombeiros, Pol\u00edcia Civil, Marinha, Ex\u00e9rcito, Faculdade S\u00e3o Francisco de Juazeiro (FASJ), Universidade Federal do Vale do S\u00e3o Francisco (UNIVASF),&hellip;","og_url":"https:\/\/blogdofarnesio.com.br\/?p=137456","og_site_name":"Blog do Farn\u00e9sio","article_publisher":"https:\/\/www.facebook.com\/BlogQuerSaberPolitica\/","article_published_time":"2016-02-16T20:30:36+00:00","twitter_card":"summary_large_image","twitter_misc":{"Escrito por":"","Est. tempo de leitura":"4 minutos"},"schema":{"@context":"https:\/\/schema.org","@graph":[{"@type":"Article","@id":"https:\/\/blogdofarnesio.com.br\/?p=137456#article","isPartOf":{"@id":"https:\/\/blogdofarnesio.com.br\/?p=137456"},"author":{"name":"","@id":""},"headline":"CODEVASF PARTICIPA DE GRUPO DE TRABALHO CONTRA DOEN\u00c7AS END\u00caMICAS","datePublished":"2016-02-16T20:30:36+00:00","mainEntityOfPage":{"@id":"https:\/\/blogdofarnesio.com.br\/?p=137456"},"wordCount":759,"commentCount":0,"publisher":{"@id":"https:\/\/blogdofarnesio.com.br\/#organization"},"articleSection":["Administra\u00e7\u00e3o"],"inLanguage":"pt-BR","potentialAction":[{"@type":"CommentAction","name":"Comment","target":["https:\/\/blogdofarnesio.com.br\/?p=137456#respond"]}]},{"@type":"WebPage","@id":"https:\/\/blogdofarnesio.com.br\/?p=137456","url":"https:\/\/blogdofarnesio.com.br\/?p=137456","name":"CODEVASF PARTICIPA DE GRUPO DE TRABALHO CONTRA DOEN\u00c7AS END\u00caMICAS - Blog do Farn\u00e9sio","isPartOf":{"@id":"https:\/\/blogdofarnesio.com.br\/#website"},"datePublished":"2016-02-16T20:30:36+00:00","breadcrumb":{"@id":"https:\/\/blogdofarnesio.com.br\/?p=137456#breadcrumb"},"inLanguage":"pt-BR","potentialAction":[{"@type":"ReadAction","target":["https:\/\/blogdofarnesio.com.br\/?p=137456"]}]},{"@type":"BreadcrumbList","@id":"https:\/\/blogdofarnesio.com.br\/?p=137456#breadcrumb","itemListElement":[{"@type":"ListItem","position":1,"name":"In\u00edcio","item":"https:\/\/blogdofarnesio.com.br\/"},{"@type":"ListItem","position":2,"name":"CODEVASF PARTICIPA DE GRUPO DE TRABALHO CONTRA DOEN\u00c7AS END\u00caMICAS"}]},{"@type":"WebSite","@id":"https:\/\/blogdofarnesio.com.br\/#website","url":"https:\/\/blogdofarnesio.com.br\/","name":"Blog do Farn\u00e9sio","description":"Quer Saber Pol\u00edtica?","publisher":{"@id":"https:\/\/blogdofarnesio.com.br\/#organization"},"potentialAction":[{"@type":"SearchAction","target":{"@type":"EntryPoint","urlTemplate":"https:\/\/blogdofarnesio.com.br\/?s={search_term_string}"},"query-input":{"@type":"PropertyValueSpecification","valueRequired":true,"valueName":"search_term_string"}}],"inLanguage":"pt-BR"},{"@type":"Organization","@id":"https:\/\/blogdofarnesio.com.br\/#organization","name":"Blog do Farn\u00e9sio","url":"https:\/\/blogdofarnesio.com.br\/","logo":{"@type":"ImageObject","inLanguage":"pt-BR","@id":"https:\/\/blogdofarnesio.com.br\/#\/schema\/logo\/image\/","url":"https:\/\/blogdofarnesio.com.br\/wp-content\/uploads\/2026\/03\/cropped-logo_new-1.png","contentUrl":"https:\/\/blogdofarnesio.com.br\/wp-content\/uploads\/2026\/03\/cropped-logo_new-1.png","width":881,"height":685,"caption":"Blog do Farn\u00e9sio"},"image":{"@id":"https:\/\/blogdofarnesio.com.br\/#\/schema\/logo\/image\/"},"sameAs":["https:\/\/www.facebook.com\/BlogQuerSaberPolitica\/"]},{"@type":"Person","@id":"","url":"https:\/\/blogdofarnesio.com.br\/?author=7"}]}},"_links":{"self":[{"href":"https:\/\/blogdofarnesio.com.br\/index.php?rest_route=\/wp\/v2\/posts\/137456","targetHints":{"allow":["GET"]}}],"collection":[{"href":"https:\/\/blogdofarnesio.com.br\/index.php?rest_route=\/wp\/v2\/posts"}],"about":[{"href":"https:\/\/blogdofarnesio.com.br\/index.php?rest_route=\/wp\/v2\/types\/post"}],"author":[{"embeddable":true,"href":"https:\/\/blogdofarnesio.com.br\/index.php?rest_route=\/wp\/v2\/users\/7"}],"replies":[{"embeddable":true,"href":"https:\/\/blogdofarnesio.com.br\/index.php?rest_route=%2Fwp%2Fv2%2Fcomments&post=137456"}],"version-history":[{"count":0,"href":"https:\/\/blogdofarnesio.com.br\/index.php?rest_route=\/wp\/v2\/posts\/137456\/revisions"}],"wp:attachment":[{"href":"https:\/\/blogdofarnesio.com.br\/index.php?rest_route=%2Fwp%2Fv2%2Fmedia&parent=137456"}],"wp:term":[{"taxonomy":"category","embeddable":true,"href":"https:\/\/blogdofarnesio.com.br\/index.php?rest_route=%2Fwp%2Fv2%2Fcategories&post=137456"},{"taxonomy":"post_tag","embeddable":true,"href":"https:\/\/blogdofarnesio.com.br\/index.php?rest_route=%2Fwp%2Fv2%2Ftags&post=137456"}],"curies":[{"name":"wp","href":"https:\/\/api.w.org\/{rel}","templated":true}]}}