{"id":137443,"date":"2016-02-16T17:00:02","date_gmt":"2016-02-16T20:00:02","guid":{"rendered":"http:\/\/www.quersaberpolitica.com.br\/?p=137443"},"modified":"2016-02-16T14:55:38","modified_gmt":"2016-02-16T17:55:38","slug":"convocado-pelo-prefeito-julio-lossio-ricardo-rocha-assume-novas-acoes-dentro-do-governo","status":"publish","type":"post","link":"https:\/\/blogdofarnesio.com.br\/?p=137443","title":{"rendered":"CONVOCADO PELO PREFEITO JULIO LOSSIO, RICARDO ROCHA ASSUME NOVAS A\u00c7\u00d5ES DENTRO DO GOVERNO"},"content":{"rendered":"<p style=\"text-align: justify\"><a href=\"http:\/\/www.quersaberpolitica.com.br\/2016\/wp-content\/uploads\/2016\/02\/blogqsp-lossio-ricardo.jpg\"><img loading=\"lazy\" decoding=\"async\" class=\"aligncenter wp-image-137444\" src=\"http:\/\/www.quersaberpolitica.com.br\/2016\/wp-content\/uploads\/2016\/02\/blogqsp-lossio-ricardo-300x180.jpg\" alt=\"blogqsp-lossio-ricardo\" width=\"400\" height=\"240\" srcset=\"https:\/\/blogdofarnesio.com.br\/wp-content\/uploads\/2016\/02\/blogqsp-lossio-ricardo-300x180.jpg 300w, https:\/\/blogdofarnesio.com.br\/wp-content\/uploads\/2016\/02\/blogqsp-lossio-ricardo.jpg 400w\" sizes=\"auto, (max-width: 400px) 100vw, 400px\" \/><\/a><\/p>\n<p style=\"text-align: justify\">Integrante do Governo Julio Lossio desde os primeiros momentos de articula\u00e7\u00f5es pol\u00edticas na sua campanha, Ricardo Rocha que j\u00e1 passou pelo trabalho de estrutura\u00e7\u00e3o da limpeza p\u00fablica, assumiu a Secretaria de Infraestrutura e ajudou a implantar o programa de pavimenta\u00e7\u00e3o do munic\u00edpio, agora volta a contribuir com as articula\u00e7\u00f5es do partido convocado pelo Gestor Municipal.<\/p>\n<p style=\"text-align: justify\">Segue nota de esclarecimento:<\/p>\n<p style=\"text-align: justify\">\u201cO Prefeito me convocou, digo convoca\u00e7\u00e3o porque sou soldado. Ele chamou para ajudar na condu\u00e7\u00e3o da estrat\u00e9gia pol\u00edtica, afirmando ser importante lembrar que no in\u00edcio eu o ajudei, quando m\u00e9dico a organizar as primeiras filia\u00e7\u00f5es do PMDB, estruturando a\u00e7\u00f5es como a Esta\u00e7\u00e3o Sa\u00fade que faz\u00edamos nos bairros, levando o primeiro carro de som, enfim, atividades de cunho pol\u00edtico.<\/p>\n<p style=\"text-align: justify\">Muito preocupado com a quest\u00e3o da limpeza, o prefeito me pediu para assumir o programa Tudo Limpo. Atrav\u00e9s do programa conseguimos dar mais aten\u00e7\u00e3o a cidade como um todo, elaborando um programa sistem\u00e1tico e adequado \u00e0 realidade das comunidades. Isso significa que conseguimos ampliar o atendimento levando o servi\u00e7o sobretudo para a periferia e interior tamb\u00e9m com a limpeza dos canais feita pelo menos duas vezes por ano, reduzindo a prolifera\u00e7\u00e3o de mosquitos, cerca de 20 km de canais que h\u00e1 anos n\u00e3o recebia de modo regular o trabalho passou a ganhar aten\u00e7\u00e3o. Com o programa Ter\u00e7a-feira Verde come\u00e7amos a atender as \u00e1reas irrigadas de modo regular com cronograma estabelecido e com a a\u00e7\u00e3o Quarta nos Bairros, cada bairro passou a receber tamb\u00e9m o mutir\u00e3o de limpeza semanal.<\/p>\n<p style=\"text-align: justify\"><!--more--><\/p>\n<p style=\"text-align: justify\">Ampliamos o programa de ressocializa\u00e7\u00e3o que contava com apenas 10 homens e foi elevado para mais de 200 pessoas trabalhando nas ruas da cidade, refor\u00e7ando a limpeza, ao mesmo tempo em que tamb\u00e9m os reintegra a sociedade com presta\u00e7\u00e3o de servi\u00e7o e requalifica\u00e7\u00e3o profissional. Deste, ampliamos a linha de a\u00e7\u00e3o, firmando conv\u00eanio para contra\u00e7\u00e3o de pedreiros e ajudantes, nos tornando um dos munic\u00edpios com maior programa de Pernambuco atrav\u00e9s do Patronato, atendendo pessoas em regime aberto do sistema prisional. Por este trabalho, fomos homenageados pela atua\u00e7\u00e3o e atendimento dentro do programa de ressocializa\u00e7\u00e3o.<\/p>\n<p style=\"text-align: justify\">Com isso, penso que mudamos, com muito trabalho, as quest\u00f5es da limpeza, implantamos e estruturamos o programa de Coleta Seletiva que veio para come\u00e7ar a mudar a rela\u00e7\u00e3o das pessoas com o descarte do lixo. Foram implantados os ECOPONTOS, atrav\u00e9s da parceria com a ECOVALE e ir\u00e1 logo lan\u00e7ar programa j\u00e1 aprovado na c\u00e2mara em rela\u00e7\u00e3o aos ECOPONTOS; a\u00e7\u00f5es estas que vejo como iniciativa in\u00e9dita no pa\u00eds, ao qual o prefeito falar\u00e1 em momento oportuno com mais detalhes.<\/p>\n<p style=\"text-align: justify\">Para ampliar e levar todos \u00e0 consci\u00eancia da necessidade da manuten\u00e7\u00e3o da limpeza, trouxemos \u00e0 cidade o Programa Carroceiro Cidad\u00e3o que visava criar uma rede de contribui\u00e7\u00e3o com os servi\u00e7os p\u00fablicos. Foram emplacadas 400 carro\u00e7as e criados pontos de descarte de restos de constru\u00e7\u00e3o e poda para recolhimento por parte da prefeitura. Deste modo, uma buscamos a contribui\u00e7\u00e3o mutua em prol do bem comum, dividindo responsabilidades.<\/p>\n<p style=\"text-align: justify\">Depois o prefeito me pediu para ajudar na quest\u00e3o de infraestrutura e cuidado com vias p\u00fablicas. Implementamos um grande programa\u00a0 de tapa buracos e recupera\u00e7\u00e3o de vias bem como, utilizando asfalto feito pelo pr\u00f3prio munic\u00edpio, reduzindo custos, j\u00e1 que a opera\u00e7\u00e3o tornou-se pr\u00f3pria. Al\u00e9m das pra\u00e7as e espa\u00e7os p\u00fablicos recuperados e constru\u00eddos a exemplo de bairros como Maria Auxiliadora que recebeu uma das maiores pra\u00e7as na Avenida Andr\u00e9 Vital de Negreiros, al\u00e9m dos bairros Jardim Maravilha, S\u00e3o Joaquim, IPSEP entre outros.<\/p>\n<p style=\"text-align: justify\">Tamb\u00e9m compreendemos a necessidade e urg\u00eancia de atender com reforma as ciclovias atrav\u00e9s de recupera\u00e7\u00e3o de pavimento, pintura, sinaliza\u00e7\u00e3o e instala\u00e7\u00e3o de biciclet\u00e1rio, melhorando a estrutura das principais vias como a Monsenhor \u00c2ngelo Sampaio e Integra\u00e7\u00e3o, por exemplo. Desta a\u00e7\u00e3o, veio a surgir o projeto Clube do Bairro que vem em franca expans\u00e3o, atendendo diversas localidades na sede, interior e \u00e1reas irrigadas, garantindo lazer e atividades f\u00edsicas para crian\u00e7as, jovens e idosos.<\/p>\n<p style=\"text-align: justify\">Depois o prefeito me disse que era hora de criarmos grande programa de Pavimenta\u00e7\u00e3o, o Pavimenta Petrolina. Foram realizadas uma s\u00e9rie de interven\u00e7\u00f5es na cidade com recursos pr\u00f3prios e proveniente dos leil\u00f5es, al\u00e9m de recursos estaduais e federais onde j\u00e1 iniciaram obras, sendo marcante, pois al\u00e9m da via p\u00fablica contemplar\u00e1 as cal\u00e7adas.\u00a0Temos ainda aguardando libera\u00e7\u00e3o ambiental e adequa\u00e7\u00f5es t\u00e9cnicas para obras da Avenida Cardoso de S\u00e1 e Orla 3 que acredito, logo dever\u00e3o ser retomadas.<\/p>\n<p>Agora o prefeito me chamou \u00e0 miss\u00e3o de conduzir processo de sucess\u00e3o, como Assessor de Coordena\u00e7\u00e3o Pol\u00edtica e me pediu para ajudar na reestrutura\u00e7\u00e3o do partido e dos aliados para que possamos chegar fortes na elei\u00e7\u00e3o.Acredito muito que o prefeito por tudo que fez e faz tem plena confian\u00e7a da popula\u00e7\u00e3o para fazer sucessor.<\/p>\n<p style=\"text-align: justify\">Concluo lembrando que estarei sempre em contato e ainda mais com a comunidade, mantendo os mesmos n\u00fameros de telefone, sempre a disposi\u00e7\u00e3o para estreitarmos os la\u00e7os que fa\u00e7o quest\u00e3o de continuar.<\/p>\n<p style=\"text-align: justify\"><em>Ricardo Rocha<\/em><\/p>\n","protected":false},"excerpt":{"rendered":"<p>Integrante do Governo Julio Lossio desde os primeiros momentos de articula\u00e7\u00f5es pol\u00edticas na sua campanha, Ricardo Rocha que j\u00e1 passou pelo trabalho de estrutura\u00e7\u00e3o da limpeza p\u00fablica, assumiu a Secretaria de Infraestrutura e ajudou a implantar o programa de pavimenta\u00e7\u00e3o do munic\u00edpio, agora volta a contribuir com as articula\u00e7\u00f5es do partido convocado pelo Gestor Municipal. Segue nota de esclarecimento: \u201cO Prefeito me convocou, digo convoca\u00e7\u00e3o porque sou soldado. Ele chamou para ajudar na condu\u00e7\u00e3o da estrat\u00e9gia pol\u00edtica, afirmando ser importante lembrar que no in\u00edcio eu o ajudei, quando m\u00e9dico a organizar as primeiras filia\u00e7\u00f5es do PMDB, estruturando a\u00e7\u00f5es como a Esta\u00e7\u00e3o Sa\u00fade que faz\u00edamos nos bairros, levando o primeiro carro de som, enfim, atividades de cunho pol\u00edtico. Muito preocupado com&hellip; <\/p>\n","protected":false},"author":7,"featured_media":0,"comment_status":"open","ping_status":"open","sticky":false,"template":"","format":"standard","meta":{"_acf_changed":false,"footnotes":""},"categories":[1],"tags":[],"class_list":["post-137443","post","type-post","status-publish","format-standard","hentry","category-politica"],"acf":[],"yoast_head":"<!-- This site is optimized with the Yoast SEO plugin v27.4 - https:\/\/yoast.com\/product\/yoast-seo-wordpress\/ -->\n<title>CONVOCADO PELO PREFEITO JULIO LOSSIO, RICARDO ROCHA ASSUME NOVAS A\u00c7\u00d5ES DENTRO DO GOVERNO - Blog do Farn\u00e9sio<\/title>\n<meta name=\"robots\" content=\"index, follow, max-snippet:-1, max-image-preview:large, max-video-preview:-1\" \/>\n<link rel=\"canonical\" href=\"https:\/\/blogdofarnesio.com.br\/?p=137443\" \/>\n<meta property=\"og:locale\" content=\"pt_BR\" \/>\n<meta property=\"og:type\" content=\"article\" \/>\n<meta property=\"og:title\" content=\"CONVOCADO PELO PREFEITO JULIO LOSSIO, RICARDO ROCHA ASSUME NOVAS A\u00c7\u00d5ES DENTRO DO GOVERNO - Blog do Farn\u00e9sio\" \/>\n<meta property=\"og:description\" content=\"Integrante do Governo Julio Lossio desde os primeiros momentos de articula\u00e7\u00f5es pol\u00edticas na sua campanha, Ricardo Rocha que j\u00e1 passou pelo trabalho de estrutura\u00e7\u00e3o da limpeza p\u00fablica, assumiu a Secretaria de Infraestrutura e ajudou a implantar o programa de pavimenta\u00e7\u00e3o do munic\u00edpio, agora volta a contribuir com as articula\u00e7\u00f5es do partido convocado pelo Gestor Municipal. Segue nota de esclarecimento: \u201cO Prefeito me convocou, digo convoca\u00e7\u00e3o porque sou soldado. Ele chamou para ajudar na condu\u00e7\u00e3o da estrat\u00e9gia pol\u00edtica, afirmando ser importante lembrar que no in\u00edcio eu o ajudei, quando m\u00e9dico a organizar as primeiras filia\u00e7\u00f5es do PMDB, estruturando a\u00e7\u00f5es como a Esta\u00e7\u00e3o Sa\u00fade que faz\u00edamos nos bairros, levando o primeiro carro de som, enfim, atividades de cunho pol\u00edtico. Muito preocupado com&hellip;\" \/>\n<meta property=\"og:url\" content=\"https:\/\/blogdofarnesio.com.br\/?p=137443\" \/>\n<meta property=\"og:site_name\" content=\"Blog do Farn\u00e9sio\" \/>\n<meta property=\"article:publisher\" content=\"https:\/\/www.facebook.com\/BlogQuerSaberPolitica\/\" \/>\n<meta property=\"article:published_time\" content=\"2016-02-16T20:00:02+00:00\" \/>\n<meta property=\"og:image\" content=\"http:\/\/www.quersaberpolitica.com.br\/2016\/wp-content\/uploads\/2016\/02\/blogqsp-lossio-ricardo-300x180.jpg\" \/>\n<meta name=\"twitter:card\" content=\"summary_large_image\" \/>\n<meta name=\"twitter:label1\" content=\"Escrito por\" \/>\n\t<meta name=\"twitter:data1\" content=\"\" \/>\n\t<meta name=\"twitter:label2\" content=\"Est. tempo de leitura\" \/>\n\t<meta name=\"twitter:data2\" content=\"5 minutos\" \/>\n<script type=\"application\/ld+json\" class=\"yoast-schema-graph\">{\"@context\":\"https:\\\/\\\/schema.org\",\"@graph\":[{\"@type\":\"Article\",\"@id\":\"https:\\\/\\\/blogdofarnesio.com.br\\\/?p=137443#article\",\"isPartOf\":{\"@id\":\"https:\\\/\\\/blogdofarnesio.com.br\\\/?p=137443\"},\"author\":{\"name\":\"\",\"@id\":\"\"},\"headline\":\"CONVOCADO PELO PREFEITO JULIO LOSSIO, RICARDO ROCHA ASSUME NOVAS A\u00c7\u00d5ES DENTRO DO GOVERNO\",\"datePublished\":\"2016-02-16T20:00:02+00:00\",\"mainEntityOfPage\":{\"@id\":\"https:\\\/\\\/blogdofarnesio.com.br\\\/?p=137443\"},\"wordCount\":922,\"commentCount\":0,\"publisher\":{\"@id\":\"https:\\\/\\\/blogdofarnesio.com.br\\\/#organization\"},\"image\":{\"@id\":\"https:\\\/\\\/blogdofarnesio.com.br\\\/?p=137443#primaryimage\"},\"thumbnailUrl\":\"http:\\\/\\\/www.quersaberpolitica.com.br\\\/2016\\\/wp-content\\\/uploads\\\/2016\\\/02\\\/blogqsp-lossio-ricardo-300x180.jpg\",\"articleSection\":[\"Pol\u00edtica\"],\"inLanguage\":\"pt-BR\",\"potentialAction\":[{\"@type\":\"CommentAction\",\"name\":\"Comment\",\"target\":[\"https:\\\/\\\/blogdofarnesio.com.br\\\/?p=137443#respond\"]}]},{\"@type\":\"WebPage\",\"@id\":\"https:\\\/\\\/blogdofarnesio.com.br\\\/?p=137443\",\"url\":\"https:\\\/\\\/blogdofarnesio.com.br\\\/?p=137443\",\"name\":\"CONVOCADO PELO PREFEITO JULIO LOSSIO, RICARDO ROCHA ASSUME NOVAS A\u00c7\u00d5ES DENTRO DO GOVERNO - Blog do Farn\u00e9sio\",\"isPartOf\":{\"@id\":\"https:\\\/\\\/blogdofarnesio.com.br\\\/#website\"},\"primaryImageOfPage\":{\"@id\":\"https:\\\/\\\/blogdofarnesio.com.br\\\/?p=137443#primaryimage\"},\"image\":{\"@id\":\"https:\\\/\\\/blogdofarnesio.com.br\\\/?p=137443#primaryimage\"},\"thumbnailUrl\":\"http:\\\/\\\/www.quersaberpolitica.com.br\\\/2016\\\/wp-content\\\/uploads\\\/2016\\\/02\\\/blogqsp-lossio-ricardo-300x180.jpg\",\"datePublished\":\"2016-02-16T20:00:02+00:00\",\"breadcrumb\":{\"@id\":\"https:\\\/\\\/blogdofarnesio.com.br\\\/?p=137443#breadcrumb\"},\"inLanguage\":\"pt-BR\",\"potentialAction\":[{\"@type\":\"ReadAction\",\"target\":[\"https:\\\/\\\/blogdofarnesio.com.br\\\/?p=137443\"]}]},{\"@type\":\"ImageObject\",\"inLanguage\":\"pt-BR\",\"@id\":\"https:\\\/\\\/blogdofarnesio.com.br\\\/?p=137443#primaryimage\",\"url\":\"http:\\\/\\\/www.quersaberpolitica.com.br\\\/2016\\\/wp-content\\\/uploads\\\/2016\\\/02\\\/blogqsp-lossio-ricardo-300x180.jpg\",\"contentUrl\":\"http:\\\/\\\/www.quersaberpolitica.com.br\\\/2016\\\/wp-content\\\/uploads\\\/2016\\\/02\\\/blogqsp-lossio-ricardo-300x180.jpg\"},{\"@type\":\"BreadcrumbList\",\"@id\":\"https:\\\/\\\/blogdofarnesio.com.br\\\/?p=137443#breadcrumb\",\"itemListElement\":[{\"@type\":\"ListItem\",\"position\":1,\"name\":\"In\u00edcio\",\"item\":\"https:\\\/\\\/blogdofarnesio.com.br\\\/\"},{\"@type\":\"ListItem\",\"position\":2,\"name\":\"CONVOCADO PELO PREFEITO JULIO LOSSIO, RICARDO ROCHA ASSUME NOVAS A\u00c7\u00d5ES DENTRO DO GOVERNO\"}]},{\"@type\":\"WebSite\",\"@id\":\"https:\\\/\\\/blogdofarnesio.com.br\\\/#website\",\"url\":\"https:\\\/\\\/blogdofarnesio.com.br\\\/\",\"name\":\"Blog do Farn\u00e9sio\",\"description\":\"Quer Saber Pol\u00edtica?\",\"publisher\":{\"@id\":\"https:\\\/\\\/blogdofarnesio.com.br\\\/#organization\"},\"potentialAction\":[{\"@type\":\"SearchAction\",\"target\":{\"@type\":\"EntryPoint\",\"urlTemplate\":\"https:\\\/\\\/blogdofarnesio.com.br\\\/?s={search_term_string}\"},\"query-input\":{\"@type\":\"PropertyValueSpecification\",\"valueRequired\":true,\"valueName\":\"search_term_string\"}}],\"inLanguage\":\"pt-BR\"},{\"@type\":\"Organization\",\"@id\":\"https:\\\/\\\/blogdofarnesio.com.br\\\/#organization\",\"name\":\"Blog do Farn\u00e9sio\",\"url\":\"https:\\\/\\\/blogdofarnesio.com.br\\\/\",\"logo\":{\"@type\":\"ImageObject\",\"inLanguage\":\"pt-BR\",\"@id\":\"https:\\\/\\\/blogdofarnesio.com.br\\\/#\\\/schema\\\/logo\\\/image\\\/\",\"url\":\"https:\\\/\\\/blogdofarnesio.com.br\\\/wp-content\\\/uploads\\\/2026\\\/03\\\/cropped-logo_new-1.png\",\"contentUrl\":\"https:\\\/\\\/blogdofarnesio.com.br\\\/wp-content\\\/uploads\\\/2026\\\/03\\\/cropped-logo_new-1.png\",\"width\":881,\"height\":685,\"caption\":\"Blog do Farn\u00e9sio\"},\"image\":{\"@id\":\"https:\\\/\\\/blogdofarnesio.com.br\\\/#\\\/schema\\\/logo\\\/image\\\/\"},\"sameAs\":[\"https:\\\/\\\/www.facebook.com\\\/BlogQuerSaberPolitica\\\/\"]},{\"@type\":\"Person\",\"@id\":\"\",\"url\":\"https:\\\/\\\/blogdofarnesio.com.br\\\/?author=7\"}]}<\/script>\n<!-- \/ Yoast SEO plugin. -->","yoast_head_json":{"title":"CONVOCADO PELO PREFEITO JULIO LOSSIO, RICARDO ROCHA ASSUME NOVAS A\u00c7\u00d5ES DENTRO DO GOVERNO - Blog do Farn\u00e9sio","robots":{"index":"index","follow":"follow","max-snippet":"max-snippet:-1","max-image-preview":"max-image-preview:large","max-video-preview":"max-video-preview:-1"},"canonical":"https:\/\/blogdofarnesio.com.br\/?p=137443","og_locale":"pt_BR","og_type":"article","og_title":"CONVOCADO PELO PREFEITO JULIO LOSSIO, RICARDO ROCHA ASSUME NOVAS A\u00c7\u00d5ES DENTRO DO GOVERNO - Blog do Farn\u00e9sio","og_description":"Integrante do Governo Julio Lossio desde os primeiros momentos de articula\u00e7\u00f5es pol\u00edticas na sua campanha, Ricardo Rocha que j\u00e1 passou pelo trabalho de estrutura\u00e7\u00e3o da limpeza p\u00fablica, assumiu a Secretaria de Infraestrutura e ajudou a implantar o programa de pavimenta\u00e7\u00e3o do munic\u00edpio, agora volta a contribuir com as articula\u00e7\u00f5es do partido convocado pelo Gestor Municipal. Segue nota de esclarecimento: \u201cO Prefeito me convocou, digo convoca\u00e7\u00e3o porque sou soldado. Ele chamou para ajudar na condu\u00e7\u00e3o da estrat\u00e9gia pol\u00edtica, afirmando ser importante lembrar que no in\u00edcio eu o ajudei, quando m\u00e9dico a organizar as primeiras filia\u00e7\u00f5es do PMDB, estruturando a\u00e7\u00f5es como a Esta\u00e7\u00e3o Sa\u00fade que faz\u00edamos nos bairros, levando o primeiro carro de som, enfim, atividades de cunho pol\u00edtico. Muito preocupado com&hellip;","og_url":"https:\/\/blogdofarnesio.com.br\/?p=137443","og_site_name":"Blog do Farn\u00e9sio","article_publisher":"https:\/\/www.facebook.com\/BlogQuerSaberPolitica\/","article_published_time":"2016-02-16T20:00:02+00:00","og_image":[{"url":"http:\/\/www.quersaberpolitica.com.br\/2016\/wp-content\/uploads\/2016\/02\/blogqsp-lossio-ricardo-300x180.jpg","type":"","width":"","height":""}],"twitter_card":"summary_large_image","twitter_misc":{"Escrito por":"","Est. tempo de leitura":"5 minutos"},"schema":{"@context":"https:\/\/schema.org","@graph":[{"@type":"Article","@id":"https:\/\/blogdofarnesio.com.br\/?p=137443#article","isPartOf":{"@id":"https:\/\/blogdofarnesio.com.br\/?p=137443"},"author":{"name":"","@id":""},"headline":"CONVOCADO PELO PREFEITO JULIO LOSSIO, RICARDO ROCHA ASSUME NOVAS A\u00c7\u00d5ES DENTRO DO GOVERNO","datePublished":"2016-02-16T20:00:02+00:00","mainEntityOfPage":{"@id":"https:\/\/blogdofarnesio.com.br\/?p=137443"},"wordCount":922,"commentCount":0,"publisher":{"@id":"https:\/\/blogdofarnesio.com.br\/#organization"},"image":{"@id":"https:\/\/blogdofarnesio.com.br\/?p=137443#primaryimage"},"thumbnailUrl":"http:\/\/www.quersaberpolitica.com.br\/2016\/wp-content\/uploads\/2016\/02\/blogqsp-lossio-ricardo-300x180.jpg","articleSection":["Pol\u00edtica"],"inLanguage":"pt-BR","potentialAction":[{"@type":"CommentAction","name":"Comment","target":["https:\/\/blogdofarnesio.com.br\/?p=137443#respond"]}]},{"@type":"WebPage","@id":"https:\/\/blogdofarnesio.com.br\/?p=137443","url":"https:\/\/blogdofarnesio.com.br\/?p=137443","name":"CONVOCADO PELO PREFEITO JULIO LOSSIO, RICARDO ROCHA ASSUME NOVAS A\u00c7\u00d5ES DENTRO DO GOVERNO - Blog do Farn\u00e9sio","isPartOf":{"@id":"https:\/\/blogdofarnesio.com.br\/#website"},"primaryImageOfPage":{"@id":"https:\/\/blogdofarnesio.com.br\/?p=137443#primaryimage"},"image":{"@id":"https:\/\/blogdofarnesio.com.br\/?p=137443#primaryimage"},"thumbnailUrl":"http:\/\/www.quersaberpolitica.com.br\/2016\/wp-content\/uploads\/2016\/02\/blogqsp-lossio-ricardo-300x180.jpg","datePublished":"2016-02-16T20:00:02+00:00","breadcrumb":{"@id":"https:\/\/blogdofarnesio.com.br\/?p=137443#breadcrumb"},"inLanguage":"pt-BR","potentialAction":[{"@type":"ReadAction","target":["https:\/\/blogdofarnesio.com.br\/?p=137443"]}]},{"@type":"ImageObject","inLanguage":"pt-BR","@id":"https:\/\/blogdofarnesio.com.br\/?p=137443#primaryimage","url":"http:\/\/www.quersaberpolitica.com.br\/2016\/wp-content\/uploads\/2016\/02\/blogqsp-lossio-ricardo-300x180.jpg","contentUrl":"http:\/\/www.quersaberpolitica.com.br\/2016\/wp-content\/uploads\/2016\/02\/blogqsp-lossio-ricardo-300x180.jpg"},{"@type":"BreadcrumbList","@id":"https:\/\/blogdofarnesio.com.br\/?p=137443#breadcrumb","itemListElement":[{"@type":"ListItem","position":1,"name":"In\u00edcio","item":"https:\/\/blogdofarnesio.com.br\/"},{"@type":"ListItem","position":2,"name":"CONVOCADO PELO PREFEITO JULIO LOSSIO, RICARDO ROCHA ASSUME NOVAS A\u00c7\u00d5ES DENTRO DO GOVERNO"}]},{"@type":"WebSite","@id":"https:\/\/blogdofarnesio.com.br\/#website","url":"https:\/\/blogdofarnesio.com.br\/","name":"Blog do Farn\u00e9sio","description":"Quer Saber Pol\u00edtica?","publisher":{"@id":"https:\/\/blogdofarnesio.com.br\/#organization"},"potentialAction":[{"@type":"SearchAction","target":{"@type":"EntryPoint","urlTemplate":"https:\/\/blogdofarnesio.com.br\/?s={search_term_string}"},"query-input":{"@type":"PropertyValueSpecification","valueRequired":true,"valueName":"search_term_string"}}],"inLanguage":"pt-BR"},{"@type":"Organization","@id":"https:\/\/blogdofarnesio.com.br\/#organization","name":"Blog do Farn\u00e9sio","url":"https:\/\/blogdofarnesio.com.br\/","logo":{"@type":"ImageObject","inLanguage":"pt-BR","@id":"https:\/\/blogdofarnesio.com.br\/#\/schema\/logo\/image\/","url":"https:\/\/blogdofarnesio.com.br\/wp-content\/uploads\/2026\/03\/cropped-logo_new-1.png","contentUrl":"https:\/\/blogdofarnesio.com.br\/wp-content\/uploads\/2026\/03\/cropped-logo_new-1.png","width":881,"height":685,"caption":"Blog do Farn\u00e9sio"},"image":{"@id":"https:\/\/blogdofarnesio.com.br\/#\/schema\/logo\/image\/"},"sameAs":["https:\/\/www.facebook.com\/BlogQuerSaberPolitica\/"]},{"@type":"Person","@id":"","url":"https:\/\/blogdofarnesio.com.br\/?author=7"}]}},"_links":{"self":[{"href":"https:\/\/blogdofarnesio.com.br\/index.php?rest_route=\/wp\/v2\/posts\/137443","targetHints":{"allow":["GET"]}}],"collection":[{"href":"https:\/\/blogdofarnesio.com.br\/index.php?rest_route=\/wp\/v2\/posts"}],"about":[{"href":"https:\/\/blogdofarnesio.com.br\/index.php?rest_route=\/wp\/v2\/types\/post"}],"author":[{"embeddable":true,"href":"https:\/\/blogdofarnesio.com.br\/index.php?rest_route=\/wp\/v2\/users\/7"}],"replies":[{"embeddable":true,"href":"https:\/\/blogdofarnesio.com.br\/index.php?rest_route=%2Fwp%2Fv2%2Fcomments&post=137443"}],"version-history":[{"count":0,"href":"https:\/\/blogdofarnesio.com.br\/index.php?rest_route=\/wp\/v2\/posts\/137443\/revisions"}],"wp:attachment":[{"href":"https:\/\/blogdofarnesio.com.br\/index.php?rest_route=%2Fwp%2Fv2%2Fmedia&parent=137443"}],"wp:term":[{"taxonomy":"category","embeddable":true,"href":"https:\/\/blogdofarnesio.com.br\/index.php?rest_route=%2Fwp%2Fv2%2Fcategories&post=137443"},{"taxonomy":"post_tag","embeddable":true,"href":"https:\/\/blogdofarnesio.com.br\/index.php?rest_route=%2Fwp%2Fv2%2Ftags&post=137443"}],"curies":[{"name":"wp","href":"https:\/\/api.w.org\/{rel}","templated":true}]}}