{"id":137424,"date":"2016-02-16T15:20:49","date_gmt":"2016-02-16T18:20:49","guid":{"rendered":"http:\/\/www.quersaberpolitica.com.br\/?p=137424"},"modified":"2016-02-16T11:32:47","modified_gmt":"2016-02-16T14:32:47","slug":"marcelo-nilo-e-forrozeiros-vao-a-brasilia-apresentar-projeto-para-transformar-sao-joao-em-produto-turistico","status":"publish","type":"post","link":"https:\/\/blogdofarnesio.com.br\/2016\/02\/marcelo-nilo-e-forrozeiros-vao-a-brasilia-apresentar-projeto-para-transformar-sao-joao-em-produto-turistico\/","title":{"rendered":"MARCELO NILO E FORROZEIROS V\u00c3O A BRAS\u00cdLIA APRESENTAR PROJETO PARA TRANSFORMAR S\u00c3O JO\u00c3O EM PRODUTO TUR\u00cdSTICO"},"content":{"rendered":"<p style=\"text-align: justify\"><a href=\"http:\/\/www.quersaberpolitica.com.br\/2016\/wp-content\/uploads\/2016\/02\/blogqsp-marcelonilo-forrozeiros.jpg\"><img loading=\"lazy\" decoding=\"async\" class=\"aligncenter wp-image-137425\" src=\"http:\/\/www.quersaberpolitica.com.br\/2016\/wp-content\/uploads\/2016\/02\/blogqsp-marcelonilo-forrozeiros-300x200.jpg\" alt=\"blogqsp-marcelonilo-forrozeiros\" width=\"400\" height=\"266\" srcset=\"https:\/\/blogdofarnesio.com.br\/wp-content\/uploads\/2016\/02\/blogqsp-marcelonilo-forrozeiros-300x200.jpg 300w, https:\/\/blogdofarnesio.com.br\/wp-content\/uploads\/2016\/02\/blogqsp-marcelonilo-forrozeiros.jpg 448w\" sizes=\"auto, (max-width: 400px) 100vw, 400px\" \/><\/a><\/p>\n<p style=\"text-align: justify\">Amanh\u00e3\u00a0(17) o presidente da Assembleia Legislativa da Bahia, dep. Marcelo Nilo vai at\u00e9 Bras\u00edlia para um encontro com o ministro do turismo Henrique Alves. A pauta da reuni\u00e3o \u00e9 apresentar um projeto que torna o S\u00e3o Jo\u00e3o do nordeste um produto tur\u00edstico de inverno capaz de atrair visitantes de todo o pa\u00eds e gerar emprego e renda para a popula\u00e7\u00e3o.<\/p>\n<p style=\"text-align: justify\">Tamb\u00e9m v\u00e3o participar do encontro artistas baianos e de outros estados do nordeste. J\u00e1 confirmaram presen\u00e7a os cantores Alcymar Monteiro, Fl\u00e1vio Leandro, Fl\u00e1vio Jos\u00e9, Petrucio Amorim, Nadia Maia, Ir\u00e1 Caldeira, Cristina Amaral, Chambinho, Genival Lacerda, F\u00e1bio Carneirinho, Waldonys\u00a0, Frank Aguiar, Geraldo Cardoso, Sandro Becker, Petr\u00facio Amorim, os grupos de forr\u00f3 Falamansa\u00a0, Bicho de P\u00e9 e\u00a0 Estakazero, e ainda os cantores Zelito Miranda, Carlos Pitta, Nando Cordel, Geraldo Azevedo, Amorosa, Tom Oliveira, Targino Gondim, Joquinha Gonzaga, Os Nonatos, Anast\u00e1cia e Adelm\u00e1rio Coelho.<\/p>\n<p style=\"text-align: justify\">Para intermediar a conversa tamb\u00e9m foi formada uma comitiva de deputados baianos e cearenses. Da Bahia estar\u00e3o presentes os deputados federais Daniel Almeida, Moema Gramacho, Alice Portugal, Valmir Assun\u00e7\u00e3o e Caetano.<\/p>\n<p style=\"text-align: justify\"><!--more--><\/p>\n<p style=\"text-align: justify\">Do Cear\u00e1 tamb\u00e9m confirmaram presen\u00e7a os deputados Federais Jos\u00e9 Guimar\u00e3es, Jos\u00e9 Arnon, R\u00f4mulo Gouveia, Woney Queiroz, al\u00e9m da secret\u00e1ria de cultura de Juazeiro do Norte, Marli Sobreira e o secret\u00e1rio do gabinete do governador do Cear\u00e1 Fernando Santana.<\/p>\n<p style=\"text-align: justify\">O projeto S\u00e3o Jo\u00e3o do Brasil visa dimensionar as festas juninas do nordeste como um novo produto tur\u00edstico para o inverno brasileiro e suas poss\u00edveis proje\u00e7\u00f5es nos mercados nacional e internacional. O objetivo \u00e9 tamb\u00e9m, a m\u00e9dio prazo dar ao S\u00e3o Jo\u00e3o \u201cstatus\u201d semelhante ao carnaval e unir culturalmente o Brasil com um produto tur\u00edstico que abrange todas as classes, todas as faixas et\u00e1rias e todas as regi\u00f5es do pa\u00eds.<\/p>\n<p style=\"text-align: justify\"><em>Ascom<\/em><\/p>\n","protected":false},"excerpt":{"rendered":"<p>Amanh\u00e3\u00a0(17) o presidente da Assembleia Legislativa da Bahia, dep. Marcelo Nilo vai at\u00e9 Bras\u00edlia para um encontro com o ministro do turismo Henrique Alves. A pauta da reuni\u00e3o \u00e9 apresentar um projeto que torna o S\u00e3o Jo\u00e3o do nordeste um produto tur\u00edstico de inverno capaz de atrair visitantes de todo o pa\u00eds e gerar emprego e renda para a popula\u00e7\u00e3o. Tamb\u00e9m v\u00e3o participar do encontro artistas baianos e de outros estados do nordeste. J\u00e1 confirmaram presen\u00e7a os cantores Alcymar Monteiro, Fl\u00e1vio Leandro, Fl\u00e1vio Jos\u00e9, Petrucio Amorim, Nadia Maia, Ir\u00e1 Caldeira, Cristina Amaral, Chambinho, Genival Lacerda, F\u00e1bio Carneirinho, Waldonys\u00a0, Frank Aguiar, Geraldo Cardoso, Sandro Becker, Petr\u00facio Amorim, os grupos de forr\u00f3 Falamansa\u00a0, Bicho de P\u00e9 e\u00a0 Estakazero, e ainda os cantores&hellip; <\/p>\n","protected":false},"author":7,"featured_media":0,"comment_status":"open","ping_status":"open","sticky":false,"template":"","format":"standard","meta":{"_acf_changed":false,"footnotes":""},"categories":[1],"tags":[],"class_list":["post-137424","post","type-post","status-publish","format-standard","hentry","category-politica"],"acf":[],"yoast_head":"<!-- This site is optimized with the Yoast SEO plugin v27.5 - https:\/\/yoast.com\/product\/yoast-seo-wordpress\/ -->\n<title>MARCELO NILO E FORROZEIROS V\u00c3O A BRAS\u00cdLIA APRESENTAR PROJETO PARA TRANSFORMAR S\u00c3O JO\u00c3O EM PRODUTO TUR\u00cdSTICO - Blog do Farn\u00e9sio<\/title>\n<meta name=\"robots\" content=\"index, follow, max-snippet:-1, max-image-preview:large, max-video-preview:-1\" \/>\n<link rel=\"canonical\" href=\"https:\/\/blogdofarnesio.com.br\/2016\/02\/marcelo-nilo-e-forrozeiros-vao-a-brasilia-apresentar-projeto-para-transformar-sao-joao-em-produto-turistico\/\" \/>\n<meta property=\"og:locale\" content=\"pt_BR\" \/>\n<meta property=\"og:type\" content=\"article\" \/>\n<meta property=\"og:title\" content=\"MARCELO NILO E FORROZEIROS V\u00c3O A BRAS\u00cdLIA APRESENTAR PROJETO PARA TRANSFORMAR S\u00c3O JO\u00c3O EM PRODUTO TUR\u00cdSTICO - Blog do Farn\u00e9sio\" \/>\n<meta property=\"og:description\" content=\"Amanh\u00e3\u00a0(17) o presidente da Assembleia Legislativa da Bahia, dep. Marcelo Nilo vai at\u00e9 Bras\u00edlia para um encontro com o ministro do turismo Henrique Alves. A pauta da reuni\u00e3o \u00e9 apresentar um projeto que torna o S\u00e3o Jo\u00e3o do nordeste um produto tur\u00edstico de inverno capaz de atrair visitantes de todo o pa\u00eds e gerar emprego e renda para a popula\u00e7\u00e3o. Tamb\u00e9m v\u00e3o participar do encontro artistas baianos e de outros estados do nordeste. J\u00e1 confirmaram presen\u00e7a os cantores Alcymar Monteiro, Fl\u00e1vio Leandro, Fl\u00e1vio Jos\u00e9, Petrucio Amorim, Nadia Maia, Ir\u00e1 Caldeira, Cristina Amaral, Chambinho, Genival Lacerda, F\u00e1bio Carneirinho, Waldonys\u00a0, Frank Aguiar, Geraldo Cardoso, Sandro Becker, Petr\u00facio Amorim, os grupos de forr\u00f3 Falamansa\u00a0, Bicho de P\u00e9 e\u00a0 Estakazero, e ainda os cantores&hellip;\" \/>\n<meta property=\"og:url\" content=\"https:\/\/blogdofarnesio.com.br\/2016\/02\/marcelo-nilo-e-forrozeiros-vao-a-brasilia-apresentar-projeto-para-transformar-sao-joao-em-produto-turistico\/\" \/>\n<meta property=\"og:site_name\" content=\"Blog do Farn\u00e9sio\" \/>\n<meta property=\"article:publisher\" content=\"https:\/\/www.facebook.com\/BlogQuerSaberPolitica\/\" \/>\n<meta property=\"article:published_time\" content=\"2016-02-16T18:20:49+00:00\" \/>\n<meta property=\"og:image\" content=\"http:\/\/www.quersaberpolitica.com.br\/2016\/wp-content\/uploads\/2016\/02\/blogqsp-marcelonilo-forrozeiros-300x200.jpg\" \/>\n<meta name=\"twitter:card\" content=\"summary_large_image\" \/>\n<meta name=\"twitter:label1\" content=\"Escrito por\" \/>\n\t<meta name=\"twitter:data1\" content=\"\" \/>\n\t<meta name=\"twitter:label2\" content=\"Est. tempo de leitura\" \/>\n\t<meta name=\"twitter:data2\" content=\"2 minutos\" \/>\n<script type=\"application\/ld+json\" class=\"yoast-schema-graph\">{\"@context\":\"https:\\\/\\\/schema.org\",\"@graph\":[{\"@type\":\"Article\",\"@id\":\"https:\\\/\\\/blogdofarnesio.com.br\\\/2016\\\/02\\\/marcelo-nilo-e-forrozeiros-vao-a-brasilia-apresentar-projeto-para-transformar-sao-joao-em-produto-turistico\\\/#article\",\"isPartOf\":{\"@id\":\"https:\\\/\\\/blogdofarnesio.com.br\\\/2016\\\/02\\\/marcelo-nilo-e-forrozeiros-vao-a-brasilia-apresentar-projeto-para-transformar-sao-joao-em-produto-turistico\\\/\"},\"author\":{\"name\":\"\",\"@id\":\"\"},\"headline\":\"MARCELO NILO E FORROZEIROS V\u00c3O A BRAS\u00cdLIA APRESENTAR PROJETO PARA TRANSFORMAR S\u00c3O JO\u00c3O EM PRODUTO TUR\u00cdSTICO\",\"datePublished\":\"2016-02-16T18:20:49+00:00\",\"mainEntityOfPage\":{\"@id\":\"https:\\\/\\\/blogdofarnesio.com.br\\\/2016\\\/02\\\/marcelo-nilo-e-forrozeiros-vao-a-brasilia-apresentar-projeto-para-transformar-sao-joao-em-produto-turistico\\\/\"},\"wordCount\":339,\"commentCount\":0,\"publisher\":{\"@id\":\"https:\\\/\\\/blogdofarnesio.com.br\\\/#organization\"},\"image\":{\"@id\":\"https:\\\/\\\/blogdofarnesio.com.br\\\/2016\\\/02\\\/marcelo-nilo-e-forrozeiros-vao-a-brasilia-apresentar-projeto-para-transformar-sao-joao-em-produto-turistico\\\/#primaryimage\"},\"thumbnailUrl\":\"http:\\\/\\\/www.quersaberpolitica.com.br\\\/2016\\\/wp-content\\\/uploads\\\/2016\\\/02\\\/blogqsp-marcelonilo-forrozeiros-300x200.jpg\",\"articleSection\":[\"Pol\u00edtica\"],\"inLanguage\":\"pt-BR\",\"potentialAction\":[{\"@type\":\"CommentAction\",\"name\":\"Comment\",\"target\":[\"https:\\\/\\\/blogdofarnesio.com.br\\\/2016\\\/02\\\/marcelo-nilo-e-forrozeiros-vao-a-brasilia-apresentar-projeto-para-transformar-sao-joao-em-produto-turistico\\\/#respond\"]}]},{\"@type\":\"WebPage\",\"@id\":\"https:\\\/\\\/blogdofarnesio.com.br\\\/2016\\\/02\\\/marcelo-nilo-e-forrozeiros-vao-a-brasilia-apresentar-projeto-para-transformar-sao-joao-em-produto-turistico\\\/\",\"url\":\"https:\\\/\\\/blogdofarnesio.com.br\\\/2016\\\/02\\\/marcelo-nilo-e-forrozeiros-vao-a-brasilia-apresentar-projeto-para-transformar-sao-joao-em-produto-turistico\\\/\",\"name\":\"MARCELO NILO E FORROZEIROS V\u00c3O A BRAS\u00cdLIA APRESENTAR PROJETO PARA TRANSFORMAR S\u00c3O JO\u00c3O EM PRODUTO TUR\u00cdSTICO - Blog do Farn\u00e9sio\",\"isPartOf\":{\"@id\":\"https:\\\/\\\/blogdofarnesio.com.br\\\/#website\"},\"primaryImageOfPage\":{\"@id\":\"https:\\\/\\\/blogdofarnesio.com.br\\\/2016\\\/02\\\/marcelo-nilo-e-forrozeiros-vao-a-brasilia-apresentar-projeto-para-transformar-sao-joao-em-produto-turistico\\\/#primaryimage\"},\"image\":{\"@id\":\"https:\\\/\\\/blogdofarnesio.com.br\\\/2016\\\/02\\\/marcelo-nilo-e-forrozeiros-vao-a-brasilia-apresentar-projeto-para-transformar-sao-joao-em-produto-turistico\\\/#primaryimage\"},\"thumbnailUrl\":\"http:\\\/\\\/www.quersaberpolitica.com.br\\\/2016\\\/wp-content\\\/uploads\\\/2016\\\/02\\\/blogqsp-marcelonilo-forrozeiros-300x200.jpg\",\"datePublished\":\"2016-02-16T18:20:49+00:00\",\"breadcrumb\":{\"@id\":\"https:\\\/\\\/blogdofarnesio.com.br\\\/2016\\\/02\\\/marcelo-nilo-e-forrozeiros-vao-a-brasilia-apresentar-projeto-para-transformar-sao-joao-em-produto-turistico\\\/#breadcrumb\"},\"inLanguage\":\"pt-BR\",\"potentialAction\":[{\"@type\":\"ReadAction\",\"target\":[\"https:\\\/\\\/blogdofarnesio.com.br\\\/2016\\\/02\\\/marcelo-nilo-e-forrozeiros-vao-a-brasilia-apresentar-projeto-para-transformar-sao-joao-em-produto-turistico\\\/\"]}]},{\"@type\":\"ImageObject\",\"inLanguage\":\"pt-BR\",\"@id\":\"https:\\\/\\\/blogdofarnesio.com.br\\\/2016\\\/02\\\/marcelo-nilo-e-forrozeiros-vao-a-brasilia-apresentar-projeto-para-transformar-sao-joao-em-produto-turistico\\\/#primaryimage\",\"url\":\"http:\\\/\\\/www.quersaberpolitica.com.br\\\/2016\\\/wp-content\\\/uploads\\\/2016\\\/02\\\/blogqsp-marcelonilo-forrozeiros-300x200.jpg\",\"contentUrl\":\"http:\\\/\\\/www.quersaberpolitica.com.br\\\/2016\\\/wp-content\\\/uploads\\\/2016\\\/02\\\/blogqsp-marcelonilo-forrozeiros-300x200.jpg\"},{\"@type\":\"BreadcrumbList\",\"@id\":\"https:\\\/\\\/blogdofarnesio.com.br\\\/2016\\\/02\\\/marcelo-nilo-e-forrozeiros-vao-a-brasilia-apresentar-projeto-para-transformar-sao-joao-em-produto-turistico\\\/#breadcrumb\",\"itemListElement\":[{\"@type\":\"ListItem\",\"position\":1,\"name\":\"In\u00edcio\",\"item\":\"https:\\\/\\\/blogdofarnesio.com.br\\\/\"},{\"@type\":\"ListItem\",\"position\":2,\"name\":\"MARCELO NILO E FORROZEIROS V\u00c3O A BRAS\u00cdLIA APRESENTAR PROJETO PARA TRANSFORMAR S\u00c3O JO\u00c3O EM PRODUTO TUR\u00cdSTICO\"}]},{\"@type\":\"WebSite\",\"@id\":\"https:\\\/\\\/blogdofarnesio.com.br\\\/#website\",\"url\":\"https:\\\/\\\/blogdofarnesio.com.br\\\/\",\"name\":\"Blog do Farn\u00e9sio\",\"description\":\"Quer Saber Pol\u00edtica?\",\"publisher\":{\"@id\":\"https:\\\/\\\/blogdofarnesio.com.br\\\/#organization\"},\"potentialAction\":[{\"@type\":\"SearchAction\",\"target\":{\"@type\":\"EntryPoint\",\"urlTemplate\":\"https:\\\/\\\/blogdofarnesio.com.br\\\/?s={search_term_string}\"},\"query-input\":{\"@type\":\"PropertyValueSpecification\",\"valueRequired\":true,\"valueName\":\"search_term_string\"}}],\"inLanguage\":\"pt-BR\"},{\"@type\":\"Organization\",\"@id\":\"https:\\\/\\\/blogdofarnesio.com.br\\\/#organization\",\"name\":\"Blog do Farn\u00e9sio\",\"url\":\"https:\\\/\\\/blogdofarnesio.com.br\\\/\",\"logo\":{\"@type\":\"ImageObject\",\"inLanguage\":\"pt-BR\",\"@id\":\"https:\\\/\\\/blogdofarnesio.com.br\\\/#\\\/schema\\\/logo\\\/image\\\/\",\"url\":\"https:\\\/\\\/blogdofarnesio.com.br\\\/wp-content\\\/uploads\\\/2026\\\/03\\\/cropped-logo_new-1.png\",\"contentUrl\":\"https:\\\/\\\/blogdofarnesio.com.br\\\/wp-content\\\/uploads\\\/2026\\\/03\\\/cropped-logo_new-1.png\",\"width\":881,\"height\":685,\"caption\":\"Blog do Farn\u00e9sio\"},\"image\":{\"@id\":\"https:\\\/\\\/blogdofarnesio.com.br\\\/#\\\/schema\\\/logo\\\/image\\\/\"},\"sameAs\":[\"https:\\\/\\\/www.facebook.com\\\/BlogQuerSaberPolitica\\\/\"]},{\"@type\":\"Person\",\"@id\":\"\",\"url\":\"https:\\\/\\\/blogdofarnesio.com.br\\\/author\\\/\"}]}<\/script>\n<!-- \/ Yoast SEO plugin. -->","yoast_head_json":{"title":"MARCELO NILO E FORROZEIROS V\u00c3O A BRAS\u00cdLIA APRESENTAR PROJETO PARA TRANSFORMAR S\u00c3O JO\u00c3O EM PRODUTO TUR\u00cdSTICO - Blog do Farn\u00e9sio","robots":{"index":"index","follow":"follow","max-snippet":"max-snippet:-1","max-image-preview":"max-image-preview:large","max-video-preview":"max-video-preview:-1"},"canonical":"https:\/\/blogdofarnesio.com.br\/2016\/02\/marcelo-nilo-e-forrozeiros-vao-a-brasilia-apresentar-projeto-para-transformar-sao-joao-em-produto-turistico\/","og_locale":"pt_BR","og_type":"article","og_title":"MARCELO NILO E FORROZEIROS V\u00c3O A BRAS\u00cdLIA APRESENTAR PROJETO PARA TRANSFORMAR S\u00c3O JO\u00c3O EM PRODUTO TUR\u00cdSTICO - Blog do Farn\u00e9sio","og_description":"Amanh\u00e3\u00a0(17) o presidente da Assembleia Legislativa da Bahia, dep. Marcelo Nilo vai at\u00e9 Bras\u00edlia para um encontro com o ministro do turismo Henrique Alves. A pauta da reuni\u00e3o \u00e9 apresentar um projeto que torna o S\u00e3o Jo\u00e3o do nordeste um produto tur\u00edstico de inverno capaz de atrair visitantes de todo o pa\u00eds e gerar emprego e renda para a popula\u00e7\u00e3o. Tamb\u00e9m v\u00e3o participar do encontro artistas baianos e de outros estados do nordeste. J\u00e1 confirmaram presen\u00e7a os cantores Alcymar Monteiro, Fl\u00e1vio Leandro, Fl\u00e1vio Jos\u00e9, Petrucio Amorim, Nadia Maia, Ir\u00e1 Caldeira, Cristina Amaral, Chambinho, Genival Lacerda, F\u00e1bio Carneirinho, Waldonys\u00a0, Frank Aguiar, Geraldo Cardoso, Sandro Becker, Petr\u00facio Amorim, os grupos de forr\u00f3 Falamansa\u00a0, Bicho de P\u00e9 e\u00a0 Estakazero, e ainda os cantores&hellip;","og_url":"https:\/\/blogdofarnesio.com.br\/2016\/02\/marcelo-nilo-e-forrozeiros-vao-a-brasilia-apresentar-projeto-para-transformar-sao-joao-em-produto-turistico\/","og_site_name":"Blog do Farn\u00e9sio","article_publisher":"https:\/\/www.facebook.com\/BlogQuerSaberPolitica\/","article_published_time":"2016-02-16T18:20:49+00:00","og_image":[{"url":"http:\/\/www.quersaberpolitica.com.br\/2016\/wp-content\/uploads\/2016\/02\/blogqsp-marcelonilo-forrozeiros-300x200.jpg","type":"","width":"","height":""}],"twitter_card":"summary_large_image","twitter_misc":{"Escrito por":"","Est. tempo de leitura":"2 minutos"},"schema":{"@context":"https:\/\/schema.org","@graph":[{"@type":"Article","@id":"https:\/\/blogdofarnesio.com.br\/2016\/02\/marcelo-nilo-e-forrozeiros-vao-a-brasilia-apresentar-projeto-para-transformar-sao-joao-em-produto-turistico\/#article","isPartOf":{"@id":"https:\/\/blogdofarnesio.com.br\/2016\/02\/marcelo-nilo-e-forrozeiros-vao-a-brasilia-apresentar-projeto-para-transformar-sao-joao-em-produto-turistico\/"},"author":{"name":"","@id":""},"headline":"MARCELO NILO E FORROZEIROS V\u00c3O A BRAS\u00cdLIA APRESENTAR PROJETO PARA TRANSFORMAR S\u00c3O JO\u00c3O EM PRODUTO TUR\u00cdSTICO","datePublished":"2016-02-16T18:20:49+00:00","mainEntityOfPage":{"@id":"https:\/\/blogdofarnesio.com.br\/2016\/02\/marcelo-nilo-e-forrozeiros-vao-a-brasilia-apresentar-projeto-para-transformar-sao-joao-em-produto-turistico\/"},"wordCount":339,"commentCount":0,"publisher":{"@id":"https:\/\/blogdofarnesio.com.br\/#organization"},"image":{"@id":"https:\/\/blogdofarnesio.com.br\/2016\/02\/marcelo-nilo-e-forrozeiros-vao-a-brasilia-apresentar-projeto-para-transformar-sao-joao-em-produto-turistico\/#primaryimage"},"thumbnailUrl":"http:\/\/www.quersaberpolitica.com.br\/2016\/wp-content\/uploads\/2016\/02\/blogqsp-marcelonilo-forrozeiros-300x200.jpg","articleSection":["Pol\u00edtica"],"inLanguage":"pt-BR","potentialAction":[{"@type":"CommentAction","name":"Comment","target":["https:\/\/blogdofarnesio.com.br\/2016\/02\/marcelo-nilo-e-forrozeiros-vao-a-brasilia-apresentar-projeto-para-transformar-sao-joao-em-produto-turistico\/#respond"]}]},{"@type":"WebPage","@id":"https:\/\/blogdofarnesio.com.br\/2016\/02\/marcelo-nilo-e-forrozeiros-vao-a-brasilia-apresentar-projeto-para-transformar-sao-joao-em-produto-turistico\/","url":"https:\/\/blogdofarnesio.com.br\/2016\/02\/marcelo-nilo-e-forrozeiros-vao-a-brasilia-apresentar-projeto-para-transformar-sao-joao-em-produto-turistico\/","name":"MARCELO NILO E FORROZEIROS V\u00c3O A BRAS\u00cdLIA APRESENTAR PROJETO PARA TRANSFORMAR S\u00c3O JO\u00c3O EM PRODUTO TUR\u00cdSTICO - Blog do Farn\u00e9sio","isPartOf":{"@id":"https:\/\/blogdofarnesio.com.br\/#website"},"primaryImageOfPage":{"@id":"https:\/\/blogdofarnesio.com.br\/2016\/02\/marcelo-nilo-e-forrozeiros-vao-a-brasilia-apresentar-projeto-para-transformar-sao-joao-em-produto-turistico\/#primaryimage"},"image":{"@id":"https:\/\/blogdofarnesio.com.br\/2016\/02\/marcelo-nilo-e-forrozeiros-vao-a-brasilia-apresentar-projeto-para-transformar-sao-joao-em-produto-turistico\/#primaryimage"},"thumbnailUrl":"http:\/\/www.quersaberpolitica.com.br\/2016\/wp-content\/uploads\/2016\/02\/blogqsp-marcelonilo-forrozeiros-300x200.jpg","datePublished":"2016-02-16T18:20:49+00:00","breadcrumb":{"@id":"https:\/\/blogdofarnesio.com.br\/2016\/02\/marcelo-nilo-e-forrozeiros-vao-a-brasilia-apresentar-projeto-para-transformar-sao-joao-em-produto-turistico\/#breadcrumb"},"inLanguage":"pt-BR","potentialAction":[{"@type":"ReadAction","target":["https:\/\/blogdofarnesio.com.br\/2016\/02\/marcelo-nilo-e-forrozeiros-vao-a-brasilia-apresentar-projeto-para-transformar-sao-joao-em-produto-turistico\/"]}]},{"@type":"ImageObject","inLanguage":"pt-BR","@id":"https:\/\/blogdofarnesio.com.br\/2016\/02\/marcelo-nilo-e-forrozeiros-vao-a-brasilia-apresentar-projeto-para-transformar-sao-joao-em-produto-turistico\/#primaryimage","url":"http:\/\/www.quersaberpolitica.com.br\/2016\/wp-content\/uploads\/2016\/02\/blogqsp-marcelonilo-forrozeiros-300x200.jpg","contentUrl":"http:\/\/www.quersaberpolitica.com.br\/2016\/wp-content\/uploads\/2016\/02\/blogqsp-marcelonilo-forrozeiros-300x200.jpg"},{"@type":"BreadcrumbList","@id":"https:\/\/blogdofarnesio.com.br\/2016\/02\/marcelo-nilo-e-forrozeiros-vao-a-brasilia-apresentar-projeto-para-transformar-sao-joao-em-produto-turistico\/#breadcrumb","itemListElement":[{"@type":"ListItem","position":1,"name":"In\u00edcio","item":"https:\/\/blogdofarnesio.com.br\/"},{"@type":"ListItem","position":2,"name":"MARCELO NILO E FORROZEIROS V\u00c3O A BRAS\u00cdLIA APRESENTAR PROJETO PARA TRANSFORMAR S\u00c3O JO\u00c3O EM PRODUTO TUR\u00cdSTICO"}]},{"@type":"WebSite","@id":"https:\/\/blogdofarnesio.com.br\/#website","url":"https:\/\/blogdofarnesio.com.br\/","name":"Blog do Farn\u00e9sio","description":"Quer Saber Pol\u00edtica?","publisher":{"@id":"https:\/\/blogdofarnesio.com.br\/#organization"},"potentialAction":[{"@type":"SearchAction","target":{"@type":"EntryPoint","urlTemplate":"https:\/\/blogdofarnesio.com.br\/?s={search_term_string}"},"query-input":{"@type":"PropertyValueSpecification","valueRequired":true,"valueName":"search_term_string"}}],"inLanguage":"pt-BR"},{"@type":"Organization","@id":"https:\/\/blogdofarnesio.com.br\/#organization","name":"Blog do Farn\u00e9sio","url":"https:\/\/blogdofarnesio.com.br\/","logo":{"@type":"ImageObject","inLanguage":"pt-BR","@id":"https:\/\/blogdofarnesio.com.br\/#\/schema\/logo\/image\/","url":"https:\/\/blogdofarnesio.com.br\/wp-content\/uploads\/2026\/03\/cropped-logo_new-1.png","contentUrl":"https:\/\/blogdofarnesio.com.br\/wp-content\/uploads\/2026\/03\/cropped-logo_new-1.png","width":881,"height":685,"caption":"Blog do Farn\u00e9sio"},"image":{"@id":"https:\/\/blogdofarnesio.com.br\/#\/schema\/logo\/image\/"},"sameAs":["https:\/\/www.facebook.com\/BlogQuerSaberPolitica\/"]},{"@type":"Person","@id":"","url":"https:\/\/blogdofarnesio.com.br\/author\/"}]}},"_links":{"self":[{"href":"https:\/\/blogdofarnesio.com.br\/wp-json\/wp\/v2\/posts\/137424","targetHints":{"allow":["GET"]}}],"collection":[{"href":"https:\/\/blogdofarnesio.com.br\/wp-json\/wp\/v2\/posts"}],"about":[{"href":"https:\/\/blogdofarnesio.com.br\/wp-json\/wp\/v2\/types\/post"}],"author":[{"embeddable":true,"href":"https:\/\/blogdofarnesio.com.br\/wp-json\/wp\/v2\/users\/7"}],"replies":[{"embeddable":true,"href":"https:\/\/blogdofarnesio.com.br\/wp-json\/wp\/v2\/comments?post=137424"}],"version-history":[{"count":0,"href":"https:\/\/blogdofarnesio.com.br\/wp-json\/wp\/v2\/posts\/137424\/revisions"}],"wp:attachment":[{"href":"https:\/\/blogdofarnesio.com.br\/wp-json\/wp\/v2\/media?parent=137424"}],"wp:term":[{"taxonomy":"category","embeddable":true,"href":"https:\/\/blogdofarnesio.com.br\/wp-json\/wp\/v2\/categories?post=137424"},{"taxonomy":"post_tag","embeddable":true,"href":"https:\/\/blogdofarnesio.com.br\/wp-json\/wp\/v2\/tags?post=137424"}],"curies":[{"name":"wp","href":"https:\/\/api.w.org\/{rel}","templated":true}]}}