{"id":137418,"date":"2016-02-16T15:00:09","date_gmt":"2016-02-16T18:00:09","guid":{"rendered":"http:\/\/www.quersaberpolitica.com.br\/?p=137418"},"modified":"2016-02-16T11:40:59","modified_gmt":"2016-02-16T14:40:59","slug":"pais-de-beatriz-emitem-nota-oficial-sobre-alguns-comentarios-veiculados-pelos-meios-de-comunicacao-e-pelas-redes-sociais","status":"publish","type":"post","link":"https:\/\/blogdofarnesio.com.br\/?p=137418","title":{"rendered":"PAIS DE BEATRIZ EMITEM NOTA OFICIAL E DIZEM QUE N\u00c3O COMPACTUAM COM ATAQUES AO COL\u00c9GIO MARIA AUXILIADORA"},"content":{"rendered":"<p style=\"text-align: justify\"><a href=\"http:\/\/www.quersaberpolitica.com.br\/2016\/wp-content\/uploads\/2016\/02\/blogqsp-paisdebeatriz1.jpg\"><img loading=\"lazy\" decoding=\"async\" class=\"aligncenter wp-image-137232\" src=\"http:\/\/www.quersaberpolitica.com.br\/2016\/wp-content\/uploads\/2016\/02\/blogqsp-paisdebeatriz1-300x225.jpg\" alt=\"blogqsp-paisdebeatriz\" width=\"400\" height=\"300\" srcset=\"https:\/\/blogdofarnesio.com.br\/wp-content\/uploads\/2016\/02\/blogqsp-paisdebeatriz1-300x225.jpg 300w, https:\/\/blogdofarnesio.com.br\/wp-content\/uploads\/2016\/02\/blogqsp-paisdebeatriz1-400x300.jpg 400w, https:\/\/blogdofarnesio.com.br\/wp-content\/uploads\/2016\/02\/blogqsp-paisdebeatriz1.jpg 448w\" sizes=\"auto, (max-width: 400px) 100vw, 400px\" \/><\/a><\/p>\n<p style=\"text-align: justify\">A fam\u00edlia de Beatriz Ang\u00e9lica Mota aqui representada por Sandro Romilton Ferreira da Silva e Maria L\u00facia Mota da Silva, seus pais, vem atrav\u00e9s desta nota se posicionar a respeito do cunho pol\u00edtico e religioso de alguns coment\u00e1rios veiculados pelos meios de comunica\u00e7\u00e3o e pelas redes sociais.<\/p>\n<p style=\"text-align: justify\">1 \u2013 N\u00e3o compactuamos com nenhum ataque a Institui\u00e7\u00e3o \u201cCol\u00e9gio Nossa Senhora Auxiliadora\u201d, pois reconhecemos o seu valor e a sua import\u00e2ncia para as cidades de Petrolina\/PE e Juazeiro\/BA na educa\u00e7\u00e3o das suas crian\u00e7as, adolescentes e jovens. Temos a perfeita consci\u00eancia que as falhas que existiram na seguran\u00e7a do evento, onde nossa amada filha foi covarde e brutalmente assassinada, s\u00e3o humanas, e que as responsabilidades dos envolvidos ser\u00e3o apuradas pelo \u00f3rg\u00e3o competente, sendo esse um desejo da fam\u00edlia e, certamente, da Institui\u00e7\u00e3o. O que pleiteamos, apenas, foi o engajamento da Institui\u00e7\u00e3o na luta para se descobrir o(s) culpado(s) e cobrar celeridade aos poderes constitu\u00eddos. Desta forma, nenhum ataque a imagem da institui\u00e7\u00e3o de ensino \u201cCol\u00e9gio Nossa Senhora Auxiliadora\u201d partiu ou partir\u00e1 de nosso n\u00facleo familiar;<\/p>\n<p style=\"text-align: justify\">2 \u2013 O nosso n\u00facleo familiar tamb\u00e9m n\u00e3o compactua com qualquer posi\u00e7\u00e3o pol\u00edtico\/partid\u00e1ria de car\u00e1ter ideol\u00f3gico, quanto \u00e0 atua\u00e7\u00e3o da Pol\u00edcia Civil de Pernambuco. O que foi dito no pronunciamento da \u00faltima manifesta\u00e7\u00e3o, dia 11 de fevereiro de 2016, foi apenas uma constata\u00e7\u00e3o das condi\u00e7\u00f5es de trabalho dos policiais envolvidos no caso. Por isso mesmo, a fam\u00edlia fez quest\u00e3o de destacar o empenho demonstrado para a solu\u00e7\u00e3o do caso por parte do Delegado Dr. Marceone e de sua equipe de policiais. Portanto, qualquer pronunciamento com cunho pol\u00edtico\/partid\u00e1rio n\u00e3o partiu ou partir\u00e1 da nossa fam\u00edlia;<\/p>\n<p style=\"text-align: justify\">3 &#8211; Por fim, tamb\u00e9m n\u00e3o compactuamos com nenhuma mensagem que gere conflitos entre as religi\u00f5es. Como toda fam\u00edlia brasileira, a nossa fam\u00edlia \u00e9 composta por cat\u00f3licos e evang\u00e9licos, pautada sempre pela conviv\u00eancia respeitosa e pac\u00edfica. Por isso, queremos deixar bem claro que n\u00e3o partiu ou partir\u00e1 do nosso n\u00facleo familiar qualquer mensagem com intuito de atacar a Igreja Cat\u00f3lica, muito pelo contr\u00e1rio, clamamos pelo seu apoio, bem como das Igrejas Evang\u00e9licas.<\/p>\n<p style=\"text-align: justify\">A nossa amada filha, apesar da pouca idade, nos deixou um grande legado de amor e de perd\u00e3o, por isso a nossa luta \u00e9 contra a injusti\u00e7a e tem que ser uma luta tamb\u00e9m de toda a sociedade petrolinense e juazeirense, das institui\u00e7\u00f5es de ensino, das religi\u00f5es e dos \u00f3rg\u00e3os governamentais.<\/p>\n<p style=\"text-align: justify\">Petrolina, 16 de fevereiro de 2016.<\/p>\n<p style=\"text-align: justify\">Sandro Romilton Ferreira da Silva e\u00a0Maria L\u00facia Mota da Silva<\/p>\n","protected":false},"excerpt":{"rendered":"<p>A fam\u00edlia de Beatriz Ang\u00e9lica Mota aqui representada por Sandro Romilton Ferreira da Silva e Maria L\u00facia Mota da Silva, seus pais, vem atrav\u00e9s desta nota se posicionar a respeito do cunho pol\u00edtico e religioso de alguns coment\u00e1rios veiculados pelos meios de comunica\u00e7\u00e3o e pelas redes sociais. 1 \u2013 N\u00e3o compactuamos com nenhum ataque a Institui\u00e7\u00e3o \u201cCol\u00e9gio Nossa Senhora Auxiliadora\u201d, pois reconhecemos o seu valor e a sua import\u00e2ncia para as cidades de Petrolina\/PE e Juazeiro\/BA na educa\u00e7\u00e3o das suas crian\u00e7as, adolescentes e jovens. Temos a perfeita consci\u00eancia que as falhas que existiram na seguran\u00e7a do evento, onde nossa amada filha foi covarde e brutalmente assassinada, s\u00e3o humanas, e que as responsabilidades dos envolvidos ser\u00e3o apuradas pelo \u00f3rg\u00e3o competente, sendo&hellip; <\/p>\n","protected":false},"author":7,"featured_media":0,"comment_status":"open","ping_status":"open","sticky":false,"template":"","format":"standard","meta":{"_acf_changed":false,"footnotes":""},"categories":[44],"tags":[],"class_list":["post-137418","post","type-post","status-publish","format-standard","hentry","category-administracao"],"acf":[],"yoast_head":"<!-- This site is optimized with the Yoast SEO plugin v27.4 - https:\/\/yoast.com\/product\/yoast-seo-wordpress\/ -->\n<title>PAIS DE BEATRIZ EMITEM NOTA OFICIAL E DIZEM QUE N\u00c3O COMPACTUAM COM ATAQUES AO COL\u00c9GIO MARIA AUXILIADORA - Blog do Farn\u00e9sio<\/title>\n<meta name=\"robots\" content=\"index, follow, max-snippet:-1, max-image-preview:large, max-video-preview:-1\" \/>\n<link rel=\"canonical\" href=\"https:\/\/blogdofarnesio.com.br\/?p=137418\" \/>\n<meta property=\"og:locale\" content=\"pt_BR\" \/>\n<meta property=\"og:type\" content=\"article\" \/>\n<meta property=\"og:title\" content=\"PAIS DE BEATRIZ EMITEM NOTA OFICIAL E DIZEM QUE N\u00c3O COMPACTUAM COM ATAQUES AO COL\u00c9GIO MARIA AUXILIADORA - Blog do Farn\u00e9sio\" \/>\n<meta property=\"og:description\" content=\"A fam\u00edlia de Beatriz Ang\u00e9lica Mota aqui representada por Sandro Romilton Ferreira da Silva e Maria L\u00facia Mota da Silva, seus pais, vem atrav\u00e9s desta nota se posicionar a respeito do cunho pol\u00edtico e religioso de alguns coment\u00e1rios veiculados pelos meios de comunica\u00e7\u00e3o e pelas redes sociais. 1 \u2013 N\u00e3o compactuamos com nenhum ataque a Institui\u00e7\u00e3o \u201cCol\u00e9gio Nossa Senhora Auxiliadora\u201d, pois reconhecemos o seu valor e a sua import\u00e2ncia para as cidades de Petrolina\/PE e Juazeiro\/BA na educa\u00e7\u00e3o das suas crian\u00e7as, adolescentes e jovens. Temos a perfeita consci\u00eancia que as falhas que existiram na seguran\u00e7a do evento, onde nossa amada filha foi covarde e brutalmente assassinada, s\u00e3o humanas, e que as responsabilidades dos envolvidos ser\u00e3o apuradas pelo \u00f3rg\u00e3o competente, sendo&hellip;\" \/>\n<meta property=\"og:url\" content=\"https:\/\/blogdofarnesio.com.br\/?p=137418\" \/>\n<meta property=\"og:site_name\" content=\"Blog do Farn\u00e9sio\" \/>\n<meta property=\"article:publisher\" content=\"https:\/\/www.facebook.com\/BlogQuerSaberPolitica\/\" \/>\n<meta property=\"article:published_time\" content=\"2016-02-16T18:00:09+00:00\" \/>\n<meta property=\"og:image\" content=\"http:\/\/www.quersaberpolitica.com.br\/2016\/wp-content\/uploads\/2016\/02\/blogqsp-paisdebeatriz1-300x225.jpg\" \/>\n<meta name=\"twitter:card\" content=\"summary_large_image\" \/>\n<meta name=\"twitter:label1\" content=\"Escrito por\" \/>\n\t<meta name=\"twitter:data1\" content=\"\" \/>\n\t<meta name=\"twitter:label2\" content=\"Est. tempo de leitura\" \/>\n\t<meta name=\"twitter:data2\" content=\"2 minutos\" \/>\n<script type=\"application\/ld+json\" class=\"yoast-schema-graph\">{\"@context\":\"https:\\\/\\\/schema.org\",\"@graph\":[{\"@type\":\"Article\",\"@id\":\"https:\\\/\\\/blogdofarnesio.com.br\\\/?p=137418#article\",\"isPartOf\":{\"@id\":\"https:\\\/\\\/blogdofarnesio.com.br\\\/?p=137418\"},\"author\":{\"name\":\"\",\"@id\":\"\"},\"headline\":\"PAIS DE BEATRIZ EMITEM NOTA OFICIAL E DIZEM QUE N\u00c3O COMPACTUAM COM ATAQUES AO COL\u00c9GIO MARIA AUXILIADORA\",\"datePublished\":\"2016-02-16T18:00:09+00:00\",\"mainEntityOfPage\":{\"@id\":\"https:\\\/\\\/blogdofarnesio.com.br\\\/?p=137418\"},\"wordCount\":485,\"commentCount\":0,\"publisher\":{\"@id\":\"https:\\\/\\\/blogdofarnesio.com.br\\\/#organization\"},\"image\":{\"@id\":\"https:\\\/\\\/blogdofarnesio.com.br\\\/?p=137418#primaryimage\"},\"thumbnailUrl\":\"http:\\\/\\\/www.quersaberpolitica.com.br\\\/2016\\\/wp-content\\\/uploads\\\/2016\\\/02\\\/blogqsp-paisdebeatriz1-300x225.jpg\",\"articleSection\":[\"Administra\u00e7\u00e3o\"],\"inLanguage\":\"pt-BR\",\"potentialAction\":[{\"@type\":\"CommentAction\",\"name\":\"Comment\",\"target\":[\"https:\\\/\\\/blogdofarnesio.com.br\\\/?p=137418#respond\"]}]},{\"@type\":\"WebPage\",\"@id\":\"https:\\\/\\\/blogdofarnesio.com.br\\\/?p=137418\",\"url\":\"https:\\\/\\\/blogdofarnesio.com.br\\\/?p=137418\",\"name\":\"PAIS DE BEATRIZ EMITEM NOTA OFICIAL E DIZEM QUE N\u00c3O COMPACTUAM COM ATAQUES AO COL\u00c9GIO MARIA AUXILIADORA - Blog do Farn\u00e9sio\",\"isPartOf\":{\"@id\":\"https:\\\/\\\/blogdofarnesio.com.br\\\/#website\"},\"primaryImageOfPage\":{\"@id\":\"https:\\\/\\\/blogdofarnesio.com.br\\\/?p=137418#primaryimage\"},\"image\":{\"@id\":\"https:\\\/\\\/blogdofarnesio.com.br\\\/?p=137418#primaryimage\"},\"thumbnailUrl\":\"http:\\\/\\\/www.quersaberpolitica.com.br\\\/2016\\\/wp-content\\\/uploads\\\/2016\\\/02\\\/blogqsp-paisdebeatriz1-300x225.jpg\",\"datePublished\":\"2016-02-16T18:00:09+00:00\",\"breadcrumb\":{\"@id\":\"https:\\\/\\\/blogdofarnesio.com.br\\\/?p=137418#breadcrumb\"},\"inLanguage\":\"pt-BR\",\"potentialAction\":[{\"@type\":\"ReadAction\",\"target\":[\"https:\\\/\\\/blogdofarnesio.com.br\\\/?p=137418\"]}]},{\"@type\":\"ImageObject\",\"inLanguage\":\"pt-BR\",\"@id\":\"https:\\\/\\\/blogdofarnesio.com.br\\\/?p=137418#primaryimage\",\"url\":\"http:\\\/\\\/www.quersaberpolitica.com.br\\\/2016\\\/wp-content\\\/uploads\\\/2016\\\/02\\\/blogqsp-paisdebeatriz1-300x225.jpg\",\"contentUrl\":\"http:\\\/\\\/www.quersaberpolitica.com.br\\\/2016\\\/wp-content\\\/uploads\\\/2016\\\/02\\\/blogqsp-paisdebeatriz1-300x225.jpg\"},{\"@type\":\"BreadcrumbList\",\"@id\":\"https:\\\/\\\/blogdofarnesio.com.br\\\/?p=137418#breadcrumb\",\"itemListElement\":[{\"@type\":\"ListItem\",\"position\":1,\"name\":\"In\u00edcio\",\"item\":\"https:\\\/\\\/blogdofarnesio.com.br\\\/\"},{\"@type\":\"ListItem\",\"position\":2,\"name\":\"PAIS DE BEATRIZ EMITEM NOTA OFICIAL E DIZEM QUE N\u00c3O COMPACTUAM COM ATAQUES AO COL\u00c9GIO MARIA AUXILIADORA\"}]},{\"@type\":\"WebSite\",\"@id\":\"https:\\\/\\\/blogdofarnesio.com.br\\\/#website\",\"url\":\"https:\\\/\\\/blogdofarnesio.com.br\\\/\",\"name\":\"Blog do Farn\u00e9sio\",\"description\":\"Quer Saber Pol\u00edtica?\",\"publisher\":{\"@id\":\"https:\\\/\\\/blogdofarnesio.com.br\\\/#organization\"},\"potentialAction\":[{\"@type\":\"SearchAction\",\"target\":{\"@type\":\"EntryPoint\",\"urlTemplate\":\"https:\\\/\\\/blogdofarnesio.com.br\\\/?s={search_term_string}\"},\"query-input\":{\"@type\":\"PropertyValueSpecification\",\"valueRequired\":true,\"valueName\":\"search_term_string\"}}],\"inLanguage\":\"pt-BR\"},{\"@type\":\"Organization\",\"@id\":\"https:\\\/\\\/blogdofarnesio.com.br\\\/#organization\",\"name\":\"Blog do Farn\u00e9sio\",\"url\":\"https:\\\/\\\/blogdofarnesio.com.br\\\/\",\"logo\":{\"@type\":\"ImageObject\",\"inLanguage\":\"pt-BR\",\"@id\":\"https:\\\/\\\/blogdofarnesio.com.br\\\/#\\\/schema\\\/logo\\\/image\\\/\",\"url\":\"https:\\\/\\\/blogdofarnesio.com.br\\\/wp-content\\\/uploads\\\/2026\\\/03\\\/cropped-logo_new-1.png\",\"contentUrl\":\"https:\\\/\\\/blogdofarnesio.com.br\\\/wp-content\\\/uploads\\\/2026\\\/03\\\/cropped-logo_new-1.png\",\"width\":881,\"height\":685,\"caption\":\"Blog do Farn\u00e9sio\"},\"image\":{\"@id\":\"https:\\\/\\\/blogdofarnesio.com.br\\\/#\\\/schema\\\/logo\\\/image\\\/\"},\"sameAs\":[\"https:\\\/\\\/www.facebook.com\\\/BlogQuerSaberPolitica\\\/\"]},{\"@type\":\"Person\",\"@id\":\"\",\"url\":\"https:\\\/\\\/blogdofarnesio.com.br\\\/?author=7\"}]}<\/script>\n<!-- \/ Yoast SEO plugin. -->","yoast_head_json":{"title":"PAIS DE BEATRIZ EMITEM NOTA OFICIAL E DIZEM QUE N\u00c3O COMPACTUAM COM ATAQUES AO COL\u00c9GIO MARIA AUXILIADORA - Blog do Farn\u00e9sio","robots":{"index":"index","follow":"follow","max-snippet":"max-snippet:-1","max-image-preview":"max-image-preview:large","max-video-preview":"max-video-preview:-1"},"canonical":"https:\/\/blogdofarnesio.com.br\/?p=137418","og_locale":"pt_BR","og_type":"article","og_title":"PAIS DE BEATRIZ EMITEM NOTA OFICIAL E DIZEM QUE N\u00c3O COMPACTUAM COM ATAQUES AO COL\u00c9GIO MARIA AUXILIADORA - Blog do Farn\u00e9sio","og_description":"A fam\u00edlia de Beatriz Ang\u00e9lica Mota aqui representada por Sandro Romilton Ferreira da Silva e Maria L\u00facia Mota da Silva, seus pais, vem atrav\u00e9s desta nota se posicionar a respeito do cunho pol\u00edtico e religioso de alguns coment\u00e1rios veiculados pelos meios de comunica\u00e7\u00e3o e pelas redes sociais. 1 \u2013 N\u00e3o compactuamos com nenhum ataque a Institui\u00e7\u00e3o \u201cCol\u00e9gio Nossa Senhora Auxiliadora\u201d, pois reconhecemos o seu valor e a sua import\u00e2ncia para as cidades de Petrolina\/PE e Juazeiro\/BA na educa\u00e7\u00e3o das suas crian\u00e7as, adolescentes e jovens. Temos a perfeita consci\u00eancia que as falhas que existiram na seguran\u00e7a do evento, onde nossa amada filha foi covarde e brutalmente assassinada, s\u00e3o humanas, e que as responsabilidades dos envolvidos ser\u00e3o apuradas pelo \u00f3rg\u00e3o competente, sendo&hellip;","og_url":"https:\/\/blogdofarnesio.com.br\/?p=137418","og_site_name":"Blog do Farn\u00e9sio","article_publisher":"https:\/\/www.facebook.com\/BlogQuerSaberPolitica\/","article_published_time":"2016-02-16T18:00:09+00:00","og_image":[{"url":"http:\/\/www.quersaberpolitica.com.br\/2016\/wp-content\/uploads\/2016\/02\/blogqsp-paisdebeatriz1-300x225.jpg","type":"","width":"","height":""}],"twitter_card":"summary_large_image","twitter_misc":{"Escrito por":"","Est. tempo de leitura":"2 minutos"},"schema":{"@context":"https:\/\/schema.org","@graph":[{"@type":"Article","@id":"https:\/\/blogdofarnesio.com.br\/?p=137418#article","isPartOf":{"@id":"https:\/\/blogdofarnesio.com.br\/?p=137418"},"author":{"name":"","@id":""},"headline":"PAIS DE BEATRIZ EMITEM NOTA OFICIAL E DIZEM QUE N\u00c3O COMPACTUAM COM ATAQUES AO COL\u00c9GIO MARIA AUXILIADORA","datePublished":"2016-02-16T18:00:09+00:00","mainEntityOfPage":{"@id":"https:\/\/blogdofarnesio.com.br\/?p=137418"},"wordCount":485,"commentCount":0,"publisher":{"@id":"https:\/\/blogdofarnesio.com.br\/#organization"},"image":{"@id":"https:\/\/blogdofarnesio.com.br\/?p=137418#primaryimage"},"thumbnailUrl":"http:\/\/www.quersaberpolitica.com.br\/2016\/wp-content\/uploads\/2016\/02\/blogqsp-paisdebeatriz1-300x225.jpg","articleSection":["Administra\u00e7\u00e3o"],"inLanguage":"pt-BR","potentialAction":[{"@type":"CommentAction","name":"Comment","target":["https:\/\/blogdofarnesio.com.br\/?p=137418#respond"]}]},{"@type":"WebPage","@id":"https:\/\/blogdofarnesio.com.br\/?p=137418","url":"https:\/\/blogdofarnesio.com.br\/?p=137418","name":"PAIS DE BEATRIZ EMITEM NOTA OFICIAL E DIZEM QUE N\u00c3O COMPACTUAM COM ATAQUES AO COL\u00c9GIO MARIA AUXILIADORA - Blog do Farn\u00e9sio","isPartOf":{"@id":"https:\/\/blogdofarnesio.com.br\/#website"},"primaryImageOfPage":{"@id":"https:\/\/blogdofarnesio.com.br\/?p=137418#primaryimage"},"image":{"@id":"https:\/\/blogdofarnesio.com.br\/?p=137418#primaryimage"},"thumbnailUrl":"http:\/\/www.quersaberpolitica.com.br\/2016\/wp-content\/uploads\/2016\/02\/blogqsp-paisdebeatriz1-300x225.jpg","datePublished":"2016-02-16T18:00:09+00:00","breadcrumb":{"@id":"https:\/\/blogdofarnesio.com.br\/?p=137418#breadcrumb"},"inLanguage":"pt-BR","potentialAction":[{"@type":"ReadAction","target":["https:\/\/blogdofarnesio.com.br\/?p=137418"]}]},{"@type":"ImageObject","inLanguage":"pt-BR","@id":"https:\/\/blogdofarnesio.com.br\/?p=137418#primaryimage","url":"http:\/\/www.quersaberpolitica.com.br\/2016\/wp-content\/uploads\/2016\/02\/blogqsp-paisdebeatriz1-300x225.jpg","contentUrl":"http:\/\/www.quersaberpolitica.com.br\/2016\/wp-content\/uploads\/2016\/02\/blogqsp-paisdebeatriz1-300x225.jpg"},{"@type":"BreadcrumbList","@id":"https:\/\/blogdofarnesio.com.br\/?p=137418#breadcrumb","itemListElement":[{"@type":"ListItem","position":1,"name":"In\u00edcio","item":"https:\/\/blogdofarnesio.com.br\/"},{"@type":"ListItem","position":2,"name":"PAIS DE BEATRIZ EMITEM NOTA OFICIAL E DIZEM QUE N\u00c3O COMPACTUAM COM ATAQUES AO COL\u00c9GIO MARIA AUXILIADORA"}]},{"@type":"WebSite","@id":"https:\/\/blogdofarnesio.com.br\/#website","url":"https:\/\/blogdofarnesio.com.br\/","name":"Blog do Farn\u00e9sio","description":"Quer Saber Pol\u00edtica?","publisher":{"@id":"https:\/\/blogdofarnesio.com.br\/#organization"},"potentialAction":[{"@type":"SearchAction","target":{"@type":"EntryPoint","urlTemplate":"https:\/\/blogdofarnesio.com.br\/?s={search_term_string}"},"query-input":{"@type":"PropertyValueSpecification","valueRequired":true,"valueName":"search_term_string"}}],"inLanguage":"pt-BR"},{"@type":"Organization","@id":"https:\/\/blogdofarnesio.com.br\/#organization","name":"Blog do Farn\u00e9sio","url":"https:\/\/blogdofarnesio.com.br\/","logo":{"@type":"ImageObject","inLanguage":"pt-BR","@id":"https:\/\/blogdofarnesio.com.br\/#\/schema\/logo\/image\/","url":"https:\/\/blogdofarnesio.com.br\/wp-content\/uploads\/2026\/03\/cropped-logo_new-1.png","contentUrl":"https:\/\/blogdofarnesio.com.br\/wp-content\/uploads\/2026\/03\/cropped-logo_new-1.png","width":881,"height":685,"caption":"Blog do Farn\u00e9sio"},"image":{"@id":"https:\/\/blogdofarnesio.com.br\/#\/schema\/logo\/image\/"},"sameAs":["https:\/\/www.facebook.com\/BlogQuerSaberPolitica\/"]},{"@type":"Person","@id":"","url":"https:\/\/blogdofarnesio.com.br\/?author=7"}]}},"_links":{"self":[{"href":"https:\/\/blogdofarnesio.com.br\/index.php?rest_route=\/wp\/v2\/posts\/137418","targetHints":{"allow":["GET"]}}],"collection":[{"href":"https:\/\/blogdofarnesio.com.br\/index.php?rest_route=\/wp\/v2\/posts"}],"about":[{"href":"https:\/\/blogdofarnesio.com.br\/index.php?rest_route=\/wp\/v2\/types\/post"}],"author":[{"embeddable":true,"href":"https:\/\/blogdofarnesio.com.br\/index.php?rest_route=\/wp\/v2\/users\/7"}],"replies":[{"embeddable":true,"href":"https:\/\/blogdofarnesio.com.br\/index.php?rest_route=%2Fwp%2Fv2%2Fcomments&post=137418"}],"version-history":[{"count":0,"href":"https:\/\/blogdofarnesio.com.br\/index.php?rest_route=\/wp\/v2\/posts\/137418\/revisions"}],"wp:attachment":[{"href":"https:\/\/blogdofarnesio.com.br\/index.php?rest_route=%2Fwp%2Fv2%2Fmedia&parent=137418"}],"wp:term":[{"taxonomy":"category","embeddable":true,"href":"https:\/\/blogdofarnesio.com.br\/index.php?rest_route=%2Fwp%2Fv2%2Fcategories&post=137418"},{"taxonomy":"post_tag","embeddable":true,"href":"https:\/\/blogdofarnesio.com.br\/index.php?rest_route=%2Fwp%2Fv2%2Ftags&post=137418"}],"curies":[{"name":"wp","href":"https:\/\/api.w.org\/{rel}","templated":true}]}}