{"id":137049,"date":"2016-02-07T14:00:55","date_gmt":"2016-02-07T17:00:55","guid":{"rendered":"http:\/\/www.quersaberpolitica.com.br\/?p=137049"},"modified":"2016-02-07T08:35:33","modified_gmt":"2016-02-07T11:35:33","slug":"discutida-execucao-de-regularizacao-fundiaria-no-territorio-do-sao-francisco","status":"publish","type":"post","link":"https:\/\/blogdofarnesio.com.br\/?p=137049","title":{"rendered":"DISCUTIDA EXECU\u00c7\u00c3O DE REGULARIZA\u00c7\u00c3O FUNDI\u00c1RIA NO TERRIT\u00d3RIO DO S\u00c3O FRANCISCO"},"content":{"rendered":"<div id=\"post-body-3596693981819569397\" class=\"post-body entry-content\">\n<div class=\"separator\" style=\"text-align: justify\"><a href=\"https:\/\/4.bp.blogspot.com\/-I2Ii1SQ1874\/VrZdROchMCI\/AAAAAAAAd1s\/EE7gsCEI0Yk\/s1600\/SAM_6330.JPG\"><img loading=\"lazy\" decoding=\"async\" class=\" aligncenter\" src=\"https:\/\/4.bp.blogspot.com\/-I2Ii1SQ1874\/VrZdROchMCI\/AAAAAAAAd1s\/EE7gsCEI0Yk\/s640\/SAM_6330.JPG\" alt=\"\" width=\"437\" height=\"330\" border=\"0\" \/><\/a><\/div>\n<div style=\"text-align: justify\">Na tarde desta quarta-feira (3), prefeitos e secret\u00e1rios de agricultura e meio ambiente, estiveram reunidos em assembleia do Cons\u00f3rcio Sustent\u00e1vel do Territ\u00f3rio do S\u00e3o Francisco (CONSTESF), para discutir o processo de execu\u00e7\u00e3o do projeto de regulariza\u00e7\u00e3o fundi\u00e1ria, derivado do conv\u00eanio firmado entre o CONSTESF e a Coordena\u00e7\u00e3o de Desenvolvimento Agr\u00e1rio do Estado da Bahia (CDA).<\/div>\n<div style=\"text-align: justify\"><\/div>\n<div style=\"text-align: justify\">As atividades ser\u00e3o direcionadas para a regulariza\u00e7\u00e3o fundi\u00e1ria de 2000 mil propriedades rurais, que ir\u00e3o atender aos 10 munic\u00edpios consorciados, sendo eles: Campo Alegre de Lourdes, Canudos, Cura\u00e7\u00e1, Casa Nova, Juazeiro, Sobradinho, Remanso, Sento S\u00e9, Uau\u00e1 e Pil\u00e3o Arcado. O conv\u00eanio estabelece uma parceria com as prefeituras dos munic\u00edpios que dar\u00e3o uma contra partida financeira m\u00ednima para o desenvolvimento das a\u00e7\u00f5es.<\/div>\n<div style=\"text-align: justify\"><\/div>\n<div style=\"text-align: justify\">De acordo com o presidente do CONSTESF e prefeito de Sobradinho, Luiz Vicente Berti, a meta \u00e9 que at\u00e9 dezembro de 2016 todos os munic\u00edpios do territ\u00f3rio tenham sido atendidos. &#8220;N\u00f3s estamos muito felizes em ter conseguido esse recurso, atrav\u00e9s do governo do estado, para regularizar as terras de muitas fam\u00edlias nesses munic\u00edpios. Ser\u00e1 uma a\u00e7\u00e3o elaborada por uma equipe que j\u00e1 est\u00e1 sendo selecionada atrav\u00e9s de sele\u00e7\u00e3o simplificada. Esperamos chegar at\u00e9 o fim deste ano com mais um projeto conclu\u00eddo em benef\u00edcio do nosso Territ\u00f3rio\u201d, frisou.<\/div>\n<div style=\"text-align: justify\">Ascom<\/div>\n<\/div>\n","protected":false},"excerpt":{"rendered":"<p>Na tarde desta quarta-feira (3), prefeitos e secret\u00e1rios de agricultura e meio ambiente, estiveram reunidos em assembleia do Cons\u00f3rcio Sustent\u00e1vel do Territ\u00f3rio do S\u00e3o Francisco (CONSTESF), para discutir o processo de execu\u00e7\u00e3o do projeto de regulariza\u00e7\u00e3o fundi\u00e1ria, derivado do conv\u00eanio firmado entre o CONSTESF e a Coordena\u00e7\u00e3o de Desenvolvimento Agr\u00e1rio do Estado da Bahia (CDA). As atividades ser\u00e3o direcionadas para a regulariza\u00e7\u00e3o fundi\u00e1ria de 2000 mil propriedades rurais, que ir\u00e3o atender aos 10 munic\u00edpios consorciados, sendo eles: Campo Alegre de Lourdes, Canudos, Cura\u00e7\u00e1, Casa Nova, Juazeiro, Sobradinho, Remanso, Sento S\u00e9, Uau\u00e1 e Pil\u00e3o Arcado. O conv\u00eanio estabelece uma parceria com as prefeituras dos munic\u00edpios que dar\u00e3o uma contra partida financeira m\u00ednima para o desenvolvimento das a\u00e7\u00f5es. De acordo com o&hellip; <\/p>\n","protected":false},"author":3,"featured_media":0,"comment_status":"open","ping_status":"open","sticky":false,"template":"","format":"standard","meta":{"_acf_changed":false,"footnotes":""},"categories":[44],"tags":[],"class_list":["post-137049","post","type-post","status-publish","format-standard","hentry","category-administracao"],"acf":[],"yoast_head":"<!-- This site is optimized with the Yoast SEO plugin v27.4 - https:\/\/yoast.com\/product\/yoast-seo-wordpress\/ -->\n<title>DISCUTIDA EXECU\u00c7\u00c3O DE REGULARIZA\u00c7\u00c3O FUNDI\u00c1RIA NO TERRIT\u00d3RIO DO S\u00c3O FRANCISCO - Blog do Farn\u00e9sio<\/title>\n<meta name=\"robots\" content=\"index, follow, max-snippet:-1, max-image-preview:large, max-video-preview:-1\" \/>\n<link rel=\"canonical\" href=\"https:\/\/blogdofarnesio.com.br\/?p=137049\" \/>\n<meta property=\"og:locale\" content=\"pt_BR\" \/>\n<meta property=\"og:type\" content=\"article\" \/>\n<meta property=\"og:title\" content=\"DISCUTIDA EXECU\u00c7\u00c3O DE REGULARIZA\u00c7\u00c3O FUNDI\u00c1RIA NO TERRIT\u00d3RIO DO S\u00c3O FRANCISCO - Blog do Farn\u00e9sio\" \/>\n<meta property=\"og:description\" content=\"Na tarde desta quarta-feira (3), prefeitos e secret\u00e1rios de agricultura e meio ambiente, estiveram reunidos em assembleia do Cons\u00f3rcio Sustent\u00e1vel do Territ\u00f3rio do S\u00e3o Francisco (CONSTESF), para discutir o processo de execu\u00e7\u00e3o do projeto de regulariza\u00e7\u00e3o fundi\u00e1ria, derivado do conv\u00eanio firmado entre o CONSTESF e a Coordena\u00e7\u00e3o de Desenvolvimento Agr\u00e1rio do Estado da Bahia (CDA). As atividades ser\u00e3o direcionadas para a regulariza\u00e7\u00e3o fundi\u00e1ria de 2000 mil propriedades rurais, que ir\u00e3o atender aos 10 munic\u00edpios consorciados, sendo eles: Campo Alegre de Lourdes, Canudos, Cura\u00e7\u00e1, Casa Nova, Juazeiro, Sobradinho, Remanso, Sento S\u00e9, Uau\u00e1 e Pil\u00e3o Arcado. O conv\u00eanio estabelece uma parceria com as prefeituras dos munic\u00edpios que dar\u00e3o uma contra partida financeira m\u00ednima para o desenvolvimento das a\u00e7\u00f5es. De acordo com o&hellip;\" \/>\n<meta property=\"og:url\" content=\"https:\/\/blogdofarnesio.com.br\/?p=137049\" \/>\n<meta property=\"og:site_name\" content=\"Blog do Farn\u00e9sio\" \/>\n<meta property=\"article:publisher\" content=\"https:\/\/www.facebook.com\/BlogQuerSaberPolitica\/\" \/>\n<meta property=\"article:published_time\" content=\"2016-02-07T17:00:55+00:00\" \/>\n<meta property=\"og:image\" content=\"https:\/\/4.bp.blogspot.com\/-I2Ii1SQ1874\/VrZdROchMCI\/AAAAAAAAd1s\/EE7gsCEI0Yk\/s640\/SAM_6330.JPG\" \/>\n<meta name=\"author\" content=\"teste\" \/>\n<meta name=\"twitter:card\" content=\"summary_large_image\" \/>\n<meta name=\"twitter:label1\" content=\"Escrito por\" \/>\n\t<meta name=\"twitter:data1\" content=\"teste\" \/>\n\t<meta name=\"twitter:label2\" content=\"Est. tempo de leitura\" \/>\n\t<meta name=\"twitter:data2\" content=\"1 minuto\" \/>\n<script type=\"application\/ld+json\" class=\"yoast-schema-graph\">{\"@context\":\"https:\\\/\\\/schema.org\",\"@graph\":[{\"@type\":\"Article\",\"@id\":\"https:\\\/\\\/blogdofarnesio.com.br\\\/?p=137049#article\",\"isPartOf\":{\"@id\":\"https:\\\/\\\/blogdofarnesio.com.br\\\/?p=137049\"},\"author\":{\"name\":\"teste\",\"@id\":\"https:\\\/\\\/blogdofarnesio.com.br\\\/#\\\/schema\\\/person\\\/dd1bf5eba40b687199ba45ca6b97dff9\"},\"headline\":\"DISCUTIDA EXECU\u00c7\u00c3O DE REGULARIZA\u00c7\u00c3O FUNDI\u00c1RIA NO TERRIT\u00d3RIO DO S\u00c3O FRANCISCO\",\"datePublished\":\"2016-02-07T17:00:55+00:00\",\"mainEntityOfPage\":{\"@id\":\"https:\\\/\\\/blogdofarnesio.com.br\\\/?p=137049\"},\"wordCount\":248,\"commentCount\":0,\"publisher\":{\"@id\":\"https:\\\/\\\/blogdofarnesio.com.br\\\/#organization\"},\"image\":{\"@id\":\"https:\\\/\\\/blogdofarnesio.com.br\\\/?p=137049#primaryimage\"},\"thumbnailUrl\":\"https:\\\/\\\/4.bp.blogspot.com\\\/-I2Ii1SQ1874\\\/VrZdROchMCI\\\/AAAAAAAAd1s\\\/EE7gsCEI0Yk\\\/s640\\\/SAM_6330.JPG\",\"articleSection\":[\"Administra\u00e7\u00e3o\"],\"inLanguage\":\"pt-BR\",\"potentialAction\":[{\"@type\":\"CommentAction\",\"name\":\"Comment\",\"target\":[\"https:\\\/\\\/blogdofarnesio.com.br\\\/?p=137049#respond\"]}]},{\"@type\":\"WebPage\",\"@id\":\"https:\\\/\\\/blogdofarnesio.com.br\\\/?p=137049\",\"url\":\"https:\\\/\\\/blogdofarnesio.com.br\\\/?p=137049\",\"name\":\"DISCUTIDA EXECU\u00c7\u00c3O DE REGULARIZA\u00c7\u00c3O FUNDI\u00c1RIA NO TERRIT\u00d3RIO DO S\u00c3O FRANCISCO - Blog do Farn\u00e9sio\",\"isPartOf\":{\"@id\":\"https:\\\/\\\/blogdofarnesio.com.br\\\/#website\"},\"primaryImageOfPage\":{\"@id\":\"https:\\\/\\\/blogdofarnesio.com.br\\\/?p=137049#primaryimage\"},\"image\":{\"@id\":\"https:\\\/\\\/blogdofarnesio.com.br\\\/?p=137049#primaryimage\"},\"thumbnailUrl\":\"https:\\\/\\\/4.bp.blogspot.com\\\/-I2Ii1SQ1874\\\/VrZdROchMCI\\\/AAAAAAAAd1s\\\/EE7gsCEI0Yk\\\/s640\\\/SAM_6330.JPG\",\"datePublished\":\"2016-02-07T17:00:55+00:00\",\"breadcrumb\":{\"@id\":\"https:\\\/\\\/blogdofarnesio.com.br\\\/?p=137049#breadcrumb\"},\"inLanguage\":\"pt-BR\",\"potentialAction\":[{\"@type\":\"ReadAction\",\"target\":[\"https:\\\/\\\/blogdofarnesio.com.br\\\/?p=137049\"]}]},{\"@type\":\"ImageObject\",\"inLanguage\":\"pt-BR\",\"@id\":\"https:\\\/\\\/blogdofarnesio.com.br\\\/?p=137049#primaryimage\",\"url\":\"https:\\\/\\\/4.bp.blogspot.com\\\/-I2Ii1SQ1874\\\/VrZdROchMCI\\\/AAAAAAAAd1s\\\/EE7gsCEI0Yk\\\/s640\\\/SAM_6330.JPG\",\"contentUrl\":\"https:\\\/\\\/4.bp.blogspot.com\\\/-I2Ii1SQ1874\\\/VrZdROchMCI\\\/AAAAAAAAd1s\\\/EE7gsCEI0Yk\\\/s640\\\/SAM_6330.JPG\"},{\"@type\":\"BreadcrumbList\",\"@id\":\"https:\\\/\\\/blogdofarnesio.com.br\\\/?p=137049#breadcrumb\",\"itemListElement\":[{\"@type\":\"ListItem\",\"position\":1,\"name\":\"In\u00edcio\",\"item\":\"https:\\\/\\\/blogdofarnesio.com.br\\\/\"},{\"@type\":\"ListItem\",\"position\":2,\"name\":\"DISCUTIDA EXECU\u00c7\u00c3O DE REGULARIZA\u00c7\u00c3O FUNDI\u00c1RIA NO TERRIT\u00d3RIO DO S\u00c3O FRANCISCO\"}]},{\"@type\":\"WebSite\",\"@id\":\"https:\\\/\\\/blogdofarnesio.com.br\\\/#website\",\"url\":\"https:\\\/\\\/blogdofarnesio.com.br\\\/\",\"name\":\"Blog do Farn\u00e9sio\",\"description\":\"Quer Saber Pol\u00edtica?\",\"publisher\":{\"@id\":\"https:\\\/\\\/blogdofarnesio.com.br\\\/#organization\"},\"potentialAction\":[{\"@type\":\"SearchAction\",\"target\":{\"@type\":\"EntryPoint\",\"urlTemplate\":\"https:\\\/\\\/blogdofarnesio.com.br\\\/?s={search_term_string}\"},\"query-input\":{\"@type\":\"PropertyValueSpecification\",\"valueRequired\":true,\"valueName\":\"search_term_string\"}}],\"inLanguage\":\"pt-BR\"},{\"@type\":\"Organization\",\"@id\":\"https:\\\/\\\/blogdofarnesio.com.br\\\/#organization\",\"name\":\"Blog do Farn\u00e9sio\",\"url\":\"https:\\\/\\\/blogdofarnesio.com.br\\\/\",\"logo\":{\"@type\":\"ImageObject\",\"inLanguage\":\"pt-BR\",\"@id\":\"https:\\\/\\\/blogdofarnesio.com.br\\\/#\\\/schema\\\/logo\\\/image\\\/\",\"url\":\"https:\\\/\\\/blogdofarnesio.com.br\\\/wp-content\\\/uploads\\\/2026\\\/03\\\/cropped-logo_new-1.png\",\"contentUrl\":\"https:\\\/\\\/blogdofarnesio.com.br\\\/wp-content\\\/uploads\\\/2026\\\/03\\\/cropped-logo_new-1.png\",\"width\":881,\"height\":685,\"caption\":\"Blog do Farn\u00e9sio\"},\"image\":{\"@id\":\"https:\\\/\\\/blogdofarnesio.com.br\\\/#\\\/schema\\\/logo\\\/image\\\/\"},\"sameAs\":[\"https:\\\/\\\/www.facebook.com\\\/BlogQuerSaberPolitica\\\/\"]},{\"@type\":\"Person\",\"@id\":\"https:\\\/\\\/blogdofarnesio.com.br\\\/#\\\/schema\\\/person\\\/dd1bf5eba40b687199ba45ca6b97dff9\",\"name\":\"teste\",\"image\":{\"@type\":\"ImageObject\",\"inLanguage\":\"pt-BR\",\"@id\":\"https:\\\/\\\/secure.gravatar.com\\\/avatar\\\/2172498d4914b51e1d89a0f97957b035ac4938723a5cac208135d389b6972a6d?s=96&d=mm&r=g\",\"url\":\"https:\\\/\\\/secure.gravatar.com\\\/avatar\\\/2172498d4914b51e1d89a0f97957b035ac4938723a5cac208135d389b6972a6d?s=96&d=mm&r=g\",\"contentUrl\":\"https:\\\/\\\/secure.gravatar.com\\\/avatar\\\/2172498d4914b51e1d89a0f97957b035ac4938723a5cac208135d389b6972a6d?s=96&d=mm&r=g\",\"caption\":\"teste\"},\"url\":\"https:\\\/\\\/blogdofarnesio.com.br\\\/?author=3\"}]}<\/script>\n<!-- \/ Yoast SEO plugin. -->","yoast_head_json":{"title":"DISCUTIDA EXECU\u00c7\u00c3O DE REGULARIZA\u00c7\u00c3O FUNDI\u00c1RIA NO TERRIT\u00d3RIO DO S\u00c3O FRANCISCO - Blog do Farn\u00e9sio","robots":{"index":"index","follow":"follow","max-snippet":"max-snippet:-1","max-image-preview":"max-image-preview:large","max-video-preview":"max-video-preview:-1"},"canonical":"https:\/\/blogdofarnesio.com.br\/?p=137049","og_locale":"pt_BR","og_type":"article","og_title":"DISCUTIDA EXECU\u00c7\u00c3O DE REGULARIZA\u00c7\u00c3O FUNDI\u00c1RIA NO TERRIT\u00d3RIO DO S\u00c3O FRANCISCO - Blog do Farn\u00e9sio","og_description":"Na tarde desta quarta-feira (3), prefeitos e secret\u00e1rios de agricultura e meio ambiente, estiveram reunidos em assembleia do Cons\u00f3rcio Sustent\u00e1vel do Territ\u00f3rio do S\u00e3o Francisco (CONSTESF), para discutir o processo de execu\u00e7\u00e3o do projeto de regulariza\u00e7\u00e3o fundi\u00e1ria, derivado do conv\u00eanio firmado entre o CONSTESF e a Coordena\u00e7\u00e3o de Desenvolvimento Agr\u00e1rio do Estado da Bahia (CDA). As atividades ser\u00e3o direcionadas para a regulariza\u00e7\u00e3o fundi\u00e1ria de 2000 mil propriedades rurais, que ir\u00e3o atender aos 10 munic\u00edpios consorciados, sendo eles: Campo Alegre de Lourdes, Canudos, Cura\u00e7\u00e1, Casa Nova, Juazeiro, Sobradinho, Remanso, Sento S\u00e9, Uau\u00e1 e Pil\u00e3o Arcado. O conv\u00eanio estabelece uma parceria com as prefeituras dos munic\u00edpios que dar\u00e3o uma contra partida financeira m\u00ednima para o desenvolvimento das a\u00e7\u00f5es. De acordo com o&hellip;","og_url":"https:\/\/blogdofarnesio.com.br\/?p=137049","og_site_name":"Blog do Farn\u00e9sio","article_publisher":"https:\/\/www.facebook.com\/BlogQuerSaberPolitica\/","article_published_time":"2016-02-07T17:00:55+00:00","og_image":[{"url":"https:\/\/4.bp.blogspot.com\/-I2Ii1SQ1874\/VrZdROchMCI\/AAAAAAAAd1s\/EE7gsCEI0Yk\/s640\/SAM_6330.JPG","type":"","width":"","height":""}],"author":"teste","twitter_card":"summary_large_image","twitter_misc":{"Escrito por":"teste","Est. tempo de leitura":"1 minuto"},"schema":{"@context":"https:\/\/schema.org","@graph":[{"@type":"Article","@id":"https:\/\/blogdofarnesio.com.br\/?p=137049#article","isPartOf":{"@id":"https:\/\/blogdofarnesio.com.br\/?p=137049"},"author":{"name":"teste","@id":"https:\/\/blogdofarnesio.com.br\/#\/schema\/person\/dd1bf5eba40b687199ba45ca6b97dff9"},"headline":"DISCUTIDA EXECU\u00c7\u00c3O DE REGULARIZA\u00c7\u00c3O FUNDI\u00c1RIA NO TERRIT\u00d3RIO DO S\u00c3O FRANCISCO","datePublished":"2016-02-07T17:00:55+00:00","mainEntityOfPage":{"@id":"https:\/\/blogdofarnesio.com.br\/?p=137049"},"wordCount":248,"commentCount":0,"publisher":{"@id":"https:\/\/blogdofarnesio.com.br\/#organization"},"image":{"@id":"https:\/\/blogdofarnesio.com.br\/?p=137049#primaryimage"},"thumbnailUrl":"https:\/\/4.bp.blogspot.com\/-I2Ii1SQ1874\/VrZdROchMCI\/AAAAAAAAd1s\/EE7gsCEI0Yk\/s640\/SAM_6330.JPG","articleSection":["Administra\u00e7\u00e3o"],"inLanguage":"pt-BR","potentialAction":[{"@type":"CommentAction","name":"Comment","target":["https:\/\/blogdofarnesio.com.br\/?p=137049#respond"]}]},{"@type":"WebPage","@id":"https:\/\/blogdofarnesio.com.br\/?p=137049","url":"https:\/\/blogdofarnesio.com.br\/?p=137049","name":"DISCUTIDA EXECU\u00c7\u00c3O DE REGULARIZA\u00c7\u00c3O FUNDI\u00c1RIA NO TERRIT\u00d3RIO DO S\u00c3O FRANCISCO - Blog do Farn\u00e9sio","isPartOf":{"@id":"https:\/\/blogdofarnesio.com.br\/#website"},"primaryImageOfPage":{"@id":"https:\/\/blogdofarnesio.com.br\/?p=137049#primaryimage"},"image":{"@id":"https:\/\/blogdofarnesio.com.br\/?p=137049#primaryimage"},"thumbnailUrl":"https:\/\/4.bp.blogspot.com\/-I2Ii1SQ1874\/VrZdROchMCI\/AAAAAAAAd1s\/EE7gsCEI0Yk\/s640\/SAM_6330.JPG","datePublished":"2016-02-07T17:00:55+00:00","breadcrumb":{"@id":"https:\/\/blogdofarnesio.com.br\/?p=137049#breadcrumb"},"inLanguage":"pt-BR","potentialAction":[{"@type":"ReadAction","target":["https:\/\/blogdofarnesio.com.br\/?p=137049"]}]},{"@type":"ImageObject","inLanguage":"pt-BR","@id":"https:\/\/blogdofarnesio.com.br\/?p=137049#primaryimage","url":"https:\/\/4.bp.blogspot.com\/-I2Ii1SQ1874\/VrZdROchMCI\/AAAAAAAAd1s\/EE7gsCEI0Yk\/s640\/SAM_6330.JPG","contentUrl":"https:\/\/4.bp.blogspot.com\/-I2Ii1SQ1874\/VrZdROchMCI\/AAAAAAAAd1s\/EE7gsCEI0Yk\/s640\/SAM_6330.JPG"},{"@type":"BreadcrumbList","@id":"https:\/\/blogdofarnesio.com.br\/?p=137049#breadcrumb","itemListElement":[{"@type":"ListItem","position":1,"name":"In\u00edcio","item":"https:\/\/blogdofarnesio.com.br\/"},{"@type":"ListItem","position":2,"name":"DISCUTIDA EXECU\u00c7\u00c3O DE REGULARIZA\u00c7\u00c3O FUNDI\u00c1RIA NO TERRIT\u00d3RIO DO S\u00c3O FRANCISCO"}]},{"@type":"WebSite","@id":"https:\/\/blogdofarnesio.com.br\/#website","url":"https:\/\/blogdofarnesio.com.br\/","name":"Blog do Farn\u00e9sio","description":"Quer Saber Pol\u00edtica?","publisher":{"@id":"https:\/\/blogdofarnesio.com.br\/#organization"},"potentialAction":[{"@type":"SearchAction","target":{"@type":"EntryPoint","urlTemplate":"https:\/\/blogdofarnesio.com.br\/?s={search_term_string}"},"query-input":{"@type":"PropertyValueSpecification","valueRequired":true,"valueName":"search_term_string"}}],"inLanguage":"pt-BR"},{"@type":"Organization","@id":"https:\/\/blogdofarnesio.com.br\/#organization","name":"Blog do Farn\u00e9sio","url":"https:\/\/blogdofarnesio.com.br\/","logo":{"@type":"ImageObject","inLanguage":"pt-BR","@id":"https:\/\/blogdofarnesio.com.br\/#\/schema\/logo\/image\/","url":"https:\/\/blogdofarnesio.com.br\/wp-content\/uploads\/2026\/03\/cropped-logo_new-1.png","contentUrl":"https:\/\/blogdofarnesio.com.br\/wp-content\/uploads\/2026\/03\/cropped-logo_new-1.png","width":881,"height":685,"caption":"Blog do Farn\u00e9sio"},"image":{"@id":"https:\/\/blogdofarnesio.com.br\/#\/schema\/logo\/image\/"},"sameAs":["https:\/\/www.facebook.com\/BlogQuerSaberPolitica\/"]},{"@type":"Person","@id":"https:\/\/blogdofarnesio.com.br\/#\/schema\/person\/dd1bf5eba40b687199ba45ca6b97dff9","name":"teste","image":{"@type":"ImageObject","inLanguage":"pt-BR","@id":"https:\/\/secure.gravatar.com\/avatar\/2172498d4914b51e1d89a0f97957b035ac4938723a5cac208135d389b6972a6d?s=96&d=mm&r=g","url":"https:\/\/secure.gravatar.com\/avatar\/2172498d4914b51e1d89a0f97957b035ac4938723a5cac208135d389b6972a6d?s=96&d=mm&r=g","contentUrl":"https:\/\/secure.gravatar.com\/avatar\/2172498d4914b51e1d89a0f97957b035ac4938723a5cac208135d389b6972a6d?s=96&d=mm&r=g","caption":"teste"},"url":"https:\/\/blogdofarnesio.com.br\/?author=3"}]}},"_links":{"self":[{"href":"https:\/\/blogdofarnesio.com.br\/index.php?rest_route=\/wp\/v2\/posts\/137049","targetHints":{"allow":["GET"]}}],"collection":[{"href":"https:\/\/blogdofarnesio.com.br\/index.php?rest_route=\/wp\/v2\/posts"}],"about":[{"href":"https:\/\/blogdofarnesio.com.br\/index.php?rest_route=\/wp\/v2\/types\/post"}],"author":[{"embeddable":true,"href":"https:\/\/blogdofarnesio.com.br\/index.php?rest_route=\/wp\/v2\/users\/3"}],"replies":[{"embeddable":true,"href":"https:\/\/blogdofarnesio.com.br\/index.php?rest_route=%2Fwp%2Fv2%2Fcomments&post=137049"}],"version-history":[{"count":0,"href":"https:\/\/blogdofarnesio.com.br\/index.php?rest_route=\/wp\/v2\/posts\/137049\/revisions"}],"wp:attachment":[{"href":"https:\/\/blogdofarnesio.com.br\/index.php?rest_route=%2Fwp%2Fv2%2Fmedia&parent=137049"}],"wp:term":[{"taxonomy":"category","embeddable":true,"href":"https:\/\/blogdofarnesio.com.br\/index.php?rest_route=%2Fwp%2Fv2%2Fcategories&post=137049"},{"taxonomy":"post_tag","embeddable":true,"href":"https:\/\/blogdofarnesio.com.br\/index.php?rest_route=%2Fwp%2Fv2%2Ftags&post=137049"}],"curies":[{"name":"wp","href":"https:\/\/api.w.org\/{rel}","templated":true}]}}