{"id":137043,"date":"2016-02-07T11:31:12","date_gmt":"2016-02-07T14:31:12","guid":{"rendered":"http:\/\/www.quersaberpolitica.com.br\/?p=137043"},"modified":"2016-02-07T08:20:21","modified_gmt":"2016-02-07T11:20:21","slug":"campanha-do-impeachment-usa-marcas-das-diretas-ja-para-tentar-derrubar-dilma","status":"publish","type":"post","link":"https:\/\/blogdofarnesio.com.br\/?p=137043","title":{"rendered":"CAMPANHA DO IMPEACHMENT USA MARCAS DAS &#8220;DIRETAS J\u00c1&#8221; PARA TENTAR DERRUBAR DILMA"},"content":{"rendered":"<header>\n<h1><\/h1>\n<div class=\"info-header\">\n<p class=\"pg-color10\">Fernando Rodrigues<\/p>\n<\/div>\n<\/header>\n<div class=\"texto\">\n<p><a href=\"http:\/\/imguol.com\/blogs\/52\/files\/2016\/02\/arte-mbl-protesto-impeachment.png\"><img loading=\"lazy\" decoding=\"async\" class=\"wp-image-18524  aligncenter\" src=\"http:\/\/imguol.com\/blogs\/52\/files\/2016\/02\/arte-mbl-protesto-impeachment-1024x420.png\" alt=\"Movimento Brasil Livre\/Divulga\u00e7\u00e3o\" width=\"464\" height=\"190\" \/><\/a><\/p>\n<p>O material produzido pelo Movimento Brasil Livre para divulgar as manifesta\u00e7\u00f5es do dia 13.mar \u00e9 inspirado nas <i>Diretas J\u00e1<\/i>.<\/p>\n<p>O layout evoca a marca da campanha de 1984 em favor do retorno das elei\u00e7\u00f5es diretas para presidente, segundo Renan Santos, coordenador do movimento.\u00a0A a\u00e7\u00e3o do MBL adota o mesmo padr\u00e3o gr\u00e1fico: amarelo com letras cursivas.<\/p>\n<p>A cor n\u00e3o \u00e9 novidade em a\u00e7\u00f5es pol\u00edticas. J\u00e1 foi utilizada em campanhas getulistas e na ditadura militar. A grafia \u00e9 vista como uma estrat\u00e9gia de identifica\u00e7\u00e3o com o p\u00fablico.<\/p>\n<p><a href=\"http:\/\/imguol.com\/blogs\/52\/files\/2016\/02\/arte-mbl-impeachment.jpg\"><img loading=\"lazy\" decoding=\"async\" class=\"wp-image-18529 \" src=\"http:\/\/imguol.com\/blogs\/52\/files\/2016\/02\/arte-mbl-impeachment-880x1024.jpg\" alt=\"Movimento Brasil Livre\/Divulga\u00e7\u00e3o\" width=\"455\" height=\"530\" \/><\/a><\/p>\n<p style=\"text-align: justify\">O slogan da vez \u00e9 \u201cesse impeachment \u00e9 meu\u201d. As pe\u00e7as ainda enumeram 5 raz\u00f5es para o impedimento e chamam todos \u00e0s ruas contra o governo.\u00a0\u201cA tiragem ser\u00e1 descentralizada: cada militante reproduzir\u00e1 suas c\u00f3pias\u201d, afirma Santos.<\/p>\n<p><strong>OPOSI\u00c7\u00c3O<\/strong><br \/>\nO movimento contar\u00e1 com a ajuda de oposicionistas no dia 13.mar. Alguns parlamentares j\u00e1 anunciaram\u00a0apoio, como Efraim Filho (DEM-PB), Mendon\u00e7a Filho (DEM-PE) e Bruno Ara\u00fajo (PSDB-PE).<\/p>\n<p>\u201cAinda n\u00e3o \u00e9 unanimidade, mas existe, no DEM, um sentimento muito forte com as propostas do MBL\u201d, diz Efraim.\u00a0O movimento pede tamb\u00e9m que deputados mobilizem suas redes de apoio regional.<\/p>\n<\/div>\n","protected":false},"excerpt":{"rendered":"<p>Fernando Rodrigues O material produzido pelo Movimento Brasil Livre para divulgar as manifesta\u00e7\u00f5es do dia 13.mar \u00e9 inspirado nas Diretas J\u00e1. O layout evoca a marca da campanha de 1984 em favor do retorno das elei\u00e7\u00f5es diretas para presidente, segundo Renan Santos, coordenador do movimento.\u00a0A a\u00e7\u00e3o do MBL adota o mesmo padr\u00e3o gr\u00e1fico: amarelo com letras cursivas. A cor n\u00e3o \u00e9 novidade em a\u00e7\u00f5es pol\u00edticas. J\u00e1 foi utilizada em campanhas getulistas e na ditadura militar. A grafia \u00e9 vista como uma estrat\u00e9gia de identifica\u00e7\u00e3o com o p\u00fablico. O slogan da vez \u00e9 \u201cesse impeachment \u00e9 meu\u201d. As pe\u00e7as ainda enumeram 5 raz\u00f5es para o impedimento e chamam todos \u00e0s ruas contra o governo.\u00a0\u201cA tiragem ser\u00e1 descentralizada: cada militante reproduzir\u00e1 suas&hellip; <\/p>\n","protected":false},"author":3,"featured_media":0,"comment_status":"open","ping_status":"open","sticky":false,"template":"","format":"standard","meta":{"_acf_changed":false,"footnotes":""},"categories":[1],"tags":[],"class_list":["post-137043","post","type-post","status-publish","format-standard","hentry","category-politica"],"acf":[],"yoast_head":"<!-- This site is optimized with the Yoast SEO plugin v27.4 - https:\/\/yoast.com\/product\/yoast-seo-wordpress\/ -->\n<title>CAMPANHA DO IMPEACHMENT USA MARCAS DAS &quot;DIRETAS J\u00c1&quot; PARA TENTAR DERRUBAR DILMA - Blog do Farn\u00e9sio<\/title>\n<meta name=\"robots\" content=\"index, follow, max-snippet:-1, max-image-preview:large, max-video-preview:-1\" \/>\n<link rel=\"canonical\" href=\"https:\/\/blogdofarnesio.com.br\/?p=137043\" \/>\n<meta property=\"og:locale\" content=\"pt_BR\" \/>\n<meta property=\"og:type\" content=\"article\" \/>\n<meta property=\"og:title\" content=\"CAMPANHA DO IMPEACHMENT USA MARCAS DAS &quot;DIRETAS J\u00c1&quot; PARA TENTAR DERRUBAR DILMA - Blog do Farn\u00e9sio\" \/>\n<meta property=\"og:description\" content=\"Fernando Rodrigues O material produzido pelo Movimento Brasil Livre para divulgar as manifesta\u00e7\u00f5es do dia 13.mar \u00e9 inspirado nas Diretas J\u00e1. O layout evoca a marca da campanha de 1984 em favor do retorno das elei\u00e7\u00f5es diretas para presidente, segundo Renan Santos, coordenador do movimento.\u00a0A a\u00e7\u00e3o do MBL adota o mesmo padr\u00e3o gr\u00e1fico: amarelo com letras cursivas. A cor n\u00e3o \u00e9 novidade em a\u00e7\u00f5es pol\u00edticas. J\u00e1 foi utilizada em campanhas getulistas e na ditadura militar. A grafia \u00e9 vista como uma estrat\u00e9gia de identifica\u00e7\u00e3o com o p\u00fablico. O slogan da vez \u00e9 \u201cesse impeachment \u00e9 meu\u201d. As pe\u00e7as ainda enumeram 5 raz\u00f5es para o impedimento e chamam todos \u00e0s ruas contra o governo.\u00a0\u201cA tiragem ser\u00e1 descentralizada: cada militante reproduzir\u00e1 suas&hellip;\" \/>\n<meta property=\"og:url\" content=\"https:\/\/blogdofarnesio.com.br\/?p=137043\" \/>\n<meta property=\"og:site_name\" content=\"Blog do Farn\u00e9sio\" \/>\n<meta property=\"article:publisher\" content=\"https:\/\/www.facebook.com\/BlogQuerSaberPolitica\/\" \/>\n<meta property=\"article:published_time\" content=\"2016-02-07T14:31:12+00:00\" \/>\n<meta property=\"og:image\" content=\"http:\/\/imguol.com\/blogs\/52\/files\/2016\/02\/arte-mbl-protesto-impeachment-1024x420.png\" \/>\n<meta name=\"author\" content=\"teste\" \/>\n<meta name=\"twitter:card\" content=\"summary_large_image\" \/>\n<meta name=\"twitter:label1\" content=\"Escrito por\" \/>\n\t<meta name=\"twitter:data1\" content=\"teste\" \/>\n\t<meta name=\"twitter:label2\" content=\"Est. tempo de leitura\" \/>\n\t<meta name=\"twitter:data2\" content=\"1 minuto\" \/>\n<script type=\"application\/ld+json\" class=\"yoast-schema-graph\">{\"@context\":\"https:\\\/\\\/schema.org\",\"@graph\":[{\"@type\":\"Article\",\"@id\":\"https:\\\/\\\/blogdofarnesio.com.br\\\/?p=137043#article\",\"isPartOf\":{\"@id\":\"https:\\\/\\\/blogdofarnesio.com.br\\\/?p=137043\"},\"author\":{\"name\":\"teste\",\"@id\":\"https:\\\/\\\/blogdofarnesio.com.br\\\/#\\\/schema\\\/person\\\/dd1bf5eba40b687199ba45ca6b97dff9\"},\"headline\":\"CAMPANHA DO IMPEACHMENT USA MARCAS DAS &#8220;DIRETAS J\u00c1&#8221; PARA TENTAR DERRUBAR DILMA\",\"datePublished\":\"2016-02-07T14:31:12+00:00\",\"mainEntityOfPage\":{\"@id\":\"https:\\\/\\\/blogdofarnesio.com.br\\\/?p=137043\"},\"wordCount\":207,\"commentCount\":0,\"publisher\":{\"@id\":\"https:\\\/\\\/blogdofarnesio.com.br\\\/#organization\"},\"image\":{\"@id\":\"https:\\\/\\\/blogdofarnesio.com.br\\\/?p=137043#primaryimage\"},\"thumbnailUrl\":\"http:\\\/\\\/imguol.com\\\/blogs\\\/52\\\/files\\\/2016\\\/02\\\/arte-mbl-protesto-impeachment-1024x420.png\",\"articleSection\":[\"Pol\u00edtica\"],\"inLanguage\":\"pt-BR\",\"potentialAction\":[{\"@type\":\"CommentAction\",\"name\":\"Comment\",\"target\":[\"https:\\\/\\\/blogdofarnesio.com.br\\\/?p=137043#respond\"]}]},{\"@type\":\"WebPage\",\"@id\":\"https:\\\/\\\/blogdofarnesio.com.br\\\/?p=137043\",\"url\":\"https:\\\/\\\/blogdofarnesio.com.br\\\/?p=137043\",\"name\":\"CAMPANHA DO IMPEACHMENT USA MARCAS DAS \\\"DIRETAS J\u00c1\\\" PARA TENTAR DERRUBAR DILMA - Blog do Farn\u00e9sio\",\"isPartOf\":{\"@id\":\"https:\\\/\\\/blogdofarnesio.com.br\\\/#website\"},\"primaryImageOfPage\":{\"@id\":\"https:\\\/\\\/blogdofarnesio.com.br\\\/?p=137043#primaryimage\"},\"image\":{\"@id\":\"https:\\\/\\\/blogdofarnesio.com.br\\\/?p=137043#primaryimage\"},\"thumbnailUrl\":\"http:\\\/\\\/imguol.com\\\/blogs\\\/52\\\/files\\\/2016\\\/02\\\/arte-mbl-protesto-impeachment-1024x420.png\",\"datePublished\":\"2016-02-07T14:31:12+00:00\",\"breadcrumb\":{\"@id\":\"https:\\\/\\\/blogdofarnesio.com.br\\\/?p=137043#breadcrumb\"},\"inLanguage\":\"pt-BR\",\"potentialAction\":[{\"@type\":\"ReadAction\",\"target\":[\"https:\\\/\\\/blogdofarnesio.com.br\\\/?p=137043\"]}]},{\"@type\":\"ImageObject\",\"inLanguage\":\"pt-BR\",\"@id\":\"https:\\\/\\\/blogdofarnesio.com.br\\\/?p=137043#primaryimage\",\"url\":\"http:\\\/\\\/imguol.com\\\/blogs\\\/52\\\/files\\\/2016\\\/02\\\/arte-mbl-protesto-impeachment-1024x420.png\",\"contentUrl\":\"http:\\\/\\\/imguol.com\\\/blogs\\\/52\\\/files\\\/2016\\\/02\\\/arte-mbl-protesto-impeachment-1024x420.png\"},{\"@type\":\"BreadcrumbList\",\"@id\":\"https:\\\/\\\/blogdofarnesio.com.br\\\/?p=137043#breadcrumb\",\"itemListElement\":[{\"@type\":\"ListItem\",\"position\":1,\"name\":\"In\u00edcio\",\"item\":\"https:\\\/\\\/blogdofarnesio.com.br\\\/\"},{\"@type\":\"ListItem\",\"position\":2,\"name\":\"CAMPANHA DO IMPEACHMENT USA MARCAS DAS &#8220;DIRETAS J\u00c1&#8221; PARA TENTAR DERRUBAR DILMA\"}]},{\"@type\":\"WebSite\",\"@id\":\"https:\\\/\\\/blogdofarnesio.com.br\\\/#website\",\"url\":\"https:\\\/\\\/blogdofarnesio.com.br\\\/\",\"name\":\"Blog do Farn\u00e9sio\",\"description\":\"Quer Saber Pol\u00edtica?\",\"publisher\":{\"@id\":\"https:\\\/\\\/blogdofarnesio.com.br\\\/#organization\"},\"potentialAction\":[{\"@type\":\"SearchAction\",\"target\":{\"@type\":\"EntryPoint\",\"urlTemplate\":\"https:\\\/\\\/blogdofarnesio.com.br\\\/?s={search_term_string}\"},\"query-input\":{\"@type\":\"PropertyValueSpecification\",\"valueRequired\":true,\"valueName\":\"search_term_string\"}}],\"inLanguage\":\"pt-BR\"},{\"@type\":\"Organization\",\"@id\":\"https:\\\/\\\/blogdofarnesio.com.br\\\/#organization\",\"name\":\"Blog do Farn\u00e9sio\",\"url\":\"https:\\\/\\\/blogdofarnesio.com.br\\\/\",\"logo\":{\"@type\":\"ImageObject\",\"inLanguage\":\"pt-BR\",\"@id\":\"https:\\\/\\\/blogdofarnesio.com.br\\\/#\\\/schema\\\/logo\\\/image\\\/\",\"url\":\"https:\\\/\\\/blogdofarnesio.com.br\\\/wp-content\\\/uploads\\\/2026\\\/03\\\/cropped-logo_new-1.png\",\"contentUrl\":\"https:\\\/\\\/blogdofarnesio.com.br\\\/wp-content\\\/uploads\\\/2026\\\/03\\\/cropped-logo_new-1.png\",\"width\":881,\"height\":685,\"caption\":\"Blog do Farn\u00e9sio\"},\"image\":{\"@id\":\"https:\\\/\\\/blogdofarnesio.com.br\\\/#\\\/schema\\\/logo\\\/image\\\/\"},\"sameAs\":[\"https:\\\/\\\/www.facebook.com\\\/BlogQuerSaberPolitica\\\/\"]},{\"@type\":\"Person\",\"@id\":\"https:\\\/\\\/blogdofarnesio.com.br\\\/#\\\/schema\\\/person\\\/dd1bf5eba40b687199ba45ca6b97dff9\",\"name\":\"teste\",\"image\":{\"@type\":\"ImageObject\",\"inLanguage\":\"pt-BR\",\"@id\":\"https:\\\/\\\/secure.gravatar.com\\\/avatar\\\/2172498d4914b51e1d89a0f97957b035ac4938723a5cac208135d389b6972a6d?s=96&d=mm&r=g\",\"url\":\"https:\\\/\\\/secure.gravatar.com\\\/avatar\\\/2172498d4914b51e1d89a0f97957b035ac4938723a5cac208135d389b6972a6d?s=96&d=mm&r=g\",\"contentUrl\":\"https:\\\/\\\/secure.gravatar.com\\\/avatar\\\/2172498d4914b51e1d89a0f97957b035ac4938723a5cac208135d389b6972a6d?s=96&d=mm&r=g\",\"caption\":\"teste\"},\"url\":\"https:\\\/\\\/blogdofarnesio.com.br\\\/?author=3\"}]}<\/script>\n<!-- \/ Yoast SEO plugin. -->","yoast_head_json":{"title":"CAMPANHA DO IMPEACHMENT USA MARCAS DAS \"DIRETAS J\u00c1\" PARA TENTAR DERRUBAR DILMA - Blog do Farn\u00e9sio","robots":{"index":"index","follow":"follow","max-snippet":"max-snippet:-1","max-image-preview":"max-image-preview:large","max-video-preview":"max-video-preview:-1"},"canonical":"https:\/\/blogdofarnesio.com.br\/?p=137043","og_locale":"pt_BR","og_type":"article","og_title":"CAMPANHA DO IMPEACHMENT USA MARCAS DAS \"DIRETAS J\u00c1\" PARA TENTAR DERRUBAR DILMA - Blog do Farn\u00e9sio","og_description":"Fernando Rodrigues O material produzido pelo Movimento Brasil Livre para divulgar as manifesta\u00e7\u00f5es do dia 13.mar \u00e9 inspirado nas Diretas J\u00e1. O layout evoca a marca da campanha de 1984 em favor do retorno das elei\u00e7\u00f5es diretas para presidente, segundo Renan Santos, coordenador do movimento.\u00a0A a\u00e7\u00e3o do MBL adota o mesmo padr\u00e3o gr\u00e1fico: amarelo com letras cursivas. A cor n\u00e3o \u00e9 novidade em a\u00e7\u00f5es pol\u00edticas. J\u00e1 foi utilizada em campanhas getulistas e na ditadura militar. A grafia \u00e9 vista como uma estrat\u00e9gia de identifica\u00e7\u00e3o com o p\u00fablico. O slogan da vez \u00e9 \u201cesse impeachment \u00e9 meu\u201d. As pe\u00e7as ainda enumeram 5 raz\u00f5es para o impedimento e chamam todos \u00e0s ruas contra o governo.\u00a0\u201cA tiragem ser\u00e1 descentralizada: cada militante reproduzir\u00e1 suas&hellip;","og_url":"https:\/\/blogdofarnesio.com.br\/?p=137043","og_site_name":"Blog do Farn\u00e9sio","article_publisher":"https:\/\/www.facebook.com\/BlogQuerSaberPolitica\/","article_published_time":"2016-02-07T14:31:12+00:00","og_image":[{"url":"http:\/\/imguol.com\/blogs\/52\/files\/2016\/02\/arte-mbl-protesto-impeachment-1024x420.png","type":"","width":"","height":""}],"author":"teste","twitter_card":"summary_large_image","twitter_misc":{"Escrito por":"teste","Est. tempo de leitura":"1 minuto"},"schema":{"@context":"https:\/\/schema.org","@graph":[{"@type":"Article","@id":"https:\/\/blogdofarnesio.com.br\/?p=137043#article","isPartOf":{"@id":"https:\/\/blogdofarnesio.com.br\/?p=137043"},"author":{"name":"teste","@id":"https:\/\/blogdofarnesio.com.br\/#\/schema\/person\/dd1bf5eba40b687199ba45ca6b97dff9"},"headline":"CAMPANHA DO IMPEACHMENT USA MARCAS DAS &#8220;DIRETAS J\u00c1&#8221; PARA TENTAR DERRUBAR DILMA","datePublished":"2016-02-07T14:31:12+00:00","mainEntityOfPage":{"@id":"https:\/\/blogdofarnesio.com.br\/?p=137043"},"wordCount":207,"commentCount":0,"publisher":{"@id":"https:\/\/blogdofarnesio.com.br\/#organization"},"image":{"@id":"https:\/\/blogdofarnesio.com.br\/?p=137043#primaryimage"},"thumbnailUrl":"http:\/\/imguol.com\/blogs\/52\/files\/2016\/02\/arte-mbl-protesto-impeachment-1024x420.png","articleSection":["Pol\u00edtica"],"inLanguage":"pt-BR","potentialAction":[{"@type":"CommentAction","name":"Comment","target":["https:\/\/blogdofarnesio.com.br\/?p=137043#respond"]}]},{"@type":"WebPage","@id":"https:\/\/blogdofarnesio.com.br\/?p=137043","url":"https:\/\/blogdofarnesio.com.br\/?p=137043","name":"CAMPANHA DO IMPEACHMENT USA MARCAS DAS \"DIRETAS J\u00c1\" PARA TENTAR DERRUBAR DILMA - Blog do Farn\u00e9sio","isPartOf":{"@id":"https:\/\/blogdofarnesio.com.br\/#website"},"primaryImageOfPage":{"@id":"https:\/\/blogdofarnesio.com.br\/?p=137043#primaryimage"},"image":{"@id":"https:\/\/blogdofarnesio.com.br\/?p=137043#primaryimage"},"thumbnailUrl":"http:\/\/imguol.com\/blogs\/52\/files\/2016\/02\/arte-mbl-protesto-impeachment-1024x420.png","datePublished":"2016-02-07T14:31:12+00:00","breadcrumb":{"@id":"https:\/\/blogdofarnesio.com.br\/?p=137043#breadcrumb"},"inLanguage":"pt-BR","potentialAction":[{"@type":"ReadAction","target":["https:\/\/blogdofarnesio.com.br\/?p=137043"]}]},{"@type":"ImageObject","inLanguage":"pt-BR","@id":"https:\/\/blogdofarnesio.com.br\/?p=137043#primaryimage","url":"http:\/\/imguol.com\/blogs\/52\/files\/2016\/02\/arte-mbl-protesto-impeachment-1024x420.png","contentUrl":"http:\/\/imguol.com\/blogs\/52\/files\/2016\/02\/arte-mbl-protesto-impeachment-1024x420.png"},{"@type":"BreadcrumbList","@id":"https:\/\/blogdofarnesio.com.br\/?p=137043#breadcrumb","itemListElement":[{"@type":"ListItem","position":1,"name":"In\u00edcio","item":"https:\/\/blogdofarnesio.com.br\/"},{"@type":"ListItem","position":2,"name":"CAMPANHA DO IMPEACHMENT USA MARCAS DAS &#8220;DIRETAS J\u00c1&#8221; PARA TENTAR DERRUBAR DILMA"}]},{"@type":"WebSite","@id":"https:\/\/blogdofarnesio.com.br\/#website","url":"https:\/\/blogdofarnesio.com.br\/","name":"Blog do Farn\u00e9sio","description":"Quer Saber Pol\u00edtica?","publisher":{"@id":"https:\/\/blogdofarnesio.com.br\/#organization"},"potentialAction":[{"@type":"SearchAction","target":{"@type":"EntryPoint","urlTemplate":"https:\/\/blogdofarnesio.com.br\/?s={search_term_string}"},"query-input":{"@type":"PropertyValueSpecification","valueRequired":true,"valueName":"search_term_string"}}],"inLanguage":"pt-BR"},{"@type":"Organization","@id":"https:\/\/blogdofarnesio.com.br\/#organization","name":"Blog do Farn\u00e9sio","url":"https:\/\/blogdofarnesio.com.br\/","logo":{"@type":"ImageObject","inLanguage":"pt-BR","@id":"https:\/\/blogdofarnesio.com.br\/#\/schema\/logo\/image\/","url":"https:\/\/blogdofarnesio.com.br\/wp-content\/uploads\/2026\/03\/cropped-logo_new-1.png","contentUrl":"https:\/\/blogdofarnesio.com.br\/wp-content\/uploads\/2026\/03\/cropped-logo_new-1.png","width":881,"height":685,"caption":"Blog do Farn\u00e9sio"},"image":{"@id":"https:\/\/blogdofarnesio.com.br\/#\/schema\/logo\/image\/"},"sameAs":["https:\/\/www.facebook.com\/BlogQuerSaberPolitica\/"]},{"@type":"Person","@id":"https:\/\/blogdofarnesio.com.br\/#\/schema\/person\/dd1bf5eba40b687199ba45ca6b97dff9","name":"teste","image":{"@type":"ImageObject","inLanguage":"pt-BR","@id":"https:\/\/secure.gravatar.com\/avatar\/2172498d4914b51e1d89a0f97957b035ac4938723a5cac208135d389b6972a6d?s=96&d=mm&r=g","url":"https:\/\/secure.gravatar.com\/avatar\/2172498d4914b51e1d89a0f97957b035ac4938723a5cac208135d389b6972a6d?s=96&d=mm&r=g","contentUrl":"https:\/\/secure.gravatar.com\/avatar\/2172498d4914b51e1d89a0f97957b035ac4938723a5cac208135d389b6972a6d?s=96&d=mm&r=g","caption":"teste"},"url":"https:\/\/blogdofarnesio.com.br\/?author=3"}]}},"_links":{"self":[{"href":"https:\/\/blogdofarnesio.com.br\/index.php?rest_route=\/wp\/v2\/posts\/137043","targetHints":{"allow":["GET"]}}],"collection":[{"href":"https:\/\/blogdofarnesio.com.br\/index.php?rest_route=\/wp\/v2\/posts"}],"about":[{"href":"https:\/\/blogdofarnesio.com.br\/index.php?rest_route=\/wp\/v2\/types\/post"}],"author":[{"embeddable":true,"href":"https:\/\/blogdofarnesio.com.br\/index.php?rest_route=\/wp\/v2\/users\/3"}],"replies":[{"embeddable":true,"href":"https:\/\/blogdofarnesio.com.br\/index.php?rest_route=%2Fwp%2Fv2%2Fcomments&post=137043"}],"version-history":[{"count":0,"href":"https:\/\/blogdofarnesio.com.br\/index.php?rest_route=\/wp\/v2\/posts\/137043\/revisions"}],"wp:attachment":[{"href":"https:\/\/blogdofarnesio.com.br\/index.php?rest_route=%2Fwp%2Fv2%2Fmedia&parent=137043"}],"wp:term":[{"taxonomy":"category","embeddable":true,"href":"https:\/\/blogdofarnesio.com.br\/index.php?rest_route=%2Fwp%2Fv2%2Fcategories&post=137043"},{"taxonomy":"post_tag","embeddable":true,"href":"https:\/\/blogdofarnesio.com.br\/index.php?rest_route=%2Fwp%2Fv2%2Ftags&post=137043"}],"curies":[{"name":"wp","href":"https:\/\/api.w.org\/{rel}","templated":true}]}}