{"id":137042,"date":"2016-02-07T10:00:15","date_gmt":"2016-02-07T13:00:15","guid":{"rendered":"http:\/\/www.quersaberpolitica.com.br\/?p=137042"},"modified":"2016-02-06T21:54:36","modified_gmt":"2016-02-07T00:54:36","slug":"agora-e-que-o-deputado-adalberto-cavalcante-vai-espernear","status":"publish","type":"post","link":"https:\/\/blogdofarnesio.com.br\/?p=137042","title":{"rendered":"AGORA \u00c9 QUE O DEPUTADO ADALBERTO CAVALCANTE VAI ESPERNEAR"},"content":{"rendered":"<h1 class=\"entry-title\" style=\"text-align: center\"><span style=\"color: #808080\"><strong><a style=\"color: #808080\" title=\"Deputado Fernando Monteiro, filho do Superintendente da Codevasf est\u00e1 se mudando de mala e cuia para Petrolina\" href=\"http:\/\/www.lagoagrandenoticia.com\/deputado-fernando-monteiro-filho-do-superintendente-da-codevasf-esta-se-mudando-de-mala-e-cuia-para-petrolina\/\" rel=\"bookmark\">Deputado Fernando Monteiro, filho do Superintendente da Codevasf estaria se mudando de mala e cuia para Petrolina<\/a><\/strong><\/span><\/h1>\n<div class=\"entry-meta\" style=\"text-align: justify\"><img loading=\"lazy\" decoding=\"async\" class=\"aligncenter\" src=\"http:\/\/www.camara.gov.br\/internet\/bancoimagem\/banco\/img201509041645186031806.jpg\" alt=\"\" width=\"452\" height=\"303\" \/><\/div>\n<div class=\"entry-content\">\n<p style=\"text-align: justify\">De acordo com o que circula nos bastidores, Petrolina est\u00e1 preste a receber mais um habitante ilustre e pol\u00edtico para esquentar mais ainda a pol\u00edtica local.\u00a0O novo habitante ser\u00e1 o deputado federal Fernando Monteiro(PP) que segundo informa\u00e7\u00f5es estaria se mudando de mala e cuia para Petrolina, onde o mesmo j\u00e1 teria at\u00e9 alugado um apartamento localizado na orla fluvial.<\/p>\n<p style=\"text-align: justify\">O deputado Fernando Monteiro \u00e9 filho do Superintendente da 3\u00aa Diretoria da CODEVASF \u2013 Companhia de Desenvolvimento dos Vales do S\u00e3o Francisco e Parna\u00edba, Sr. Luciano Fernandes Albuquerque.<\/p>\n<p style=\"text-align: justify\"><em><strong>A\u00a0den\u00fancia<\/strong><\/em><\/p>\n<p style=\"text-align: justify\">superintendente Luciano Fernandes Albuquerque recentemente foi denunciado ao Minist\u00e9rio P\u00fablico Federal \/ Polo Petrolina \u2013 Juazeiro e \u00e0 Delegacia da Pol\u00edcia Federal em Juazeiro \u2013 BA pelo Deputado Federal Adalberto Cavalcanti(PMB) sendo acusado de direcionar as a\u00e7\u00f5es da CODEVASF em favor do mandato do seu filho, o Deputado Federal Fernando Monteiro, bem como dos dirigentes do PP \u2013 Partido Progressista(PP), respons\u00e1veis diretos por sua indica\u00e7\u00e3o, em especial o Deputado Federal Eduardo da Fonte, presidente estadual da legenda, que adquiriu evid\u00eancia no cen\u00e1rio nacional por estar sobremodo envolvido na famigerada Opera\u00e7\u00e3o Lava Jato.<\/p>\n<\/div>\n","protected":false},"excerpt":{"rendered":"<p>Deputado Fernando Monteiro, filho do Superintendente da Codevasf estaria se mudando de mala e cuia para Petrolina De acordo com o que circula nos bastidores, Petrolina est\u00e1 preste a receber mais um habitante ilustre e pol\u00edtico para esquentar mais ainda a pol\u00edtica local.\u00a0O novo habitante ser\u00e1 o deputado federal Fernando Monteiro(PP) que segundo informa\u00e7\u00f5es estaria se mudando de mala e cuia para Petrolina, onde o mesmo j\u00e1 teria at\u00e9 alugado um apartamento localizado na orla fluvial. O deputado Fernando Monteiro \u00e9 filho do Superintendente da 3\u00aa Diretoria da CODEVASF \u2013 Companhia de Desenvolvimento dos Vales do S\u00e3o Francisco e Parna\u00edba, Sr. Luciano Fernandes Albuquerque. A\u00a0den\u00fancia superintendente Luciano Fernandes Albuquerque recentemente foi denunciado ao Minist\u00e9rio P\u00fablico Federal \/ Polo Petrolina \u2013&hellip; <\/p>\n","protected":false},"author":3,"featured_media":0,"comment_status":"open","ping_status":"open","sticky":false,"template":"","format":"standard","meta":{"_acf_changed":false,"footnotes":""},"categories":[1],"tags":[],"class_list":["post-137042","post","type-post","status-publish","format-standard","hentry","category-politica"],"acf":[],"yoast_head":"<!-- This site is optimized with the Yoast SEO plugin v27.4 - https:\/\/yoast.com\/product\/yoast-seo-wordpress\/ -->\n<title>AGORA \u00c9 QUE O DEPUTADO ADALBERTO CAVALCANTE VAI ESPERNEAR - Blog do Farn\u00e9sio<\/title>\n<meta name=\"robots\" content=\"index, follow, max-snippet:-1, max-image-preview:large, max-video-preview:-1\" \/>\n<link rel=\"canonical\" href=\"https:\/\/blogdofarnesio.com.br\/?p=137042\" \/>\n<meta property=\"og:locale\" content=\"pt_BR\" \/>\n<meta property=\"og:type\" content=\"article\" \/>\n<meta property=\"og:title\" content=\"AGORA \u00c9 QUE O DEPUTADO ADALBERTO CAVALCANTE VAI ESPERNEAR - Blog do Farn\u00e9sio\" \/>\n<meta property=\"og:description\" content=\"Deputado Fernando Monteiro, filho do Superintendente da Codevasf estaria se mudando de mala e cuia para Petrolina De acordo com o que circula nos bastidores, Petrolina est\u00e1 preste a receber mais um habitante ilustre e pol\u00edtico para esquentar mais ainda a pol\u00edtica local.\u00a0O novo habitante ser\u00e1 o deputado federal Fernando Monteiro(PP) que segundo informa\u00e7\u00f5es estaria se mudando de mala e cuia para Petrolina, onde o mesmo j\u00e1 teria at\u00e9 alugado um apartamento localizado na orla fluvial. O deputado Fernando Monteiro \u00e9 filho do Superintendente da 3\u00aa Diretoria da CODEVASF \u2013 Companhia de Desenvolvimento dos Vales do S\u00e3o Francisco e Parna\u00edba, Sr. Luciano Fernandes Albuquerque. A\u00a0den\u00fancia superintendente Luciano Fernandes Albuquerque recentemente foi denunciado ao Minist\u00e9rio P\u00fablico Federal \/ Polo Petrolina \u2013&hellip;\" \/>\n<meta property=\"og:url\" content=\"https:\/\/blogdofarnesio.com.br\/?p=137042\" \/>\n<meta property=\"og:site_name\" content=\"Blog do Farn\u00e9sio\" \/>\n<meta property=\"article:publisher\" content=\"https:\/\/www.facebook.com\/BlogQuerSaberPolitica\/\" \/>\n<meta property=\"article:published_time\" content=\"2016-02-07T13:00:15+00:00\" \/>\n<meta property=\"og:image\" content=\"http:\/\/www.camara.gov.br\/internet\/bancoimagem\/banco\/img201509041645186031806.jpg\" \/>\n<meta name=\"author\" content=\"teste\" \/>\n<meta name=\"twitter:card\" content=\"summary_large_image\" \/>\n<meta name=\"twitter:label1\" content=\"Escrito por\" \/>\n\t<meta name=\"twitter:data1\" content=\"teste\" \/>\n\t<meta name=\"twitter:label2\" content=\"Est. tempo de leitura\" \/>\n\t<meta name=\"twitter:data2\" content=\"1 minuto\" \/>\n<script type=\"application\/ld+json\" class=\"yoast-schema-graph\">{\"@context\":\"https:\\\/\\\/schema.org\",\"@graph\":[{\"@type\":\"Article\",\"@id\":\"https:\\\/\\\/blogdofarnesio.com.br\\\/?p=137042#article\",\"isPartOf\":{\"@id\":\"https:\\\/\\\/blogdofarnesio.com.br\\\/?p=137042\"},\"author\":{\"name\":\"teste\",\"@id\":\"https:\\\/\\\/blogdofarnesio.com.br\\\/#\\\/schema\\\/person\\\/dd1bf5eba40b687199ba45ca6b97dff9\"},\"headline\":\"AGORA \u00c9 QUE O DEPUTADO ADALBERTO CAVALCANTE VAI ESPERNEAR\",\"datePublished\":\"2016-02-07T13:00:15+00:00\",\"mainEntityOfPage\":{\"@id\":\"https:\\\/\\\/blogdofarnesio.com.br\\\/?p=137042\"},\"wordCount\":217,\"commentCount\":1,\"publisher\":{\"@id\":\"https:\\\/\\\/blogdofarnesio.com.br\\\/#organization\"},\"image\":{\"@id\":\"https:\\\/\\\/blogdofarnesio.com.br\\\/?p=137042#primaryimage\"},\"thumbnailUrl\":\"http:\\\/\\\/www.camara.gov.br\\\/internet\\\/bancoimagem\\\/banco\\\/img201509041645186031806.jpg\",\"articleSection\":[\"Pol\u00edtica\"],\"inLanguage\":\"pt-BR\",\"potentialAction\":[{\"@type\":\"CommentAction\",\"name\":\"Comment\",\"target\":[\"https:\\\/\\\/blogdofarnesio.com.br\\\/?p=137042#respond\"]}]},{\"@type\":\"WebPage\",\"@id\":\"https:\\\/\\\/blogdofarnesio.com.br\\\/?p=137042\",\"url\":\"https:\\\/\\\/blogdofarnesio.com.br\\\/?p=137042\",\"name\":\"AGORA \u00c9 QUE O DEPUTADO ADALBERTO CAVALCANTE VAI ESPERNEAR - Blog do Farn\u00e9sio\",\"isPartOf\":{\"@id\":\"https:\\\/\\\/blogdofarnesio.com.br\\\/#website\"},\"primaryImageOfPage\":{\"@id\":\"https:\\\/\\\/blogdofarnesio.com.br\\\/?p=137042#primaryimage\"},\"image\":{\"@id\":\"https:\\\/\\\/blogdofarnesio.com.br\\\/?p=137042#primaryimage\"},\"thumbnailUrl\":\"http:\\\/\\\/www.camara.gov.br\\\/internet\\\/bancoimagem\\\/banco\\\/img201509041645186031806.jpg\",\"datePublished\":\"2016-02-07T13:00:15+00:00\",\"breadcrumb\":{\"@id\":\"https:\\\/\\\/blogdofarnesio.com.br\\\/?p=137042#breadcrumb\"},\"inLanguage\":\"pt-BR\",\"potentialAction\":[{\"@type\":\"ReadAction\",\"target\":[\"https:\\\/\\\/blogdofarnesio.com.br\\\/?p=137042\"]}]},{\"@type\":\"ImageObject\",\"inLanguage\":\"pt-BR\",\"@id\":\"https:\\\/\\\/blogdofarnesio.com.br\\\/?p=137042#primaryimage\",\"url\":\"http:\\\/\\\/www.camara.gov.br\\\/internet\\\/bancoimagem\\\/banco\\\/img201509041645186031806.jpg\",\"contentUrl\":\"http:\\\/\\\/www.camara.gov.br\\\/internet\\\/bancoimagem\\\/banco\\\/img201509041645186031806.jpg\"},{\"@type\":\"BreadcrumbList\",\"@id\":\"https:\\\/\\\/blogdofarnesio.com.br\\\/?p=137042#breadcrumb\",\"itemListElement\":[{\"@type\":\"ListItem\",\"position\":1,\"name\":\"In\u00edcio\",\"item\":\"https:\\\/\\\/blogdofarnesio.com.br\\\/\"},{\"@type\":\"ListItem\",\"position\":2,\"name\":\"AGORA \u00c9 QUE O DEPUTADO ADALBERTO CAVALCANTE VAI ESPERNEAR\"}]},{\"@type\":\"WebSite\",\"@id\":\"https:\\\/\\\/blogdofarnesio.com.br\\\/#website\",\"url\":\"https:\\\/\\\/blogdofarnesio.com.br\\\/\",\"name\":\"Blog do Farn\u00e9sio\",\"description\":\"Quer Saber Pol\u00edtica?\",\"publisher\":{\"@id\":\"https:\\\/\\\/blogdofarnesio.com.br\\\/#organization\"},\"potentialAction\":[{\"@type\":\"SearchAction\",\"target\":{\"@type\":\"EntryPoint\",\"urlTemplate\":\"https:\\\/\\\/blogdofarnesio.com.br\\\/?s={search_term_string}\"},\"query-input\":{\"@type\":\"PropertyValueSpecification\",\"valueRequired\":true,\"valueName\":\"search_term_string\"}}],\"inLanguage\":\"pt-BR\"},{\"@type\":\"Organization\",\"@id\":\"https:\\\/\\\/blogdofarnesio.com.br\\\/#organization\",\"name\":\"Blog do Farn\u00e9sio\",\"url\":\"https:\\\/\\\/blogdofarnesio.com.br\\\/\",\"logo\":{\"@type\":\"ImageObject\",\"inLanguage\":\"pt-BR\",\"@id\":\"https:\\\/\\\/blogdofarnesio.com.br\\\/#\\\/schema\\\/logo\\\/image\\\/\",\"url\":\"https:\\\/\\\/blogdofarnesio.com.br\\\/wp-content\\\/uploads\\\/2026\\\/03\\\/cropped-logo_new-1.png\",\"contentUrl\":\"https:\\\/\\\/blogdofarnesio.com.br\\\/wp-content\\\/uploads\\\/2026\\\/03\\\/cropped-logo_new-1.png\",\"width\":881,\"height\":685,\"caption\":\"Blog do Farn\u00e9sio\"},\"image\":{\"@id\":\"https:\\\/\\\/blogdofarnesio.com.br\\\/#\\\/schema\\\/logo\\\/image\\\/\"},\"sameAs\":[\"https:\\\/\\\/www.facebook.com\\\/BlogQuerSaberPolitica\\\/\"]},{\"@type\":\"Person\",\"@id\":\"https:\\\/\\\/blogdofarnesio.com.br\\\/#\\\/schema\\\/person\\\/dd1bf5eba40b687199ba45ca6b97dff9\",\"name\":\"teste\",\"image\":{\"@type\":\"ImageObject\",\"inLanguage\":\"pt-BR\",\"@id\":\"https:\\\/\\\/secure.gravatar.com\\\/avatar\\\/2172498d4914b51e1d89a0f97957b035ac4938723a5cac208135d389b6972a6d?s=96&d=mm&r=g\",\"url\":\"https:\\\/\\\/secure.gravatar.com\\\/avatar\\\/2172498d4914b51e1d89a0f97957b035ac4938723a5cac208135d389b6972a6d?s=96&d=mm&r=g\",\"contentUrl\":\"https:\\\/\\\/secure.gravatar.com\\\/avatar\\\/2172498d4914b51e1d89a0f97957b035ac4938723a5cac208135d389b6972a6d?s=96&d=mm&r=g\",\"caption\":\"teste\"},\"url\":\"https:\\\/\\\/blogdofarnesio.com.br\\\/?author=3\"}]}<\/script>\n<!-- \/ Yoast SEO plugin. -->","yoast_head_json":{"title":"AGORA \u00c9 QUE O DEPUTADO ADALBERTO CAVALCANTE VAI ESPERNEAR - Blog do Farn\u00e9sio","robots":{"index":"index","follow":"follow","max-snippet":"max-snippet:-1","max-image-preview":"max-image-preview:large","max-video-preview":"max-video-preview:-1"},"canonical":"https:\/\/blogdofarnesio.com.br\/?p=137042","og_locale":"pt_BR","og_type":"article","og_title":"AGORA \u00c9 QUE O DEPUTADO ADALBERTO CAVALCANTE VAI ESPERNEAR - Blog do Farn\u00e9sio","og_description":"Deputado Fernando Monteiro, filho do Superintendente da Codevasf estaria se mudando de mala e cuia para Petrolina De acordo com o que circula nos bastidores, Petrolina est\u00e1 preste a receber mais um habitante ilustre e pol\u00edtico para esquentar mais ainda a pol\u00edtica local.\u00a0O novo habitante ser\u00e1 o deputado federal Fernando Monteiro(PP) que segundo informa\u00e7\u00f5es estaria se mudando de mala e cuia para Petrolina, onde o mesmo j\u00e1 teria at\u00e9 alugado um apartamento localizado na orla fluvial. O deputado Fernando Monteiro \u00e9 filho do Superintendente da 3\u00aa Diretoria da CODEVASF \u2013 Companhia de Desenvolvimento dos Vales do S\u00e3o Francisco e Parna\u00edba, Sr. Luciano Fernandes Albuquerque. A\u00a0den\u00fancia superintendente Luciano Fernandes Albuquerque recentemente foi denunciado ao Minist\u00e9rio P\u00fablico Federal \/ Polo Petrolina \u2013&hellip;","og_url":"https:\/\/blogdofarnesio.com.br\/?p=137042","og_site_name":"Blog do Farn\u00e9sio","article_publisher":"https:\/\/www.facebook.com\/BlogQuerSaberPolitica\/","article_published_time":"2016-02-07T13:00:15+00:00","og_image":[{"url":"http:\/\/www.camara.gov.br\/internet\/bancoimagem\/banco\/img201509041645186031806.jpg","type":"","width":"","height":""}],"author":"teste","twitter_card":"summary_large_image","twitter_misc":{"Escrito por":"teste","Est. tempo de leitura":"1 minuto"},"schema":{"@context":"https:\/\/schema.org","@graph":[{"@type":"Article","@id":"https:\/\/blogdofarnesio.com.br\/?p=137042#article","isPartOf":{"@id":"https:\/\/blogdofarnesio.com.br\/?p=137042"},"author":{"name":"teste","@id":"https:\/\/blogdofarnesio.com.br\/#\/schema\/person\/dd1bf5eba40b687199ba45ca6b97dff9"},"headline":"AGORA \u00c9 QUE O DEPUTADO ADALBERTO CAVALCANTE VAI ESPERNEAR","datePublished":"2016-02-07T13:00:15+00:00","mainEntityOfPage":{"@id":"https:\/\/blogdofarnesio.com.br\/?p=137042"},"wordCount":217,"commentCount":1,"publisher":{"@id":"https:\/\/blogdofarnesio.com.br\/#organization"},"image":{"@id":"https:\/\/blogdofarnesio.com.br\/?p=137042#primaryimage"},"thumbnailUrl":"http:\/\/www.camara.gov.br\/internet\/bancoimagem\/banco\/img201509041645186031806.jpg","articleSection":["Pol\u00edtica"],"inLanguage":"pt-BR","potentialAction":[{"@type":"CommentAction","name":"Comment","target":["https:\/\/blogdofarnesio.com.br\/?p=137042#respond"]}]},{"@type":"WebPage","@id":"https:\/\/blogdofarnesio.com.br\/?p=137042","url":"https:\/\/blogdofarnesio.com.br\/?p=137042","name":"AGORA \u00c9 QUE O DEPUTADO ADALBERTO CAVALCANTE VAI ESPERNEAR - Blog do Farn\u00e9sio","isPartOf":{"@id":"https:\/\/blogdofarnesio.com.br\/#website"},"primaryImageOfPage":{"@id":"https:\/\/blogdofarnesio.com.br\/?p=137042#primaryimage"},"image":{"@id":"https:\/\/blogdofarnesio.com.br\/?p=137042#primaryimage"},"thumbnailUrl":"http:\/\/www.camara.gov.br\/internet\/bancoimagem\/banco\/img201509041645186031806.jpg","datePublished":"2016-02-07T13:00:15+00:00","breadcrumb":{"@id":"https:\/\/blogdofarnesio.com.br\/?p=137042#breadcrumb"},"inLanguage":"pt-BR","potentialAction":[{"@type":"ReadAction","target":["https:\/\/blogdofarnesio.com.br\/?p=137042"]}]},{"@type":"ImageObject","inLanguage":"pt-BR","@id":"https:\/\/blogdofarnesio.com.br\/?p=137042#primaryimage","url":"http:\/\/www.camara.gov.br\/internet\/bancoimagem\/banco\/img201509041645186031806.jpg","contentUrl":"http:\/\/www.camara.gov.br\/internet\/bancoimagem\/banco\/img201509041645186031806.jpg"},{"@type":"BreadcrumbList","@id":"https:\/\/blogdofarnesio.com.br\/?p=137042#breadcrumb","itemListElement":[{"@type":"ListItem","position":1,"name":"In\u00edcio","item":"https:\/\/blogdofarnesio.com.br\/"},{"@type":"ListItem","position":2,"name":"AGORA \u00c9 QUE O DEPUTADO ADALBERTO CAVALCANTE VAI ESPERNEAR"}]},{"@type":"WebSite","@id":"https:\/\/blogdofarnesio.com.br\/#website","url":"https:\/\/blogdofarnesio.com.br\/","name":"Blog do Farn\u00e9sio","description":"Quer Saber Pol\u00edtica?","publisher":{"@id":"https:\/\/blogdofarnesio.com.br\/#organization"},"potentialAction":[{"@type":"SearchAction","target":{"@type":"EntryPoint","urlTemplate":"https:\/\/blogdofarnesio.com.br\/?s={search_term_string}"},"query-input":{"@type":"PropertyValueSpecification","valueRequired":true,"valueName":"search_term_string"}}],"inLanguage":"pt-BR"},{"@type":"Organization","@id":"https:\/\/blogdofarnesio.com.br\/#organization","name":"Blog do Farn\u00e9sio","url":"https:\/\/blogdofarnesio.com.br\/","logo":{"@type":"ImageObject","inLanguage":"pt-BR","@id":"https:\/\/blogdofarnesio.com.br\/#\/schema\/logo\/image\/","url":"https:\/\/blogdofarnesio.com.br\/wp-content\/uploads\/2026\/03\/cropped-logo_new-1.png","contentUrl":"https:\/\/blogdofarnesio.com.br\/wp-content\/uploads\/2026\/03\/cropped-logo_new-1.png","width":881,"height":685,"caption":"Blog do Farn\u00e9sio"},"image":{"@id":"https:\/\/blogdofarnesio.com.br\/#\/schema\/logo\/image\/"},"sameAs":["https:\/\/www.facebook.com\/BlogQuerSaberPolitica\/"]},{"@type":"Person","@id":"https:\/\/blogdofarnesio.com.br\/#\/schema\/person\/dd1bf5eba40b687199ba45ca6b97dff9","name":"teste","image":{"@type":"ImageObject","inLanguage":"pt-BR","@id":"https:\/\/secure.gravatar.com\/avatar\/2172498d4914b51e1d89a0f97957b035ac4938723a5cac208135d389b6972a6d?s=96&d=mm&r=g","url":"https:\/\/secure.gravatar.com\/avatar\/2172498d4914b51e1d89a0f97957b035ac4938723a5cac208135d389b6972a6d?s=96&d=mm&r=g","contentUrl":"https:\/\/secure.gravatar.com\/avatar\/2172498d4914b51e1d89a0f97957b035ac4938723a5cac208135d389b6972a6d?s=96&d=mm&r=g","caption":"teste"},"url":"https:\/\/blogdofarnesio.com.br\/?author=3"}]}},"_links":{"self":[{"href":"https:\/\/blogdofarnesio.com.br\/index.php?rest_route=\/wp\/v2\/posts\/137042","targetHints":{"allow":["GET"]}}],"collection":[{"href":"https:\/\/blogdofarnesio.com.br\/index.php?rest_route=\/wp\/v2\/posts"}],"about":[{"href":"https:\/\/blogdofarnesio.com.br\/index.php?rest_route=\/wp\/v2\/types\/post"}],"author":[{"embeddable":true,"href":"https:\/\/blogdofarnesio.com.br\/index.php?rest_route=\/wp\/v2\/users\/3"}],"replies":[{"embeddable":true,"href":"https:\/\/blogdofarnesio.com.br\/index.php?rest_route=%2Fwp%2Fv2%2Fcomments&post=137042"}],"version-history":[{"count":0,"href":"https:\/\/blogdofarnesio.com.br\/index.php?rest_route=\/wp\/v2\/posts\/137042\/revisions"}],"wp:attachment":[{"href":"https:\/\/blogdofarnesio.com.br\/index.php?rest_route=%2Fwp%2Fv2%2Fmedia&parent=137042"}],"wp:term":[{"taxonomy":"category","embeddable":true,"href":"https:\/\/blogdofarnesio.com.br\/index.php?rest_route=%2Fwp%2Fv2%2Fcategories&post=137042"},{"taxonomy":"post_tag","embeddable":true,"href":"https:\/\/blogdofarnesio.com.br\/index.php?rest_route=%2Fwp%2Fv2%2Ftags&post=137042"}],"curies":[{"name":"wp","href":"https:\/\/api.w.org\/{rel}","templated":true}]}}