{"id":137041,"date":"2016-02-07T09:30:04","date_gmt":"2016-02-07T12:30:04","guid":{"rendered":"http:\/\/www.quersaberpolitica.com.br\/?p=137041"},"modified":"2016-02-06T22:05:39","modified_gmt":"2016-02-07T01:05:39","slug":"confira-passo-a-passo-da-primeira-convocacao-da-lista-de-espera-do-sisu-2016-para-a-univasf","status":"publish","type":"post","link":"https:\/\/blogdofarnesio.com.br\/?p=137041","title":{"rendered":"CONFIRA PASSO A PASSO DA PRIMEIRA CONVOCA\u00c7\u00c3O DA LISTA DE ESPERA DO SISU 2016 PARA A UNIVASF"},"content":{"rendered":"<p><a href=\"http:\/\/www.quersaberpolitica.com.br\/2016\/wp-content\/uploads\/2013\/03\/chargesisu.jpg\"><img loading=\"lazy\" decoding=\"async\" class=\"wp-image-32513 aligncenter\" src=\"http:\/\/www.quersaberpolitica.com.br\/2016\/wp-content\/uploads\/2013\/03\/chargesisu.jpg\" alt=\"chargesisu\" width=\"426\" height=\"311\" \/><\/a><\/p>\n<table border=\"0\" width=\"100%\" cellspacing=\"0\" cellpadding=\"0\">\n<tbody>\n<tr>\n<td valign=\"top\">\n<p align=\"justify\">A 1\u00aa Convoca\u00e7\u00e3o da Lista de Espera do Sistema de Sele\u00e7\u00e3o Unificada (Sisu) 2016 para a Universidade Federal do Vale do S\u00e3o Francisco (Univasf) foi divulgada (5), por meio da Comiss\u00e3o Gestora do Processo Seletivo para Ingresso nos Cursos de Gradua\u00e7\u00e3o (PS-ICG) 2016. Os candidatos <a href=\"http:\/\/ingressodiscente.univasf.edu.br\/arquivos\/ps_icg_2016\/PS_ICG_2016_1_Relacao_Candidatos_Convocados_RCP_Sisu_1_2016.pdf\" target=\"_blank\">convocados<\/a> ir\u00e3o preencher 680 vagas remanescentes nos 27 cursos de gradua\u00e7\u00e3o presenciais da institui\u00e7\u00e3o com entradas nos dois semestres letivos do ano.<\/p>\n<p style=\"text-align: justify\">A Comiss\u00e3o Gestora esclarece que a quantidade de candidatos convocados \u00e9 dez vezes o n\u00famero de vagas ofertadas por cada curso. Todos os convocados devem comparecer \u00e0s Reuni\u00f5es de Chamada P\u00fablica, marcadas para acontecer no per\u00edodo de 18 a 29 de fevereiro. As reuni\u00f5es ser\u00e3o realizadas de acordo com a op\u00e7\u00e3o de curso\/campus\/modalidade, conforme cronograma (Anexo 1) da <a href=\"http:\/\/ingressodiscente.univasf.edu.br\/arquivos\/ps_icg_2016\/PS_ICG_2016_Portaria_1_Convocacao_LE_Sisu_2016.pdf\" target=\"_blank\">Portaria N\u00b0 2\/2016 <\/a>e ter\u00e3o in\u00edcio \u00e0s 10h (hor\u00e1rio local), mas os convocados devem comparecer ao local com no m\u00ednimo uma hora de anteced\u00eancia.<\/p>\n<p style=\"text-align: justify\">A participa\u00e7\u00e3o na Reuni\u00e3o de Chamada P\u00fablica \u00e9 obrigat\u00f3ria para que o candidato garanta o seu direito de permanecer concorrendo \u00e0s vagas remanescentes. Aqueles que mesmo sendo convocados n\u00e3o comparecerem \u00e0 reuni\u00e3o do seu curso perder\u00e3o esse direito. Os candidatos presentes \u00e0s reuni\u00f5es ser\u00e3o classificados por ordem decrescente de nota do Exame Nacional do Ensino M\u00e9dio (Enem) 2015 at\u00e9 que todas as vagas dispon\u00edveis sejam preenchidas ou que n\u00e3o haja mais candidatos aptos.<\/p>\n<p style=\"text-align: justify\">Todos os candidatos convocados para os grupos L1 e L2 (renda inferior a 1,5 sal\u00e1rio m\u00ednimo per capita) devem preencher o question\u00e1rio socioecon\u00f4mico, atrav\u00e9s do endere\u00e7o eletr\u00f4nico do Sistema de Avalia\u00e7\u00e3o Socioecon\u00f4mica (<a href=\"https:\/\/www.sistemas.univasf.edu.br\/sase\/\" target=\"_blank\">Sase<\/a>) e postar os documentos comprobat\u00f3rios at\u00e9 as 16h do dia 1\u00ba de mar\u00e7o. Consulte <a href=\"http:\/\/ingressodiscente.univasf.edu.br\/arquivos\/ps_icg_2016\/PS_ICG_2016_Nota_oficial_SASE_1_Convocacao_LE_Sisu.pdf\" target=\"_blank\">Nota Oficial<\/a> sobre o procedimento.<!--more--><\/p>\n<p style=\"text-align: justify\">Ant\u00f4nia Ivonete Gomes de Souza, que integra a Comiss\u00e3o Gestora do Processo Seletivo para Ingresso nos Cursos de Gradua\u00e7\u00e3o Presenciais da Univasf, ressalta que \u00e9 muito importante a participa\u00e7\u00e3o dos convocados nas Reuni\u00f5es de Chamada P\u00fablica. \u201cOs candidatos tamb\u00e9m devem ficar atentos em rela\u00e7\u00e3o aos locais da Reuni\u00e3o de Chamada P\u00fablica, que ser\u00e3o realizadas de acordo com curso, campus e modalidade do candidato\u201d, ressalta.<\/p>\n<p style=\"text-align: justify\">J\u00e1 os candidatos que participarem da reuni\u00e3o, mas n\u00e3o forem classificados dentro do n\u00famero de vagas dispon\u00edveis, ir\u00e3o integrar a lista de remanejamento e poder\u00e3o ser convocados para matr\u00edcula posteriormente, caso haja desist\u00eancias. Os convocados devem ficar atentos \u00e0 divulga\u00e7\u00e3o do Calend\u00e1rio Acad\u00eamico 2016. A previs\u00e3o \u00e9 de que as aulas do per\u00edodo letivo 2016.1 tenham in\u00edcio em 2 de maio, segundo o <a href=\"http:\/\/www.univasf.edu.br\/arquivos\/2015\/calendario_academico_2015_reposicao_da_greve.pdf\" target=\"_blank\">Calend\u00e1rio Acad\u00eamico 2015.2<\/a>, em vig\u00eancia.<\/p>\n<p style=\"text-align: justify\">Todas as informa\u00e7\u00f5es referentes ao PS-ICG 2016 est\u00e3o dispon\u00edveis no <a href=\"http:\/\/ingressodiscente.univasf.edu.br\/\" target=\"_blank\">Portal do Processo Seletivo<\/a>. Mais informa\u00e7\u00f5es podem ser obtidas pelo telefone da Secretaria de Registro e Controle Acad\u00eamico (SRCA): (87) 2101-6764 e pelo e-mail: srca@univasf.edu.br.<\/p>\n<p>Renata Freitas<\/td>\n<\/tr>\n<\/tbody>\n<\/table>\n<p>&nbsp;<\/p>\n","protected":false},"excerpt":{"rendered":"<p>A 1\u00aa Convoca\u00e7\u00e3o da Lista de Espera do Sistema de Sele\u00e7\u00e3o Unificada (Sisu) 2016 para a Universidade Federal do Vale do S\u00e3o Francisco (Univasf) foi divulgada (5), por meio da Comiss\u00e3o Gestora do Processo Seletivo para Ingresso nos Cursos de Gradua\u00e7\u00e3o (PS-ICG) 2016. Os candidatos convocados ir\u00e3o preencher 680 vagas remanescentes nos 27 cursos de gradua\u00e7\u00e3o presenciais da institui\u00e7\u00e3o com entradas nos dois semestres letivos do ano. A Comiss\u00e3o Gestora esclarece que a quantidade de candidatos convocados \u00e9 dez vezes o n\u00famero de vagas ofertadas por cada curso. Todos os convocados devem comparecer \u00e0s Reuni\u00f5es de Chamada P\u00fablica, marcadas para acontecer no per\u00edodo de 18 a 29 de fevereiro. As reuni\u00f5es ser\u00e3o realizadas de acordo com a op\u00e7\u00e3o de curso\/campus\/modalidade,&hellip; <\/p>\n","protected":false},"author":3,"featured_media":0,"comment_status":"open","ping_status":"open","sticky":false,"template":"","format":"standard","meta":{"_acf_changed":false,"footnotes":""},"categories":[6],"tags":[],"class_list":["post-137041","post","type-post","status-publish","format-standard","hentry","category-educacao"],"acf":[],"yoast_head":"<!-- This site is optimized with the Yoast SEO plugin v27.4 - https:\/\/yoast.com\/product\/yoast-seo-wordpress\/ -->\n<title>CONFIRA PASSO A PASSO DA PRIMEIRA CONVOCA\u00c7\u00c3O DA LISTA DE ESPERA DO SISU 2016 PARA A UNIVASF - Blog do Farn\u00e9sio<\/title>\n<meta name=\"robots\" content=\"index, follow, max-snippet:-1, max-image-preview:large, max-video-preview:-1\" \/>\n<link rel=\"canonical\" href=\"https:\/\/blogdofarnesio.com.br\/?p=137041\" \/>\n<meta property=\"og:locale\" content=\"pt_BR\" \/>\n<meta property=\"og:type\" content=\"article\" \/>\n<meta property=\"og:title\" content=\"CONFIRA PASSO A PASSO DA PRIMEIRA CONVOCA\u00c7\u00c3O DA LISTA DE ESPERA DO SISU 2016 PARA A UNIVASF - Blog do Farn\u00e9sio\" \/>\n<meta property=\"og:description\" content=\"A 1\u00aa Convoca\u00e7\u00e3o da Lista de Espera do Sistema de Sele\u00e7\u00e3o Unificada (Sisu) 2016 para a Universidade Federal do Vale do S\u00e3o Francisco (Univasf) foi divulgada (5), por meio da Comiss\u00e3o Gestora do Processo Seletivo para Ingresso nos Cursos de Gradua\u00e7\u00e3o (PS-ICG) 2016. Os candidatos convocados ir\u00e3o preencher 680 vagas remanescentes nos 27 cursos de gradua\u00e7\u00e3o presenciais da institui\u00e7\u00e3o com entradas nos dois semestres letivos do ano. A Comiss\u00e3o Gestora esclarece que a quantidade de candidatos convocados \u00e9 dez vezes o n\u00famero de vagas ofertadas por cada curso. Todos os convocados devem comparecer \u00e0s Reuni\u00f5es de Chamada P\u00fablica, marcadas para acontecer no per\u00edodo de 18 a 29 de fevereiro. As reuni\u00f5es ser\u00e3o realizadas de acordo com a op\u00e7\u00e3o de curso\/campus\/modalidade,&hellip;\" \/>\n<meta property=\"og:url\" content=\"https:\/\/blogdofarnesio.com.br\/?p=137041\" \/>\n<meta property=\"og:site_name\" content=\"Blog do Farn\u00e9sio\" \/>\n<meta property=\"article:publisher\" content=\"https:\/\/www.facebook.com\/BlogQuerSaberPolitica\/\" \/>\n<meta property=\"article:published_time\" content=\"2016-02-07T12:30:04+00:00\" \/>\n<meta property=\"og:image\" content=\"http:\/\/www.quersaberpolitica.com.br\/2016\/wp-content\/uploads\/2013\/03\/chargesisu.jpg\" \/>\n<meta name=\"author\" content=\"teste\" \/>\n<meta name=\"twitter:card\" content=\"summary_large_image\" \/>\n<meta name=\"twitter:label1\" content=\"Escrito por\" \/>\n\t<meta name=\"twitter:data1\" content=\"teste\" \/>\n\t<meta name=\"twitter:label2\" content=\"Est. tempo de leitura\" \/>\n\t<meta name=\"twitter:data2\" content=\"3 minutos\" \/>\n<script type=\"application\/ld+json\" class=\"yoast-schema-graph\">{\"@context\":\"https:\\\/\\\/schema.org\",\"@graph\":[{\"@type\":\"Article\",\"@id\":\"https:\\\/\\\/blogdofarnesio.com.br\\\/?p=137041#article\",\"isPartOf\":{\"@id\":\"https:\\\/\\\/blogdofarnesio.com.br\\\/?p=137041\"},\"author\":{\"name\":\"teste\",\"@id\":\"https:\\\/\\\/blogdofarnesio.com.br\\\/#\\\/schema\\\/person\\\/dd1bf5eba40b687199ba45ca6b97dff9\"},\"headline\":\"CONFIRA PASSO A PASSO DA PRIMEIRA CONVOCA\u00c7\u00c3O DA LISTA DE ESPERA DO SISU 2016 PARA A UNIVASF\",\"datePublished\":\"2016-02-07T12:30:04+00:00\",\"mainEntityOfPage\":{\"@id\":\"https:\\\/\\\/blogdofarnesio.com.br\\\/?p=137041\"},\"wordCount\":518,\"commentCount\":0,\"publisher\":{\"@id\":\"https:\\\/\\\/blogdofarnesio.com.br\\\/#organization\"},\"image\":{\"@id\":\"https:\\\/\\\/blogdofarnesio.com.br\\\/?p=137041#primaryimage\"},\"thumbnailUrl\":\"http:\\\/\\\/www.quersaberpolitica.com.br\\\/2016\\\/wp-content\\\/uploads\\\/2013\\\/03\\\/chargesisu.jpg\",\"articleSection\":[\"Educa\u00e7\u00e3o\"],\"inLanguage\":\"pt-BR\",\"potentialAction\":[{\"@type\":\"CommentAction\",\"name\":\"Comment\",\"target\":[\"https:\\\/\\\/blogdofarnesio.com.br\\\/?p=137041#respond\"]}]},{\"@type\":\"WebPage\",\"@id\":\"https:\\\/\\\/blogdofarnesio.com.br\\\/?p=137041\",\"url\":\"https:\\\/\\\/blogdofarnesio.com.br\\\/?p=137041\",\"name\":\"CONFIRA PASSO A PASSO DA PRIMEIRA CONVOCA\u00c7\u00c3O DA LISTA DE ESPERA DO SISU 2016 PARA A UNIVASF - Blog do Farn\u00e9sio\",\"isPartOf\":{\"@id\":\"https:\\\/\\\/blogdofarnesio.com.br\\\/#website\"},\"primaryImageOfPage\":{\"@id\":\"https:\\\/\\\/blogdofarnesio.com.br\\\/?p=137041#primaryimage\"},\"image\":{\"@id\":\"https:\\\/\\\/blogdofarnesio.com.br\\\/?p=137041#primaryimage\"},\"thumbnailUrl\":\"http:\\\/\\\/www.quersaberpolitica.com.br\\\/2016\\\/wp-content\\\/uploads\\\/2013\\\/03\\\/chargesisu.jpg\",\"datePublished\":\"2016-02-07T12:30:04+00:00\",\"breadcrumb\":{\"@id\":\"https:\\\/\\\/blogdofarnesio.com.br\\\/?p=137041#breadcrumb\"},\"inLanguage\":\"pt-BR\",\"potentialAction\":[{\"@type\":\"ReadAction\",\"target\":[\"https:\\\/\\\/blogdofarnesio.com.br\\\/?p=137041\"]}]},{\"@type\":\"ImageObject\",\"inLanguage\":\"pt-BR\",\"@id\":\"https:\\\/\\\/blogdofarnesio.com.br\\\/?p=137041#primaryimage\",\"url\":\"http:\\\/\\\/www.quersaberpolitica.com.br\\\/2016\\\/wp-content\\\/uploads\\\/2013\\\/03\\\/chargesisu.jpg\",\"contentUrl\":\"http:\\\/\\\/www.quersaberpolitica.com.br\\\/2016\\\/wp-content\\\/uploads\\\/2013\\\/03\\\/chargesisu.jpg\"},{\"@type\":\"BreadcrumbList\",\"@id\":\"https:\\\/\\\/blogdofarnesio.com.br\\\/?p=137041#breadcrumb\",\"itemListElement\":[{\"@type\":\"ListItem\",\"position\":1,\"name\":\"In\u00edcio\",\"item\":\"https:\\\/\\\/blogdofarnesio.com.br\\\/\"},{\"@type\":\"ListItem\",\"position\":2,\"name\":\"CONFIRA PASSO A PASSO DA PRIMEIRA CONVOCA\u00c7\u00c3O DA LISTA DE ESPERA DO SISU 2016 PARA A UNIVASF\"}]},{\"@type\":\"WebSite\",\"@id\":\"https:\\\/\\\/blogdofarnesio.com.br\\\/#website\",\"url\":\"https:\\\/\\\/blogdofarnesio.com.br\\\/\",\"name\":\"Blog do Farn\u00e9sio\",\"description\":\"Quer Saber Pol\u00edtica?\",\"publisher\":{\"@id\":\"https:\\\/\\\/blogdofarnesio.com.br\\\/#organization\"},\"potentialAction\":[{\"@type\":\"SearchAction\",\"target\":{\"@type\":\"EntryPoint\",\"urlTemplate\":\"https:\\\/\\\/blogdofarnesio.com.br\\\/?s={search_term_string}\"},\"query-input\":{\"@type\":\"PropertyValueSpecification\",\"valueRequired\":true,\"valueName\":\"search_term_string\"}}],\"inLanguage\":\"pt-BR\"},{\"@type\":\"Organization\",\"@id\":\"https:\\\/\\\/blogdofarnesio.com.br\\\/#organization\",\"name\":\"Blog do Farn\u00e9sio\",\"url\":\"https:\\\/\\\/blogdofarnesio.com.br\\\/\",\"logo\":{\"@type\":\"ImageObject\",\"inLanguage\":\"pt-BR\",\"@id\":\"https:\\\/\\\/blogdofarnesio.com.br\\\/#\\\/schema\\\/logo\\\/image\\\/\",\"url\":\"https:\\\/\\\/blogdofarnesio.com.br\\\/wp-content\\\/uploads\\\/2026\\\/03\\\/cropped-logo_new-1.png\",\"contentUrl\":\"https:\\\/\\\/blogdofarnesio.com.br\\\/wp-content\\\/uploads\\\/2026\\\/03\\\/cropped-logo_new-1.png\",\"width\":881,\"height\":685,\"caption\":\"Blog do Farn\u00e9sio\"},\"image\":{\"@id\":\"https:\\\/\\\/blogdofarnesio.com.br\\\/#\\\/schema\\\/logo\\\/image\\\/\"},\"sameAs\":[\"https:\\\/\\\/www.facebook.com\\\/BlogQuerSaberPolitica\\\/\"]},{\"@type\":\"Person\",\"@id\":\"https:\\\/\\\/blogdofarnesio.com.br\\\/#\\\/schema\\\/person\\\/dd1bf5eba40b687199ba45ca6b97dff9\",\"name\":\"teste\",\"image\":{\"@type\":\"ImageObject\",\"inLanguage\":\"pt-BR\",\"@id\":\"https:\\\/\\\/secure.gravatar.com\\\/avatar\\\/2172498d4914b51e1d89a0f97957b035ac4938723a5cac208135d389b6972a6d?s=96&d=mm&r=g\",\"url\":\"https:\\\/\\\/secure.gravatar.com\\\/avatar\\\/2172498d4914b51e1d89a0f97957b035ac4938723a5cac208135d389b6972a6d?s=96&d=mm&r=g\",\"contentUrl\":\"https:\\\/\\\/secure.gravatar.com\\\/avatar\\\/2172498d4914b51e1d89a0f97957b035ac4938723a5cac208135d389b6972a6d?s=96&d=mm&r=g\",\"caption\":\"teste\"},\"url\":\"https:\\\/\\\/blogdofarnesio.com.br\\\/?author=3\"}]}<\/script>\n<!-- \/ Yoast SEO plugin. -->","yoast_head_json":{"title":"CONFIRA PASSO A PASSO DA PRIMEIRA CONVOCA\u00c7\u00c3O DA LISTA DE ESPERA DO SISU 2016 PARA A UNIVASF - Blog do Farn\u00e9sio","robots":{"index":"index","follow":"follow","max-snippet":"max-snippet:-1","max-image-preview":"max-image-preview:large","max-video-preview":"max-video-preview:-1"},"canonical":"https:\/\/blogdofarnesio.com.br\/?p=137041","og_locale":"pt_BR","og_type":"article","og_title":"CONFIRA PASSO A PASSO DA PRIMEIRA CONVOCA\u00c7\u00c3O DA LISTA DE ESPERA DO SISU 2016 PARA A UNIVASF - Blog do Farn\u00e9sio","og_description":"A 1\u00aa Convoca\u00e7\u00e3o da Lista de Espera do Sistema de Sele\u00e7\u00e3o Unificada (Sisu) 2016 para a Universidade Federal do Vale do S\u00e3o Francisco (Univasf) foi divulgada (5), por meio da Comiss\u00e3o Gestora do Processo Seletivo para Ingresso nos Cursos de Gradua\u00e7\u00e3o (PS-ICG) 2016. Os candidatos convocados ir\u00e3o preencher 680 vagas remanescentes nos 27 cursos de gradua\u00e7\u00e3o presenciais da institui\u00e7\u00e3o com entradas nos dois semestres letivos do ano. A Comiss\u00e3o Gestora esclarece que a quantidade de candidatos convocados \u00e9 dez vezes o n\u00famero de vagas ofertadas por cada curso. Todos os convocados devem comparecer \u00e0s Reuni\u00f5es de Chamada P\u00fablica, marcadas para acontecer no per\u00edodo de 18 a 29 de fevereiro. As reuni\u00f5es ser\u00e3o realizadas de acordo com a op\u00e7\u00e3o de curso\/campus\/modalidade,&hellip;","og_url":"https:\/\/blogdofarnesio.com.br\/?p=137041","og_site_name":"Blog do Farn\u00e9sio","article_publisher":"https:\/\/www.facebook.com\/BlogQuerSaberPolitica\/","article_published_time":"2016-02-07T12:30:04+00:00","og_image":[{"url":"http:\/\/www.quersaberpolitica.com.br\/2016\/wp-content\/uploads\/2013\/03\/chargesisu.jpg","type":"","width":"","height":""}],"author":"teste","twitter_card":"summary_large_image","twitter_misc":{"Escrito por":"teste","Est. tempo de leitura":"3 minutos"},"schema":{"@context":"https:\/\/schema.org","@graph":[{"@type":"Article","@id":"https:\/\/blogdofarnesio.com.br\/?p=137041#article","isPartOf":{"@id":"https:\/\/blogdofarnesio.com.br\/?p=137041"},"author":{"name":"teste","@id":"https:\/\/blogdofarnesio.com.br\/#\/schema\/person\/dd1bf5eba40b687199ba45ca6b97dff9"},"headline":"CONFIRA PASSO A PASSO DA PRIMEIRA CONVOCA\u00c7\u00c3O DA LISTA DE ESPERA DO SISU 2016 PARA A UNIVASF","datePublished":"2016-02-07T12:30:04+00:00","mainEntityOfPage":{"@id":"https:\/\/blogdofarnesio.com.br\/?p=137041"},"wordCount":518,"commentCount":0,"publisher":{"@id":"https:\/\/blogdofarnesio.com.br\/#organization"},"image":{"@id":"https:\/\/blogdofarnesio.com.br\/?p=137041#primaryimage"},"thumbnailUrl":"http:\/\/www.quersaberpolitica.com.br\/2016\/wp-content\/uploads\/2013\/03\/chargesisu.jpg","articleSection":["Educa\u00e7\u00e3o"],"inLanguage":"pt-BR","potentialAction":[{"@type":"CommentAction","name":"Comment","target":["https:\/\/blogdofarnesio.com.br\/?p=137041#respond"]}]},{"@type":"WebPage","@id":"https:\/\/blogdofarnesio.com.br\/?p=137041","url":"https:\/\/blogdofarnesio.com.br\/?p=137041","name":"CONFIRA PASSO A PASSO DA PRIMEIRA CONVOCA\u00c7\u00c3O DA LISTA DE ESPERA DO SISU 2016 PARA A UNIVASF - Blog do Farn\u00e9sio","isPartOf":{"@id":"https:\/\/blogdofarnesio.com.br\/#website"},"primaryImageOfPage":{"@id":"https:\/\/blogdofarnesio.com.br\/?p=137041#primaryimage"},"image":{"@id":"https:\/\/blogdofarnesio.com.br\/?p=137041#primaryimage"},"thumbnailUrl":"http:\/\/www.quersaberpolitica.com.br\/2016\/wp-content\/uploads\/2013\/03\/chargesisu.jpg","datePublished":"2016-02-07T12:30:04+00:00","breadcrumb":{"@id":"https:\/\/blogdofarnesio.com.br\/?p=137041#breadcrumb"},"inLanguage":"pt-BR","potentialAction":[{"@type":"ReadAction","target":["https:\/\/blogdofarnesio.com.br\/?p=137041"]}]},{"@type":"ImageObject","inLanguage":"pt-BR","@id":"https:\/\/blogdofarnesio.com.br\/?p=137041#primaryimage","url":"http:\/\/www.quersaberpolitica.com.br\/2016\/wp-content\/uploads\/2013\/03\/chargesisu.jpg","contentUrl":"http:\/\/www.quersaberpolitica.com.br\/2016\/wp-content\/uploads\/2013\/03\/chargesisu.jpg"},{"@type":"BreadcrumbList","@id":"https:\/\/blogdofarnesio.com.br\/?p=137041#breadcrumb","itemListElement":[{"@type":"ListItem","position":1,"name":"In\u00edcio","item":"https:\/\/blogdofarnesio.com.br\/"},{"@type":"ListItem","position":2,"name":"CONFIRA PASSO A PASSO DA PRIMEIRA CONVOCA\u00c7\u00c3O DA LISTA DE ESPERA DO SISU 2016 PARA A UNIVASF"}]},{"@type":"WebSite","@id":"https:\/\/blogdofarnesio.com.br\/#website","url":"https:\/\/blogdofarnesio.com.br\/","name":"Blog do Farn\u00e9sio","description":"Quer Saber Pol\u00edtica?","publisher":{"@id":"https:\/\/blogdofarnesio.com.br\/#organization"},"potentialAction":[{"@type":"SearchAction","target":{"@type":"EntryPoint","urlTemplate":"https:\/\/blogdofarnesio.com.br\/?s={search_term_string}"},"query-input":{"@type":"PropertyValueSpecification","valueRequired":true,"valueName":"search_term_string"}}],"inLanguage":"pt-BR"},{"@type":"Organization","@id":"https:\/\/blogdofarnesio.com.br\/#organization","name":"Blog do Farn\u00e9sio","url":"https:\/\/blogdofarnesio.com.br\/","logo":{"@type":"ImageObject","inLanguage":"pt-BR","@id":"https:\/\/blogdofarnesio.com.br\/#\/schema\/logo\/image\/","url":"https:\/\/blogdofarnesio.com.br\/wp-content\/uploads\/2026\/03\/cropped-logo_new-1.png","contentUrl":"https:\/\/blogdofarnesio.com.br\/wp-content\/uploads\/2026\/03\/cropped-logo_new-1.png","width":881,"height":685,"caption":"Blog do Farn\u00e9sio"},"image":{"@id":"https:\/\/blogdofarnesio.com.br\/#\/schema\/logo\/image\/"},"sameAs":["https:\/\/www.facebook.com\/BlogQuerSaberPolitica\/"]},{"@type":"Person","@id":"https:\/\/blogdofarnesio.com.br\/#\/schema\/person\/dd1bf5eba40b687199ba45ca6b97dff9","name":"teste","image":{"@type":"ImageObject","inLanguage":"pt-BR","@id":"https:\/\/secure.gravatar.com\/avatar\/2172498d4914b51e1d89a0f97957b035ac4938723a5cac208135d389b6972a6d?s=96&d=mm&r=g","url":"https:\/\/secure.gravatar.com\/avatar\/2172498d4914b51e1d89a0f97957b035ac4938723a5cac208135d389b6972a6d?s=96&d=mm&r=g","contentUrl":"https:\/\/secure.gravatar.com\/avatar\/2172498d4914b51e1d89a0f97957b035ac4938723a5cac208135d389b6972a6d?s=96&d=mm&r=g","caption":"teste"},"url":"https:\/\/blogdofarnesio.com.br\/?author=3"}]}},"_links":{"self":[{"href":"https:\/\/blogdofarnesio.com.br\/index.php?rest_route=\/wp\/v2\/posts\/137041","targetHints":{"allow":["GET"]}}],"collection":[{"href":"https:\/\/blogdofarnesio.com.br\/index.php?rest_route=\/wp\/v2\/posts"}],"about":[{"href":"https:\/\/blogdofarnesio.com.br\/index.php?rest_route=\/wp\/v2\/types\/post"}],"author":[{"embeddable":true,"href":"https:\/\/blogdofarnesio.com.br\/index.php?rest_route=\/wp\/v2\/users\/3"}],"replies":[{"embeddable":true,"href":"https:\/\/blogdofarnesio.com.br\/index.php?rest_route=%2Fwp%2Fv2%2Fcomments&post=137041"}],"version-history":[{"count":0,"href":"https:\/\/blogdofarnesio.com.br\/index.php?rest_route=\/wp\/v2\/posts\/137041\/revisions"}],"wp:attachment":[{"href":"https:\/\/blogdofarnesio.com.br\/index.php?rest_route=%2Fwp%2Fv2%2Fmedia&parent=137041"}],"wp:term":[{"taxonomy":"category","embeddable":true,"href":"https:\/\/blogdofarnesio.com.br\/index.php?rest_route=%2Fwp%2Fv2%2Fcategories&post=137041"},{"taxonomy":"post_tag","embeddable":true,"href":"https:\/\/blogdofarnesio.com.br\/index.php?rest_route=%2Fwp%2Fv2%2Ftags&post=137041"}],"curies":[{"name":"wp","href":"https:\/\/api.w.org\/{rel}","templated":true}]}}