{"id":136696,"date":"2016-01-31T09:02:38","date_gmt":"2016-01-31T12:02:38","guid":{"rendered":"http:\/\/www.quersaberpolitica.com.br\/?p=136696"},"modified":"2016-01-31T09:02:38","modified_gmt":"2016-01-31T12:02:38","slug":"predios-publicos-de-petrolina-sao-alvos-de-invasoes-e-arrombamentos","status":"publish","type":"post","link":"https:\/\/blogdofarnesio.com.br\/?p=136696","title":{"rendered":"PR\u00c9DIOS P\u00daBLICOS DE PETROLINA S\u00c3O ALVOS DE INVAS\u00d5ES E ARROMBAMENTOS"},"content":{"rendered":"<p style=\"text-align: justify\"><a href=\"http:\/\/www.quersaberpolitica.com.br\/2016\/wp-content\/uploads\/2013\/02\/blogqspchamapolicia.jpg\"><img loading=\"lazy\" decoding=\"async\" class=\"aligncenter size-full wp-image-27031\" src=\"http:\/\/www.quersaberpolitica.com.br\/2016\/wp-content\/uploads\/2013\/02\/blogqspchamapolicia.jpg\" alt=\"blogqspchamapolicia\" width=\"448\" height=\"300\" srcset=\"https:\/\/blogdofarnesio.com.br\/wp-content\/uploads\/2013\/02\/blogqspchamapolicia.jpg 448w, https:\/\/blogdofarnesio.com.br\/wp-content\/uploads\/2013\/02\/blogqspchamapolicia-300x200.jpg 300w\" sizes=\"auto, (max-width: 448px) 100vw, 448px\" \/><\/a>A Prefeitura de Petrolina registrou na madrugada deste s\u00e1bado (30) mais uma invas\u00e3o a pr\u00e9dios p\u00fablicos municipais. Desta vez o alvo foi a sede da Ag\u00eancia Municipal do Empreendedor (AGE).<\/p>\n<p style=\"text-align: justify\">Segundo a diretora-presidente do \u00f3rg\u00e3o, Tereza Virginia, todos os ambientes da ag\u00eancia foram invadidos pelos v\u00e2ndalos, que reviraram gavetas e arm\u00e1rios da sede.<\/p>\n<p style=\"text-align: justify\">A diretora acredita que os bandidos estavam em busca de dinheiro, j\u00e1 que nesta sexta-feira (29) foi liberado mais um lote de cr\u00e9dito para empreendedores. &#8220;Acreditamos que eles estavam em busca de alguma quantia, mas n\u00e3o trabalhamos com esp\u00e9cie, todos os valores s\u00e3o creditados nas contas banc\u00e1rias dos beneficiados&#8221;, assegura Tereza, acrescentando tamb\u00e9m que a ocorr\u00eancia j\u00e1 foi registrada na Pol\u00edcia C\u00edvil.<\/p>\n<p style=\"text-align: justify\">Tamb\u00e9m durante esta semana, a Secretaria de Cidadania foi invadida e recentemente os pr\u00e9dios da AMMA, Secretaria de Habita\u00e7\u00e3o e Centro Pop tamb\u00e9m registaram arrombamentos. Todas as ocorr\u00eancias est\u00e3o sendo \u00a0investigadas pela Pol\u00edcia.<\/p>\n<p style=\"text-align: justify\">Texto: Thirza Santos<br \/>\nASCOM PMP<\/p>\n","protected":false},"excerpt":{"rendered":"<p>A Prefeitura de Petrolina registrou na madrugada deste s\u00e1bado (30) mais uma invas\u00e3o a pr\u00e9dios p\u00fablicos municipais. Desta vez o alvo foi a sede da Ag\u00eancia Municipal do Empreendedor (AGE). Segundo a diretora-presidente do \u00f3rg\u00e3o, Tereza Virginia, todos os ambientes da ag\u00eancia foram invadidos pelos v\u00e2ndalos, que reviraram gavetas e arm\u00e1rios da sede. A diretora acredita que os bandidos estavam em busca de dinheiro, j\u00e1 que nesta sexta-feira (29) foi liberado mais um lote de cr\u00e9dito para empreendedores. &#8220;Acreditamos que eles estavam em busca de alguma quantia, mas n\u00e3o trabalhamos com esp\u00e9cie, todos os valores s\u00e3o creditados nas contas banc\u00e1rias dos beneficiados&#8221;, assegura Tereza, acrescentando tamb\u00e9m que a ocorr\u00eancia j\u00e1 foi registrada na Pol\u00edcia C\u00edvil. Tamb\u00e9m durante esta semana, a&hellip; <\/p>\n","protected":false},"author":3,"featured_media":0,"comment_status":"open","ping_status":"open","sticky":false,"template":"","format":"standard","meta":{"_acf_changed":false,"footnotes":""},"categories":[9],"tags":[],"class_list":["post-136696","post","type-post","status-publish","format-standard","hentry","category-policia"],"acf":[],"yoast_head":"<!-- This site is optimized with the Yoast SEO plugin v27.4 - https:\/\/yoast.com\/product\/yoast-seo-wordpress\/ -->\n<title>PR\u00c9DIOS P\u00daBLICOS DE PETROLINA S\u00c3O ALVOS DE INVAS\u00d5ES E ARROMBAMENTOS - Blog do Farn\u00e9sio<\/title>\n<meta name=\"robots\" content=\"index, follow, max-snippet:-1, max-image-preview:large, max-video-preview:-1\" \/>\n<link rel=\"canonical\" href=\"https:\/\/blogdofarnesio.com.br\/?p=136696\" \/>\n<meta property=\"og:locale\" content=\"pt_BR\" \/>\n<meta property=\"og:type\" content=\"article\" \/>\n<meta property=\"og:title\" content=\"PR\u00c9DIOS P\u00daBLICOS DE PETROLINA S\u00c3O ALVOS DE INVAS\u00d5ES E ARROMBAMENTOS - Blog do Farn\u00e9sio\" \/>\n<meta property=\"og:description\" content=\"A Prefeitura de Petrolina registrou na madrugada deste s\u00e1bado (30) mais uma invas\u00e3o a pr\u00e9dios p\u00fablicos municipais. Desta vez o alvo foi a sede da Ag\u00eancia Municipal do Empreendedor (AGE). Segundo a diretora-presidente do \u00f3rg\u00e3o, Tereza Virginia, todos os ambientes da ag\u00eancia foram invadidos pelos v\u00e2ndalos, que reviraram gavetas e arm\u00e1rios da sede. A diretora acredita que os bandidos estavam em busca de dinheiro, j\u00e1 que nesta sexta-feira (29) foi liberado mais um lote de cr\u00e9dito para empreendedores. &#8220;Acreditamos que eles estavam em busca de alguma quantia, mas n\u00e3o trabalhamos com esp\u00e9cie, todos os valores s\u00e3o creditados nas contas banc\u00e1rias dos beneficiados&#8221;, assegura Tereza, acrescentando tamb\u00e9m que a ocorr\u00eancia j\u00e1 foi registrada na Pol\u00edcia C\u00edvil. Tamb\u00e9m durante esta semana, a&hellip;\" \/>\n<meta property=\"og:url\" content=\"https:\/\/blogdofarnesio.com.br\/?p=136696\" \/>\n<meta property=\"og:site_name\" content=\"Blog do Farn\u00e9sio\" \/>\n<meta property=\"article:publisher\" content=\"https:\/\/www.facebook.com\/BlogQuerSaberPolitica\/\" \/>\n<meta property=\"article:published_time\" content=\"2016-01-31T12:02:38+00:00\" \/>\n<meta property=\"og:image\" content=\"http:\/\/www.quersaberpolitica.com.br\/2016\/wp-content\/uploads\/2013\/02\/blogqspchamapolicia.jpg\" \/>\n<meta name=\"author\" content=\"teste\" \/>\n<meta name=\"twitter:card\" content=\"summary_large_image\" \/>\n<meta name=\"twitter:label1\" content=\"Escrito por\" \/>\n\t<meta name=\"twitter:data1\" content=\"teste\" \/>\n\t<meta name=\"twitter:label2\" content=\"Est. tempo de leitura\" \/>\n\t<meta name=\"twitter:data2\" content=\"1 minuto\" \/>\n<script type=\"application\/ld+json\" class=\"yoast-schema-graph\">{\"@context\":\"https:\\\/\\\/schema.org\",\"@graph\":[{\"@type\":\"Article\",\"@id\":\"https:\\\/\\\/blogdofarnesio.com.br\\\/?p=136696#article\",\"isPartOf\":{\"@id\":\"https:\\\/\\\/blogdofarnesio.com.br\\\/?p=136696\"},\"author\":{\"name\":\"teste\",\"@id\":\"https:\\\/\\\/blogdofarnesio.com.br\\\/#\\\/schema\\\/person\\\/dd1bf5eba40b687199ba45ca6b97dff9\"},\"headline\":\"PR\u00c9DIOS P\u00daBLICOS DE PETROLINA S\u00c3O ALVOS DE INVAS\u00d5ES E ARROMBAMENTOS\",\"datePublished\":\"2016-01-31T12:02:38+00:00\",\"mainEntityOfPage\":{\"@id\":\"https:\\\/\\\/blogdofarnesio.com.br\\\/?p=136696\"},\"wordCount\":190,\"commentCount\":0,\"publisher\":{\"@id\":\"https:\\\/\\\/blogdofarnesio.com.br\\\/#organization\"},\"image\":{\"@id\":\"https:\\\/\\\/blogdofarnesio.com.br\\\/?p=136696#primaryimage\"},\"thumbnailUrl\":\"http:\\\/\\\/www.quersaberpolitica.com.br\\\/2016\\\/wp-content\\\/uploads\\\/2013\\\/02\\\/blogqspchamapolicia.jpg\",\"articleSection\":[\"Pol\u00edcia\"],\"inLanguage\":\"pt-BR\",\"potentialAction\":[{\"@type\":\"CommentAction\",\"name\":\"Comment\",\"target\":[\"https:\\\/\\\/blogdofarnesio.com.br\\\/?p=136696#respond\"]}]},{\"@type\":\"WebPage\",\"@id\":\"https:\\\/\\\/blogdofarnesio.com.br\\\/?p=136696\",\"url\":\"https:\\\/\\\/blogdofarnesio.com.br\\\/?p=136696\",\"name\":\"PR\u00c9DIOS P\u00daBLICOS DE PETROLINA S\u00c3O ALVOS DE INVAS\u00d5ES E ARROMBAMENTOS - Blog do Farn\u00e9sio\",\"isPartOf\":{\"@id\":\"https:\\\/\\\/blogdofarnesio.com.br\\\/#website\"},\"primaryImageOfPage\":{\"@id\":\"https:\\\/\\\/blogdofarnesio.com.br\\\/?p=136696#primaryimage\"},\"image\":{\"@id\":\"https:\\\/\\\/blogdofarnesio.com.br\\\/?p=136696#primaryimage\"},\"thumbnailUrl\":\"http:\\\/\\\/www.quersaberpolitica.com.br\\\/2016\\\/wp-content\\\/uploads\\\/2013\\\/02\\\/blogqspchamapolicia.jpg\",\"datePublished\":\"2016-01-31T12:02:38+00:00\",\"breadcrumb\":{\"@id\":\"https:\\\/\\\/blogdofarnesio.com.br\\\/?p=136696#breadcrumb\"},\"inLanguage\":\"pt-BR\",\"potentialAction\":[{\"@type\":\"ReadAction\",\"target\":[\"https:\\\/\\\/blogdofarnesio.com.br\\\/?p=136696\"]}]},{\"@type\":\"ImageObject\",\"inLanguage\":\"pt-BR\",\"@id\":\"https:\\\/\\\/blogdofarnesio.com.br\\\/?p=136696#primaryimage\",\"url\":\"http:\\\/\\\/www.quersaberpolitica.com.br\\\/2016\\\/wp-content\\\/uploads\\\/2013\\\/02\\\/blogqspchamapolicia.jpg\",\"contentUrl\":\"http:\\\/\\\/www.quersaberpolitica.com.br\\\/2016\\\/wp-content\\\/uploads\\\/2013\\\/02\\\/blogqspchamapolicia.jpg\"},{\"@type\":\"BreadcrumbList\",\"@id\":\"https:\\\/\\\/blogdofarnesio.com.br\\\/?p=136696#breadcrumb\",\"itemListElement\":[{\"@type\":\"ListItem\",\"position\":1,\"name\":\"In\u00edcio\",\"item\":\"https:\\\/\\\/blogdofarnesio.com.br\\\/\"},{\"@type\":\"ListItem\",\"position\":2,\"name\":\"PR\u00c9DIOS P\u00daBLICOS DE PETROLINA S\u00c3O ALVOS DE INVAS\u00d5ES E ARROMBAMENTOS\"}]},{\"@type\":\"WebSite\",\"@id\":\"https:\\\/\\\/blogdofarnesio.com.br\\\/#website\",\"url\":\"https:\\\/\\\/blogdofarnesio.com.br\\\/\",\"name\":\"Blog do Farn\u00e9sio\",\"description\":\"Quer Saber Pol\u00edtica?\",\"publisher\":{\"@id\":\"https:\\\/\\\/blogdofarnesio.com.br\\\/#organization\"},\"potentialAction\":[{\"@type\":\"SearchAction\",\"target\":{\"@type\":\"EntryPoint\",\"urlTemplate\":\"https:\\\/\\\/blogdofarnesio.com.br\\\/?s={search_term_string}\"},\"query-input\":{\"@type\":\"PropertyValueSpecification\",\"valueRequired\":true,\"valueName\":\"search_term_string\"}}],\"inLanguage\":\"pt-BR\"},{\"@type\":\"Organization\",\"@id\":\"https:\\\/\\\/blogdofarnesio.com.br\\\/#organization\",\"name\":\"Blog do Farn\u00e9sio\",\"url\":\"https:\\\/\\\/blogdofarnesio.com.br\\\/\",\"logo\":{\"@type\":\"ImageObject\",\"inLanguage\":\"pt-BR\",\"@id\":\"https:\\\/\\\/blogdofarnesio.com.br\\\/#\\\/schema\\\/logo\\\/image\\\/\",\"url\":\"https:\\\/\\\/blogdofarnesio.com.br\\\/wp-content\\\/uploads\\\/2026\\\/03\\\/cropped-logo_new-1.png\",\"contentUrl\":\"https:\\\/\\\/blogdofarnesio.com.br\\\/wp-content\\\/uploads\\\/2026\\\/03\\\/cropped-logo_new-1.png\",\"width\":881,\"height\":685,\"caption\":\"Blog do Farn\u00e9sio\"},\"image\":{\"@id\":\"https:\\\/\\\/blogdofarnesio.com.br\\\/#\\\/schema\\\/logo\\\/image\\\/\"},\"sameAs\":[\"https:\\\/\\\/www.facebook.com\\\/BlogQuerSaberPolitica\\\/\"]},{\"@type\":\"Person\",\"@id\":\"https:\\\/\\\/blogdofarnesio.com.br\\\/#\\\/schema\\\/person\\\/dd1bf5eba40b687199ba45ca6b97dff9\",\"name\":\"teste\",\"image\":{\"@type\":\"ImageObject\",\"inLanguage\":\"pt-BR\",\"@id\":\"https:\\\/\\\/secure.gravatar.com\\\/avatar\\\/2172498d4914b51e1d89a0f97957b035ac4938723a5cac208135d389b6972a6d?s=96&d=mm&r=g\",\"url\":\"https:\\\/\\\/secure.gravatar.com\\\/avatar\\\/2172498d4914b51e1d89a0f97957b035ac4938723a5cac208135d389b6972a6d?s=96&d=mm&r=g\",\"contentUrl\":\"https:\\\/\\\/secure.gravatar.com\\\/avatar\\\/2172498d4914b51e1d89a0f97957b035ac4938723a5cac208135d389b6972a6d?s=96&d=mm&r=g\",\"caption\":\"teste\"},\"url\":\"https:\\\/\\\/blogdofarnesio.com.br\\\/?author=3\"}]}<\/script>\n<!-- \/ Yoast SEO plugin. -->","yoast_head_json":{"title":"PR\u00c9DIOS P\u00daBLICOS DE PETROLINA S\u00c3O ALVOS DE INVAS\u00d5ES E ARROMBAMENTOS - Blog do Farn\u00e9sio","robots":{"index":"index","follow":"follow","max-snippet":"max-snippet:-1","max-image-preview":"max-image-preview:large","max-video-preview":"max-video-preview:-1"},"canonical":"https:\/\/blogdofarnesio.com.br\/?p=136696","og_locale":"pt_BR","og_type":"article","og_title":"PR\u00c9DIOS P\u00daBLICOS DE PETROLINA S\u00c3O ALVOS DE INVAS\u00d5ES E ARROMBAMENTOS - Blog do Farn\u00e9sio","og_description":"A Prefeitura de Petrolina registrou na madrugada deste s\u00e1bado (30) mais uma invas\u00e3o a pr\u00e9dios p\u00fablicos municipais. Desta vez o alvo foi a sede da Ag\u00eancia Municipal do Empreendedor (AGE). Segundo a diretora-presidente do \u00f3rg\u00e3o, Tereza Virginia, todos os ambientes da ag\u00eancia foram invadidos pelos v\u00e2ndalos, que reviraram gavetas e arm\u00e1rios da sede. A diretora acredita que os bandidos estavam em busca de dinheiro, j\u00e1 que nesta sexta-feira (29) foi liberado mais um lote de cr\u00e9dito para empreendedores. &#8220;Acreditamos que eles estavam em busca de alguma quantia, mas n\u00e3o trabalhamos com esp\u00e9cie, todos os valores s\u00e3o creditados nas contas banc\u00e1rias dos beneficiados&#8221;, assegura Tereza, acrescentando tamb\u00e9m que a ocorr\u00eancia j\u00e1 foi registrada na Pol\u00edcia C\u00edvil. Tamb\u00e9m durante esta semana, a&hellip;","og_url":"https:\/\/blogdofarnesio.com.br\/?p=136696","og_site_name":"Blog do Farn\u00e9sio","article_publisher":"https:\/\/www.facebook.com\/BlogQuerSaberPolitica\/","article_published_time":"2016-01-31T12:02:38+00:00","og_image":[{"url":"http:\/\/www.quersaberpolitica.com.br\/2016\/wp-content\/uploads\/2013\/02\/blogqspchamapolicia.jpg","type":"","width":"","height":""}],"author":"teste","twitter_card":"summary_large_image","twitter_misc":{"Escrito por":"teste","Est. tempo de leitura":"1 minuto"},"schema":{"@context":"https:\/\/schema.org","@graph":[{"@type":"Article","@id":"https:\/\/blogdofarnesio.com.br\/?p=136696#article","isPartOf":{"@id":"https:\/\/blogdofarnesio.com.br\/?p=136696"},"author":{"name":"teste","@id":"https:\/\/blogdofarnesio.com.br\/#\/schema\/person\/dd1bf5eba40b687199ba45ca6b97dff9"},"headline":"PR\u00c9DIOS P\u00daBLICOS DE PETROLINA S\u00c3O ALVOS DE INVAS\u00d5ES E ARROMBAMENTOS","datePublished":"2016-01-31T12:02:38+00:00","mainEntityOfPage":{"@id":"https:\/\/blogdofarnesio.com.br\/?p=136696"},"wordCount":190,"commentCount":0,"publisher":{"@id":"https:\/\/blogdofarnesio.com.br\/#organization"},"image":{"@id":"https:\/\/blogdofarnesio.com.br\/?p=136696#primaryimage"},"thumbnailUrl":"http:\/\/www.quersaberpolitica.com.br\/2016\/wp-content\/uploads\/2013\/02\/blogqspchamapolicia.jpg","articleSection":["Pol\u00edcia"],"inLanguage":"pt-BR","potentialAction":[{"@type":"CommentAction","name":"Comment","target":["https:\/\/blogdofarnesio.com.br\/?p=136696#respond"]}]},{"@type":"WebPage","@id":"https:\/\/blogdofarnesio.com.br\/?p=136696","url":"https:\/\/blogdofarnesio.com.br\/?p=136696","name":"PR\u00c9DIOS P\u00daBLICOS DE PETROLINA S\u00c3O ALVOS DE INVAS\u00d5ES E ARROMBAMENTOS - Blog do Farn\u00e9sio","isPartOf":{"@id":"https:\/\/blogdofarnesio.com.br\/#website"},"primaryImageOfPage":{"@id":"https:\/\/blogdofarnesio.com.br\/?p=136696#primaryimage"},"image":{"@id":"https:\/\/blogdofarnesio.com.br\/?p=136696#primaryimage"},"thumbnailUrl":"http:\/\/www.quersaberpolitica.com.br\/2016\/wp-content\/uploads\/2013\/02\/blogqspchamapolicia.jpg","datePublished":"2016-01-31T12:02:38+00:00","breadcrumb":{"@id":"https:\/\/blogdofarnesio.com.br\/?p=136696#breadcrumb"},"inLanguage":"pt-BR","potentialAction":[{"@type":"ReadAction","target":["https:\/\/blogdofarnesio.com.br\/?p=136696"]}]},{"@type":"ImageObject","inLanguage":"pt-BR","@id":"https:\/\/blogdofarnesio.com.br\/?p=136696#primaryimage","url":"http:\/\/www.quersaberpolitica.com.br\/2016\/wp-content\/uploads\/2013\/02\/blogqspchamapolicia.jpg","contentUrl":"http:\/\/www.quersaberpolitica.com.br\/2016\/wp-content\/uploads\/2013\/02\/blogqspchamapolicia.jpg"},{"@type":"BreadcrumbList","@id":"https:\/\/blogdofarnesio.com.br\/?p=136696#breadcrumb","itemListElement":[{"@type":"ListItem","position":1,"name":"In\u00edcio","item":"https:\/\/blogdofarnesio.com.br\/"},{"@type":"ListItem","position":2,"name":"PR\u00c9DIOS P\u00daBLICOS DE PETROLINA S\u00c3O ALVOS DE INVAS\u00d5ES E ARROMBAMENTOS"}]},{"@type":"WebSite","@id":"https:\/\/blogdofarnesio.com.br\/#website","url":"https:\/\/blogdofarnesio.com.br\/","name":"Blog do Farn\u00e9sio","description":"Quer Saber Pol\u00edtica?","publisher":{"@id":"https:\/\/blogdofarnesio.com.br\/#organization"},"potentialAction":[{"@type":"SearchAction","target":{"@type":"EntryPoint","urlTemplate":"https:\/\/blogdofarnesio.com.br\/?s={search_term_string}"},"query-input":{"@type":"PropertyValueSpecification","valueRequired":true,"valueName":"search_term_string"}}],"inLanguage":"pt-BR"},{"@type":"Organization","@id":"https:\/\/blogdofarnesio.com.br\/#organization","name":"Blog do Farn\u00e9sio","url":"https:\/\/blogdofarnesio.com.br\/","logo":{"@type":"ImageObject","inLanguage":"pt-BR","@id":"https:\/\/blogdofarnesio.com.br\/#\/schema\/logo\/image\/","url":"https:\/\/blogdofarnesio.com.br\/wp-content\/uploads\/2026\/03\/cropped-logo_new-1.png","contentUrl":"https:\/\/blogdofarnesio.com.br\/wp-content\/uploads\/2026\/03\/cropped-logo_new-1.png","width":881,"height":685,"caption":"Blog do Farn\u00e9sio"},"image":{"@id":"https:\/\/blogdofarnesio.com.br\/#\/schema\/logo\/image\/"},"sameAs":["https:\/\/www.facebook.com\/BlogQuerSaberPolitica\/"]},{"@type":"Person","@id":"https:\/\/blogdofarnesio.com.br\/#\/schema\/person\/dd1bf5eba40b687199ba45ca6b97dff9","name":"teste","image":{"@type":"ImageObject","inLanguage":"pt-BR","@id":"https:\/\/secure.gravatar.com\/avatar\/2172498d4914b51e1d89a0f97957b035ac4938723a5cac208135d389b6972a6d?s=96&d=mm&r=g","url":"https:\/\/secure.gravatar.com\/avatar\/2172498d4914b51e1d89a0f97957b035ac4938723a5cac208135d389b6972a6d?s=96&d=mm&r=g","contentUrl":"https:\/\/secure.gravatar.com\/avatar\/2172498d4914b51e1d89a0f97957b035ac4938723a5cac208135d389b6972a6d?s=96&d=mm&r=g","caption":"teste"},"url":"https:\/\/blogdofarnesio.com.br\/?author=3"}]}},"_links":{"self":[{"href":"https:\/\/blogdofarnesio.com.br\/index.php?rest_route=\/wp\/v2\/posts\/136696","targetHints":{"allow":["GET"]}}],"collection":[{"href":"https:\/\/blogdofarnesio.com.br\/index.php?rest_route=\/wp\/v2\/posts"}],"about":[{"href":"https:\/\/blogdofarnesio.com.br\/index.php?rest_route=\/wp\/v2\/types\/post"}],"author":[{"embeddable":true,"href":"https:\/\/blogdofarnesio.com.br\/index.php?rest_route=\/wp\/v2\/users\/3"}],"replies":[{"embeddable":true,"href":"https:\/\/blogdofarnesio.com.br\/index.php?rest_route=%2Fwp%2Fv2%2Fcomments&post=136696"}],"version-history":[{"count":0,"href":"https:\/\/blogdofarnesio.com.br\/index.php?rest_route=\/wp\/v2\/posts\/136696\/revisions"}],"wp:attachment":[{"href":"https:\/\/blogdofarnesio.com.br\/index.php?rest_route=%2Fwp%2Fv2%2Fmedia&parent=136696"}],"wp:term":[{"taxonomy":"category","embeddable":true,"href":"https:\/\/blogdofarnesio.com.br\/index.php?rest_route=%2Fwp%2Fv2%2Fcategories&post=136696"},{"taxonomy":"post_tag","embeddable":true,"href":"https:\/\/blogdofarnesio.com.br\/index.php?rest_route=%2Fwp%2Fv2%2Ftags&post=136696"}],"curies":[{"name":"wp","href":"https:\/\/api.w.org\/{rel}","templated":true}]}}