{"id":136465,"date":"2016-01-26T20:00:08","date_gmt":"2016-01-26T23:00:08","guid":{"rendered":"http:\/\/www.quersaberpolitica.com.br\/?p=136465"},"modified":"2016-01-26T15:16:14","modified_gmt":"2016-01-26T18:16:14","slug":"retomada-da-agenda-40-e-marcada-por-criticas-a-falta-de-infraestrutura","status":"publish","type":"post","link":"https:\/\/blogdofarnesio.com.br\/?p=136465","title":{"rendered":"RETOMADA DA AGENDA 40 FOI MARCADA POR CR\u00cdTICAS \u00c0 FALTA DE INFRAESTRUTURA"},"content":{"rendered":"<p style=\"text-align: justify\"><a href=\"http:\/\/www.quersaberpolitica.com.br\/2016\/wp-content\/uploads\/2016\/01\/blogqsp-Agenda-40-Cosme.jpg\"><img loading=\"lazy\" decoding=\"async\" class=\"  wp-image-136466 aligncenter\" src=\"http:\/\/www.quersaberpolitica.com.br\/2016\/wp-content\/uploads\/2016\/01\/blogqsp-Agenda-40-Cosme-300x177.jpg\" alt=\"blogqsp-Agenda 40 Cosme\" width=\"399\" height=\"242\" \/><\/a><\/p>\n<p style=\"text-align: justify\">O bairro de Cosme e Dami\u00e3o foi o local escolhido para a primeira Agenda 40 deste ano. O encontro organizado na noite desta segunda-feira (25) pelo PSB para ouvir a popula\u00e7\u00e3o sobre temas estrat\u00e9gicos de Petrolina foi marcado por uma chuva de cr\u00edticas principalmente \u00e0 infraestrutura da cidade. O debate contou com a presen\u00e7a de dezenas de moradores, lideran\u00e7as pol\u00edticas e comunit\u00e1rias da capital do S\u00e3o Francisco.<\/p>\n<p style=\"text-align: justify\">Entre as reclama\u00e7\u00f5es mais constantes apresentadas pelos participantes da Agenda 40, foram citadas a falta de pavimenta\u00e7\u00e3o, ilumina\u00e7\u00e3o deficiente e a precariedade do sistema de transporte p\u00fablico. A seguran\u00e7a nos bairros tamb\u00e9m foi apontada como um problema priorit\u00e1rio.<\/p>\n<p style=\"text-align: justify\">O presidente do PSB de Petrolina, Miguel Coelho, resumiu o clima de insatisfa\u00e7\u00e3o como um reflexo do abandono da gest\u00e3o municipal em rela\u00e7\u00e3o a demandas b\u00e1sicas da popula\u00e7\u00e3o. \u201cInfelizmente, o que a gente mais tem visto \u00e9 cr\u00edtica pelo descaso da prefeitura com at\u00e9 coisas fundamentais, que s\u00e3o obriga\u00e7\u00e3o realizar. N\u00f3s temos falado que a cidade est\u00e1 abandonada e o que existe \u00e9 uma maquiagem mal feita e propaganda. Conversando com a popula\u00e7\u00e3o, a gente apenas comprova.\u201d<\/p>\n<p style=\"text-align: justify\">O bairro de Cosme e Dami\u00e3o foi a quarta localidade a receber a Agenda 40. O encontro ainda deve ocorrer em mais sete comunidades de Petrolina neste semestre. O material coletado nos debates ser\u00e1 registrado para nortear as propostas de desenvolvimento para a cidade que o PSB pretende apresentar neste ano.<\/p>\n<p><em>FOTOS: Andr\u00e9 Santos<\/em><\/p>\n","protected":false},"excerpt":{"rendered":"<p>O bairro de Cosme e Dami\u00e3o foi o local escolhido para a primeira Agenda 40 deste ano. O encontro organizado na noite desta segunda-feira (25) pelo PSB para ouvir a popula\u00e7\u00e3o sobre temas estrat\u00e9gicos de Petrolina foi marcado por uma chuva de cr\u00edticas principalmente \u00e0 infraestrutura da cidade. O debate contou com a presen\u00e7a de dezenas de moradores, lideran\u00e7as pol\u00edticas e comunit\u00e1rias da capital do S\u00e3o Francisco. Entre as reclama\u00e7\u00f5es mais constantes apresentadas pelos participantes da Agenda 40, foram citadas a falta de pavimenta\u00e7\u00e3o, ilumina\u00e7\u00e3o deficiente e a precariedade do sistema de transporte p\u00fablico. A seguran\u00e7a nos bairros tamb\u00e9m foi apontada como um problema priorit\u00e1rio. O presidente do PSB de Petrolina, Miguel Coelho, resumiu o clima de insatisfa\u00e7\u00e3o como um&hellip; <\/p>\n","protected":false},"author":7,"featured_media":0,"comment_status":"open","ping_status":"open","sticky":false,"template":"","format":"standard","meta":{"_acf_changed":false,"footnotes":""},"categories":[1],"tags":[],"class_list":["post-136465","post","type-post","status-publish","format-standard","hentry","category-politica"],"acf":[],"yoast_head":"<!-- This site is optimized with the Yoast SEO plugin v27.4 - https:\/\/yoast.com\/product\/yoast-seo-wordpress\/ -->\n<title>RETOMADA DA AGENDA 40 FOI MARCADA POR CR\u00cdTICAS \u00c0 FALTA DE INFRAESTRUTURA - Blog do Farn\u00e9sio<\/title>\n<meta name=\"robots\" content=\"index, follow, max-snippet:-1, max-image-preview:large, max-video-preview:-1\" \/>\n<link rel=\"canonical\" href=\"https:\/\/blogdofarnesio.com.br\/?p=136465\" \/>\n<meta property=\"og:locale\" content=\"pt_BR\" \/>\n<meta property=\"og:type\" content=\"article\" \/>\n<meta property=\"og:title\" content=\"RETOMADA DA AGENDA 40 FOI MARCADA POR CR\u00cdTICAS \u00c0 FALTA DE INFRAESTRUTURA - Blog do Farn\u00e9sio\" \/>\n<meta property=\"og:description\" content=\"O bairro de Cosme e Dami\u00e3o foi o local escolhido para a primeira Agenda 40 deste ano. O encontro organizado na noite desta segunda-feira (25) pelo PSB para ouvir a popula\u00e7\u00e3o sobre temas estrat\u00e9gicos de Petrolina foi marcado por uma chuva de cr\u00edticas principalmente \u00e0 infraestrutura da cidade. O debate contou com a presen\u00e7a de dezenas de moradores, lideran\u00e7as pol\u00edticas e comunit\u00e1rias da capital do S\u00e3o Francisco. Entre as reclama\u00e7\u00f5es mais constantes apresentadas pelos participantes da Agenda 40, foram citadas a falta de pavimenta\u00e7\u00e3o, ilumina\u00e7\u00e3o deficiente e a precariedade do sistema de transporte p\u00fablico. A seguran\u00e7a nos bairros tamb\u00e9m foi apontada como um problema priorit\u00e1rio. O presidente do PSB de Petrolina, Miguel Coelho, resumiu o clima de insatisfa\u00e7\u00e3o como um&hellip;\" \/>\n<meta property=\"og:url\" content=\"https:\/\/blogdofarnesio.com.br\/?p=136465\" \/>\n<meta property=\"og:site_name\" content=\"Blog do Farn\u00e9sio\" \/>\n<meta property=\"article:publisher\" content=\"https:\/\/www.facebook.com\/BlogQuerSaberPolitica\/\" \/>\n<meta property=\"article:published_time\" content=\"2016-01-26T23:00:08+00:00\" \/>\n<meta property=\"og:image\" content=\"http:\/\/www.quersaberpolitica.com.br\/2016\/wp-content\/uploads\/2016\/01\/blogqsp-Agenda-40-Cosme-300x177.jpg\" \/>\n<meta name=\"twitter:card\" content=\"summary_large_image\" \/>\n<meta name=\"twitter:label1\" content=\"Escrito por\" \/>\n\t<meta name=\"twitter:data1\" content=\"\" \/>\n\t<meta name=\"twitter:label2\" content=\"Est. tempo de leitura\" \/>\n\t<meta name=\"twitter:data2\" content=\"1 minuto\" \/>\n<script type=\"application\/ld+json\" class=\"yoast-schema-graph\">{\"@context\":\"https:\\\/\\\/schema.org\",\"@graph\":[{\"@type\":\"Article\",\"@id\":\"https:\\\/\\\/blogdofarnesio.com.br\\\/?p=136465#article\",\"isPartOf\":{\"@id\":\"https:\\\/\\\/blogdofarnesio.com.br\\\/?p=136465\"},\"author\":{\"name\":\"\",\"@id\":\"\"},\"headline\":\"RETOMADA DA AGENDA 40 FOI MARCADA POR CR\u00cdTICAS \u00c0 FALTA DE INFRAESTRUTURA\",\"datePublished\":\"2016-01-26T23:00:08+00:00\",\"mainEntityOfPage\":{\"@id\":\"https:\\\/\\\/blogdofarnesio.com.br\\\/?p=136465\"},\"wordCount\":267,\"commentCount\":0,\"publisher\":{\"@id\":\"https:\\\/\\\/blogdofarnesio.com.br\\\/#organization\"},\"image\":{\"@id\":\"https:\\\/\\\/blogdofarnesio.com.br\\\/?p=136465#primaryimage\"},\"thumbnailUrl\":\"http:\\\/\\\/www.quersaberpolitica.com.br\\\/2016\\\/wp-content\\\/uploads\\\/2016\\\/01\\\/blogqsp-Agenda-40-Cosme-300x177.jpg\",\"articleSection\":[\"Pol\u00edtica\"],\"inLanguage\":\"pt-BR\",\"potentialAction\":[{\"@type\":\"CommentAction\",\"name\":\"Comment\",\"target\":[\"https:\\\/\\\/blogdofarnesio.com.br\\\/?p=136465#respond\"]}]},{\"@type\":\"WebPage\",\"@id\":\"https:\\\/\\\/blogdofarnesio.com.br\\\/?p=136465\",\"url\":\"https:\\\/\\\/blogdofarnesio.com.br\\\/?p=136465\",\"name\":\"RETOMADA DA AGENDA 40 FOI MARCADA POR CR\u00cdTICAS \u00c0 FALTA DE INFRAESTRUTURA - Blog do Farn\u00e9sio\",\"isPartOf\":{\"@id\":\"https:\\\/\\\/blogdofarnesio.com.br\\\/#website\"},\"primaryImageOfPage\":{\"@id\":\"https:\\\/\\\/blogdofarnesio.com.br\\\/?p=136465#primaryimage\"},\"image\":{\"@id\":\"https:\\\/\\\/blogdofarnesio.com.br\\\/?p=136465#primaryimage\"},\"thumbnailUrl\":\"http:\\\/\\\/www.quersaberpolitica.com.br\\\/2016\\\/wp-content\\\/uploads\\\/2016\\\/01\\\/blogqsp-Agenda-40-Cosme-300x177.jpg\",\"datePublished\":\"2016-01-26T23:00:08+00:00\",\"breadcrumb\":{\"@id\":\"https:\\\/\\\/blogdofarnesio.com.br\\\/?p=136465#breadcrumb\"},\"inLanguage\":\"pt-BR\",\"potentialAction\":[{\"@type\":\"ReadAction\",\"target\":[\"https:\\\/\\\/blogdofarnesio.com.br\\\/?p=136465\"]}]},{\"@type\":\"ImageObject\",\"inLanguage\":\"pt-BR\",\"@id\":\"https:\\\/\\\/blogdofarnesio.com.br\\\/?p=136465#primaryimage\",\"url\":\"http:\\\/\\\/www.quersaberpolitica.com.br\\\/2016\\\/wp-content\\\/uploads\\\/2016\\\/01\\\/blogqsp-Agenda-40-Cosme-300x177.jpg\",\"contentUrl\":\"http:\\\/\\\/www.quersaberpolitica.com.br\\\/2016\\\/wp-content\\\/uploads\\\/2016\\\/01\\\/blogqsp-Agenda-40-Cosme-300x177.jpg\"},{\"@type\":\"BreadcrumbList\",\"@id\":\"https:\\\/\\\/blogdofarnesio.com.br\\\/?p=136465#breadcrumb\",\"itemListElement\":[{\"@type\":\"ListItem\",\"position\":1,\"name\":\"In\u00edcio\",\"item\":\"https:\\\/\\\/blogdofarnesio.com.br\\\/\"},{\"@type\":\"ListItem\",\"position\":2,\"name\":\"RETOMADA DA AGENDA 40 FOI MARCADA POR CR\u00cdTICAS \u00c0 FALTA DE INFRAESTRUTURA\"}]},{\"@type\":\"WebSite\",\"@id\":\"https:\\\/\\\/blogdofarnesio.com.br\\\/#website\",\"url\":\"https:\\\/\\\/blogdofarnesio.com.br\\\/\",\"name\":\"Blog do Farn\u00e9sio\",\"description\":\"Quer Saber Pol\u00edtica?\",\"publisher\":{\"@id\":\"https:\\\/\\\/blogdofarnesio.com.br\\\/#organization\"},\"potentialAction\":[{\"@type\":\"SearchAction\",\"target\":{\"@type\":\"EntryPoint\",\"urlTemplate\":\"https:\\\/\\\/blogdofarnesio.com.br\\\/?s={search_term_string}\"},\"query-input\":{\"@type\":\"PropertyValueSpecification\",\"valueRequired\":true,\"valueName\":\"search_term_string\"}}],\"inLanguage\":\"pt-BR\"},{\"@type\":\"Organization\",\"@id\":\"https:\\\/\\\/blogdofarnesio.com.br\\\/#organization\",\"name\":\"Blog do Farn\u00e9sio\",\"url\":\"https:\\\/\\\/blogdofarnesio.com.br\\\/\",\"logo\":{\"@type\":\"ImageObject\",\"inLanguage\":\"pt-BR\",\"@id\":\"https:\\\/\\\/blogdofarnesio.com.br\\\/#\\\/schema\\\/logo\\\/image\\\/\",\"url\":\"https:\\\/\\\/blogdofarnesio.com.br\\\/wp-content\\\/uploads\\\/2026\\\/03\\\/cropped-logo_new-1.png\",\"contentUrl\":\"https:\\\/\\\/blogdofarnesio.com.br\\\/wp-content\\\/uploads\\\/2026\\\/03\\\/cropped-logo_new-1.png\",\"width\":881,\"height\":685,\"caption\":\"Blog do Farn\u00e9sio\"},\"image\":{\"@id\":\"https:\\\/\\\/blogdofarnesio.com.br\\\/#\\\/schema\\\/logo\\\/image\\\/\"},\"sameAs\":[\"https:\\\/\\\/www.facebook.com\\\/BlogQuerSaberPolitica\\\/\"]},{\"@type\":\"Person\",\"@id\":\"\",\"url\":\"https:\\\/\\\/blogdofarnesio.com.br\\\/?author=7\"}]}<\/script>\n<!-- \/ Yoast SEO plugin. -->","yoast_head_json":{"title":"RETOMADA DA AGENDA 40 FOI MARCADA POR CR\u00cdTICAS \u00c0 FALTA DE INFRAESTRUTURA - Blog do Farn\u00e9sio","robots":{"index":"index","follow":"follow","max-snippet":"max-snippet:-1","max-image-preview":"max-image-preview:large","max-video-preview":"max-video-preview:-1"},"canonical":"https:\/\/blogdofarnesio.com.br\/?p=136465","og_locale":"pt_BR","og_type":"article","og_title":"RETOMADA DA AGENDA 40 FOI MARCADA POR CR\u00cdTICAS \u00c0 FALTA DE INFRAESTRUTURA - Blog do Farn\u00e9sio","og_description":"O bairro de Cosme e Dami\u00e3o foi o local escolhido para a primeira Agenda 40 deste ano. O encontro organizado na noite desta segunda-feira (25) pelo PSB para ouvir a popula\u00e7\u00e3o sobre temas estrat\u00e9gicos de Petrolina foi marcado por uma chuva de cr\u00edticas principalmente \u00e0 infraestrutura da cidade. O debate contou com a presen\u00e7a de dezenas de moradores, lideran\u00e7as pol\u00edticas e comunit\u00e1rias da capital do S\u00e3o Francisco. Entre as reclama\u00e7\u00f5es mais constantes apresentadas pelos participantes da Agenda 40, foram citadas a falta de pavimenta\u00e7\u00e3o, ilumina\u00e7\u00e3o deficiente e a precariedade do sistema de transporte p\u00fablico. A seguran\u00e7a nos bairros tamb\u00e9m foi apontada como um problema priorit\u00e1rio. O presidente do PSB de Petrolina, Miguel Coelho, resumiu o clima de insatisfa\u00e7\u00e3o como um&hellip;","og_url":"https:\/\/blogdofarnesio.com.br\/?p=136465","og_site_name":"Blog do Farn\u00e9sio","article_publisher":"https:\/\/www.facebook.com\/BlogQuerSaberPolitica\/","article_published_time":"2016-01-26T23:00:08+00:00","og_image":[{"url":"http:\/\/www.quersaberpolitica.com.br\/2016\/wp-content\/uploads\/2016\/01\/blogqsp-Agenda-40-Cosme-300x177.jpg","type":"","width":"","height":""}],"twitter_card":"summary_large_image","twitter_misc":{"Escrito por":"","Est. tempo de leitura":"1 minuto"},"schema":{"@context":"https:\/\/schema.org","@graph":[{"@type":"Article","@id":"https:\/\/blogdofarnesio.com.br\/?p=136465#article","isPartOf":{"@id":"https:\/\/blogdofarnesio.com.br\/?p=136465"},"author":{"name":"","@id":""},"headline":"RETOMADA DA AGENDA 40 FOI MARCADA POR CR\u00cdTICAS \u00c0 FALTA DE INFRAESTRUTURA","datePublished":"2016-01-26T23:00:08+00:00","mainEntityOfPage":{"@id":"https:\/\/blogdofarnesio.com.br\/?p=136465"},"wordCount":267,"commentCount":0,"publisher":{"@id":"https:\/\/blogdofarnesio.com.br\/#organization"},"image":{"@id":"https:\/\/blogdofarnesio.com.br\/?p=136465#primaryimage"},"thumbnailUrl":"http:\/\/www.quersaberpolitica.com.br\/2016\/wp-content\/uploads\/2016\/01\/blogqsp-Agenda-40-Cosme-300x177.jpg","articleSection":["Pol\u00edtica"],"inLanguage":"pt-BR","potentialAction":[{"@type":"CommentAction","name":"Comment","target":["https:\/\/blogdofarnesio.com.br\/?p=136465#respond"]}]},{"@type":"WebPage","@id":"https:\/\/blogdofarnesio.com.br\/?p=136465","url":"https:\/\/blogdofarnesio.com.br\/?p=136465","name":"RETOMADA DA AGENDA 40 FOI MARCADA POR CR\u00cdTICAS \u00c0 FALTA DE INFRAESTRUTURA - Blog do Farn\u00e9sio","isPartOf":{"@id":"https:\/\/blogdofarnesio.com.br\/#website"},"primaryImageOfPage":{"@id":"https:\/\/blogdofarnesio.com.br\/?p=136465#primaryimage"},"image":{"@id":"https:\/\/blogdofarnesio.com.br\/?p=136465#primaryimage"},"thumbnailUrl":"http:\/\/www.quersaberpolitica.com.br\/2016\/wp-content\/uploads\/2016\/01\/blogqsp-Agenda-40-Cosme-300x177.jpg","datePublished":"2016-01-26T23:00:08+00:00","breadcrumb":{"@id":"https:\/\/blogdofarnesio.com.br\/?p=136465#breadcrumb"},"inLanguage":"pt-BR","potentialAction":[{"@type":"ReadAction","target":["https:\/\/blogdofarnesio.com.br\/?p=136465"]}]},{"@type":"ImageObject","inLanguage":"pt-BR","@id":"https:\/\/blogdofarnesio.com.br\/?p=136465#primaryimage","url":"http:\/\/www.quersaberpolitica.com.br\/2016\/wp-content\/uploads\/2016\/01\/blogqsp-Agenda-40-Cosme-300x177.jpg","contentUrl":"http:\/\/www.quersaberpolitica.com.br\/2016\/wp-content\/uploads\/2016\/01\/blogqsp-Agenda-40-Cosme-300x177.jpg"},{"@type":"BreadcrumbList","@id":"https:\/\/blogdofarnesio.com.br\/?p=136465#breadcrumb","itemListElement":[{"@type":"ListItem","position":1,"name":"In\u00edcio","item":"https:\/\/blogdofarnesio.com.br\/"},{"@type":"ListItem","position":2,"name":"RETOMADA DA AGENDA 40 FOI MARCADA POR CR\u00cdTICAS \u00c0 FALTA DE INFRAESTRUTURA"}]},{"@type":"WebSite","@id":"https:\/\/blogdofarnesio.com.br\/#website","url":"https:\/\/blogdofarnesio.com.br\/","name":"Blog do Farn\u00e9sio","description":"Quer Saber Pol\u00edtica?","publisher":{"@id":"https:\/\/blogdofarnesio.com.br\/#organization"},"potentialAction":[{"@type":"SearchAction","target":{"@type":"EntryPoint","urlTemplate":"https:\/\/blogdofarnesio.com.br\/?s={search_term_string}"},"query-input":{"@type":"PropertyValueSpecification","valueRequired":true,"valueName":"search_term_string"}}],"inLanguage":"pt-BR"},{"@type":"Organization","@id":"https:\/\/blogdofarnesio.com.br\/#organization","name":"Blog do Farn\u00e9sio","url":"https:\/\/blogdofarnesio.com.br\/","logo":{"@type":"ImageObject","inLanguage":"pt-BR","@id":"https:\/\/blogdofarnesio.com.br\/#\/schema\/logo\/image\/","url":"https:\/\/blogdofarnesio.com.br\/wp-content\/uploads\/2026\/03\/cropped-logo_new-1.png","contentUrl":"https:\/\/blogdofarnesio.com.br\/wp-content\/uploads\/2026\/03\/cropped-logo_new-1.png","width":881,"height":685,"caption":"Blog do Farn\u00e9sio"},"image":{"@id":"https:\/\/blogdofarnesio.com.br\/#\/schema\/logo\/image\/"},"sameAs":["https:\/\/www.facebook.com\/BlogQuerSaberPolitica\/"]},{"@type":"Person","@id":"","url":"https:\/\/blogdofarnesio.com.br\/?author=7"}]}},"_links":{"self":[{"href":"https:\/\/blogdofarnesio.com.br\/index.php?rest_route=\/wp\/v2\/posts\/136465","targetHints":{"allow":["GET"]}}],"collection":[{"href":"https:\/\/blogdofarnesio.com.br\/index.php?rest_route=\/wp\/v2\/posts"}],"about":[{"href":"https:\/\/blogdofarnesio.com.br\/index.php?rest_route=\/wp\/v2\/types\/post"}],"author":[{"embeddable":true,"href":"https:\/\/blogdofarnesio.com.br\/index.php?rest_route=\/wp\/v2\/users\/7"}],"replies":[{"embeddable":true,"href":"https:\/\/blogdofarnesio.com.br\/index.php?rest_route=%2Fwp%2Fv2%2Fcomments&post=136465"}],"version-history":[{"count":0,"href":"https:\/\/blogdofarnesio.com.br\/index.php?rest_route=\/wp\/v2\/posts\/136465\/revisions"}],"wp:attachment":[{"href":"https:\/\/blogdofarnesio.com.br\/index.php?rest_route=%2Fwp%2Fv2%2Fmedia&parent=136465"}],"wp:term":[{"taxonomy":"category","embeddable":true,"href":"https:\/\/blogdofarnesio.com.br\/index.php?rest_route=%2Fwp%2Fv2%2Fcategories&post=136465"},{"taxonomy":"post_tag","embeddable":true,"href":"https:\/\/blogdofarnesio.com.br\/index.php?rest_route=%2Fwp%2Fv2%2Ftags&post=136465"}],"curies":[{"name":"wp","href":"https:\/\/api.w.org\/{rel}","templated":true}]}}