{"id":136462,"date":"2016-01-27T07:43:31","date_gmt":"2016-01-27T10:43:31","guid":{"rendered":"http:\/\/www.quersaberpolitica.com.br\/?p=136462"},"modified":"2016-01-26T17:07:53","modified_gmt":"2016-01-26T20:07:53","slug":"executivo-finaliza-texto-base-do-pccv-dos-servidores-municipais-de-petrolina","status":"publish","type":"post","link":"https:\/\/blogdofarnesio.com.br\/?p=136462","title":{"rendered":"EXECUTIVO FINALIZA TEXTO BASE DO PCCV DOS SERVIDORES MUNICIPAIS DE PETROLINA"},"content":{"rendered":"<p align=\"justify\"><a href=\"http:\/\/www.quersaberpolitica.com.br\/2016\/wp-content\/uploads\/2016\/01\/blogqsp-reuni\u00e3o-PCCV-servidores-petrolina.jpg\"><img loading=\"lazy\" decoding=\"async\" class=\" wp-image-136463 aligncenter\" src=\"http:\/\/www.quersaberpolitica.com.br\/2016\/wp-content\/uploads\/2016\/01\/blogqsp-reuni\u00e3o-PCCV-servidores-petrolina-300x214.jpg\" alt=\"blogqsp-reuni\u00e3o-PCCV -servidores-petrolina\" width=\"400\" height=\"286\" srcset=\"https:\/\/blogdofarnesio.com.br\/wp-content\/uploads\/2016\/01\/blogqsp-reuni\u00e3o-PCCV-servidores-petrolina-300x214.jpg 300w, https:\/\/blogdofarnesio.com.br\/wp-content\/uploads\/2016\/01\/blogqsp-reuni\u00e3o-PCCV-servidores-petrolina-420x300.jpg 420w, https:\/\/blogdofarnesio.com.br\/wp-content\/uploads\/2016\/01\/blogqsp-reuni\u00e3o-PCCV-servidores-petrolina.jpg 448w\" sizes=\"auto, (max-width: 400px) 100vw, 400px\" \/><\/a><\/p>\n<p align=\"justify\">As negocia\u00e7\u00f5es entre a Prefeitura de Petrolina e o Sindicato dos Servidores Municipais &#8211; Sindsemp, em torno da campanha salarial para a categoria, t\u00eam avan\u00e7ado substancialmente.<\/p>\n<p align=\"justify\">O di\u00e1logo entre o governo municipal e a entidade de classe se fortaleceu durante reuni\u00e3o realizada segunda-feira (25), quando o secret\u00e1rio de Planejamento, Or\u00e7amento e Gest\u00e3o, Geraldo Junior, representando a Prefeitura, reuniu o presidente do Sindsemp, Walber Lins, e outros membros do Sindicato, para abrir uma nova rodada de discuss\u00f5es.<\/p>\n<p align=\"justify\">A reuni\u00e3o levantou mais uma vez o debate acerca dos reajustes salariais para a categoria e colocou outros aspectos em evid\u00eancia. O secret\u00e1rio municipal, Geraldo Junior, se posicionou destacando que a quest\u00e3o que envolve novos investimentos na folha de pagamento precisam ser avaliadas com cautela, analisando as proje\u00e7\u00f5es das receitas municipais, confrontando os n\u00fameros com a pauta financeira dos gastos p\u00fablicos do munic\u00edpio.<\/p>\n<p align=\"justify\">\u201cAinda precisamos observar o comportamento da receita de transfer\u00eancia do munic\u00edpio, j\u00e1 que 2016 ainda \u00e9 um ano delicado com rela\u00e7\u00e3o a macroeconomia, ainda ser\u00e1 um ano de adequa\u00e7\u00f5es econ\u00f4micas\u201d, destacou Geraldo Junior.<\/p>\n<p align=\"justify\">Ainda tratando sobre melhorias trabalhistas para os servidores municipais, o ponto alto da reuni\u00e3o foi a entrega da minuta do Plano de Cargos e Carreiras e Vencimentos do munic\u00edpio (PCCV) que contempla 1322 servidores de cargos de n\u00edvel m\u00e9dio e elementar.<!--more--><\/p>\n<p align=\"justify\">Segundo Geraldo Junior, os profissionais que atuam nas 39 categorias com estes n\u00edveis de escolaridade t\u00eam uma menor seguran\u00e7a jur\u00eddica em rela\u00e7\u00e3o a outras classes. Junto a minuta, o presidente do Sindsemp recebeu tamb\u00e9m um of\u00edcio solicitando que a entidade eleja cinco membros para participar da discuss\u00e3o do Plano, os nomes devem ser comunicado at\u00e9 a sexta-feira (29). \u201cA entrega da minuta do PCCV \u00e9 a realiza\u00e7\u00e3o de um sonho, mas um sonho vi\u00e1vel de ser implantado e executado dentro do munic\u00edpio. Esse di\u00e1logo evidencia a busca pela clareza na rela\u00e7\u00e3o entre a Prefeitura e o conjunto de seus servidores\u201d, avalia o secret\u00e1rio Geraldo Junior.<\/p>\n<p align=\"justify\">A minuta, com o texto base do PCCV, \u00e9 o ponto de partida para a constru\u00e7\u00e3o dos normativos finais do Plano, que ser\u00e3o formatados em um trabalho conjunto entre a Prefeitura e o Sindicato dos Servidores. Ap\u00f3s a conclus\u00e3o do texto, o PCCV ser\u00e1 encaminhado para aprecia\u00e7\u00e3o da C\u00e2mara de Vereadores. O presidente do Sinsemp, Walber Lins, reconhece os avan\u00e7os que a categoria vem conquistando no estreitamento das rela\u00e7\u00f5es da classe trabalhista e a gest\u00e3o municipal.<\/p>\n<p align=\"justify\"><em>Texto e fotos: Thirza Santos<\/em><\/p>\n","protected":false},"excerpt":{"rendered":"<p>As negocia\u00e7\u00f5es entre a Prefeitura de Petrolina e o Sindicato dos Servidores Municipais &#8211; Sindsemp, em torno da campanha salarial para a categoria, t\u00eam avan\u00e7ado substancialmente. O di\u00e1logo entre o governo municipal e a entidade de classe se fortaleceu durante reuni\u00e3o realizada segunda-feira (25), quando o secret\u00e1rio de Planejamento, Or\u00e7amento e Gest\u00e3o, Geraldo Junior, representando a Prefeitura, reuniu o presidente do Sindsemp, Walber Lins, e outros membros do Sindicato, para abrir uma nova rodada de discuss\u00f5es. A reuni\u00e3o levantou mais uma vez o debate acerca dos reajustes salariais para a categoria e colocou outros aspectos em evid\u00eancia. O secret\u00e1rio municipal, Geraldo Junior, se posicionou destacando que a quest\u00e3o que envolve novos investimentos na folha de pagamento precisam ser avaliadas com&hellip; <\/p>\n","protected":false},"author":7,"featured_media":0,"comment_status":"open","ping_status":"open","sticky":false,"template":"","format":"standard","meta":{"_acf_changed":false,"footnotes":""},"categories":[44,19],"tags":[],"class_list":["post-136462","post","type-post","status-publish","format-standard","hentry","category-administracao","category-servidores"],"acf":[],"yoast_head":"<!-- This site is optimized with the Yoast SEO plugin v27.4 - https:\/\/yoast.com\/product\/yoast-seo-wordpress\/ -->\n<title>EXECUTIVO FINALIZA TEXTO BASE DO PCCV DOS SERVIDORES MUNICIPAIS DE PETROLINA - Blog do Farn\u00e9sio<\/title>\n<meta name=\"robots\" content=\"index, follow, max-snippet:-1, max-image-preview:large, max-video-preview:-1\" \/>\n<link rel=\"canonical\" href=\"https:\/\/blogdofarnesio.com.br\/?p=136462\" \/>\n<meta property=\"og:locale\" content=\"pt_BR\" \/>\n<meta property=\"og:type\" content=\"article\" \/>\n<meta property=\"og:title\" content=\"EXECUTIVO FINALIZA TEXTO BASE DO PCCV DOS SERVIDORES MUNICIPAIS DE PETROLINA - Blog do Farn\u00e9sio\" \/>\n<meta property=\"og:description\" content=\"As negocia\u00e7\u00f5es entre a Prefeitura de Petrolina e o Sindicato dos Servidores Municipais &#8211; Sindsemp, em torno da campanha salarial para a categoria, t\u00eam avan\u00e7ado substancialmente. O di\u00e1logo entre o governo municipal e a entidade de classe se fortaleceu durante reuni\u00e3o realizada segunda-feira (25), quando o secret\u00e1rio de Planejamento, Or\u00e7amento e Gest\u00e3o, Geraldo Junior, representando a Prefeitura, reuniu o presidente do Sindsemp, Walber Lins, e outros membros do Sindicato, para abrir uma nova rodada de discuss\u00f5es. A reuni\u00e3o levantou mais uma vez o debate acerca dos reajustes salariais para a categoria e colocou outros aspectos em evid\u00eancia. O secret\u00e1rio municipal, Geraldo Junior, se posicionou destacando que a quest\u00e3o que envolve novos investimentos na folha de pagamento precisam ser avaliadas com&hellip;\" \/>\n<meta property=\"og:url\" content=\"https:\/\/blogdofarnesio.com.br\/?p=136462\" \/>\n<meta property=\"og:site_name\" content=\"Blog do Farn\u00e9sio\" \/>\n<meta property=\"article:publisher\" content=\"https:\/\/www.facebook.com\/BlogQuerSaberPolitica\/\" \/>\n<meta property=\"article:published_time\" content=\"2016-01-27T10:43:31+00:00\" \/>\n<meta name=\"twitter:card\" content=\"summary_large_image\" \/>\n<meta name=\"twitter:label1\" content=\"Escrito por\" \/>\n\t<meta name=\"twitter:data1\" content=\"\" \/>\n\t<meta name=\"twitter:label2\" content=\"Est. tempo de leitura\" \/>\n\t<meta name=\"twitter:data2\" content=\"2 minutos\" \/>\n<script type=\"application\/ld+json\" class=\"yoast-schema-graph\">{\"@context\":\"https:\\\/\\\/schema.org\",\"@graph\":[{\"@type\":\"Article\",\"@id\":\"https:\\\/\\\/blogdofarnesio.com.br\\\/?p=136462#article\",\"isPartOf\":{\"@id\":\"https:\\\/\\\/blogdofarnesio.com.br\\\/?p=136462\"},\"author\":{\"name\":\"\",\"@id\":\"\"},\"headline\":\"EXECUTIVO FINALIZA TEXTO BASE DO PCCV DOS SERVIDORES MUNICIPAIS DE PETROLINA\",\"datePublished\":\"2016-01-27T10:43:31+00:00\",\"mainEntityOfPage\":{\"@id\":\"https:\\\/\\\/blogdofarnesio.com.br\\\/?p=136462\"},\"wordCount\":451,\"commentCount\":1,\"publisher\":{\"@id\":\"https:\\\/\\\/blogdofarnesio.com.br\\\/#organization\"},\"articleSection\":[\"Administra\u00e7\u00e3o\",\"Servidores\"],\"inLanguage\":\"pt-BR\",\"potentialAction\":[{\"@type\":\"CommentAction\",\"name\":\"Comment\",\"target\":[\"https:\\\/\\\/blogdofarnesio.com.br\\\/?p=136462#respond\"]}]},{\"@type\":\"WebPage\",\"@id\":\"https:\\\/\\\/blogdofarnesio.com.br\\\/?p=136462\",\"url\":\"https:\\\/\\\/blogdofarnesio.com.br\\\/?p=136462\",\"name\":\"EXECUTIVO FINALIZA TEXTO BASE DO PCCV DOS SERVIDORES MUNICIPAIS DE PETROLINA - Blog do Farn\u00e9sio\",\"isPartOf\":{\"@id\":\"https:\\\/\\\/blogdofarnesio.com.br\\\/#website\"},\"datePublished\":\"2016-01-27T10:43:31+00:00\",\"breadcrumb\":{\"@id\":\"https:\\\/\\\/blogdofarnesio.com.br\\\/?p=136462#breadcrumb\"},\"inLanguage\":\"pt-BR\",\"potentialAction\":[{\"@type\":\"ReadAction\",\"target\":[\"https:\\\/\\\/blogdofarnesio.com.br\\\/?p=136462\"]}]},{\"@type\":\"BreadcrumbList\",\"@id\":\"https:\\\/\\\/blogdofarnesio.com.br\\\/?p=136462#breadcrumb\",\"itemListElement\":[{\"@type\":\"ListItem\",\"position\":1,\"name\":\"In\u00edcio\",\"item\":\"https:\\\/\\\/blogdofarnesio.com.br\\\/\"},{\"@type\":\"ListItem\",\"position\":2,\"name\":\"EXECUTIVO FINALIZA TEXTO BASE DO PCCV DOS SERVIDORES MUNICIPAIS DE PETROLINA\"}]},{\"@type\":\"WebSite\",\"@id\":\"https:\\\/\\\/blogdofarnesio.com.br\\\/#website\",\"url\":\"https:\\\/\\\/blogdofarnesio.com.br\\\/\",\"name\":\"Blog do Farn\u00e9sio\",\"description\":\"Quer Saber Pol\u00edtica?\",\"publisher\":{\"@id\":\"https:\\\/\\\/blogdofarnesio.com.br\\\/#organization\"},\"potentialAction\":[{\"@type\":\"SearchAction\",\"target\":{\"@type\":\"EntryPoint\",\"urlTemplate\":\"https:\\\/\\\/blogdofarnesio.com.br\\\/?s={search_term_string}\"},\"query-input\":{\"@type\":\"PropertyValueSpecification\",\"valueRequired\":true,\"valueName\":\"search_term_string\"}}],\"inLanguage\":\"pt-BR\"},{\"@type\":\"Organization\",\"@id\":\"https:\\\/\\\/blogdofarnesio.com.br\\\/#organization\",\"name\":\"Blog do Farn\u00e9sio\",\"url\":\"https:\\\/\\\/blogdofarnesio.com.br\\\/\",\"logo\":{\"@type\":\"ImageObject\",\"inLanguage\":\"pt-BR\",\"@id\":\"https:\\\/\\\/blogdofarnesio.com.br\\\/#\\\/schema\\\/logo\\\/image\\\/\",\"url\":\"https:\\\/\\\/blogdofarnesio.com.br\\\/wp-content\\\/uploads\\\/2026\\\/03\\\/cropped-logo_new-1.png\",\"contentUrl\":\"https:\\\/\\\/blogdofarnesio.com.br\\\/wp-content\\\/uploads\\\/2026\\\/03\\\/cropped-logo_new-1.png\",\"width\":881,\"height\":685,\"caption\":\"Blog do Farn\u00e9sio\"},\"image\":{\"@id\":\"https:\\\/\\\/blogdofarnesio.com.br\\\/#\\\/schema\\\/logo\\\/image\\\/\"},\"sameAs\":[\"https:\\\/\\\/www.facebook.com\\\/BlogQuerSaberPolitica\\\/\"]},{\"@type\":\"Person\",\"@id\":\"\",\"url\":\"https:\\\/\\\/blogdofarnesio.com.br\\\/?author=7\"}]}<\/script>\n<!-- \/ Yoast SEO plugin. -->","yoast_head_json":{"title":"EXECUTIVO FINALIZA TEXTO BASE DO PCCV DOS SERVIDORES MUNICIPAIS DE PETROLINA - Blog do Farn\u00e9sio","robots":{"index":"index","follow":"follow","max-snippet":"max-snippet:-1","max-image-preview":"max-image-preview:large","max-video-preview":"max-video-preview:-1"},"canonical":"https:\/\/blogdofarnesio.com.br\/?p=136462","og_locale":"pt_BR","og_type":"article","og_title":"EXECUTIVO FINALIZA TEXTO BASE DO PCCV DOS SERVIDORES MUNICIPAIS DE PETROLINA - Blog do Farn\u00e9sio","og_description":"As negocia\u00e7\u00f5es entre a Prefeitura de Petrolina e o Sindicato dos Servidores Municipais &#8211; Sindsemp, em torno da campanha salarial para a categoria, t\u00eam avan\u00e7ado substancialmente. O di\u00e1logo entre o governo municipal e a entidade de classe se fortaleceu durante reuni\u00e3o realizada segunda-feira (25), quando o secret\u00e1rio de Planejamento, Or\u00e7amento e Gest\u00e3o, Geraldo Junior, representando a Prefeitura, reuniu o presidente do Sindsemp, Walber Lins, e outros membros do Sindicato, para abrir uma nova rodada de discuss\u00f5es. A reuni\u00e3o levantou mais uma vez o debate acerca dos reajustes salariais para a categoria e colocou outros aspectos em evid\u00eancia. O secret\u00e1rio municipal, Geraldo Junior, se posicionou destacando que a quest\u00e3o que envolve novos investimentos na folha de pagamento precisam ser avaliadas com&hellip;","og_url":"https:\/\/blogdofarnesio.com.br\/?p=136462","og_site_name":"Blog do Farn\u00e9sio","article_publisher":"https:\/\/www.facebook.com\/BlogQuerSaberPolitica\/","article_published_time":"2016-01-27T10:43:31+00:00","twitter_card":"summary_large_image","twitter_misc":{"Escrito por":"","Est. tempo de leitura":"2 minutos"},"schema":{"@context":"https:\/\/schema.org","@graph":[{"@type":"Article","@id":"https:\/\/blogdofarnesio.com.br\/?p=136462#article","isPartOf":{"@id":"https:\/\/blogdofarnesio.com.br\/?p=136462"},"author":{"name":"","@id":""},"headline":"EXECUTIVO FINALIZA TEXTO BASE DO PCCV DOS SERVIDORES MUNICIPAIS DE PETROLINA","datePublished":"2016-01-27T10:43:31+00:00","mainEntityOfPage":{"@id":"https:\/\/blogdofarnesio.com.br\/?p=136462"},"wordCount":451,"commentCount":1,"publisher":{"@id":"https:\/\/blogdofarnesio.com.br\/#organization"},"articleSection":["Administra\u00e7\u00e3o","Servidores"],"inLanguage":"pt-BR","potentialAction":[{"@type":"CommentAction","name":"Comment","target":["https:\/\/blogdofarnesio.com.br\/?p=136462#respond"]}]},{"@type":"WebPage","@id":"https:\/\/blogdofarnesio.com.br\/?p=136462","url":"https:\/\/blogdofarnesio.com.br\/?p=136462","name":"EXECUTIVO FINALIZA TEXTO BASE DO PCCV DOS SERVIDORES MUNICIPAIS DE PETROLINA - Blog do Farn\u00e9sio","isPartOf":{"@id":"https:\/\/blogdofarnesio.com.br\/#website"},"datePublished":"2016-01-27T10:43:31+00:00","breadcrumb":{"@id":"https:\/\/blogdofarnesio.com.br\/?p=136462#breadcrumb"},"inLanguage":"pt-BR","potentialAction":[{"@type":"ReadAction","target":["https:\/\/blogdofarnesio.com.br\/?p=136462"]}]},{"@type":"BreadcrumbList","@id":"https:\/\/blogdofarnesio.com.br\/?p=136462#breadcrumb","itemListElement":[{"@type":"ListItem","position":1,"name":"In\u00edcio","item":"https:\/\/blogdofarnesio.com.br\/"},{"@type":"ListItem","position":2,"name":"EXECUTIVO FINALIZA TEXTO BASE DO PCCV DOS SERVIDORES MUNICIPAIS DE PETROLINA"}]},{"@type":"WebSite","@id":"https:\/\/blogdofarnesio.com.br\/#website","url":"https:\/\/blogdofarnesio.com.br\/","name":"Blog do Farn\u00e9sio","description":"Quer Saber Pol\u00edtica?","publisher":{"@id":"https:\/\/blogdofarnesio.com.br\/#organization"},"potentialAction":[{"@type":"SearchAction","target":{"@type":"EntryPoint","urlTemplate":"https:\/\/blogdofarnesio.com.br\/?s={search_term_string}"},"query-input":{"@type":"PropertyValueSpecification","valueRequired":true,"valueName":"search_term_string"}}],"inLanguage":"pt-BR"},{"@type":"Organization","@id":"https:\/\/blogdofarnesio.com.br\/#organization","name":"Blog do Farn\u00e9sio","url":"https:\/\/blogdofarnesio.com.br\/","logo":{"@type":"ImageObject","inLanguage":"pt-BR","@id":"https:\/\/blogdofarnesio.com.br\/#\/schema\/logo\/image\/","url":"https:\/\/blogdofarnesio.com.br\/wp-content\/uploads\/2026\/03\/cropped-logo_new-1.png","contentUrl":"https:\/\/blogdofarnesio.com.br\/wp-content\/uploads\/2026\/03\/cropped-logo_new-1.png","width":881,"height":685,"caption":"Blog do Farn\u00e9sio"},"image":{"@id":"https:\/\/blogdofarnesio.com.br\/#\/schema\/logo\/image\/"},"sameAs":["https:\/\/www.facebook.com\/BlogQuerSaberPolitica\/"]},{"@type":"Person","@id":"","url":"https:\/\/blogdofarnesio.com.br\/?author=7"}]}},"_links":{"self":[{"href":"https:\/\/blogdofarnesio.com.br\/index.php?rest_route=\/wp\/v2\/posts\/136462","targetHints":{"allow":["GET"]}}],"collection":[{"href":"https:\/\/blogdofarnesio.com.br\/index.php?rest_route=\/wp\/v2\/posts"}],"about":[{"href":"https:\/\/blogdofarnesio.com.br\/index.php?rest_route=\/wp\/v2\/types\/post"}],"author":[{"embeddable":true,"href":"https:\/\/blogdofarnesio.com.br\/index.php?rest_route=\/wp\/v2\/users\/7"}],"replies":[{"embeddable":true,"href":"https:\/\/blogdofarnesio.com.br\/index.php?rest_route=%2Fwp%2Fv2%2Fcomments&post=136462"}],"version-history":[{"count":0,"href":"https:\/\/blogdofarnesio.com.br\/index.php?rest_route=\/wp\/v2\/posts\/136462\/revisions"}],"wp:attachment":[{"href":"https:\/\/blogdofarnesio.com.br\/index.php?rest_route=%2Fwp%2Fv2%2Fmedia&parent=136462"}],"wp:term":[{"taxonomy":"category","embeddable":true,"href":"https:\/\/blogdofarnesio.com.br\/index.php?rest_route=%2Fwp%2Fv2%2Fcategories&post=136462"},{"taxonomy":"post_tag","embeddable":true,"href":"https:\/\/blogdofarnesio.com.br\/index.php?rest_route=%2Fwp%2Fv2%2Ftags&post=136462"}],"curies":[{"name":"wp","href":"https:\/\/api.w.org\/{rel}","templated":true}]}}