{"id":136447,"date":"2016-01-26T19:00:41","date_gmt":"2016-01-26T22:00:41","guid":{"rendered":"http:\/\/www.quersaberpolitica.com.br\/?p=136447"},"modified":"2016-01-26T11:44:01","modified_gmt":"2016-01-26T14:44:01","slug":"pt-retoma-as-criticas-a-gestao-na-economia","status":"publish","type":"post","link":"https:\/\/blogdofarnesio.com.br\/?p=136447","title":{"rendered":"PT RETOMA AS CR\u00cdTICAS \u00c0 GEST\u00c3O NA ECONOMIA"},"content":{"rendered":"<p style=\"text-align: justify\"><a href=\"http:\/\/www.quersaberpolitica.com.br\/2016\/wp-content\/uploads\/2016\/01\/blogqsp-lula-cupula-pt.jpg\"><img loading=\"lazy\" decoding=\"async\" class=\"aligncenter wp-image-136448\" src=\"http:\/\/www.quersaberpolitica.com.br\/2016\/wp-content\/uploads\/2016\/01\/blogqsp-lula-cupula-pt-300x300.jpg\" alt=\"blogqsp-lula-cupula-pt\" width=\"400\" height=\"400\" srcset=\"https:\/\/blogdofarnesio.com.br\/wp-content\/uploads\/2016\/01\/blogqsp-lula-cupula-pt-300x300.jpg 300w, https:\/\/blogdofarnesio.com.br\/wp-content\/uploads\/2016\/01\/blogqsp-lula-cupula-pt-150x150.jpg 150w, https:\/\/blogdofarnesio.com.br\/wp-content\/uploads\/2016\/01\/blogqsp-lula-cupula-pt.jpg 336w\" sizes=\"auto, (max-width: 400px) 100vw, 400px\" \/><\/a><\/p>\n<p style=\"text-align: justify\">Integrantes da Executiva Nacional do PT v\u00e3o retomar nesta ter\u00e7a-feira, 26, as cobran\u00e7a ao governo Dilma Rousseff por medidas para o reaquecimento da economia do Pa\u00eds. Na v\u00e9spera do encontro, representantes da maior corrente do partido, Construindo um Novo Brasil (CNB), afinaram o tom que dever\u00e3o apresentar na reuni\u00e3o da c\u00fapula hoje.<\/p>\n<p style=\"text-align: justify\">\u201cO partido deve refor\u00e7ar as cr\u00edticas de que o governo precisa retomar o processo de crescimento com algumas medidas como acelerar o processo de concess\u00f5es e principalmente no que tange o programa Minha Casa Minha Vida, que pode gerar emprego e atende aos movimentos sociais que demandam por moradias populares\u201d, afirmou o deputado Carlos Zarattini (PT-SP), que participou do encontro da CNB.<\/p>\n<p style=\"text-align: justify\">\u201cO governo Dilma deve ter um protagonismo a partir do equacionamento das quest\u00f5es econ\u00f4micas\u201d, ressaltou o ex-ministro Edson Santos (PT-RJ).<\/p>\n<p style=\"text-align: justify\"><b>Conselh\u00e3o<\/b><\/p>\n<p style=\"text-align: justify\">Em artigo publicado no portal do partido, o presidente nacional da legenda, Rui Falc\u00e3o, diz tamb\u00e9m ter expectativas sobre a defini\u00e7\u00e3o de algumas diretrizes por parte do governo que dever\u00e3o ser discutidas na primeira reuni\u00e3o do Conselho de Desenvolvimento Econ\u00f4mico e Social, convocado pela presidente para esta semana.<\/p>\n<p style=\"text-align: justify\">\u201cEspera-se uma apresenta\u00e7\u00e3o de diretrizes para o ano, com grandes expectativas (e esperan\u00e7as) numa agenda de retomada do crescimento econ\u00f4mico e de gera\u00e7\u00e3o de empregos\u201d, diz o dirigente no texto.<\/p>\n<p style=\"text-align: justify\">A Executiva ainda deve iniciar as discuss\u00f5es em torno das estrat\u00e9gias que o partido ir\u00e1 adotar na disputa municipal deste ano. As informa\u00e7\u00f5es s\u00e3o do jornal <b>O Estado de S. Paulo.<\/b><\/p>\n","protected":false},"excerpt":{"rendered":"<p>Integrantes da Executiva Nacional do PT v\u00e3o retomar nesta ter\u00e7a-feira, 26, as cobran\u00e7a ao governo Dilma Rousseff por medidas para o reaquecimento da economia do Pa\u00eds. Na v\u00e9spera do encontro, representantes da maior corrente do partido, Construindo um Novo Brasil (CNB), afinaram o tom que dever\u00e3o apresentar na reuni\u00e3o da c\u00fapula hoje. \u201cO partido deve refor\u00e7ar as cr\u00edticas de que o governo precisa retomar o processo de crescimento com algumas medidas como acelerar o processo de concess\u00f5es e principalmente no que tange o programa Minha Casa Minha Vida, que pode gerar emprego e atende aos movimentos sociais que demandam por moradias populares\u201d, afirmou o deputado Carlos Zarattini (PT-SP), que participou do encontro da CNB. \u201cO governo Dilma deve ter um&hellip; <\/p>\n","protected":false},"author":7,"featured_media":0,"comment_status":"open","ping_status":"open","sticky":false,"template":"","format":"standard","meta":{"_acf_changed":false,"footnotes":""},"categories":[1],"tags":[],"class_list":["post-136447","post","type-post","status-publish","format-standard","hentry","category-politica"],"acf":[],"yoast_head":"<!-- This site is optimized with the Yoast SEO plugin v27.4 - https:\/\/yoast.com\/product\/yoast-seo-wordpress\/ -->\n<title>PT RETOMA AS CR\u00cdTICAS \u00c0 GEST\u00c3O NA ECONOMIA - Blog do Farn\u00e9sio<\/title>\n<meta name=\"robots\" content=\"index, follow, max-snippet:-1, max-image-preview:large, max-video-preview:-1\" \/>\n<link rel=\"canonical\" href=\"https:\/\/blogdofarnesio.com.br\/?p=136447\" \/>\n<meta property=\"og:locale\" content=\"pt_BR\" \/>\n<meta property=\"og:type\" content=\"article\" \/>\n<meta property=\"og:title\" content=\"PT RETOMA AS CR\u00cdTICAS \u00c0 GEST\u00c3O NA ECONOMIA - Blog do Farn\u00e9sio\" \/>\n<meta property=\"og:description\" content=\"Integrantes da Executiva Nacional do PT v\u00e3o retomar nesta ter\u00e7a-feira, 26, as cobran\u00e7a ao governo Dilma Rousseff por medidas para o reaquecimento da economia do Pa\u00eds. Na v\u00e9spera do encontro, representantes da maior corrente do partido, Construindo um Novo Brasil (CNB), afinaram o tom que dever\u00e3o apresentar na reuni\u00e3o da c\u00fapula hoje. \u201cO partido deve refor\u00e7ar as cr\u00edticas de que o governo precisa retomar o processo de crescimento com algumas medidas como acelerar o processo de concess\u00f5es e principalmente no que tange o programa Minha Casa Minha Vida, que pode gerar emprego e atende aos movimentos sociais que demandam por moradias populares\u201d, afirmou o deputado Carlos Zarattini (PT-SP), que participou do encontro da CNB. \u201cO governo Dilma deve ter um&hellip;\" \/>\n<meta property=\"og:url\" content=\"https:\/\/blogdofarnesio.com.br\/?p=136447\" \/>\n<meta property=\"og:site_name\" content=\"Blog do Farn\u00e9sio\" \/>\n<meta property=\"article:publisher\" content=\"https:\/\/www.facebook.com\/BlogQuerSaberPolitica\/\" \/>\n<meta property=\"article:published_time\" content=\"2016-01-26T22:00:41+00:00\" \/>\n<meta property=\"og:image\" content=\"http:\/\/www.quersaberpolitica.com.br\/2016\/wp-content\/uploads\/2016\/01\/blogqsp-lula-cupula-pt-300x300.jpg\" \/>\n<meta name=\"twitter:card\" content=\"summary_large_image\" \/>\n<meta name=\"twitter:label1\" content=\"Escrito por\" \/>\n\t<meta name=\"twitter:data1\" content=\"\" \/>\n\t<meta name=\"twitter:label2\" content=\"Est. tempo de leitura\" \/>\n\t<meta name=\"twitter:data2\" content=\"1 minuto\" \/>\n<script type=\"application\/ld+json\" class=\"yoast-schema-graph\">{\"@context\":\"https:\\\/\\\/schema.org\",\"@graph\":[{\"@type\":\"Article\",\"@id\":\"https:\\\/\\\/blogdofarnesio.com.br\\\/?p=136447#article\",\"isPartOf\":{\"@id\":\"https:\\\/\\\/blogdofarnesio.com.br\\\/?p=136447\"},\"author\":{\"name\":\"\",\"@id\":\"\"},\"headline\":\"PT RETOMA AS CR\u00cdTICAS \u00c0 GEST\u00c3O NA ECONOMIA\",\"datePublished\":\"2016-01-26T22:00:41+00:00\",\"mainEntityOfPage\":{\"@id\":\"https:\\\/\\\/blogdofarnesio.com.br\\\/?p=136447\"},\"wordCount\":280,\"commentCount\":0,\"publisher\":{\"@id\":\"https:\\\/\\\/blogdofarnesio.com.br\\\/#organization\"},\"image\":{\"@id\":\"https:\\\/\\\/blogdofarnesio.com.br\\\/?p=136447#primaryimage\"},\"thumbnailUrl\":\"http:\\\/\\\/www.quersaberpolitica.com.br\\\/2016\\\/wp-content\\\/uploads\\\/2016\\\/01\\\/blogqsp-lula-cupula-pt-300x300.jpg\",\"articleSection\":[\"Pol\u00edtica\"],\"inLanguage\":\"pt-BR\",\"potentialAction\":[{\"@type\":\"CommentAction\",\"name\":\"Comment\",\"target\":[\"https:\\\/\\\/blogdofarnesio.com.br\\\/?p=136447#respond\"]}]},{\"@type\":\"WebPage\",\"@id\":\"https:\\\/\\\/blogdofarnesio.com.br\\\/?p=136447\",\"url\":\"https:\\\/\\\/blogdofarnesio.com.br\\\/?p=136447\",\"name\":\"PT RETOMA AS CR\u00cdTICAS \u00c0 GEST\u00c3O NA ECONOMIA - Blog do Farn\u00e9sio\",\"isPartOf\":{\"@id\":\"https:\\\/\\\/blogdofarnesio.com.br\\\/#website\"},\"primaryImageOfPage\":{\"@id\":\"https:\\\/\\\/blogdofarnesio.com.br\\\/?p=136447#primaryimage\"},\"image\":{\"@id\":\"https:\\\/\\\/blogdofarnesio.com.br\\\/?p=136447#primaryimage\"},\"thumbnailUrl\":\"http:\\\/\\\/www.quersaberpolitica.com.br\\\/2016\\\/wp-content\\\/uploads\\\/2016\\\/01\\\/blogqsp-lula-cupula-pt-300x300.jpg\",\"datePublished\":\"2016-01-26T22:00:41+00:00\",\"breadcrumb\":{\"@id\":\"https:\\\/\\\/blogdofarnesio.com.br\\\/?p=136447#breadcrumb\"},\"inLanguage\":\"pt-BR\",\"potentialAction\":[{\"@type\":\"ReadAction\",\"target\":[\"https:\\\/\\\/blogdofarnesio.com.br\\\/?p=136447\"]}]},{\"@type\":\"ImageObject\",\"inLanguage\":\"pt-BR\",\"@id\":\"https:\\\/\\\/blogdofarnesio.com.br\\\/?p=136447#primaryimage\",\"url\":\"http:\\\/\\\/www.quersaberpolitica.com.br\\\/2016\\\/wp-content\\\/uploads\\\/2016\\\/01\\\/blogqsp-lula-cupula-pt-300x300.jpg\",\"contentUrl\":\"http:\\\/\\\/www.quersaberpolitica.com.br\\\/2016\\\/wp-content\\\/uploads\\\/2016\\\/01\\\/blogqsp-lula-cupula-pt-300x300.jpg\"},{\"@type\":\"BreadcrumbList\",\"@id\":\"https:\\\/\\\/blogdofarnesio.com.br\\\/?p=136447#breadcrumb\",\"itemListElement\":[{\"@type\":\"ListItem\",\"position\":1,\"name\":\"In\u00edcio\",\"item\":\"https:\\\/\\\/blogdofarnesio.com.br\\\/\"},{\"@type\":\"ListItem\",\"position\":2,\"name\":\"PT RETOMA AS CR\u00cdTICAS \u00c0 GEST\u00c3O NA ECONOMIA\"}]},{\"@type\":\"WebSite\",\"@id\":\"https:\\\/\\\/blogdofarnesio.com.br\\\/#website\",\"url\":\"https:\\\/\\\/blogdofarnesio.com.br\\\/\",\"name\":\"Blog do Farn\u00e9sio\",\"description\":\"Quer Saber Pol\u00edtica?\",\"publisher\":{\"@id\":\"https:\\\/\\\/blogdofarnesio.com.br\\\/#organization\"},\"potentialAction\":[{\"@type\":\"SearchAction\",\"target\":{\"@type\":\"EntryPoint\",\"urlTemplate\":\"https:\\\/\\\/blogdofarnesio.com.br\\\/?s={search_term_string}\"},\"query-input\":{\"@type\":\"PropertyValueSpecification\",\"valueRequired\":true,\"valueName\":\"search_term_string\"}}],\"inLanguage\":\"pt-BR\"},{\"@type\":\"Organization\",\"@id\":\"https:\\\/\\\/blogdofarnesio.com.br\\\/#organization\",\"name\":\"Blog do Farn\u00e9sio\",\"url\":\"https:\\\/\\\/blogdofarnesio.com.br\\\/\",\"logo\":{\"@type\":\"ImageObject\",\"inLanguage\":\"pt-BR\",\"@id\":\"https:\\\/\\\/blogdofarnesio.com.br\\\/#\\\/schema\\\/logo\\\/image\\\/\",\"url\":\"https:\\\/\\\/blogdofarnesio.com.br\\\/wp-content\\\/uploads\\\/2026\\\/03\\\/cropped-logo_new-1.png\",\"contentUrl\":\"https:\\\/\\\/blogdofarnesio.com.br\\\/wp-content\\\/uploads\\\/2026\\\/03\\\/cropped-logo_new-1.png\",\"width\":881,\"height\":685,\"caption\":\"Blog do Farn\u00e9sio\"},\"image\":{\"@id\":\"https:\\\/\\\/blogdofarnesio.com.br\\\/#\\\/schema\\\/logo\\\/image\\\/\"},\"sameAs\":[\"https:\\\/\\\/www.facebook.com\\\/BlogQuerSaberPolitica\\\/\"]},{\"@type\":\"Person\",\"@id\":\"\",\"url\":\"https:\\\/\\\/blogdofarnesio.com.br\\\/?author=7\"}]}<\/script>\n<!-- \/ Yoast SEO plugin. -->","yoast_head_json":{"title":"PT RETOMA AS CR\u00cdTICAS \u00c0 GEST\u00c3O NA ECONOMIA - Blog do Farn\u00e9sio","robots":{"index":"index","follow":"follow","max-snippet":"max-snippet:-1","max-image-preview":"max-image-preview:large","max-video-preview":"max-video-preview:-1"},"canonical":"https:\/\/blogdofarnesio.com.br\/?p=136447","og_locale":"pt_BR","og_type":"article","og_title":"PT RETOMA AS CR\u00cdTICAS \u00c0 GEST\u00c3O NA ECONOMIA - Blog do Farn\u00e9sio","og_description":"Integrantes da Executiva Nacional do PT v\u00e3o retomar nesta ter\u00e7a-feira, 26, as cobran\u00e7a ao governo Dilma Rousseff por medidas para o reaquecimento da economia do Pa\u00eds. Na v\u00e9spera do encontro, representantes da maior corrente do partido, Construindo um Novo Brasil (CNB), afinaram o tom que dever\u00e3o apresentar na reuni\u00e3o da c\u00fapula hoje. \u201cO partido deve refor\u00e7ar as cr\u00edticas de que o governo precisa retomar o processo de crescimento com algumas medidas como acelerar o processo de concess\u00f5es e principalmente no que tange o programa Minha Casa Minha Vida, que pode gerar emprego e atende aos movimentos sociais que demandam por moradias populares\u201d, afirmou o deputado Carlos Zarattini (PT-SP), que participou do encontro da CNB. \u201cO governo Dilma deve ter um&hellip;","og_url":"https:\/\/blogdofarnesio.com.br\/?p=136447","og_site_name":"Blog do Farn\u00e9sio","article_publisher":"https:\/\/www.facebook.com\/BlogQuerSaberPolitica\/","article_published_time":"2016-01-26T22:00:41+00:00","og_image":[{"url":"http:\/\/www.quersaberpolitica.com.br\/2016\/wp-content\/uploads\/2016\/01\/blogqsp-lula-cupula-pt-300x300.jpg","type":"","width":"","height":""}],"twitter_card":"summary_large_image","twitter_misc":{"Escrito por":"","Est. tempo de leitura":"1 minuto"},"schema":{"@context":"https:\/\/schema.org","@graph":[{"@type":"Article","@id":"https:\/\/blogdofarnesio.com.br\/?p=136447#article","isPartOf":{"@id":"https:\/\/blogdofarnesio.com.br\/?p=136447"},"author":{"name":"","@id":""},"headline":"PT RETOMA AS CR\u00cdTICAS \u00c0 GEST\u00c3O NA ECONOMIA","datePublished":"2016-01-26T22:00:41+00:00","mainEntityOfPage":{"@id":"https:\/\/blogdofarnesio.com.br\/?p=136447"},"wordCount":280,"commentCount":0,"publisher":{"@id":"https:\/\/blogdofarnesio.com.br\/#organization"},"image":{"@id":"https:\/\/blogdofarnesio.com.br\/?p=136447#primaryimage"},"thumbnailUrl":"http:\/\/www.quersaberpolitica.com.br\/2016\/wp-content\/uploads\/2016\/01\/blogqsp-lula-cupula-pt-300x300.jpg","articleSection":["Pol\u00edtica"],"inLanguage":"pt-BR","potentialAction":[{"@type":"CommentAction","name":"Comment","target":["https:\/\/blogdofarnesio.com.br\/?p=136447#respond"]}]},{"@type":"WebPage","@id":"https:\/\/blogdofarnesio.com.br\/?p=136447","url":"https:\/\/blogdofarnesio.com.br\/?p=136447","name":"PT RETOMA AS CR\u00cdTICAS \u00c0 GEST\u00c3O NA ECONOMIA - Blog do Farn\u00e9sio","isPartOf":{"@id":"https:\/\/blogdofarnesio.com.br\/#website"},"primaryImageOfPage":{"@id":"https:\/\/blogdofarnesio.com.br\/?p=136447#primaryimage"},"image":{"@id":"https:\/\/blogdofarnesio.com.br\/?p=136447#primaryimage"},"thumbnailUrl":"http:\/\/www.quersaberpolitica.com.br\/2016\/wp-content\/uploads\/2016\/01\/blogqsp-lula-cupula-pt-300x300.jpg","datePublished":"2016-01-26T22:00:41+00:00","breadcrumb":{"@id":"https:\/\/blogdofarnesio.com.br\/?p=136447#breadcrumb"},"inLanguage":"pt-BR","potentialAction":[{"@type":"ReadAction","target":["https:\/\/blogdofarnesio.com.br\/?p=136447"]}]},{"@type":"ImageObject","inLanguage":"pt-BR","@id":"https:\/\/blogdofarnesio.com.br\/?p=136447#primaryimage","url":"http:\/\/www.quersaberpolitica.com.br\/2016\/wp-content\/uploads\/2016\/01\/blogqsp-lula-cupula-pt-300x300.jpg","contentUrl":"http:\/\/www.quersaberpolitica.com.br\/2016\/wp-content\/uploads\/2016\/01\/blogqsp-lula-cupula-pt-300x300.jpg"},{"@type":"BreadcrumbList","@id":"https:\/\/blogdofarnesio.com.br\/?p=136447#breadcrumb","itemListElement":[{"@type":"ListItem","position":1,"name":"In\u00edcio","item":"https:\/\/blogdofarnesio.com.br\/"},{"@type":"ListItem","position":2,"name":"PT RETOMA AS CR\u00cdTICAS \u00c0 GEST\u00c3O NA ECONOMIA"}]},{"@type":"WebSite","@id":"https:\/\/blogdofarnesio.com.br\/#website","url":"https:\/\/blogdofarnesio.com.br\/","name":"Blog do Farn\u00e9sio","description":"Quer Saber Pol\u00edtica?","publisher":{"@id":"https:\/\/blogdofarnesio.com.br\/#organization"},"potentialAction":[{"@type":"SearchAction","target":{"@type":"EntryPoint","urlTemplate":"https:\/\/blogdofarnesio.com.br\/?s={search_term_string}"},"query-input":{"@type":"PropertyValueSpecification","valueRequired":true,"valueName":"search_term_string"}}],"inLanguage":"pt-BR"},{"@type":"Organization","@id":"https:\/\/blogdofarnesio.com.br\/#organization","name":"Blog do Farn\u00e9sio","url":"https:\/\/blogdofarnesio.com.br\/","logo":{"@type":"ImageObject","inLanguage":"pt-BR","@id":"https:\/\/blogdofarnesio.com.br\/#\/schema\/logo\/image\/","url":"https:\/\/blogdofarnesio.com.br\/wp-content\/uploads\/2026\/03\/cropped-logo_new-1.png","contentUrl":"https:\/\/blogdofarnesio.com.br\/wp-content\/uploads\/2026\/03\/cropped-logo_new-1.png","width":881,"height":685,"caption":"Blog do Farn\u00e9sio"},"image":{"@id":"https:\/\/blogdofarnesio.com.br\/#\/schema\/logo\/image\/"},"sameAs":["https:\/\/www.facebook.com\/BlogQuerSaberPolitica\/"]},{"@type":"Person","@id":"","url":"https:\/\/blogdofarnesio.com.br\/?author=7"}]}},"_links":{"self":[{"href":"https:\/\/blogdofarnesio.com.br\/index.php?rest_route=\/wp\/v2\/posts\/136447","targetHints":{"allow":["GET"]}}],"collection":[{"href":"https:\/\/blogdofarnesio.com.br\/index.php?rest_route=\/wp\/v2\/posts"}],"about":[{"href":"https:\/\/blogdofarnesio.com.br\/index.php?rest_route=\/wp\/v2\/types\/post"}],"author":[{"embeddable":true,"href":"https:\/\/blogdofarnesio.com.br\/index.php?rest_route=\/wp\/v2\/users\/7"}],"replies":[{"embeddable":true,"href":"https:\/\/blogdofarnesio.com.br\/index.php?rest_route=%2Fwp%2Fv2%2Fcomments&post=136447"}],"version-history":[{"count":0,"href":"https:\/\/blogdofarnesio.com.br\/index.php?rest_route=\/wp\/v2\/posts\/136447\/revisions"}],"wp:attachment":[{"href":"https:\/\/blogdofarnesio.com.br\/index.php?rest_route=%2Fwp%2Fv2%2Fmedia&parent=136447"}],"wp:term":[{"taxonomy":"category","embeddable":true,"href":"https:\/\/blogdofarnesio.com.br\/index.php?rest_route=%2Fwp%2Fv2%2Fcategories&post=136447"},{"taxonomy":"post_tag","embeddable":true,"href":"https:\/\/blogdofarnesio.com.br\/index.php?rest_route=%2Fwp%2Fv2%2Ftags&post=136447"}],"curies":[{"name":"wp","href":"https:\/\/api.w.org\/{rel}","templated":true}]}}