{"id":136441,"date":"2016-01-26T13:00:12","date_gmt":"2016-01-26T16:00:12","guid":{"rendered":"http:\/\/www.quersaberpolitica.com.br\/?p=136441"},"modified":"2016-01-26T10:51:02","modified_gmt":"2016-01-26T13:51:02","slug":"flavio-luiz-questiona-localizacao-de-alguns-parquimetros-do-zona-azul-em-juazeiro","status":"publish","type":"post","link":"https:\/\/blogdofarnesio.com.br\/?p=136441","title":{"rendered":"FL\u00c1VIO LUIZ QUESTIONA LOCALIZA\u00c7\u00c3O DE ALGUNS PARQU\u00cdMETROS DO ZONA AZUL EM JUAZEIRO"},"content":{"rendered":"<p style=\"text-align: justify\"><a href=\"http:\/\/www.quersaberpolitica.com.br\/2016\/wp-content\/uploads\/2016\/01\/blogqsp-parquimetro-juazeiro.jpg\"><img loading=\"lazy\" decoding=\"async\" class=\" wp-image-136442 aligncenter\" src=\"http:\/\/www.quersaberpolitica.com.br\/2016\/wp-content\/uploads\/2016\/01\/blogqsp-parquimetro-juazeiro-300x241.jpg\" alt=\"blogqsp-parquimetro-juazeiro\" width=\"400\" height=\"322\" srcset=\"https:\/\/blogdofarnesio.com.br\/wp-content\/uploads\/2016\/01\/blogqsp-parquimetro-juazeiro-300x241.jpg 300w, https:\/\/blogdofarnesio.com.br\/wp-content\/uploads\/2016\/01\/blogqsp-parquimetro-juazeiro-373x300.jpg 373w, https:\/\/blogdofarnesio.com.br\/wp-content\/uploads\/2016\/01\/blogqsp-parquimetro-juazeiro.jpg 418w\" sizes=\"auto, (max-width: 400px) 100vw, 400px\" \/><\/a><\/p>\n<p style=\"text-align: justify\">O engenheiro e pr\u00e9-candidato a prefeito de Juazeiro, Fl\u00e1vio Luiz (PP), em contato com a reda\u00e7\u00e3o do <em>BlogQSP<\/em> , disse que considera\u00a0extremamente inadequados a instala\u00e7\u00e3o de alguns parqu\u00edmetros no centro de Juazeiro. \u201cS\u00f3 mesmo em Juazeiro. Pe\u00e7o aos engenheiros da prefeitura que orientem os colegas para evitar frustra\u00e7\u00f5es futuras aos condutores de ve\u00edculos e transeuntes\u201d.<\/p>\n<p style=\"text-align: justify\">Ainda assim, ele informa que o \u201czona azul ter\u00e1 que pagar carros furtados\u201d. Agora as prefeituras pensar\u00e3o duas vezes antes de licitar zonas azuis. \u201cEspero ter feito a minha parte na divulga\u00e7\u00e3o\u201d disse Fl\u00e1vio Luiz.<\/p>\n<p style=\"text-align: justify\">Confira:<\/p>\n<p style=\"text-align: justify\">Quem paga Zona Azul tem direito \u00e0 seguran\u00e7a do carro.<\/p>\n<p style=\"text-align: justify\">&#8216;Optando o Poder P\u00fablico pela cobran\u00e7a de remunera\u00e7\u00e3o de estacionamentos em vias p\u00fablicas de uso comum do povo, tem o dever de vigi\u00e1-los, com responsabilidade pelos danos ali ocorridos&#8217;. Assim, a empresa que administra a Zona Azul de S\u00e3o Carlos foi condenada a pagar indeniza\u00e7\u00e3o no valor de R$ 18,5 mil ao motorista Irineu Camargo de Souza de Itirapina\/SP, que teve o carro furtado quando ocupava uma das vagas do sistema de Zona Azul da cidade de S\u00e3o Carlos, servi\u00e7o explorado pela empresa. A decis\u00e3o \u00e9 da 1\u00aa C\u00e2mara de Direito Civil do Tribunal de Justi\u00e7a de S\u00e3o Paulo confirmando senten\u00e7a da comarca de Itirapina. Agora j\u00e1 existe jurisprud\u00eancia firmada! Para se exercer a plena cidadania, \u00e9 imprescind\u00edvel a informa\u00e7\u00e3o. Fique ciente! INDEPENDENTEMENTE DO SEGURO PARTICULAR, AGORA PODEREMOS EXECUTAR AS PREFEITURAS! Esta informa\u00e7\u00e3o \u00e9 muito v\u00e1lida para n\u00f3s contribuintes. Parab\u00e9ns a S\u00e3o Carlos que inovou esta medida, tornando-a JURISPRUD\u00caNCIA&#8230;Isso vai dar muita dor de cabe\u00e7a para as Prefeituras!<\/p>\n<p style=\"text-align: justify\">\u201cA empresa de Juazeiro tem seguro?\u201d concluiu.<\/p>\n","protected":false},"excerpt":{"rendered":"<p>O engenheiro e pr\u00e9-candidato a prefeito de Juazeiro, Fl\u00e1vio Luiz (PP), em contato com a reda\u00e7\u00e3o do BlogQSP , disse que considera\u00a0extremamente inadequados a instala\u00e7\u00e3o de alguns parqu\u00edmetros no centro de Juazeiro. \u201cS\u00f3 mesmo em Juazeiro. Pe\u00e7o aos engenheiros da prefeitura que orientem os colegas para evitar frustra\u00e7\u00f5es futuras aos condutores de ve\u00edculos e transeuntes\u201d. Ainda assim, ele informa que o \u201czona azul ter\u00e1 que pagar carros furtados\u201d. Agora as prefeituras pensar\u00e3o duas vezes antes de licitar zonas azuis. \u201cEspero ter feito a minha parte na divulga\u00e7\u00e3o\u201d disse Fl\u00e1vio Luiz. Confira: Quem paga Zona Azul tem direito \u00e0 seguran\u00e7a do carro. &#8216;Optando o Poder P\u00fablico pela cobran\u00e7a de remunera\u00e7\u00e3o de estacionamentos em vias p\u00fablicas de uso comum do povo, tem&hellip; <\/p>\n","protected":false},"author":7,"featured_media":0,"comment_status":"open","ping_status":"open","sticky":false,"template":"","format":"standard","meta":{"_acf_changed":false,"footnotes":""},"categories":[44,21],"tags":[],"class_list":["post-136441","post","type-post","status-publish","format-standard","hentry","category-administracao","category-transito"],"acf":[],"yoast_head":"<!-- This site is optimized with the Yoast SEO plugin v27.4 - https:\/\/yoast.com\/product\/yoast-seo-wordpress\/ -->\n<title>FL\u00c1VIO LUIZ QUESTIONA LOCALIZA\u00c7\u00c3O DE ALGUNS PARQU\u00cdMETROS DO ZONA AZUL EM JUAZEIRO - Blog do Farn\u00e9sio<\/title>\n<meta name=\"robots\" content=\"index, follow, max-snippet:-1, max-image-preview:large, max-video-preview:-1\" \/>\n<link rel=\"canonical\" href=\"https:\/\/blogdofarnesio.com.br\/?p=136441\" \/>\n<meta property=\"og:locale\" content=\"pt_BR\" \/>\n<meta property=\"og:type\" content=\"article\" \/>\n<meta property=\"og:title\" content=\"FL\u00c1VIO LUIZ QUESTIONA LOCALIZA\u00c7\u00c3O DE ALGUNS PARQU\u00cdMETROS DO ZONA AZUL EM JUAZEIRO - Blog do Farn\u00e9sio\" \/>\n<meta property=\"og:description\" content=\"O engenheiro e pr\u00e9-candidato a prefeito de Juazeiro, Fl\u00e1vio Luiz (PP), em contato com a reda\u00e7\u00e3o do BlogQSP , disse que considera\u00a0extremamente inadequados a instala\u00e7\u00e3o de alguns parqu\u00edmetros no centro de Juazeiro. \u201cS\u00f3 mesmo em Juazeiro. Pe\u00e7o aos engenheiros da prefeitura que orientem os colegas para evitar frustra\u00e7\u00f5es futuras aos condutores de ve\u00edculos e transeuntes\u201d. Ainda assim, ele informa que o \u201czona azul ter\u00e1 que pagar carros furtados\u201d. Agora as prefeituras pensar\u00e3o duas vezes antes de licitar zonas azuis. \u201cEspero ter feito a minha parte na divulga\u00e7\u00e3o\u201d disse Fl\u00e1vio Luiz. Confira: Quem paga Zona Azul tem direito \u00e0 seguran\u00e7a do carro. &#8216;Optando o Poder P\u00fablico pela cobran\u00e7a de remunera\u00e7\u00e3o de estacionamentos em vias p\u00fablicas de uso comum do povo, tem&hellip;\" \/>\n<meta property=\"og:url\" content=\"https:\/\/blogdofarnesio.com.br\/?p=136441\" \/>\n<meta property=\"og:site_name\" content=\"Blog do Farn\u00e9sio\" \/>\n<meta property=\"article:publisher\" content=\"https:\/\/www.facebook.com\/BlogQuerSaberPolitica\/\" \/>\n<meta property=\"article:published_time\" content=\"2016-01-26T16:00:12+00:00\" \/>\n<meta property=\"og:image\" content=\"http:\/\/www.quersaberpolitica.com.br\/2016\/wp-content\/uploads\/2016\/01\/blogqsp-parquimetro-juazeiro-300x241.jpg\" \/>\n<meta name=\"twitter:card\" content=\"summary_large_image\" \/>\n<meta name=\"twitter:label1\" content=\"Escrito por\" \/>\n\t<meta name=\"twitter:data1\" content=\"\" \/>\n\t<meta name=\"twitter:label2\" content=\"Est. tempo de leitura\" \/>\n\t<meta name=\"twitter:data2\" content=\"1 minuto\" \/>\n<script type=\"application\/ld+json\" class=\"yoast-schema-graph\">{\"@context\":\"https:\\\/\\\/schema.org\",\"@graph\":[{\"@type\":\"Article\",\"@id\":\"https:\\\/\\\/blogdofarnesio.com.br\\\/?p=136441#article\",\"isPartOf\":{\"@id\":\"https:\\\/\\\/blogdofarnesio.com.br\\\/?p=136441\"},\"author\":{\"name\":\"\",\"@id\":\"\"},\"headline\":\"FL\u00c1VIO LUIZ QUESTIONA LOCALIZA\u00c7\u00c3O DE ALGUNS PARQU\u00cdMETROS DO ZONA AZUL EM JUAZEIRO\",\"datePublished\":\"2016-01-26T16:00:12+00:00\",\"mainEntityOfPage\":{\"@id\":\"https:\\\/\\\/blogdofarnesio.com.br\\\/?p=136441\"},\"wordCount\":313,\"commentCount\":1,\"publisher\":{\"@id\":\"https:\\\/\\\/blogdofarnesio.com.br\\\/#organization\"},\"image\":{\"@id\":\"https:\\\/\\\/blogdofarnesio.com.br\\\/?p=136441#primaryimage\"},\"thumbnailUrl\":\"http:\\\/\\\/www.quersaberpolitica.com.br\\\/2016\\\/wp-content\\\/uploads\\\/2016\\\/01\\\/blogqsp-parquimetro-juazeiro-300x241.jpg\",\"articleSection\":[\"Administra\u00e7\u00e3o\",\"Tr\u00e2nsito\"],\"inLanguage\":\"pt-BR\",\"potentialAction\":[{\"@type\":\"CommentAction\",\"name\":\"Comment\",\"target\":[\"https:\\\/\\\/blogdofarnesio.com.br\\\/?p=136441#respond\"]}]},{\"@type\":\"WebPage\",\"@id\":\"https:\\\/\\\/blogdofarnesio.com.br\\\/?p=136441\",\"url\":\"https:\\\/\\\/blogdofarnesio.com.br\\\/?p=136441\",\"name\":\"FL\u00c1VIO LUIZ QUESTIONA LOCALIZA\u00c7\u00c3O DE ALGUNS PARQU\u00cdMETROS DO ZONA AZUL EM JUAZEIRO - Blog do Farn\u00e9sio\",\"isPartOf\":{\"@id\":\"https:\\\/\\\/blogdofarnesio.com.br\\\/#website\"},\"primaryImageOfPage\":{\"@id\":\"https:\\\/\\\/blogdofarnesio.com.br\\\/?p=136441#primaryimage\"},\"image\":{\"@id\":\"https:\\\/\\\/blogdofarnesio.com.br\\\/?p=136441#primaryimage\"},\"thumbnailUrl\":\"http:\\\/\\\/www.quersaberpolitica.com.br\\\/2016\\\/wp-content\\\/uploads\\\/2016\\\/01\\\/blogqsp-parquimetro-juazeiro-300x241.jpg\",\"datePublished\":\"2016-01-26T16:00:12+00:00\",\"breadcrumb\":{\"@id\":\"https:\\\/\\\/blogdofarnesio.com.br\\\/?p=136441#breadcrumb\"},\"inLanguage\":\"pt-BR\",\"potentialAction\":[{\"@type\":\"ReadAction\",\"target\":[\"https:\\\/\\\/blogdofarnesio.com.br\\\/?p=136441\"]}]},{\"@type\":\"ImageObject\",\"inLanguage\":\"pt-BR\",\"@id\":\"https:\\\/\\\/blogdofarnesio.com.br\\\/?p=136441#primaryimage\",\"url\":\"http:\\\/\\\/www.quersaberpolitica.com.br\\\/2016\\\/wp-content\\\/uploads\\\/2016\\\/01\\\/blogqsp-parquimetro-juazeiro-300x241.jpg\",\"contentUrl\":\"http:\\\/\\\/www.quersaberpolitica.com.br\\\/2016\\\/wp-content\\\/uploads\\\/2016\\\/01\\\/blogqsp-parquimetro-juazeiro-300x241.jpg\"},{\"@type\":\"BreadcrumbList\",\"@id\":\"https:\\\/\\\/blogdofarnesio.com.br\\\/?p=136441#breadcrumb\",\"itemListElement\":[{\"@type\":\"ListItem\",\"position\":1,\"name\":\"In\u00edcio\",\"item\":\"https:\\\/\\\/blogdofarnesio.com.br\\\/\"},{\"@type\":\"ListItem\",\"position\":2,\"name\":\"FL\u00c1VIO LUIZ QUESTIONA LOCALIZA\u00c7\u00c3O DE ALGUNS PARQU\u00cdMETROS DO ZONA AZUL EM JUAZEIRO\"}]},{\"@type\":\"WebSite\",\"@id\":\"https:\\\/\\\/blogdofarnesio.com.br\\\/#website\",\"url\":\"https:\\\/\\\/blogdofarnesio.com.br\\\/\",\"name\":\"Blog do Farn\u00e9sio\",\"description\":\"Quer Saber Pol\u00edtica?\",\"publisher\":{\"@id\":\"https:\\\/\\\/blogdofarnesio.com.br\\\/#organization\"},\"potentialAction\":[{\"@type\":\"SearchAction\",\"target\":{\"@type\":\"EntryPoint\",\"urlTemplate\":\"https:\\\/\\\/blogdofarnesio.com.br\\\/?s={search_term_string}\"},\"query-input\":{\"@type\":\"PropertyValueSpecification\",\"valueRequired\":true,\"valueName\":\"search_term_string\"}}],\"inLanguage\":\"pt-BR\"},{\"@type\":\"Organization\",\"@id\":\"https:\\\/\\\/blogdofarnesio.com.br\\\/#organization\",\"name\":\"Blog do Farn\u00e9sio\",\"url\":\"https:\\\/\\\/blogdofarnesio.com.br\\\/\",\"logo\":{\"@type\":\"ImageObject\",\"inLanguage\":\"pt-BR\",\"@id\":\"https:\\\/\\\/blogdofarnesio.com.br\\\/#\\\/schema\\\/logo\\\/image\\\/\",\"url\":\"https:\\\/\\\/blogdofarnesio.com.br\\\/wp-content\\\/uploads\\\/2026\\\/03\\\/cropped-logo_new-1.png\",\"contentUrl\":\"https:\\\/\\\/blogdofarnesio.com.br\\\/wp-content\\\/uploads\\\/2026\\\/03\\\/cropped-logo_new-1.png\",\"width\":881,\"height\":685,\"caption\":\"Blog do Farn\u00e9sio\"},\"image\":{\"@id\":\"https:\\\/\\\/blogdofarnesio.com.br\\\/#\\\/schema\\\/logo\\\/image\\\/\"},\"sameAs\":[\"https:\\\/\\\/www.facebook.com\\\/BlogQuerSaberPolitica\\\/\"]},{\"@type\":\"Person\",\"@id\":\"\",\"url\":\"https:\\\/\\\/blogdofarnesio.com.br\\\/?author=7\"}]}<\/script>\n<!-- \/ Yoast SEO plugin. -->","yoast_head_json":{"title":"FL\u00c1VIO LUIZ QUESTIONA LOCALIZA\u00c7\u00c3O DE ALGUNS PARQU\u00cdMETROS DO ZONA AZUL EM JUAZEIRO - Blog do Farn\u00e9sio","robots":{"index":"index","follow":"follow","max-snippet":"max-snippet:-1","max-image-preview":"max-image-preview:large","max-video-preview":"max-video-preview:-1"},"canonical":"https:\/\/blogdofarnesio.com.br\/?p=136441","og_locale":"pt_BR","og_type":"article","og_title":"FL\u00c1VIO LUIZ QUESTIONA LOCALIZA\u00c7\u00c3O DE ALGUNS PARQU\u00cdMETROS DO ZONA AZUL EM JUAZEIRO - Blog do Farn\u00e9sio","og_description":"O engenheiro e pr\u00e9-candidato a prefeito de Juazeiro, Fl\u00e1vio Luiz (PP), em contato com a reda\u00e7\u00e3o do BlogQSP , disse que considera\u00a0extremamente inadequados a instala\u00e7\u00e3o de alguns parqu\u00edmetros no centro de Juazeiro. \u201cS\u00f3 mesmo em Juazeiro. Pe\u00e7o aos engenheiros da prefeitura que orientem os colegas para evitar frustra\u00e7\u00f5es futuras aos condutores de ve\u00edculos e transeuntes\u201d. Ainda assim, ele informa que o \u201czona azul ter\u00e1 que pagar carros furtados\u201d. Agora as prefeituras pensar\u00e3o duas vezes antes de licitar zonas azuis. \u201cEspero ter feito a minha parte na divulga\u00e7\u00e3o\u201d disse Fl\u00e1vio Luiz. Confira: Quem paga Zona Azul tem direito \u00e0 seguran\u00e7a do carro. &#8216;Optando o Poder P\u00fablico pela cobran\u00e7a de remunera\u00e7\u00e3o de estacionamentos em vias p\u00fablicas de uso comum do povo, tem&hellip;","og_url":"https:\/\/blogdofarnesio.com.br\/?p=136441","og_site_name":"Blog do Farn\u00e9sio","article_publisher":"https:\/\/www.facebook.com\/BlogQuerSaberPolitica\/","article_published_time":"2016-01-26T16:00:12+00:00","og_image":[{"url":"http:\/\/www.quersaberpolitica.com.br\/2016\/wp-content\/uploads\/2016\/01\/blogqsp-parquimetro-juazeiro-300x241.jpg","type":"","width":"","height":""}],"twitter_card":"summary_large_image","twitter_misc":{"Escrito por":"","Est. tempo de leitura":"1 minuto"},"schema":{"@context":"https:\/\/schema.org","@graph":[{"@type":"Article","@id":"https:\/\/blogdofarnesio.com.br\/?p=136441#article","isPartOf":{"@id":"https:\/\/blogdofarnesio.com.br\/?p=136441"},"author":{"name":"","@id":""},"headline":"FL\u00c1VIO LUIZ QUESTIONA LOCALIZA\u00c7\u00c3O DE ALGUNS PARQU\u00cdMETROS DO ZONA AZUL EM JUAZEIRO","datePublished":"2016-01-26T16:00:12+00:00","mainEntityOfPage":{"@id":"https:\/\/blogdofarnesio.com.br\/?p=136441"},"wordCount":313,"commentCount":1,"publisher":{"@id":"https:\/\/blogdofarnesio.com.br\/#organization"},"image":{"@id":"https:\/\/blogdofarnesio.com.br\/?p=136441#primaryimage"},"thumbnailUrl":"http:\/\/www.quersaberpolitica.com.br\/2016\/wp-content\/uploads\/2016\/01\/blogqsp-parquimetro-juazeiro-300x241.jpg","articleSection":["Administra\u00e7\u00e3o","Tr\u00e2nsito"],"inLanguage":"pt-BR","potentialAction":[{"@type":"CommentAction","name":"Comment","target":["https:\/\/blogdofarnesio.com.br\/?p=136441#respond"]}]},{"@type":"WebPage","@id":"https:\/\/blogdofarnesio.com.br\/?p=136441","url":"https:\/\/blogdofarnesio.com.br\/?p=136441","name":"FL\u00c1VIO LUIZ QUESTIONA LOCALIZA\u00c7\u00c3O DE ALGUNS PARQU\u00cdMETROS DO ZONA AZUL EM JUAZEIRO - Blog do Farn\u00e9sio","isPartOf":{"@id":"https:\/\/blogdofarnesio.com.br\/#website"},"primaryImageOfPage":{"@id":"https:\/\/blogdofarnesio.com.br\/?p=136441#primaryimage"},"image":{"@id":"https:\/\/blogdofarnesio.com.br\/?p=136441#primaryimage"},"thumbnailUrl":"http:\/\/www.quersaberpolitica.com.br\/2016\/wp-content\/uploads\/2016\/01\/blogqsp-parquimetro-juazeiro-300x241.jpg","datePublished":"2016-01-26T16:00:12+00:00","breadcrumb":{"@id":"https:\/\/blogdofarnesio.com.br\/?p=136441#breadcrumb"},"inLanguage":"pt-BR","potentialAction":[{"@type":"ReadAction","target":["https:\/\/blogdofarnesio.com.br\/?p=136441"]}]},{"@type":"ImageObject","inLanguage":"pt-BR","@id":"https:\/\/blogdofarnesio.com.br\/?p=136441#primaryimage","url":"http:\/\/www.quersaberpolitica.com.br\/2016\/wp-content\/uploads\/2016\/01\/blogqsp-parquimetro-juazeiro-300x241.jpg","contentUrl":"http:\/\/www.quersaberpolitica.com.br\/2016\/wp-content\/uploads\/2016\/01\/blogqsp-parquimetro-juazeiro-300x241.jpg"},{"@type":"BreadcrumbList","@id":"https:\/\/blogdofarnesio.com.br\/?p=136441#breadcrumb","itemListElement":[{"@type":"ListItem","position":1,"name":"In\u00edcio","item":"https:\/\/blogdofarnesio.com.br\/"},{"@type":"ListItem","position":2,"name":"FL\u00c1VIO LUIZ QUESTIONA LOCALIZA\u00c7\u00c3O DE ALGUNS PARQU\u00cdMETROS DO ZONA AZUL EM JUAZEIRO"}]},{"@type":"WebSite","@id":"https:\/\/blogdofarnesio.com.br\/#website","url":"https:\/\/blogdofarnesio.com.br\/","name":"Blog do Farn\u00e9sio","description":"Quer Saber Pol\u00edtica?","publisher":{"@id":"https:\/\/blogdofarnesio.com.br\/#organization"},"potentialAction":[{"@type":"SearchAction","target":{"@type":"EntryPoint","urlTemplate":"https:\/\/blogdofarnesio.com.br\/?s={search_term_string}"},"query-input":{"@type":"PropertyValueSpecification","valueRequired":true,"valueName":"search_term_string"}}],"inLanguage":"pt-BR"},{"@type":"Organization","@id":"https:\/\/blogdofarnesio.com.br\/#organization","name":"Blog do Farn\u00e9sio","url":"https:\/\/blogdofarnesio.com.br\/","logo":{"@type":"ImageObject","inLanguage":"pt-BR","@id":"https:\/\/blogdofarnesio.com.br\/#\/schema\/logo\/image\/","url":"https:\/\/blogdofarnesio.com.br\/wp-content\/uploads\/2026\/03\/cropped-logo_new-1.png","contentUrl":"https:\/\/blogdofarnesio.com.br\/wp-content\/uploads\/2026\/03\/cropped-logo_new-1.png","width":881,"height":685,"caption":"Blog do Farn\u00e9sio"},"image":{"@id":"https:\/\/blogdofarnesio.com.br\/#\/schema\/logo\/image\/"},"sameAs":["https:\/\/www.facebook.com\/BlogQuerSaberPolitica\/"]},{"@type":"Person","@id":"","url":"https:\/\/blogdofarnesio.com.br\/?author=7"}]}},"_links":{"self":[{"href":"https:\/\/blogdofarnesio.com.br\/index.php?rest_route=\/wp\/v2\/posts\/136441","targetHints":{"allow":["GET"]}}],"collection":[{"href":"https:\/\/blogdofarnesio.com.br\/index.php?rest_route=\/wp\/v2\/posts"}],"about":[{"href":"https:\/\/blogdofarnesio.com.br\/index.php?rest_route=\/wp\/v2\/types\/post"}],"author":[{"embeddable":true,"href":"https:\/\/blogdofarnesio.com.br\/index.php?rest_route=\/wp\/v2\/users\/7"}],"replies":[{"embeddable":true,"href":"https:\/\/blogdofarnesio.com.br\/index.php?rest_route=%2Fwp%2Fv2%2Fcomments&post=136441"}],"version-history":[{"count":0,"href":"https:\/\/blogdofarnesio.com.br\/index.php?rest_route=\/wp\/v2\/posts\/136441\/revisions"}],"wp:attachment":[{"href":"https:\/\/blogdofarnesio.com.br\/index.php?rest_route=%2Fwp%2Fv2%2Fmedia&parent=136441"}],"wp:term":[{"taxonomy":"category","embeddable":true,"href":"https:\/\/blogdofarnesio.com.br\/index.php?rest_route=%2Fwp%2Fv2%2Fcategories&post=136441"},{"taxonomy":"post_tag","embeddable":true,"href":"https:\/\/blogdofarnesio.com.br\/index.php?rest_route=%2Fwp%2Fv2%2Ftags&post=136441"}],"curies":[{"name":"wp","href":"https:\/\/api.w.org\/{rel}","templated":true}]}}