{"id":136440,"date":"2016-01-26T11:56:39","date_gmt":"2016-01-26T14:56:39","guid":{"rendered":"http:\/\/www.quersaberpolitica.com.br\/?p=136440"},"modified":"2016-01-26T12:02:09","modified_gmt":"2016-01-26T15:02:09","slug":"joseph-bandeira-vai-ao-programa-farnesio-silva-e-ratifica-ser-pre-candidato-pelopdt","status":"publish","type":"post","link":"https:\/\/blogdofarnesio.com.br\/?p=136440","title":{"rendered":"JOSEPH BANDEIRA VAI AO PROGRAMA FARN\u00c9SIO SILVA E RATIFICA SER PR\u00c9-CANDIDATO PELO PDT"},"content":{"rendered":"<p style=\"text-align: center\">&#8230;&#8221;MEUS ADVERS\u00c1RIOS SE PREPARAM&#8230;N\u00c3O HOUVE DESVIO NEM VOU SER PRESO&#8221;<\/p>\n<p style=\"text-align: justify\"><a href=\"http:\/\/www.quersaberpolitica.com.br\/2016\/wp-content\/uploads\/2016\/01\/blogqsppdtjosephbandeira.jpg\"><img loading=\"lazy\" decoding=\"async\" class=\"aligncenter  wp-image-136473\" src=\"http:\/\/www.quersaberpolitica.com.br\/2016\/wp-content\/uploads\/2016\/01\/blogqsppdtjosephbandeira.jpg\" alt=\"blogqsppdtjosephbandeira\" width=\"473\" height=\"318\" \/><\/a>O pr\u00e9-candidato a prefeito de Juazeiro,\u00a0Joseph Wallace Faria Bandeira\u00a0(PDT), iniciou sua ter\u00e7a-feira concedendo entrevista em primeira m\u00e3o, ao\u00a0<em>Programa Bastidores da Not\u00edcia.<\/em>\u00a0Falou sobre o processo da Justi\u00e7a Federal, que o condena \u00a0em duas a\u00e7\u00f5es penais propostas pelo Minist\u00e9rio P\u00fablico Federal (MPF) \u2013 onde em cada processo, ele foi condenado a tr\u00eas meses de deten\u00e7\u00e3o, perda de cargo p\u00fablico ou inabilita\u00e7\u00e3o por cinco anos para o exerc\u00edcio de cargo ou fun\u00e7\u00e3o p\u00fablica, no entanto garantiu sua pr\u00e9-candidatura e afirmou que os seus advers\u00e1rios podem se preparar que ele est\u00e1 mais vivo do que nunca.<\/p>\n<p style=\"text-align: justify\">\u201c\u00c9 s\u00f3 o ponteiro do rel\u00f3gio virar depois da meia noite do in\u00edcio do ano eleitoral que come\u00e7a\u00a0aparecer\u00a0assombra\u00e7\u00f5es. Ainda bem que eu ando com Deus\u00a0no cora\u00e7\u00e3o e quem anda com Deus n\u00e3o tem medo de assombra\u00e7\u00e3o. Todas as pessoas que fazem parte de grupos eventuais desde a \u00e9poca que fui prefeito sempre surgem com problemas contra mim. Tudo que fazem contra mim eu sempre me sair e porque n\u00e3o vou sair este ano. Vou recorrer, eu j\u00e1 fiz isso antes e agora n\u00e3o iria ser diferente\u201d, avisou.<\/p>\n<p style=\"text-align: justify\">\u201cMeus advers\u00e1rios se preparem, como eu disse em 2012 v\u00e3o ter que me enfrentar e me engolir, a guerra continua, caso eu fique doente,\u00a0aleijado\u00a0ou morra tem o nome do meu filho Joseph bandeira Leonardo. N\u00e3o houve desvio e nem vou ser\u00a0preso, isso \u00e9\u00a0maluquice. Quero dizer que meus inimigos n\u00e3o comemorem ainda, isso que est\u00e1 acontecendo l\u00e1 em cima\u00a0acaba chegando aqui em baixo e n\u00e3o contra mim\u201d, acrescentou.<\/p>\n<p style=\"text-align: justify\">Questionado se a decis\u00e3o da justi\u00e7a seria uma persegui\u00e7\u00e3o pol\u00edtica, ele foi direto. \u201cA justi\u00e7a n\u00e3o persegue ningu\u00e9m, ela procura cumpri o que a lei manda, esse julgamento \u00e9 brando e j\u00e1 existiram outros piores. Essa decis\u00e3o at\u00e9 o \u00faltimo domingo (24) ainda n\u00e3o tinha sido nem publicada, algu\u00e9m da justi\u00e7a mandou para a imprensa, mas n\u00e3o sei quem foi\u201d.<\/p>\n<p style=\"text-align: justify\">Confiante, ele afirmou que continua sendo pr\u00e9-candidato. \u201cSou querido pelo povo de Juazeiro, \u00e9 o povo que vem at\u00e9 mim, eles me admiram. Sou pr\u00e9-candidato sim e os inimigos que se preparem, o mal que deseja a qualquer pessoa vai voltar, isso est\u00e1 na\u00a0b\u00edblia, cuidado para n\u00e3o ficar comemorando o que depois vai ser motivo de lagrimas. Sou candidato sim e\u00a0gosto de batalhas. Se for da vontade do povo e de Deus talvez de bandeira de novo\u201d.<\/p>\n<p style=\"text-align: justify\">Por fim, ele falou que a oposi\u00e7\u00e3o caminhar\u00e1 junta nesta elei\u00e7\u00e3o. \u201cA oposi\u00e7\u00e3o deve continuar unida, estou falando de oposi\u00e7\u00e3o municipal, nacional e estadual. O Brasil n\u00e3o est\u00e1 bom, nem a Bahia e nem Juazeiro, n\u00e3o temos o crit\u00e9rio ainda e isso vai ser discutido depois do dia 02 de abril\u201d, concluiu.<\/p>\n<p style=\"text-align: justify\"><em>Da Reda\u00e7\u00e3o\/BlogQSP<\/em><\/p>\n","protected":false},"excerpt":{"rendered":"<p>&#8230;&#8221;MEUS ADVERS\u00c1RIOS SE PREPARAM&#8230;N\u00c3O HOUVE DESVIO NEM VOU SER PRESO&#8221; O pr\u00e9-candidato a prefeito de Juazeiro,\u00a0Joseph Wallace Faria Bandeira\u00a0(PDT), iniciou sua ter\u00e7a-feira concedendo entrevista em primeira m\u00e3o, ao\u00a0Programa Bastidores da Not\u00edcia.\u00a0Falou sobre o processo da Justi\u00e7a Federal, que o condena \u00a0em duas a\u00e7\u00f5es penais propostas pelo Minist\u00e9rio P\u00fablico Federal (MPF) \u2013 onde em cada processo, ele foi condenado a tr\u00eas meses de deten\u00e7\u00e3o, perda de cargo p\u00fablico ou inabilita\u00e7\u00e3o por cinco anos para o exerc\u00edcio de cargo ou fun\u00e7\u00e3o p\u00fablica, no entanto garantiu sua pr\u00e9-candidatura e afirmou que os seus advers\u00e1rios podem se preparar que ele est\u00e1 mais vivo do que nunca. \u201c\u00c9 s\u00f3 o ponteiro do rel\u00f3gio virar depois da meia noite do in\u00edcio do ano eleitoral que come\u00e7a\u00a0aparecer\u00a0assombra\u00e7\u00f5es.&hellip; <\/p>\n","protected":false},"author":7,"featured_media":0,"comment_status":"open","ping_status":"open","sticky":false,"template":"","format":"standard","meta":{"_acf_changed":false,"footnotes":""},"categories":[1],"tags":[],"class_list":["post-136440","post","type-post","status-publish","format-standard","hentry","category-politica"],"acf":[],"yoast_head":"<!-- This site is optimized with the Yoast SEO plugin v27.4 - https:\/\/yoast.com\/product\/yoast-seo-wordpress\/ -->\n<title>JOSEPH BANDEIRA VAI AO PROGRAMA FARN\u00c9SIO SILVA E RATIFICA SER PR\u00c9-CANDIDATO PELO PDT - Blog do Farn\u00e9sio<\/title>\n<meta name=\"robots\" content=\"index, follow, max-snippet:-1, max-image-preview:large, max-video-preview:-1\" \/>\n<link rel=\"canonical\" href=\"https:\/\/blogdofarnesio.com.br\/?p=136440\" \/>\n<meta property=\"og:locale\" content=\"pt_BR\" \/>\n<meta property=\"og:type\" content=\"article\" \/>\n<meta property=\"og:title\" content=\"JOSEPH BANDEIRA VAI AO PROGRAMA FARN\u00c9SIO SILVA E RATIFICA SER PR\u00c9-CANDIDATO PELO PDT - Blog do Farn\u00e9sio\" \/>\n<meta property=\"og:description\" content=\"&#8230;&#8221;MEUS ADVERS\u00c1RIOS SE PREPARAM&#8230;N\u00c3O HOUVE DESVIO NEM VOU SER PRESO&#8221; O pr\u00e9-candidato a prefeito de Juazeiro,\u00a0Joseph Wallace Faria Bandeira\u00a0(PDT), iniciou sua ter\u00e7a-feira concedendo entrevista em primeira m\u00e3o, ao\u00a0Programa Bastidores da Not\u00edcia.\u00a0Falou sobre o processo da Justi\u00e7a Federal, que o condena \u00a0em duas a\u00e7\u00f5es penais propostas pelo Minist\u00e9rio P\u00fablico Federal (MPF) \u2013 onde em cada processo, ele foi condenado a tr\u00eas meses de deten\u00e7\u00e3o, perda de cargo p\u00fablico ou inabilita\u00e7\u00e3o por cinco anos para o exerc\u00edcio de cargo ou fun\u00e7\u00e3o p\u00fablica, no entanto garantiu sua pr\u00e9-candidatura e afirmou que os seus advers\u00e1rios podem se preparar que ele est\u00e1 mais vivo do que nunca. \u201c\u00c9 s\u00f3 o ponteiro do rel\u00f3gio virar depois da meia noite do in\u00edcio do ano eleitoral que come\u00e7a\u00a0aparecer\u00a0assombra\u00e7\u00f5es.&hellip;\" \/>\n<meta property=\"og:url\" content=\"https:\/\/blogdofarnesio.com.br\/?p=136440\" \/>\n<meta property=\"og:site_name\" content=\"Blog do Farn\u00e9sio\" \/>\n<meta property=\"article:publisher\" content=\"https:\/\/www.facebook.com\/BlogQuerSaberPolitica\/\" \/>\n<meta property=\"article:published_time\" content=\"2016-01-26T14:56:39+00:00\" \/>\n<meta property=\"article:modified_time\" content=\"2016-01-26T15:02:09+00:00\" \/>\n<meta property=\"og:image\" content=\"http:\/\/www.quersaberpolitica.com.br\/2016\/wp-content\/uploads\/2016\/01\/blogqsppdtjosephbandeira.jpg\" \/>\n<meta name=\"twitter:card\" content=\"summary_large_image\" \/>\n<meta name=\"twitter:label1\" content=\"Escrito por\" \/>\n\t<meta name=\"twitter:data1\" content=\"\" \/>\n\t<meta name=\"twitter:label2\" content=\"Est. tempo de leitura\" \/>\n\t<meta name=\"twitter:data2\" content=\"3 minutos\" \/>\n<script type=\"application\/ld+json\" class=\"yoast-schema-graph\">{\"@context\":\"https:\\\/\\\/schema.org\",\"@graph\":[{\"@type\":\"Article\",\"@id\":\"https:\\\/\\\/blogdofarnesio.com.br\\\/?p=136440#article\",\"isPartOf\":{\"@id\":\"https:\\\/\\\/blogdofarnesio.com.br\\\/?p=136440\"},\"author\":{\"name\":\"\",\"@id\":\"\"},\"headline\":\"JOSEPH BANDEIRA VAI AO PROGRAMA FARN\u00c9SIO SILVA E RATIFICA SER PR\u00c9-CANDIDATO PELO PDT\",\"datePublished\":\"2016-01-26T14:56:39+00:00\",\"dateModified\":\"2016-01-26T15:02:09+00:00\",\"mainEntityOfPage\":{\"@id\":\"https:\\\/\\\/blogdofarnesio.com.br\\\/?p=136440\"},\"wordCount\":527,\"commentCount\":1,\"publisher\":{\"@id\":\"https:\\\/\\\/blogdofarnesio.com.br\\\/#organization\"},\"image\":{\"@id\":\"https:\\\/\\\/blogdofarnesio.com.br\\\/?p=136440#primaryimage\"},\"thumbnailUrl\":\"http:\\\/\\\/www.quersaberpolitica.com.br\\\/2016\\\/wp-content\\\/uploads\\\/2016\\\/01\\\/blogqsppdtjosephbandeira.jpg\",\"articleSection\":[\"Pol\u00edtica\"],\"inLanguage\":\"pt-BR\",\"potentialAction\":[{\"@type\":\"CommentAction\",\"name\":\"Comment\",\"target\":[\"https:\\\/\\\/blogdofarnesio.com.br\\\/?p=136440#respond\"]}]},{\"@type\":\"WebPage\",\"@id\":\"https:\\\/\\\/blogdofarnesio.com.br\\\/?p=136440\",\"url\":\"https:\\\/\\\/blogdofarnesio.com.br\\\/?p=136440\",\"name\":\"JOSEPH BANDEIRA VAI AO PROGRAMA FARN\u00c9SIO SILVA E RATIFICA SER PR\u00c9-CANDIDATO PELO PDT - Blog do Farn\u00e9sio\",\"isPartOf\":{\"@id\":\"https:\\\/\\\/blogdofarnesio.com.br\\\/#website\"},\"primaryImageOfPage\":{\"@id\":\"https:\\\/\\\/blogdofarnesio.com.br\\\/?p=136440#primaryimage\"},\"image\":{\"@id\":\"https:\\\/\\\/blogdofarnesio.com.br\\\/?p=136440#primaryimage\"},\"thumbnailUrl\":\"http:\\\/\\\/www.quersaberpolitica.com.br\\\/2016\\\/wp-content\\\/uploads\\\/2016\\\/01\\\/blogqsppdtjosephbandeira.jpg\",\"datePublished\":\"2016-01-26T14:56:39+00:00\",\"dateModified\":\"2016-01-26T15:02:09+00:00\",\"breadcrumb\":{\"@id\":\"https:\\\/\\\/blogdofarnesio.com.br\\\/?p=136440#breadcrumb\"},\"inLanguage\":\"pt-BR\",\"potentialAction\":[{\"@type\":\"ReadAction\",\"target\":[\"https:\\\/\\\/blogdofarnesio.com.br\\\/?p=136440\"]}]},{\"@type\":\"ImageObject\",\"inLanguage\":\"pt-BR\",\"@id\":\"https:\\\/\\\/blogdofarnesio.com.br\\\/?p=136440#primaryimage\",\"url\":\"http:\\\/\\\/www.quersaberpolitica.com.br\\\/2016\\\/wp-content\\\/uploads\\\/2016\\\/01\\\/blogqsppdtjosephbandeira.jpg\",\"contentUrl\":\"http:\\\/\\\/www.quersaberpolitica.com.br\\\/2016\\\/wp-content\\\/uploads\\\/2016\\\/01\\\/blogqsppdtjosephbandeira.jpg\"},{\"@type\":\"BreadcrumbList\",\"@id\":\"https:\\\/\\\/blogdofarnesio.com.br\\\/?p=136440#breadcrumb\",\"itemListElement\":[{\"@type\":\"ListItem\",\"position\":1,\"name\":\"In\u00edcio\",\"item\":\"https:\\\/\\\/blogdofarnesio.com.br\\\/\"},{\"@type\":\"ListItem\",\"position\":2,\"name\":\"JOSEPH BANDEIRA VAI AO PROGRAMA FARN\u00c9SIO SILVA E RATIFICA SER PR\u00c9-CANDIDATO PELO PDT\"}]},{\"@type\":\"WebSite\",\"@id\":\"https:\\\/\\\/blogdofarnesio.com.br\\\/#website\",\"url\":\"https:\\\/\\\/blogdofarnesio.com.br\\\/\",\"name\":\"Blog do Farn\u00e9sio\",\"description\":\"Quer Saber Pol\u00edtica?\",\"publisher\":{\"@id\":\"https:\\\/\\\/blogdofarnesio.com.br\\\/#organization\"},\"potentialAction\":[{\"@type\":\"SearchAction\",\"target\":{\"@type\":\"EntryPoint\",\"urlTemplate\":\"https:\\\/\\\/blogdofarnesio.com.br\\\/?s={search_term_string}\"},\"query-input\":{\"@type\":\"PropertyValueSpecification\",\"valueRequired\":true,\"valueName\":\"search_term_string\"}}],\"inLanguage\":\"pt-BR\"},{\"@type\":\"Organization\",\"@id\":\"https:\\\/\\\/blogdofarnesio.com.br\\\/#organization\",\"name\":\"Blog do Farn\u00e9sio\",\"url\":\"https:\\\/\\\/blogdofarnesio.com.br\\\/\",\"logo\":{\"@type\":\"ImageObject\",\"inLanguage\":\"pt-BR\",\"@id\":\"https:\\\/\\\/blogdofarnesio.com.br\\\/#\\\/schema\\\/logo\\\/image\\\/\",\"url\":\"https:\\\/\\\/blogdofarnesio.com.br\\\/wp-content\\\/uploads\\\/2026\\\/03\\\/cropped-logo_new-1.png\",\"contentUrl\":\"https:\\\/\\\/blogdofarnesio.com.br\\\/wp-content\\\/uploads\\\/2026\\\/03\\\/cropped-logo_new-1.png\",\"width\":881,\"height\":685,\"caption\":\"Blog do Farn\u00e9sio\"},\"image\":{\"@id\":\"https:\\\/\\\/blogdofarnesio.com.br\\\/#\\\/schema\\\/logo\\\/image\\\/\"},\"sameAs\":[\"https:\\\/\\\/www.facebook.com\\\/BlogQuerSaberPolitica\\\/\"]},{\"@type\":\"Person\",\"@id\":\"\",\"url\":\"https:\\\/\\\/blogdofarnesio.com.br\\\/?author=7\"}]}<\/script>\n<!-- \/ Yoast SEO plugin. -->","yoast_head_json":{"title":"JOSEPH BANDEIRA VAI AO PROGRAMA FARN\u00c9SIO SILVA E RATIFICA SER PR\u00c9-CANDIDATO PELO PDT - Blog do Farn\u00e9sio","robots":{"index":"index","follow":"follow","max-snippet":"max-snippet:-1","max-image-preview":"max-image-preview:large","max-video-preview":"max-video-preview:-1"},"canonical":"https:\/\/blogdofarnesio.com.br\/?p=136440","og_locale":"pt_BR","og_type":"article","og_title":"JOSEPH BANDEIRA VAI AO PROGRAMA FARN\u00c9SIO SILVA E RATIFICA SER PR\u00c9-CANDIDATO PELO PDT - Blog do Farn\u00e9sio","og_description":"&#8230;&#8221;MEUS ADVERS\u00c1RIOS SE PREPARAM&#8230;N\u00c3O HOUVE DESVIO NEM VOU SER PRESO&#8221; O pr\u00e9-candidato a prefeito de Juazeiro,\u00a0Joseph Wallace Faria Bandeira\u00a0(PDT), iniciou sua ter\u00e7a-feira concedendo entrevista em primeira m\u00e3o, ao\u00a0Programa Bastidores da Not\u00edcia.\u00a0Falou sobre o processo da Justi\u00e7a Federal, que o condena \u00a0em duas a\u00e7\u00f5es penais propostas pelo Minist\u00e9rio P\u00fablico Federal (MPF) \u2013 onde em cada processo, ele foi condenado a tr\u00eas meses de deten\u00e7\u00e3o, perda de cargo p\u00fablico ou inabilita\u00e7\u00e3o por cinco anos para o exerc\u00edcio de cargo ou fun\u00e7\u00e3o p\u00fablica, no entanto garantiu sua pr\u00e9-candidatura e afirmou que os seus advers\u00e1rios podem se preparar que ele est\u00e1 mais vivo do que nunca. \u201c\u00c9 s\u00f3 o ponteiro do rel\u00f3gio virar depois da meia noite do in\u00edcio do ano eleitoral que come\u00e7a\u00a0aparecer\u00a0assombra\u00e7\u00f5es.&hellip;","og_url":"https:\/\/blogdofarnesio.com.br\/?p=136440","og_site_name":"Blog do Farn\u00e9sio","article_publisher":"https:\/\/www.facebook.com\/BlogQuerSaberPolitica\/","article_published_time":"2016-01-26T14:56:39+00:00","article_modified_time":"2016-01-26T15:02:09+00:00","og_image":[{"url":"http:\/\/www.quersaberpolitica.com.br\/2016\/wp-content\/uploads\/2016\/01\/blogqsppdtjosephbandeira.jpg","type":"","width":"","height":""}],"twitter_card":"summary_large_image","twitter_misc":{"Escrito por":"","Est. tempo de leitura":"3 minutos"},"schema":{"@context":"https:\/\/schema.org","@graph":[{"@type":"Article","@id":"https:\/\/blogdofarnesio.com.br\/?p=136440#article","isPartOf":{"@id":"https:\/\/blogdofarnesio.com.br\/?p=136440"},"author":{"name":"","@id":""},"headline":"JOSEPH BANDEIRA VAI AO PROGRAMA FARN\u00c9SIO SILVA E RATIFICA SER PR\u00c9-CANDIDATO PELO PDT","datePublished":"2016-01-26T14:56:39+00:00","dateModified":"2016-01-26T15:02:09+00:00","mainEntityOfPage":{"@id":"https:\/\/blogdofarnesio.com.br\/?p=136440"},"wordCount":527,"commentCount":1,"publisher":{"@id":"https:\/\/blogdofarnesio.com.br\/#organization"},"image":{"@id":"https:\/\/blogdofarnesio.com.br\/?p=136440#primaryimage"},"thumbnailUrl":"http:\/\/www.quersaberpolitica.com.br\/2016\/wp-content\/uploads\/2016\/01\/blogqsppdtjosephbandeira.jpg","articleSection":["Pol\u00edtica"],"inLanguage":"pt-BR","potentialAction":[{"@type":"CommentAction","name":"Comment","target":["https:\/\/blogdofarnesio.com.br\/?p=136440#respond"]}]},{"@type":"WebPage","@id":"https:\/\/blogdofarnesio.com.br\/?p=136440","url":"https:\/\/blogdofarnesio.com.br\/?p=136440","name":"JOSEPH BANDEIRA VAI AO PROGRAMA FARN\u00c9SIO SILVA E RATIFICA SER PR\u00c9-CANDIDATO PELO PDT - Blog do Farn\u00e9sio","isPartOf":{"@id":"https:\/\/blogdofarnesio.com.br\/#website"},"primaryImageOfPage":{"@id":"https:\/\/blogdofarnesio.com.br\/?p=136440#primaryimage"},"image":{"@id":"https:\/\/blogdofarnesio.com.br\/?p=136440#primaryimage"},"thumbnailUrl":"http:\/\/www.quersaberpolitica.com.br\/2016\/wp-content\/uploads\/2016\/01\/blogqsppdtjosephbandeira.jpg","datePublished":"2016-01-26T14:56:39+00:00","dateModified":"2016-01-26T15:02:09+00:00","breadcrumb":{"@id":"https:\/\/blogdofarnesio.com.br\/?p=136440#breadcrumb"},"inLanguage":"pt-BR","potentialAction":[{"@type":"ReadAction","target":["https:\/\/blogdofarnesio.com.br\/?p=136440"]}]},{"@type":"ImageObject","inLanguage":"pt-BR","@id":"https:\/\/blogdofarnesio.com.br\/?p=136440#primaryimage","url":"http:\/\/www.quersaberpolitica.com.br\/2016\/wp-content\/uploads\/2016\/01\/blogqsppdtjosephbandeira.jpg","contentUrl":"http:\/\/www.quersaberpolitica.com.br\/2016\/wp-content\/uploads\/2016\/01\/blogqsppdtjosephbandeira.jpg"},{"@type":"BreadcrumbList","@id":"https:\/\/blogdofarnesio.com.br\/?p=136440#breadcrumb","itemListElement":[{"@type":"ListItem","position":1,"name":"In\u00edcio","item":"https:\/\/blogdofarnesio.com.br\/"},{"@type":"ListItem","position":2,"name":"JOSEPH BANDEIRA VAI AO PROGRAMA FARN\u00c9SIO SILVA E RATIFICA SER PR\u00c9-CANDIDATO PELO PDT"}]},{"@type":"WebSite","@id":"https:\/\/blogdofarnesio.com.br\/#website","url":"https:\/\/blogdofarnesio.com.br\/","name":"Blog do Farn\u00e9sio","description":"Quer Saber Pol\u00edtica?","publisher":{"@id":"https:\/\/blogdofarnesio.com.br\/#organization"},"potentialAction":[{"@type":"SearchAction","target":{"@type":"EntryPoint","urlTemplate":"https:\/\/blogdofarnesio.com.br\/?s={search_term_string}"},"query-input":{"@type":"PropertyValueSpecification","valueRequired":true,"valueName":"search_term_string"}}],"inLanguage":"pt-BR"},{"@type":"Organization","@id":"https:\/\/blogdofarnesio.com.br\/#organization","name":"Blog do Farn\u00e9sio","url":"https:\/\/blogdofarnesio.com.br\/","logo":{"@type":"ImageObject","inLanguage":"pt-BR","@id":"https:\/\/blogdofarnesio.com.br\/#\/schema\/logo\/image\/","url":"https:\/\/blogdofarnesio.com.br\/wp-content\/uploads\/2026\/03\/cropped-logo_new-1.png","contentUrl":"https:\/\/blogdofarnesio.com.br\/wp-content\/uploads\/2026\/03\/cropped-logo_new-1.png","width":881,"height":685,"caption":"Blog do Farn\u00e9sio"},"image":{"@id":"https:\/\/blogdofarnesio.com.br\/#\/schema\/logo\/image\/"},"sameAs":["https:\/\/www.facebook.com\/BlogQuerSaberPolitica\/"]},{"@type":"Person","@id":"","url":"https:\/\/blogdofarnesio.com.br\/?author=7"}]}},"_links":{"self":[{"href":"https:\/\/blogdofarnesio.com.br\/index.php?rest_route=\/wp\/v2\/posts\/136440","targetHints":{"allow":["GET"]}}],"collection":[{"href":"https:\/\/blogdofarnesio.com.br\/index.php?rest_route=\/wp\/v2\/posts"}],"about":[{"href":"https:\/\/blogdofarnesio.com.br\/index.php?rest_route=\/wp\/v2\/types\/post"}],"author":[{"embeddable":true,"href":"https:\/\/blogdofarnesio.com.br\/index.php?rest_route=\/wp\/v2\/users\/7"}],"replies":[{"embeddable":true,"href":"https:\/\/blogdofarnesio.com.br\/index.php?rest_route=%2Fwp%2Fv2%2Fcomments&post=136440"}],"version-history":[{"count":0,"href":"https:\/\/blogdofarnesio.com.br\/index.php?rest_route=\/wp\/v2\/posts\/136440\/revisions"}],"wp:attachment":[{"href":"https:\/\/blogdofarnesio.com.br\/index.php?rest_route=%2Fwp%2Fv2%2Fmedia&parent=136440"}],"wp:term":[{"taxonomy":"category","embeddable":true,"href":"https:\/\/blogdofarnesio.com.br\/index.php?rest_route=%2Fwp%2Fv2%2Fcategories&post=136440"},{"taxonomy":"post_tag","embeddable":true,"href":"https:\/\/blogdofarnesio.com.br\/index.php?rest_route=%2Fwp%2Fv2%2Ftags&post=136440"}],"curies":[{"name":"wp","href":"https:\/\/api.w.org\/{rel}","templated":true}]}}