{"id":136418,"date":"2016-01-26T11:30:31","date_gmt":"2016-01-26T14:30:31","guid":{"rendered":"http:\/\/www.quersaberpolitica.com.br\/?p=136418"},"modified":"2016-01-26T11:13:04","modified_gmt":"2016-01-26T14:13:04","slug":"embaixadora-dos-eua-visita-petrolina-nesta-quinta-feira-28","status":"publish","type":"post","link":"https:\/\/blogdofarnesio.com.br\/?p=136418","title":{"rendered":"EMBAIXADORA DOS EUA VISITA PETROLINA NESTA QUINTA-FEIRA (28)"},"content":{"rendered":"<p style=\"text-align: justify\"><a href=\"http:\/\/www.quersaberpolitica.com.br\/2016\/wp-content\/uploads\/2016\/01\/blogqsp-Liliana-Ayalde.jpg\"><img loading=\"lazy\" decoding=\"async\" class=\"wp-image-136419 aligncenter\" src=\"http:\/\/www.quersaberpolitica.com.br\/2016\/wp-content\/uploads\/2016\/01\/blogqsp-Liliana-Ayalde-300x167.jpg\" alt=\"blogqsp-Liliana Ayalde\" width=\"375\" height=\"215\" \/><\/a><\/p>\n<p style=\"text-align: justify\"><span lang=\"PT-BR\">A embaixadora dos Estados Unidos no Brasil, Liliana Ayalde, viaja pela primeira vez a Petrolina nesta quinta-feira (28). A visita tamb\u00e9m contar\u00e1 com a presen\u00e7a do c\u00f4nsul geral dos EUA no Recife, Richard Reiter, que j\u00e1 foi outras vezes ao Vale do S\u00e3o Francisco. Para conhecer as potencialidades da regi\u00e3o, \u00a0Liliana Ayalde vai visitar a barragem de Sobradinho e a empresa Agrobr\u00e1s, produtora e exportadora de uvas e mangas. \u00a0Ap\u00f3s visita a Petrolina, a embaixadora segue para o Recife, onde vai participar da cerim\u00f4nia de encerramento do programa Futuras Cientistas no Centro de Tecnologias Estrat\u00e9gicas do Nordeste (Cetene). No programa, 11 estudantes e quatro professoras de escolas p\u00fablicas desenvolveram projetos de pesquisa cient\u00edfica nas instala\u00e7\u00f5es do Cetene durante as f\u00e9rias de janeiro. Al\u00e9m de participar do evento, a embaixadora tamb\u00e9m participar\u00e1 de encontro com o governador Paulo C\u00e2mara.<\/span><\/p>\n<p style=\"text-align: justify\">Em 1\u00ba de agosto de 2013 o Senado dos Estados Unidos confirmou a nomea\u00e7\u00e3o de Liliana Ayalde como Embaixadora dos EUA junto \u00e0 Rep\u00fablica Federativa do Brasil. A embaixadora Liliana Ayalde tem 30 anos de experi\u00eancia no servi\u00e7o diplom\u00e1tico. Ela trabalhou\u00a0 como subsecret\u00e1ria de Estado adjunta para Assuntos do Hemisf\u00e9rio Ocidental, com responsabilidade pela supervis\u00e3o das rela\u00e7\u00f5es bilaterais dos Estados Unidos com Cuba, Am\u00e9rica Central e Caribe. Anteriormente serviu como vice-administradora s\u00eanior adjunta da USAID no Bureau para Am\u00e9rica Latina e Caribe coordenando o importante desenvolvimento de programas de assist\u00eancia no Haiti, M\u00e9xico e Caribe. Entre 2008 e 2011 ela serviu como embaixadora dos Estados Unidos no Paraguai.<\/p>\n<p style=\"text-align: justify\"><em>Ascom<\/em><\/p>\n","protected":false},"excerpt":{"rendered":"<p>A embaixadora dos Estados Unidos no Brasil, Liliana Ayalde, viaja pela primeira vez a Petrolina nesta quinta-feira (28). A visita tamb\u00e9m contar\u00e1 com a presen\u00e7a do c\u00f4nsul geral dos EUA no Recife, Richard Reiter, que j\u00e1 foi outras vezes ao Vale do S\u00e3o Francisco. Para conhecer as potencialidades da regi\u00e3o, \u00a0Liliana Ayalde vai visitar a barragem de Sobradinho e a empresa Agrobr\u00e1s, produtora e exportadora de uvas e mangas. \u00a0Ap\u00f3s visita a Petrolina, a embaixadora segue para o Recife, onde vai participar da cerim\u00f4nia de encerramento do programa Futuras Cientistas no Centro de Tecnologias Estrat\u00e9gicas do Nordeste (Cetene). No programa, 11 estudantes e quatro professoras de escolas p\u00fablicas desenvolveram projetos de pesquisa cient\u00edfica nas instala\u00e7\u00f5es do Cetene durante as f\u00e9rias&hellip; <\/p>\n","protected":false},"author":7,"featured_media":0,"comment_status":"open","ping_status":"open","sticky":false,"template":"","format":"standard","meta":{"_acf_changed":false,"footnotes":""},"categories":[44],"tags":[],"class_list":["post-136418","post","type-post","status-publish","format-standard","hentry","category-administracao"],"acf":[],"yoast_head":"<!-- This site is optimized with the Yoast SEO plugin v27.4 - https:\/\/yoast.com\/product\/yoast-seo-wordpress\/ -->\n<title>EMBAIXADORA DOS EUA VISITA PETROLINA NESTA QUINTA-FEIRA (28) - Blog do Farn\u00e9sio<\/title>\n<meta name=\"robots\" content=\"index, follow, max-snippet:-1, max-image-preview:large, max-video-preview:-1\" \/>\n<link rel=\"canonical\" href=\"https:\/\/blogdofarnesio.com.br\/?p=136418\" \/>\n<meta property=\"og:locale\" content=\"pt_BR\" \/>\n<meta property=\"og:type\" content=\"article\" \/>\n<meta property=\"og:title\" content=\"EMBAIXADORA DOS EUA VISITA PETROLINA NESTA QUINTA-FEIRA (28) - Blog do Farn\u00e9sio\" \/>\n<meta property=\"og:description\" content=\"A embaixadora dos Estados Unidos no Brasil, Liliana Ayalde, viaja pela primeira vez a Petrolina nesta quinta-feira (28). A visita tamb\u00e9m contar\u00e1 com a presen\u00e7a do c\u00f4nsul geral dos EUA no Recife, Richard Reiter, que j\u00e1 foi outras vezes ao Vale do S\u00e3o Francisco. Para conhecer as potencialidades da regi\u00e3o, \u00a0Liliana Ayalde vai visitar a barragem de Sobradinho e a empresa Agrobr\u00e1s, produtora e exportadora de uvas e mangas. \u00a0Ap\u00f3s visita a Petrolina, a embaixadora segue para o Recife, onde vai participar da cerim\u00f4nia de encerramento do programa Futuras Cientistas no Centro de Tecnologias Estrat\u00e9gicas do Nordeste (Cetene). No programa, 11 estudantes e quatro professoras de escolas p\u00fablicas desenvolveram projetos de pesquisa cient\u00edfica nas instala\u00e7\u00f5es do Cetene durante as f\u00e9rias&hellip;\" \/>\n<meta property=\"og:url\" content=\"https:\/\/blogdofarnesio.com.br\/?p=136418\" \/>\n<meta property=\"og:site_name\" content=\"Blog do Farn\u00e9sio\" \/>\n<meta property=\"article:publisher\" content=\"https:\/\/www.facebook.com\/BlogQuerSaberPolitica\/\" \/>\n<meta property=\"article:published_time\" content=\"2016-01-26T14:30:31+00:00\" \/>\n<meta property=\"og:image\" content=\"http:\/\/www.quersaberpolitica.com.br\/2016\/wp-content\/uploads\/2016\/01\/blogqsp-Liliana-Ayalde-300x167.jpg\" \/>\n<meta name=\"twitter:card\" content=\"summary_large_image\" \/>\n<meta name=\"twitter:label1\" content=\"Escrito por\" \/>\n\t<meta name=\"twitter:data1\" content=\"\" \/>\n\t<meta name=\"twitter:label2\" content=\"Est. tempo de leitura\" \/>\n\t<meta name=\"twitter:data2\" content=\"1 minuto\" \/>\n<script type=\"application\/ld+json\" class=\"yoast-schema-graph\">{\"@context\":\"https:\\\/\\\/schema.org\",\"@graph\":[{\"@type\":\"Article\",\"@id\":\"https:\\\/\\\/blogdofarnesio.com.br\\\/?p=136418#article\",\"isPartOf\":{\"@id\":\"https:\\\/\\\/blogdofarnesio.com.br\\\/?p=136418\"},\"author\":{\"name\":\"\",\"@id\":\"\"},\"headline\":\"EMBAIXADORA DOS EUA VISITA PETROLINA NESTA QUINTA-FEIRA (28)\",\"datePublished\":\"2016-01-26T14:30:31+00:00\",\"mainEntityOfPage\":{\"@id\":\"https:\\\/\\\/blogdofarnesio.com.br\\\/?p=136418\"},\"wordCount\":276,\"commentCount\":0,\"publisher\":{\"@id\":\"https:\\\/\\\/blogdofarnesio.com.br\\\/#organization\"},\"image\":{\"@id\":\"https:\\\/\\\/blogdofarnesio.com.br\\\/?p=136418#primaryimage\"},\"thumbnailUrl\":\"http:\\\/\\\/www.quersaberpolitica.com.br\\\/2016\\\/wp-content\\\/uploads\\\/2016\\\/01\\\/blogqsp-Liliana-Ayalde-300x167.jpg\",\"articleSection\":[\"Administra\u00e7\u00e3o\"],\"inLanguage\":\"pt-BR\",\"potentialAction\":[{\"@type\":\"CommentAction\",\"name\":\"Comment\",\"target\":[\"https:\\\/\\\/blogdofarnesio.com.br\\\/?p=136418#respond\"]}]},{\"@type\":\"WebPage\",\"@id\":\"https:\\\/\\\/blogdofarnesio.com.br\\\/?p=136418\",\"url\":\"https:\\\/\\\/blogdofarnesio.com.br\\\/?p=136418\",\"name\":\"EMBAIXADORA DOS EUA VISITA PETROLINA NESTA QUINTA-FEIRA (28) - Blog do Farn\u00e9sio\",\"isPartOf\":{\"@id\":\"https:\\\/\\\/blogdofarnesio.com.br\\\/#website\"},\"primaryImageOfPage\":{\"@id\":\"https:\\\/\\\/blogdofarnesio.com.br\\\/?p=136418#primaryimage\"},\"image\":{\"@id\":\"https:\\\/\\\/blogdofarnesio.com.br\\\/?p=136418#primaryimage\"},\"thumbnailUrl\":\"http:\\\/\\\/www.quersaberpolitica.com.br\\\/2016\\\/wp-content\\\/uploads\\\/2016\\\/01\\\/blogqsp-Liliana-Ayalde-300x167.jpg\",\"datePublished\":\"2016-01-26T14:30:31+00:00\",\"breadcrumb\":{\"@id\":\"https:\\\/\\\/blogdofarnesio.com.br\\\/?p=136418#breadcrumb\"},\"inLanguage\":\"pt-BR\",\"potentialAction\":[{\"@type\":\"ReadAction\",\"target\":[\"https:\\\/\\\/blogdofarnesio.com.br\\\/?p=136418\"]}]},{\"@type\":\"ImageObject\",\"inLanguage\":\"pt-BR\",\"@id\":\"https:\\\/\\\/blogdofarnesio.com.br\\\/?p=136418#primaryimage\",\"url\":\"http:\\\/\\\/www.quersaberpolitica.com.br\\\/2016\\\/wp-content\\\/uploads\\\/2016\\\/01\\\/blogqsp-Liliana-Ayalde-300x167.jpg\",\"contentUrl\":\"http:\\\/\\\/www.quersaberpolitica.com.br\\\/2016\\\/wp-content\\\/uploads\\\/2016\\\/01\\\/blogqsp-Liliana-Ayalde-300x167.jpg\"},{\"@type\":\"BreadcrumbList\",\"@id\":\"https:\\\/\\\/blogdofarnesio.com.br\\\/?p=136418#breadcrumb\",\"itemListElement\":[{\"@type\":\"ListItem\",\"position\":1,\"name\":\"In\u00edcio\",\"item\":\"https:\\\/\\\/blogdofarnesio.com.br\\\/\"},{\"@type\":\"ListItem\",\"position\":2,\"name\":\"EMBAIXADORA DOS EUA VISITA PETROLINA NESTA QUINTA-FEIRA (28)\"}]},{\"@type\":\"WebSite\",\"@id\":\"https:\\\/\\\/blogdofarnesio.com.br\\\/#website\",\"url\":\"https:\\\/\\\/blogdofarnesio.com.br\\\/\",\"name\":\"Blog do Farn\u00e9sio\",\"description\":\"Quer Saber Pol\u00edtica?\",\"publisher\":{\"@id\":\"https:\\\/\\\/blogdofarnesio.com.br\\\/#organization\"},\"potentialAction\":[{\"@type\":\"SearchAction\",\"target\":{\"@type\":\"EntryPoint\",\"urlTemplate\":\"https:\\\/\\\/blogdofarnesio.com.br\\\/?s={search_term_string}\"},\"query-input\":{\"@type\":\"PropertyValueSpecification\",\"valueRequired\":true,\"valueName\":\"search_term_string\"}}],\"inLanguage\":\"pt-BR\"},{\"@type\":\"Organization\",\"@id\":\"https:\\\/\\\/blogdofarnesio.com.br\\\/#organization\",\"name\":\"Blog do Farn\u00e9sio\",\"url\":\"https:\\\/\\\/blogdofarnesio.com.br\\\/\",\"logo\":{\"@type\":\"ImageObject\",\"inLanguage\":\"pt-BR\",\"@id\":\"https:\\\/\\\/blogdofarnesio.com.br\\\/#\\\/schema\\\/logo\\\/image\\\/\",\"url\":\"https:\\\/\\\/blogdofarnesio.com.br\\\/wp-content\\\/uploads\\\/2026\\\/03\\\/cropped-logo_new-1.png\",\"contentUrl\":\"https:\\\/\\\/blogdofarnesio.com.br\\\/wp-content\\\/uploads\\\/2026\\\/03\\\/cropped-logo_new-1.png\",\"width\":881,\"height\":685,\"caption\":\"Blog do Farn\u00e9sio\"},\"image\":{\"@id\":\"https:\\\/\\\/blogdofarnesio.com.br\\\/#\\\/schema\\\/logo\\\/image\\\/\"},\"sameAs\":[\"https:\\\/\\\/www.facebook.com\\\/BlogQuerSaberPolitica\\\/\"]},{\"@type\":\"Person\",\"@id\":\"\",\"url\":\"https:\\\/\\\/blogdofarnesio.com.br\\\/?author=7\"}]}<\/script>\n<!-- \/ Yoast SEO plugin. -->","yoast_head_json":{"title":"EMBAIXADORA DOS EUA VISITA PETROLINA NESTA QUINTA-FEIRA (28) - Blog do Farn\u00e9sio","robots":{"index":"index","follow":"follow","max-snippet":"max-snippet:-1","max-image-preview":"max-image-preview:large","max-video-preview":"max-video-preview:-1"},"canonical":"https:\/\/blogdofarnesio.com.br\/?p=136418","og_locale":"pt_BR","og_type":"article","og_title":"EMBAIXADORA DOS EUA VISITA PETROLINA NESTA QUINTA-FEIRA (28) - Blog do Farn\u00e9sio","og_description":"A embaixadora dos Estados Unidos no Brasil, Liliana Ayalde, viaja pela primeira vez a Petrolina nesta quinta-feira (28). A visita tamb\u00e9m contar\u00e1 com a presen\u00e7a do c\u00f4nsul geral dos EUA no Recife, Richard Reiter, que j\u00e1 foi outras vezes ao Vale do S\u00e3o Francisco. Para conhecer as potencialidades da regi\u00e3o, \u00a0Liliana Ayalde vai visitar a barragem de Sobradinho e a empresa Agrobr\u00e1s, produtora e exportadora de uvas e mangas. \u00a0Ap\u00f3s visita a Petrolina, a embaixadora segue para o Recife, onde vai participar da cerim\u00f4nia de encerramento do programa Futuras Cientistas no Centro de Tecnologias Estrat\u00e9gicas do Nordeste (Cetene). No programa, 11 estudantes e quatro professoras de escolas p\u00fablicas desenvolveram projetos de pesquisa cient\u00edfica nas instala\u00e7\u00f5es do Cetene durante as f\u00e9rias&hellip;","og_url":"https:\/\/blogdofarnesio.com.br\/?p=136418","og_site_name":"Blog do Farn\u00e9sio","article_publisher":"https:\/\/www.facebook.com\/BlogQuerSaberPolitica\/","article_published_time":"2016-01-26T14:30:31+00:00","og_image":[{"url":"http:\/\/www.quersaberpolitica.com.br\/2016\/wp-content\/uploads\/2016\/01\/blogqsp-Liliana-Ayalde-300x167.jpg","type":"","width":"","height":""}],"twitter_card":"summary_large_image","twitter_misc":{"Escrito por":"","Est. tempo de leitura":"1 minuto"},"schema":{"@context":"https:\/\/schema.org","@graph":[{"@type":"Article","@id":"https:\/\/blogdofarnesio.com.br\/?p=136418#article","isPartOf":{"@id":"https:\/\/blogdofarnesio.com.br\/?p=136418"},"author":{"name":"","@id":""},"headline":"EMBAIXADORA DOS EUA VISITA PETROLINA NESTA QUINTA-FEIRA (28)","datePublished":"2016-01-26T14:30:31+00:00","mainEntityOfPage":{"@id":"https:\/\/blogdofarnesio.com.br\/?p=136418"},"wordCount":276,"commentCount":0,"publisher":{"@id":"https:\/\/blogdofarnesio.com.br\/#organization"},"image":{"@id":"https:\/\/blogdofarnesio.com.br\/?p=136418#primaryimage"},"thumbnailUrl":"http:\/\/www.quersaberpolitica.com.br\/2016\/wp-content\/uploads\/2016\/01\/blogqsp-Liliana-Ayalde-300x167.jpg","articleSection":["Administra\u00e7\u00e3o"],"inLanguage":"pt-BR","potentialAction":[{"@type":"CommentAction","name":"Comment","target":["https:\/\/blogdofarnesio.com.br\/?p=136418#respond"]}]},{"@type":"WebPage","@id":"https:\/\/blogdofarnesio.com.br\/?p=136418","url":"https:\/\/blogdofarnesio.com.br\/?p=136418","name":"EMBAIXADORA DOS EUA VISITA PETROLINA NESTA QUINTA-FEIRA (28) - Blog do Farn\u00e9sio","isPartOf":{"@id":"https:\/\/blogdofarnesio.com.br\/#website"},"primaryImageOfPage":{"@id":"https:\/\/blogdofarnesio.com.br\/?p=136418#primaryimage"},"image":{"@id":"https:\/\/blogdofarnesio.com.br\/?p=136418#primaryimage"},"thumbnailUrl":"http:\/\/www.quersaberpolitica.com.br\/2016\/wp-content\/uploads\/2016\/01\/blogqsp-Liliana-Ayalde-300x167.jpg","datePublished":"2016-01-26T14:30:31+00:00","breadcrumb":{"@id":"https:\/\/blogdofarnesio.com.br\/?p=136418#breadcrumb"},"inLanguage":"pt-BR","potentialAction":[{"@type":"ReadAction","target":["https:\/\/blogdofarnesio.com.br\/?p=136418"]}]},{"@type":"ImageObject","inLanguage":"pt-BR","@id":"https:\/\/blogdofarnesio.com.br\/?p=136418#primaryimage","url":"http:\/\/www.quersaberpolitica.com.br\/2016\/wp-content\/uploads\/2016\/01\/blogqsp-Liliana-Ayalde-300x167.jpg","contentUrl":"http:\/\/www.quersaberpolitica.com.br\/2016\/wp-content\/uploads\/2016\/01\/blogqsp-Liliana-Ayalde-300x167.jpg"},{"@type":"BreadcrumbList","@id":"https:\/\/blogdofarnesio.com.br\/?p=136418#breadcrumb","itemListElement":[{"@type":"ListItem","position":1,"name":"In\u00edcio","item":"https:\/\/blogdofarnesio.com.br\/"},{"@type":"ListItem","position":2,"name":"EMBAIXADORA DOS EUA VISITA PETROLINA NESTA QUINTA-FEIRA (28)"}]},{"@type":"WebSite","@id":"https:\/\/blogdofarnesio.com.br\/#website","url":"https:\/\/blogdofarnesio.com.br\/","name":"Blog do Farn\u00e9sio","description":"Quer Saber Pol\u00edtica?","publisher":{"@id":"https:\/\/blogdofarnesio.com.br\/#organization"},"potentialAction":[{"@type":"SearchAction","target":{"@type":"EntryPoint","urlTemplate":"https:\/\/blogdofarnesio.com.br\/?s={search_term_string}"},"query-input":{"@type":"PropertyValueSpecification","valueRequired":true,"valueName":"search_term_string"}}],"inLanguage":"pt-BR"},{"@type":"Organization","@id":"https:\/\/blogdofarnesio.com.br\/#organization","name":"Blog do Farn\u00e9sio","url":"https:\/\/blogdofarnesio.com.br\/","logo":{"@type":"ImageObject","inLanguage":"pt-BR","@id":"https:\/\/blogdofarnesio.com.br\/#\/schema\/logo\/image\/","url":"https:\/\/blogdofarnesio.com.br\/wp-content\/uploads\/2026\/03\/cropped-logo_new-1.png","contentUrl":"https:\/\/blogdofarnesio.com.br\/wp-content\/uploads\/2026\/03\/cropped-logo_new-1.png","width":881,"height":685,"caption":"Blog do Farn\u00e9sio"},"image":{"@id":"https:\/\/blogdofarnesio.com.br\/#\/schema\/logo\/image\/"},"sameAs":["https:\/\/www.facebook.com\/BlogQuerSaberPolitica\/"]},{"@type":"Person","@id":"","url":"https:\/\/blogdofarnesio.com.br\/?author=7"}]}},"_links":{"self":[{"href":"https:\/\/blogdofarnesio.com.br\/index.php?rest_route=\/wp\/v2\/posts\/136418","targetHints":{"allow":["GET"]}}],"collection":[{"href":"https:\/\/blogdofarnesio.com.br\/index.php?rest_route=\/wp\/v2\/posts"}],"about":[{"href":"https:\/\/blogdofarnesio.com.br\/index.php?rest_route=\/wp\/v2\/types\/post"}],"author":[{"embeddable":true,"href":"https:\/\/blogdofarnesio.com.br\/index.php?rest_route=\/wp\/v2\/users\/7"}],"replies":[{"embeddable":true,"href":"https:\/\/blogdofarnesio.com.br\/index.php?rest_route=%2Fwp%2Fv2%2Fcomments&post=136418"}],"version-history":[{"count":0,"href":"https:\/\/blogdofarnesio.com.br\/index.php?rest_route=\/wp\/v2\/posts\/136418\/revisions"}],"wp:attachment":[{"href":"https:\/\/blogdofarnesio.com.br\/index.php?rest_route=%2Fwp%2Fv2%2Fmedia&parent=136418"}],"wp:term":[{"taxonomy":"category","embeddable":true,"href":"https:\/\/blogdofarnesio.com.br\/index.php?rest_route=%2Fwp%2Fv2%2Fcategories&post=136418"},{"taxonomy":"post_tag","embeddable":true,"href":"https:\/\/blogdofarnesio.com.br\/index.php?rest_route=%2Fwp%2Fv2%2Ftags&post=136418"}],"curies":[{"name":"wp","href":"https:\/\/api.w.org\/{rel}","templated":true}]}}