{"id":136402,"date":"2016-01-26T10:20:34","date_gmt":"2016-01-26T13:20:34","guid":{"rendered":"http:\/\/www.quersaberpolitica.com.br\/?p=136402"},"modified":"2016-01-26T08:03:08","modified_gmt":"2016-01-26T11:03:08","slug":"secretaria-de-planejamento-divulga-balanco-do-chapeu-de-palha-da-fruticultura-irrigada","status":"publish","type":"post","link":"https:\/\/blogdofarnesio.com.br\/?p=136402","title":{"rendered":"SECRETARIA DE PLANEJAMENTO DIVULGA BALAN\u00c7O  DO CHAP\u00c9U DE PALHA DA FRUTICULTURA IRRIGADA"},"content":{"rendered":"<p style=\"text-align: justify\"><a href=\"http:\/\/www.quersaberpolitica.com.br\/2016\/wp-content\/uploads\/2016\/01\/blogqsp-balan\u00e7o-chape\u00fadepalha.jpg\"><img loading=\"lazy\" decoding=\"async\" class=\" wp-image-136403 aligncenter\" src=\"http:\/\/www.quersaberpolitica.com.br\/2016\/wp-content\/uploads\/2016\/01\/blogqsp-balan\u00e7o-chape\u00fadepalha-300x200.jpg\" alt=\"blogqsp-balan\u00e7o-chape\u00fadepalha\" width=\"400\" height=\"266\" srcset=\"https:\/\/blogdofarnesio.com.br\/wp-content\/uploads\/2016\/01\/blogqsp-balan\u00e7o-chape\u00fadepalha-300x200.jpg 300w, https:\/\/blogdofarnesio.com.br\/wp-content\/uploads\/2016\/01\/blogqsp-balan\u00e7o-chape\u00fadepalha.jpg 448w\" sizes=\"auto, (max-width: 400px) 100vw, 400px\" \/><\/a><\/p>\n<p style=\"text-align: justify\">O Chap\u00e9u de Palha da Fruticultura Irrigada cadastrou 9.934 trabalhadores rurais nos sete munic\u00edpios \u2013 Petrolina, Lagoa Grande, Santa Maria da Boa Vista, Oroc\u00f3, Cabrob\u00f3, Bel\u00e9m de S\u00e3o Francisco e Petrol\u00e2ndia \u2013 que s\u00e3o atendidos pelo programa no Sert\u00e3o do Estado. As inscri\u00e7\u00f5es foram finalizadas na \u00faltima sexta-feira (22) nos 14 pontos de atendimento instalados na regi\u00e3o.<\/p>\n<p style=\"text-align: justify\">O coordenador do programa, coronel Humberto Viana, faz um balan\u00e7o positivo sobre o\u00a0cadastramento. \u201cNossa avalia\u00e7\u00e3o \u00e9 de que todo o processo aconteceu de forma tranquila, atendendo a todos os trabalhadores que procuraram os locais de cadastramento\u201d, afirma. Ele destaca a parceria realizada entre o Governo do Estado e a Prefeitura de Petrolina, munic\u00edpio que conta com o maior n\u00famero de inscritos.<\/p>\n<p style=\"text-align: justify\">\u201cA Prefeitura foi um importante parceiro nessa etapa de cadastramento, ajudando com a infraestrutura e, principalmente, com a a\u00e7\u00e3o paralela de combate ao <em>Aedes Aegypti<\/em>\u201d, comenta. O coordenador tamb\u00e9m ressalta que foram gerados cerca de 200 empregos tempor\u00e1rios para o atendimento dos trabalhadores.<\/p>\n<p style=\"text-align: justify\"><!--more--><\/p>\n<p style=\"text-align: justify\">A primeira parcela do benef\u00edcio ser\u00e1 paga em mar\u00e7o. Cada trabalhador receber\u00e1 quatro parcelas de at\u00e9 R$ 246,45 complementares ao Bolsa Fam\u00edlia. Al\u00e9m disso, os cadastrados participar\u00e3o de cursos de qualifica\u00e7\u00e3o profissional, que devem ter in\u00edcio a partir de mar\u00e7o. Os cursos s\u00e3o realizados numa parceria entre a Secretaria de Planejamento e Gest\u00e3o e as Secretarias da Mulher, de Educa\u00e7\u00e3o, da Agricultura e Reforma Agr\u00e1ria, de Meio Ambiente e de Trabalho e Qualifica\u00e7\u00e3o Profissional.<\/p>\n<p style=\"text-align: justify\">O Chap\u00e9u de Palha atua em tr\u00eas frentes: Fruticultura Irrigada, Zona Canavieira e Pesca Artesanal. Ainda neste semestre, \u00a0ser\u00e1 dado o in\u00edcio para o cadastramento dos trabalhadores da palha da cana da Zona da Mata e dos pescadores de todo o Estado no programa.<\/p>\n<p style=\"text-align: justify\"><em>Foto: Douglas Fagner<\/em><\/p>\n","protected":false},"excerpt":{"rendered":"<p>O Chap\u00e9u de Palha da Fruticultura Irrigada cadastrou 9.934 trabalhadores rurais nos sete munic\u00edpios \u2013 Petrolina, Lagoa Grande, Santa Maria da Boa Vista, Oroc\u00f3, Cabrob\u00f3, Bel\u00e9m de S\u00e3o Francisco e Petrol\u00e2ndia \u2013 que s\u00e3o atendidos pelo programa no Sert\u00e3o do Estado. As inscri\u00e7\u00f5es foram finalizadas na \u00faltima sexta-feira (22) nos 14 pontos de atendimento instalados na regi\u00e3o. O coordenador do programa, coronel Humberto Viana, faz um balan\u00e7o positivo sobre o\u00a0cadastramento. \u201cNossa avalia\u00e7\u00e3o \u00e9 de que todo o processo aconteceu de forma tranquila, atendendo a todos os trabalhadores que procuraram os locais de cadastramento\u201d, afirma. Ele destaca a parceria realizada entre o Governo do Estado e a Prefeitura de Petrolina, munic\u00edpio que conta com o maior n\u00famero de inscritos. \u201cA Prefeitura&hellip; <\/p>\n","protected":false},"author":7,"featured_media":0,"comment_status":"open","ping_status":"open","sticky":false,"template":"","format":"standard","meta":{"_acf_changed":false,"footnotes":""},"categories":[44],"tags":[],"class_list":["post-136402","post","type-post","status-publish","format-standard","hentry","category-administracao"],"acf":[],"yoast_head":"<!-- This site is optimized with the Yoast SEO plugin v27.4 - https:\/\/yoast.com\/product\/yoast-seo-wordpress\/ -->\n<title>SECRETARIA DE PLANEJAMENTO DIVULGA BALAN\u00c7O DO CHAP\u00c9U DE PALHA DA FRUTICULTURA IRRIGADA - Blog do Farn\u00e9sio<\/title>\n<meta name=\"robots\" content=\"index, follow, max-snippet:-1, max-image-preview:large, max-video-preview:-1\" \/>\n<link rel=\"canonical\" href=\"https:\/\/blogdofarnesio.com.br\/?p=136402\" \/>\n<meta property=\"og:locale\" content=\"pt_BR\" \/>\n<meta property=\"og:type\" content=\"article\" \/>\n<meta property=\"og:title\" content=\"SECRETARIA DE PLANEJAMENTO DIVULGA BALAN\u00c7O DO CHAP\u00c9U DE PALHA DA FRUTICULTURA IRRIGADA - Blog do Farn\u00e9sio\" \/>\n<meta property=\"og:description\" content=\"O Chap\u00e9u de Palha da Fruticultura Irrigada cadastrou 9.934 trabalhadores rurais nos sete munic\u00edpios \u2013 Petrolina, Lagoa Grande, Santa Maria da Boa Vista, Oroc\u00f3, Cabrob\u00f3, Bel\u00e9m de S\u00e3o Francisco e Petrol\u00e2ndia \u2013 que s\u00e3o atendidos pelo programa no Sert\u00e3o do Estado. As inscri\u00e7\u00f5es foram finalizadas na \u00faltima sexta-feira (22) nos 14 pontos de atendimento instalados na regi\u00e3o. O coordenador do programa, coronel Humberto Viana, faz um balan\u00e7o positivo sobre o\u00a0cadastramento. \u201cNossa avalia\u00e7\u00e3o \u00e9 de que todo o processo aconteceu de forma tranquila, atendendo a todos os trabalhadores que procuraram os locais de cadastramento\u201d, afirma. Ele destaca a parceria realizada entre o Governo do Estado e a Prefeitura de Petrolina, munic\u00edpio que conta com o maior n\u00famero de inscritos. \u201cA Prefeitura&hellip;\" \/>\n<meta property=\"og:url\" content=\"https:\/\/blogdofarnesio.com.br\/?p=136402\" \/>\n<meta property=\"og:site_name\" content=\"Blog do Farn\u00e9sio\" \/>\n<meta property=\"article:publisher\" content=\"https:\/\/www.facebook.com\/BlogQuerSaberPolitica\/\" \/>\n<meta property=\"article:published_time\" content=\"2016-01-26T13:20:34+00:00\" \/>\n<meta name=\"twitter:card\" content=\"summary_large_image\" \/>\n<meta name=\"twitter:label1\" content=\"Escrito por\" \/>\n\t<meta name=\"twitter:data1\" content=\"\" \/>\n\t<meta name=\"twitter:label2\" content=\"Est. tempo de leitura\" \/>\n\t<meta name=\"twitter:data2\" content=\"2 minutos\" \/>\n<script type=\"application\/ld+json\" class=\"yoast-schema-graph\">{\"@context\":\"https:\\\/\\\/schema.org\",\"@graph\":[{\"@type\":\"Article\",\"@id\":\"https:\\\/\\\/blogdofarnesio.com.br\\\/?p=136402#article\",\"isPartOf\":{\"@id\":\"https:\\\/\\\/blogdofarnesio.com.br\\\/?p=136402\"},\"author\":{\"name\":\"\",\"@id\":\"\"},\"headline\":\"SECRETARIA DE PLANEJAMENTO DIVULGA BALAN\u00c7O DO CHAP\u00c9U DE PALHA DA FRUTICULTURA IRRIGADA\",\"datePublished\":\"2016-01-26T13:20:34+00:00\",\"mainEntityOfPage\":{\"@id\":\"https:\\\/\\\/blogdofarnesio.com.br\\\/?p=136402\"},\"wordCount\":321,\"commentCount\":0,\"publisher\":{\"@id\":\"https:\\\/\\\/blogdofarnesio.com.br\\\/#organization\"},\"articleSection\":[\"Administra\u00e7\u00e3o\"],\"inLanguage\":\"pt-BR\",\"potentialAction\":[{\"@type\":\"CommentAction\",\"name\":\"Comment\",\"target\":[\"https:\\\/\\\/blogdofarnesio.com.br\\\/?p=136402#respond\"]}]},{\"@type\":\"WebPage\",\"@id\":\"https:\\\/\\\/blogdofarnesio.com.br\\\/?p=136402\",\"url\":\"https:\\\/\\\/blogdofarnesio.com.br\\\/?p=136402\",\"name\":\"SECRETARIA DE PLANEJAMENTO DIVULGA BALAN\u00c7O DO CHAP\u00c9U DE PALHA DA FRUTICULTURA IRRIGADA - Blog do Farn\u00e9sio\",\"isPartOf\":{\"@id\":\"https:\\\/\\\/blogdofarnesio.com.br\\\/#website\"},\"datePublished\":\"2016-01-26T13:20:34+00:00\",\"breadcrumb\":{\"@id\":\"https:\\\/\\\/blogdofarnesio.com.br\\\/?p=136402#breadcrumb\"},\"inLanguage\":\"pt-BR\",\"potentialAction\":[{\"@type\":\"ReadAction\",\"target\":[\"https:\\\/\\\/blogdofarnesio.com.br\\\/?p=136402\"]}]},{\"@type\":\"BreadcrumbList\",\"@id\":\"https:\\\/\\\/blogdofarnesio.com.br\\\/?p=136402#breadcrumb\",\"itemListElement\":[{\"@type\":\"ListItem\",\"position\":1,\"name\":\"In\u00edcio\",\"item\":\"https:\\\/\\\/blogdofarnesio.com.br\\\/\"},{\"@type\":\"ListItem\",\"position\":2,\"name\":\"SECRETARIA DE PLANEJAMENTO DIVULGA BALAN\u00c7O DO CHAP\u00c9U DE PALHA DA FRUTICULTURA IRRIGADA\"}]},{\"@type\":\"WebSite\",\"@id\":\"https:\\\/\\\/blogdofarnesio.com.br\\\/#website\",\"url\":\"https:\\\/\\\/blogdofarnesio.com.br\\\/\",\"name\":\"Blog do Farn\u00e9sio\",\"description\":\"Quer Saber Pol\u00edtica?\",\"publisher\":{\"@id\":\"https:\\\/\\\/blogdofarnesio.com.br\\\/#organization\"},\"potentialAction\":[{\"@type\":\"SearchAction\",\"target\":{\"@type\":\"EntryPoint\",\"urlTemplate\":\"https:\\\/\\\/blogdofarnesio.com.br\\\/?s={search_term_string}\"},\"query-input\":{\"@type\":\"PropertyValueSpecification\",\"valueRequired\":true,\"valueName\":\"search_term_string\"}}],\"inLanguage\":\"pt-BR\"},{\"@type\":\"Organization\",\"@id\":\"https:\\\/\\\/blogdofarnesio.com.br\\\/#organization\",\"name\":\"Blog do Farn\u00e9sio\",\"url\":\"https:\\\/\\\/blogdofarnesio.com.br\\\/\",\"logo\":{\"@type\":\"ImageObject\",\"inLanguage\":\"pt-BR\",\"@id\":\"https:\\\/\\\/blogdofarnesio.com.br\\\/#\\\/schema\\\/logo\\\/image\\\/\",\"url\":\"https:\\\/\\\/blogdofarnesio.com.br\\\/wp-content\\\/uploads\\\/2026\\\/03\\\/cropped-logo_new-1.png\",\"contentUrl\":\"https:\\\/\\\/blogdofarnesio.com.br\\\/wp-content\\\/uploads\\\/2026\\\/03\\\/cropped-logo_new-1.png\",\"width\":881,\"height\":685,\"caption\":\"Blog do Farn\u00e9sio\"},\"image\":{\"@id\":\"https:\\\/\\\/blogdofarnesio.com.br\\\/#\\\/schema\\\/logo\\\/image\\\/\"},\"sameAs\":[\"https:\\\/\\\/www.facebook.com\\\/BlogQuerSaberPolitica\\\/\"]},{\"@type\":\"Person\",\"@id\":\"\",\"url\":\"https:\\\/\\\/blogdofarnesio.com.br\\\/?author=7\"}]}<\/script>\n<!-- \/ Yoast SEO plugin. -->","yoast_head_json":{"title":"SECRETARIA DE PLANEJAMENTO DIVULGA BALAN\u00c7O DO CHAP\u00c9U DE PALHA DA FRUTICULTURA IRRIGADA - Blog do Farn\u00e9sio","robots":{"index":"index","follow":"follow","max-snippet":"max-snippet:-1","max-image-preview":"max-image-preview:large","max-video-preview":"max-video-preview:-1"},"canonical":"https:\/\/blogdofarnesio.com.br\/?p=136402","og_locale":"pt_BR","og_type":"article","og_title":"SECRETARIA DE PLANEJAMENTO DIVULGA BALAN\u00c7O DO CHAP\u00c9U DE PALHA DA FRUTICULTURA IRRIGADA - Blog do Farn\u00e9sio","og_description":"O Chap\u00e9u de Palha da Fruticultura Irrigada cadastrou 9.934 trabalhadores rurais nos sete munic\u00edpios \u2013 Petrolina, Lagoa Grande, Santa Maria da Boa Vista, Oroc\u00f3, Cabrob\u00f3, Bel\u00e9m de S\u00e3o Francisco e Petrol\u00e2ndia \u2013 que s\u00e3o atendidos pelo programa no Sert\u00e3o do Estado. As inscri\u00e7\u00f5es foram finalizadas na \u00faltima sexta-feira (22) nos 14 pontos de atendimento instalados na regi\u00e3o. O coordenador do programa, coronel Humberto Viana, faz um balan\u00e7o positivo sobre o\u00a0cadastramento. \u201cNossa avalia\u00e7\u00e3o \u00e9 de que todo o processo aconteceu de forma tranquila, atendendo a todos os trabalhadores que procuraram os locais de cadastramento\u201d, afirma. Ele destaca a parceria realizada entre o Governo do Estado e a Prefeitura de Petrolina, munic\u00edpio que conta com o maior n\u00famero de inscritos. \u201cA Prefeitura&hellip;","og_url":"https:\/\/blogdofarnesio.com.br\/?p=136402","og_site_name":"Blog do Farn\u00e9sio","article_publisher":"https:\/\/www.facebook.com\/BlogQuerSaberPolitica\/","article_published_time":"2016-01-26T13:20:34+00:00","twitter_card":"summary_large_image","twitter_misc":{"Escrito por":"","Est. tempo de leitura":"2 minutos"},"schema":{"@context":"https:\/\/schema.org","@graph":[{"@type":"Article","@id":"https:\/\/blogdofarnesio.com.br\/?p=136402#article","isPartOf":{"@id":"https:\/\/blogdofarnesio.com.br\/?p=136402"},"author":{"name":"","@id":""},"headline":"SECRETARIA DE PLANEJAMENTO DIVULGA BALAN\u00c7O DO CHAP\u00c9U DE PALHA DA FRUTICULTURA IRRIGADA","datePublished":"2016-01-26T13:20:34+00:00","mainEntityOfPage":{"@id":"https:\/\/blogdofarnesio.com.br\/?p=136402"},"wordCount":321,"commentCount":0,"publisher":{"@id":"https:\/\/blogdofarnesio.com.br\/#organization"},"articleSection":["Administra\u00e7\u00e3o"],"inLanguage":"pt-BR","potentialAction":[{"@type":"CommentAction","name":"Comment","target":["https:\/\/blogdofarnesio.com.br\/?p=136402#respond"]}]},{"@type":"WebPage","@id":"https:\/\/blogdofarnesio.com.br\/?p=136402","url":"https:\/\/blogdofarnesio.com.br\/?p=136402","name":"SECRETARIA DE PLANEJAMENTO DIVULGA BALAN\u00c7O DO CHAP\u00c9U DE PALHA DA FRUTICULTURA IRRIGADA - Blog do Farn\u00e9sio","isPartOf":{"@id":"https:\/\/blogdofarnesio.com.br\/#website"},"datePublished":"2016-01-26T13:20:34+00:00","breadcrumb":{"@id":"https:\/\/blogdofarnesio.com.br\/?p=136402#breadcrumb"},"inLanguage":"pt-BR","potentialAction":[{"@type":"ReadAction","target":["https:\/\/blogdofarnesio.com.br\/?p=136402"]}]},{"@type":"BreadcrumbList","@id":"https:\/\/blogdofarnesio.com.br\/?p=136402#breadcrumb","itemListElement":[{"@type":"ListItem","position":1,"name":"In\u00edcio","item":"https:\/\/blogdofarnesio.com.br\/"},{"@type":"ListItem","position":2,"name":"SECRETARIA DE PLANEJAMENTO DIVULGA BALAN\u00c7O DO CHAP\u00c9U DE PALHA DA FRUTICULTURA IRRIGADA"}]},{"@type":"WebSite","@id":"https:\/\/blogdofarnesio.com.br\/#website","url":"https:\/\/blogdofarnesio.com.br\/","name":"Blog do Farn\u00e9sio","description":"Quer Saber Pol\u00edtica?","publisher":{"@id":"https:\/\/blogdofarnesio.com.br\/#organization"},"potentialAction":[{"@type":"SearchAction","target":{"@type":"EntryPoint","urlTemplate":"https:\/\/blogdofarnesio.com.br\/?s={search_term_string}"},"query-input":{"@type":"PropertyValueSpecification","valueRequired":true,"valueName":"search_term_string"}}],"inLanguage":"pt-BR"},{"@type":"Organization","@id":"https:\/\/blogdofarnesio.com.br\/#organization","name":"Blog do Farn\u00e9sio","url":"https:\/\/blogdofarnesio.com.br\/","logo":{"@type":"ImageObject","inLanguage":"pt-BR","@id":"https:\/\/blogdofarnesio.com.br\/#\/schema\/logo\/image\/","url":"https:\/\/blogdofarnesio.com.br\/wp-content\/uploads\/2026\/03\/cropped-logo_new-1.png","contentUrl":"https:\/\/blogdofarnesio.com.br\/wp-content\/uploads\/2026\/03\/cropped-logo_new-1.png","width":881,"height":685,"caption":"Blog do Farn\u00e9sio"},"image":{"@id":"https:\/\/blogdofarnesio.com.br\/#\/schema\/logo\/image\/"},"sameAs":["https:\/\/www.facebook.com\/BlogQuerSaberPolitica\/"]},{"@type":"Person","@id":"","url":"https:\/\/blogdofarnesio.com.br\/?author=7"}]}},"_links":{"self":[{"href":"https:\/\/blogdofarnesio.com.br\/index.php?rest_route=\/wp\/v2\/posts\/136402","targetHints":{"allow":["GET"]}}],"collection":[{"href":"https:\/\/blogdofarnesio.com.br\/index.php?rest_route=\/wp\/v2\/posts"}],"about":[{"href":"https:\/\/blogdofarnesio.com.br\/index.php?rest_route=\/wp\/v2\/types\/post"}],"author":[{"embeddable":true,"href":"https:\/\/blogdofarnesio.com.br\/index.php?rest_route=\/wp\/v2\/users\/7"}],"replies":[{"embeddable":true,"href":"https:\/\/blogdofarnesio.com.br\/index.php?rest_route=%2Fwp%2Fv2%2Fcomments&post=136402"}],"version-history":[{"count":0,"href":"https:\/\/blogdofarnesio.com.br\/index.php?rest_route=\/wp\/v2\/posts\/136402\/revisions"}],"wp:attachment":[{"href":"https:\/\/blogdofarnesio.com.br\/index.php?rest_route=%2Fwp%2Fv2%2Fmedia&parent=136402"}],"wp:term":[{"taxonomy":"category","embeddable":true,"href":"https:\/\/blogdofarnesio.com.br\/index.php?rest_route=%2Fwp%2Fv2%2Fcategories&post=136402"},{"taxonomy":"post_tag","embeddable":true,"href":"https:\/\/blogdofarnesio.com.br\/index.php?rest_route=%2Fwp%2Fv2%2Ftags&post=136402"}],"curies":[{"name":"wp","href":"https:\/\/api.w.org\/{rel}","templated":true}]}}