{"id":13632,"date":"2012-05-03T14:41:34","date_gmt":"2012-05-03T14:41:34","guid":{"rendered":"http:\/\/www.quersaberpolitica.com.br?p=13632"},"modified":"-0001-11-30T00:00:00","modified_gmt":"-0001-11-30T03:00:00","slug":"pavimentacao-da-principal-avenida-do-joao-paulo-ii-chega-a-fase-final","status":"publish","type":"post","link":"https:\/\/blogdofarnesio.com.br\/?p=13632","title":{"rendered":"Pavimenta\u00e7\u00e3o da principal Avenida do Jo\u00e3o Paulo II chega \u00e0 fase final"},"content":{"rendered":"<p><p style=\"text-align: justify;\"><span style=\"font-size: medium;\"><strong>Pavimenta&ccedil;&atilde;o da principal Avenida do Jo&atilde;o Paulo II chega &agrave; fase final<\/strong><\/span><\/p>\n<p style=\"text-align: justify;\"><span style=\"font-size: medium;\"><a rel=\"lightbox\" href=\"http:\/\/www.quersaberpolitica.com.br\/2016\/wp-content\/uploads\/2012\/12\/blogqsppavimentat.jpg\"><img loading=\"lazy\" decoding=\"async\" style=\"float: left; margin-top: 5px; margin-bottom: 5px; margin-left: 10px; margin-right: 10px;\" src=\"http:\/\/www.quersaberpolitica.com.br\/2016\/wp-content\/uploads\/2012\/12\/blogqsppavimentat.jpg\" alt=\"\" width=\"200\" height=\"150\" \/><\/a>Os moradores do Jo&atilde;o Paulo II est&atilde;o comemorando a finaliza&ccedil;&atilde;o da &uacute;ltima etapa da recupera&ccedil;&atilde;o da principal Avenida do bairro, a Cheffic Khoury. A Avenida recebeu saneamento, uma moderna ilumina&ccedil;&atilde;o e a pavimenta&ccedil;&atilde;o asf&aacute;ltica totalmente nova.<\/span><\/p>\n<p style=\"text-align: justify;\"><span style=\"font-size: medium;\">O secret&aacute;rio interino de Desenvolvimento Urbano, Anderson Fonseca visitou a obra na tarde desta quarta-feira (02) e informou que a pavimenta&ccedil;&atilde;o est&aacute; na fase final. &#8220;A coloca&ccedil;&atilde;o do asfalto foi conclu&iacute;da, agora falta apenas &agrave; sinaliza&ccedil;&atilde;o horizontal e vertical. Hoje a recupera&ccedil;&atilde;o da Cheffic Khoury &eacute; uma realidade, a popula&ccedil;&atilde;o est&aacute; recebendo uma obra de qualidade&#8221;, afirmou o secret&aacute;rio.<\/span><\/p>\n<p style=\"text-align: justify;\"><span style=\"font-size: medium;\">A Avenida recebeu a instala&ccedil;&atilde;o de 800m de tubula&ccedil;&atilde;o de rede coletora, e 1600m de rede condominial, solucionando o problema dos esgotos nas portas das resid&ecirc;ncias, al&eacute;m de prevenir algumas doen&ccedil;as causadas por falta de saneamento. Outra etapa da obra finalizada pela Secretaria de Servi&ccedil;os P&uacute;blicos &#8211; SESP foi &agrave; troca dos bra&ccedil;os de ilumina&ccedil;&atilde;o, com l&acirc;mpadas e lumin&aacute;rias mais modernas, garantindo maior ilumina&ccedil;&atilde;o no local e seguran&ccedil;a para a comunidade.<\/span><\/p>\n<p style=\"text-align: justify;\"><span style=\"font-size: medium;\">O morador Jos&eacute; Carlos elogiou a obra. &#8220;A gente percebe que &eacute; uma pista de qualidade. Al&eacute;m do asfalto novo, n&atilde;o passa mais esgoto na frente das casas e lojas. O prefeito est&aacute; de parab&eacute;ns e n&oacute;s estamos satisfeitos&#8221;, agradeceu o morador.<\/span><\/p>\n<p style=\"text-align: justify;\">&nbsp;<\/p>\n<p style=\"text-align: justify;\">Com informa&ccedil;&otilde;es da Secom\/PMJ<\/p><\/p>\n","protected":false},"excerpt":{"rendered":"<p>Pavimenta&ccedil;&atilde;o da principal Avenida do Jo&atilde;o Paulo II chega &agrave; fase final Os moradores do Jo&atilde;o Paulo II est&atilde;o comemorando a finaliza&ccedil;&atilde;o da &uacute;ltima etapa da recupera&ccedil;&atilde;o da principal Avenida do bairro, a Cheffic Khoury. A Avenida recebeu saneamento, uma moderna ilumina&ccedil;&atilde;o e a pavimenta&ccedil;&atilde;o asf&aacute;ltica totalmente nova. O secret&aacute;rio interino de Desenvolvimento Urbano, Anderson Fonseca visitou a obra na tarde desta quarta-feira (02) e informou que a pavimenta&ccedil;&atilde;o est&aacute; na fase final. &#8220;A coloca&ccedil;&atilde;o do asfalto foi conclu&iacute;da, agora falta apenas &agrave; sinaliza&ccedil;&atilde;o horizontal e vertical. Hoje a recupera&ccedil;&atilde;o da Cheffic Khoury &eacute; uma realidade, a popula&ccedil;&atilde;o est&aacute; recebendo uma obra de qualidade&#8221;, afirmou o secret&aacute;rio. A Avenida recebeu a instala&ccedil;&atilde;o de 800m de tubula&ccedil;&atilde;o de rede coletora, e&hellip; <\/p>\n","protected":false},"author":0,"featured_media":0,"comment_status":"open","ping_status":"open","sticky":false,"template":"","format":"standard","meta":{"_acf_changed":false,"footnotes":""},"categories":[13],"tags":[],"class_list":["post-13632","post","type-post","status-publish","format-standard","hentry","category-fruticultura"],"acf":[],"yoast_head":"<!-- This site is optimized with the Yoast SEO plugin v27.4 - https:\/\/yoast.com\/product\/yoast-seo-wordpress\/ -->\n<title>Pavimenta\u00e7\u00e3o da principal Avenida do Jo\u00e3o Paulo II chega \u00e0 fase final  - Blog do Farn\u00e9sio<\/title>\n<meta name=\"robots\" content=\"index, follow, max-snippet:-1, max-image-preview:large, max-video-preview:-1\" \/>\n<link rel=\"canonical\" href=\"https:\/\/blogdofarnesio.com.br\/?p=13632\" \/>\n<meta property=\"og:locale\" content=\"pt_BR\" \/>\n<meta property=\"og:type\" content=\"article\" \/>\n<meta property=\"og:title\" content=\"Pavimenta\u00e7\u00e3o da principal Avenida do Jo\u00e3o Paulo II chega \u00e0 fase final  - Blog do Farn\u00e9sio\" \/>\n<meta property=\"og:description\" content=\"Pavimenta&ccedil;&atilde;o da principal Avenida do Jo&atilde;o Paulo II chega &agrave; fase final Os moradores do Jo&atilde;o Paulo II est&atilde;o comemorando a finaliza&ccedil;&atilde;o da &uacute;ltima etapa da recupera&ccedil;&atilde;o da principal Avenida do bairro, a Cheffic Khoury. A Avenida recebeu saneamento, uma moderna ilumina&ccedil;&atilde;o e a pavimenta&ccedil;&atilde;o asf&aacute;ltica totalmente nova. O secret&aacute;rio interino de Desenvolvimento Urbano, Anderson Fonseca visitou a obra na tarde desta quarta-feira (02) e informou que a pavimenta&ccedil;&atilde;o est&aacute; na fase final. &#8220;A coloca&ccedil;&atilde;o do asfalto foi conclu&iacute;da, agora falta apenas &agrave; sinaliza&ccedil;&atilde;o horizontal e vertical. Hoje a recupera&ccedil;&atilde;o da Cheffic Khoury &eacute; uma realidade, a popula&ccedil;&atilde;o est&aacute; recebendo uma obra de qualidade&#8221;, afirmou o secret&aacute;rio. A Avenida recebeu a instala&ccedil;&atilde;o de 800m de tubula&ccedil;&atilde;o de rede coletora, e&hellip;\" \/>\n<meta property=\"og:url\" content=\"https:\/\/blogdofarnesio.com.br\/?p=13632\" \/>\n<meta property=\"og:site_name\" content=\"Blog do Farn\u00e9sio\" \/>\n<meta property=\"article:publisher\" content=\"https:\/\/www.facebook.com\/BlogQuerSaberPolitica\/\" \/>\n<meta property=\"article:published_time\" content=\"2012-05-03T14:41:34+00:00\" \/>\n<meta property=\"og:image\" content=\"http:\/\/www.quersaberpolitica.com.br\/2016\/wp-content\/uploads\/2012\/12\/blogqsppavimentat.jpg\" \/>\n<meta name=\"twitter:card\" content=\"summary_large_image\" \/>\n<meta name=\"twitter:label1\" content=\"Est. tempo de leitura\" \/>\n\t<meta name=\"twitter:data1\" content=\"2 minutos\" \/>\n<script type=\"application\/ld+json\" class=\"yoast-schema-graph\">{\"@context\":\"https:\\\/\\\/schema.org\",\"@graph\":[{\"@type\":\"Article\",\"@id\":\"https:\\\/\\\/blogdofarnesio.com.br\\\/?p=13632#article\",\"isPartOf\":{\"@id\":\"https:\\\/\\\/blogdofarnesio.com.br\\\/?p=13632\"},\"author\":{\"name\":\"\",\"@id\":\"\"},\"headline\":\"Pavimenta\u00e7\u00e3o da principal Avenida do Jo\u00e3o Paulo II chega \u00e0 fase final\",\"datePublished\":\"2012-05-03T14:41:34+00:00\",\"mainEntityOfPage\":{\"@id\":\"https:\\\/\\\/blogdofarnesio.com.br\\\/?p=13632\"},\"wordCount\":328,\"commentCount\":0,\"publisher\":{\"@id\":\"https:\\\/\\\/blogdofarnesio.com.br\\\/#organization\"},\"image\":{\"@id\":\"https:\\\/\\\/blogdofarnesio.com.br\\\/?p=13632#primaryimage\"},\"thumbnailUrl\":\"http:\\\/\\\/www.quersaberpolitica.com.br\\\/2016\\\/wp-content\\\/uploads\\\/2012\\\/12\\\/blogqsppavimentat.jpg\",\"articleSection\":[\"Fruticultura\"],\"inLanguage\":\"pt-BR\",\"potentialAction\":[{\"@type\":\"CommentAction\",\"name\":\"Comment\",\"target\":[\"https:\\\/\\\/blogdofarnesio.com.br\\\/?p=13632#respond\"]}]},{\"@type\":\"WebPage\",\"@id\":\"https:\\\/\\\/blogdofarnesio.com.br\\\/?p=13632\",\"url\":\"https:\\\/\\\/blogdofarnesio.com.br\\\/?p=13632\",\"name\":\"Pavimenta\u00e7\u00e3o da principal Avenida do Jo\u00e3o Paulo II chega \u00e0 fase final - Blog do Farn\u00e9sio\",\"isPartOf\":{\"@id\":\"https:\\\/\\\/blogdofarnesio.com.br\\\/#website\"},\"primaryImageOfPage\":{\"@id\":\"https:\\\/\\\/blogdofarnesio.com.br\\\/?p=13632#primaryimage\"},\"image\":{\"@id\":\"https:\\\/\\\/blogdofarnesio.com.br\\\/?p=13632#primaryimage\"},\"thumbnailUrl\":\"http:\\\/\\\/www.quersaberpolitica.com.br\\\/2016\\\/wp-content\\\/uploads\\\/2012\\\/12\\\/blogqsppavimentat.jpg\",\"datePublished\":\"2012-05-03T14:41:34+00:00\",\"breadcrumb\":{\"@id\":\"https:\\\/\\\/blogdofarnesio.com.br\\\/?p=13632#breadcrumb\"},\"inLanguage\":\"pt-BR\",\"potentialAction\":[{\"@type\":\"ReadAction\",\"target\":[\"https:\\\/\\\/blogdofarnesio.com.br\\\/?p=13632\"]}]},{\"@type\":\"ImageObject\",\"inLanguage\":\"pt-BR\",\"@id\":\"https:\\\/\\\/blogdofarnesio.com.br\\\/?p=13632#primaryimage\",\"url\":\"http:\\\/\\\/www.quersaberpolitica.com.br\\\/2016\\\/wp-content\\\/uploads\\\/2012\\\/12\\\/blogqsppavimentat.jpg\",\"contentUrl\":\"http:\\\/\\\/www.quersaberpolitica.com.br\\\/2016\\\/wp-content\\\/uploads\\\/2012\\\/12\\\/blogqsppavimentat.jpg\"},{\"@type\":\"BreadcrumbList\",\"@id\":\"https:\\\/\\\/blogdofarnesio.com.br\\\/?p=13632#breadcrumb\",\"itemListElement\":[{\"@type\":\"ListItem\",\"position\":1,\"name\":\"In\u00edcio\",\"item\":\"https:\\\/\\\/blogdofarnesio.com.br\\\/\"},{\"@type\":\"ListItem\",\"position\":2,\"name\":\"Pavimenta\u00e7\u00e3o da principal Avenida do Jo\u00e3o Paulo II chega \u00e0 fase final\"}]},{\"@type\":\"WebSite\",\"@id\":\"https:\\\/\\\/blogdofarnesio.com.br\\\/#website\",\"url\":\"https:\\\/\\\/blogdofarnesio.com.br\\\/\",\"name\":\"Blog do Farn\u00e9sio\",\"description\":\"Quer Saber Pol\u00edtica?\",\"publisher\":{\"@id\":\"https:\\\/\\\/blogdofarnesio.com.br\\\/#organization\"},\"potentialAction\":[{\"@type\":\"SearchAction\",\"target\":{\"@type\":\"EntryPoint\",\"urlTemplate\":\"https:\\\/\\\/blogdofarnesio.com.br\\\/?s={search_term_string}\"},\"query-input\":{\"@type\":\"PropertyValueSpecification\",\"valueRequired\":true,\"valueName\":\"search_term_string\"}}],\"inLanguage\":\"pt-BR\"},{\"@type\":\"Organization\",\"@id\":\"https:\\\/\\\/blogdofarnesio.com.br\\\/#organization\",\"name\":\"Blog do Farn\u00e9sio\",\"url\":\"https:\\\/\\\/blogdofarnesio.com.br\\\/\",\"logo\":{\"@type\":\"ImageObject\",\"inLanguage\":\"pt-BR\",\"@id\":\"https:\\\/\\\/blogdofarnesio.com.br\\\/#\\\/schema\\\/logo\\\/image\\\/\",\"url\":\"https:\\\/\\\/blogdofarnesio.com.br\\\/wp-content\\\/uploads\\\/2026\\\/03\\\/cropped-logo_new-1.png\",\"contentUrl\":\"https:\\\/\\\/blogdofarnesio.com.br\\\/wp-content\\\/uploads\\\/2026\\\/03\\\/cropped-logo_new-1.png\",\"width\":881,\"height\":685,\"caption\":\"Blog do Farn\u00e9sio\"},\"image\":{\"@id\":\"https:\\\/\\\/blogdofarnesio.com.br\\\/#\\\/schema\\\/logo\\\/image\\\/\"},\"sameAs\":[\"https:\\\/\\\/www.facebook.com\\\/BlogQuerSaberPolitica\\\/\"]}]}<\/script>\n<!-- \/ Yoast SEO plugin. -->","yoast_head_json":{"title":"Pavimenta\u00e7\u00e3o da principal Avenida do Jo\u00e3o Paulo II chega \u00e0 fase final  - Blog do Farn\u00e9sio","robots":{"index":"index","follow":"follow","max-snippet":"max-snippet:-1","max-image-preview":"max-image-preview:large","max-video-preview":"max-video-preview:-1"},"canonical":"https:\/\/blogdofarnesio.com.br\/?p=13632","og_locale":"pt_BR","og_type":"article","og_title":"Pavimenta\u00e7\u00e3o da principal Avenida do Jo\u00e3o Paulo II chega \u00e0 fase final  - Blog do Farn\u00e9sio","og_description":"Pavimenta&ccedil;&atilde;o da principal Avenida do Jo&atilde;o Paulo II chega &agrave; fase final Os moradores do Jo&atilde;o Paulo II est&atilde;o comemorando a finaliza&ccedil;&atilde;o da &uacute;ltima etapa da recupera&ccedil;&atilde;o da principal Avenida do bairro, a Cheffic Khoury. A Avenida recebeu saneamento, uma moderna ilumina&ccedil;&atilde;o e a pavimenta&ccedil;&atilde;o asf&aacute;ltica totalmente nova. O secret&aacute;rio interino de Desenvolvimento Urbano, Anderson Fonseca visitou a obra na tarde desta quarta-feira (02) e informou que a pavimenta&ccedil;&atilde;o est&aacute; na fase final. &#8220;A coloca&ccedil;&atilde;o do asfalto foi conclu&iacute;da, agora falta apenas &agrave; sinaliza&ccedil;&atilde;o horizontal e vertical. Hoje a recupera&ccedil;&atilde;o da Cheffic Khoury &eacute; uma realidade, a popula&ccedil;&atilde;o est&aacute; recebendo uma obra de qualidade&#8221;, afirmou o secret&aacute;rio. A Avenida recebeu a instala&ccedil;&atilde;o de 800m de tubula&ccedil;&atilde;o de rede coletora, e&hellip;","og_url":"https:\/\/blogdofarnesio.com.br\/?p=13632","og_site_name":"Blog do Farn\u00e9sio","article_publisher":"https:\/\/www.facebook.com\/BlogQuerSaberPolitica\/","article_published_time":"2012-05-03T14:41:34+00:00","og_image":[{"url":"http:\/\/www.quersaberpolitica.com.br\/2016\/wp-content\/uploads\/2012\/12\/blogqsppavimentat.jpg","type":"","width":"","height":""}],"twitter_card":"summary_large_image","twitter_misc":{"Est. tempo de leitura":"2 minutos"},"schema":{"@context":"https:\/\/schema.org","@graph":[{"@type":"Article","@id":"https:\/\/blogdofarnesio.com.br\/?p=13632#article","isPartOf":{"@id":"https:\/\/blogdofarnesio.com.br\/?p=13632"},"author":{"name":"","@id":""},"headline":"Pavimenta\u00e7\u00e3o da principal Avenida do Jo\u00e3o Paulo II chega \u00e0 fase final","datePublished":"2012-05-03T14:41:34+00:00","mainEntityOfPage":{"@id":"https:\/\/blogdofarnesio.com.br\/?p=13632"},"wordCount":328,"commentCount":0,"publisher":{"@id":"https:\/\/blogdofarnesio.com.br\/#organization"},"image":{"@id":"https:\/\/blogdofarnesio.com.br\/?p=13632#primaryimage"},"thumbnailUrl":"http:\/\/www.quersaberpolitica.com.br\/2016\/wp-content\/uploads\/2012\/12\/blogqsppavimentat.jpg","articleSection":["Fruticultura"],"inLanguage":"pt-BR","potentialAction":[{"@type":"CommentAction","name":"Comment","target":["https:\/\/blogdofarnesio.com.br\/?p=13632#respond"]}]},{"@type":"WebPage","@id":"https:\/\/blogdofarnesio.com.br\/?p=13632","url":"https:\/\/blogdofarnesio.com.br\/?p=13632","name":"Pavimenta\u00e7\u00e3o da principal Avenida do Jo\u00e3o Paulo II chega \u00e0 fase final - Blog do Farn\u00e9sio","isPartOf":{"@id":"https:\/\/blogdofarnesio.com.br\/#website"},"primaryImageOfPage":{"@id":"https:\/\/blogdofarnesio.com.br\/?p=13632#primaryimage"},"image":{"@id":"https:\/\/blogdofarnesio.com.br\/?p=13632#primaryimage"},"thumbnailUrl":"http:\/\/www.quersaberpolitica.com.br\/2016\/wp-content\/uploads\/2012\/12\/blogqsppavimentat.jpg","datePublished":"2012-05-03T14:41:34+00:00","breadcrumb":{"@id":"https:\/\/blogdofarnesio.com.br\/?p=13632#breadcrumb"},"inLanguage":"pt-BR","potentialAction":[{"@type":"ReadAction","target":["https:\/\/blogdofarnesio.com.br\/?p=13632"]}]},{"@type":"ImageObject","inLanguage":"pt-BR","@id":"https:\/\/blogdofarnesio.com.br\/?p=13632#primaryimage","url":"http:\/\/www.quersaberpolitica.com.br\/2016\/wp-content\/uploads\/2012\/12\/blogqsppavimentat.jpg","contentUrl":"http:\/\/www.quersaberpolitica.com.br\/2016\/wp-content\/uploads\/2012\/12\/blogqsppavimentat.jpg"},{"@type":"BreadcrumbList","@id":"https:\/\/blogdofarnesio.com.br\/?p=13632#breadcrumb","itemListElement":[{"@type":"ListItem","position":1,"name":"In\u00edcio","item":"https:\/\/blogdofarnesio.com.br\/"},{"@type":"ListItem","position":2,"name":"Pavimenta\u00e7\u00e3o da principal Avenida do Jo\u00e3o Paulo II chega \u00e0 fase final"}]},{"@type":"WebSite","@id":"https:\/\/blogdofarnesio.com.br\/#website","url":"https:\/\/blogdofarnesio.com.br\/","name":"Blog do Farn\u00e9sio","description":"Quer Saber Pol\u00edtica?","publisher":{"@id":"https:\/\/blogdofarnesio.com.br\/#organization"},"potentialAction":[{"@type":"SearchAction","target":{"@type":"EntryPoint","urlTemplate":"https:\/\/blogdofarnesio.com.br\/?s={search_term_string}"},"query-input":{"@type":"PropertyValueSpecification","valueRequired":true,"valueName":"search_term_string"}}],"inLanguage":"pt-BR"},{"@type":"Organization","@id":"https:\/\/blogdofarnesio.com.br\/#organization","name":"Blog do Farn\u00e9sio","url":"https:\/\/blogdofarnesio.com.br\/","logo":{"@type":"ImageObject","inLanguage":"pt-BR","@id":"https:\/\/blogdofarnesio.com.br\/#\/schema\/logo\/image\/","url":"https:\/\/blogdofarnesio.com.br\/wp-content\/uploads\/2026\/03\/cropped-logo_new-1.png","contentUrl":"https:\/\/blogdofarnesio.com.br\/wp-content\/uploads\/2026\/03\/cropped-logo_new-1.png","width":881,"height":685,"caption":"Blog do Farn\u00e9sio"},"image":{"@id":"https:\/\/blogdofarnesio.com.br\/#\/schema\/logo\/image\/"},"sameAs":["https:\/\/www.facebook.com\/BlogQuerSaberPolitica\/"]}]}},"_links":{"self":[{"href":"https:\/\/blogdofarnesio.com.br\/index.php?rest_route=\/wp\/v2\/posts\/13632","targetHints":{"allow":["GET"]}}],"collection":[{"href":"https:\/\/blogdofarnesio.com.br\/index.php?rest_route=\/wp\/v2\/posts"}],"about":[{"href":"https:\/\/blogdofarnesio.com.br\/index.php?rest_route=\/wp\/v2\/types\/post"}],"replies":[{"embeddable":true,"href":"https:\/\/blogdofarnesio.com.br\/index.php?rest_route=%2Fwp%2Fv2%2Fcomments&post=13632"}],"version-history":[{"count":0,"href":"https:\/\/blogdofarnesio.com.br\/index.php?rest_route=\/wp\/v2\/posts\/13632\/revisions"}],"wp:attachment":[{"href":"https:\/\/blogdofarnesio.com.br\/index.php?rest_route=%2Fwp%2Fv2%2Fmedia&parent=13632"}],"wp:term":[{"taxonomy":"category","embeddable":true,"href":"https:\/\/blogdofarnesio.com.br\/index.php?rest_route=%2Fwp%2Fv2%2Fcategories&post=13632"},{"taxonomy":"post_tag","embeddable":true,"href":"https:\/\/blogdofarnesio.com.br\/index.php?rest_route=%2Fwp%2Fv2%2Ftags&post=13632"}],"curies":[{"name":"wp","href":"https:\/\/api.w.org\/{rel}","templated":true}]}}