{"id":13605,"date":"2012-05-03T07:44:13","date_gmt":"2012-05-03T07:44:13","guid":{"rendered":"http:\/\/www.quersaberpolitica.com.br?p=13605"},"modified":"-0001-11-30T00:00:00","modified_gmt":"-0001-11-30T03:00:00","slug":"vereadora-marcia-revela-realidades-distintas-da-estiagem-e-reforca-criticas-contra-uso-eleitoreiro-da-agua","status":"publish","type":"post","link":"https:\/\/blogdofarnesio.com.br\/?p=13605","title":{"rendered":"Vereadora M\u00e1rcia revela realidades distintas da estiagem e refor\u00e7a cr\u00edticas contra \u201cuso eleitoreiro\u201d da \u00e1gua"},"content":{"rendered":"<p><p style=\"text-align: justify;\"><span style=\"font-size: medium;\"><strong>Vereadora M&aacute;rcia revela realidades distintas da estiagem e refor&ccedil;a cr&iacute;ticas contra &ldquo;uso eleitoreiro&rdquo; da &aacute;gua<\/strong><\/span><\/p>\n<p style=\"text-align: justify;\"><span style=\"font-size: medium;\"><a rel=\"lightbox\" href=\"http:\/\/www.quersaberpolitica.com.br\/2016\/wp-content\/uploads\/2012\/12\/blogqspmarciaa_(1).jpg\"><img loading=\"lazy\" decoding=\"async\" style=\"float: left; margin-top: 5px; margin-bottom: 5px; margin-left: 10px; margin-right: 10px;\" src=\"http:\/\/www.quersaberpolitica.com.br\/2016\/wp-content\/uploads\/2012\/12\/blogqspmarciaa_(1).jpg\" alt=\"\" width=\"200\" height=\"150\" \/><\/a>Se a estiagem deixa efeitos devastadores na regi&atilde;o, tamb&eacute;m provoca realidades distintas. Foi isso que a vereadora M&aacute;rcia Cavalcante (PSD) trouxe na semana passada, em discurso que pronunciou no plen&aacute;rio da Casa Pl&iacute;nio Amorim.<\/span><\/p>\n<p style=\"text-align: justify;\"><span style=\"font-size: medium;\">Ela lembrou, nos dois casos, situa&ccedil;&otilde;es antag&ocirc;nicas de fam&iacute;lias que vivem na &aacute;rea rural de Petrolina. No primeiro, M&aacute;rcia enalteceu as 25 fam&iacute;lias do assentamento Gavi&atilde;o, que est&atilde;o &#8220;plantando e colhendo&#8221; o que v&ecirc;m produzindo com apoio do governo do estado e da Codevasf.<\/span><\/p>\n<p style=\"text-align: justify;\"><span style=\"font-size: medium;\">Em plena situa&ccedil;&atilde;o de emerg&ecirc;ncia, segundo a vereadora, as fam&iacute;lias do assentamento tiram para seu sustento produtos como feij&atilde;o, tomate e goiaba (entre outros).<\/span><\/p>\n<p style=\"text-align: justify;\"><span style=\"font-size: medium;\">No outro lado da moeda est&atilde;o comunidades como Uru&aacute;s e Cruz de Salinas. Esta &uacute;ltima j&aacute; viveu, inclusive, bons momentos com a cultura do tomate. Mas, nas andan&ccedil;as que tem feito pelo interior, M&aacute;rcia se disse entristecida pelo fato do a&ccedil;ude n&atilde;o ter mais &aacute;gua, por conta da estiagem, o que prejudicou a produ&ccedil;&atilde;o do fruto.<\/span><\/p>\n<p style=\"text-align: justify;\"><span style=\"font-size: medium;\">Devendo favor<\/span><\/p>\n<p style=\"text-align: justify;\"><span style=\"font-size: medium;\">A vereadora elogiou a antecipa&ccedil;&atilde;o de medidas emergenciais por parte da presidente Dilma Rousseff e do ministro Fernando Bezerra Coelho (Integra&ccedil;&atilde;o Nacional) para amenizar a problem&aacute;tica. Mas alertou: &#8220;&Eacute; preciso repensar o planejamento da cidade, inclusive com investimentos. Preocupo-me com a gera&ccedil;&atilde;o de viol&ecirc;ncia diante de uma situa&ccedil;&atilde;o como essa&#8221;.<\/span><\/p>\n<p style=\"text-align: justify;\"><span style=\"font-size: medium;\">M&aacute;rcia tamb&eacute;m n&atilde;o deixou de criticar aqueles que tiram proveito eleitoreiro do drama das fam&iacute;lias por conta da estiagem. &#8220;Acho cruel os cidad&atilde;os ficarem devendo favores pol&iacute;ticos para receber &aacute;gua&#8221;, desabafou.<\/span><\/p>\n<p style=\"text-align: justify;\">&nbsp;<\/p>\n<p style=\"text-align: justify;\">Com informa&ccedil;&otilde;es da Ascom\/M&aacute;rcia Cavalcanti (PSD)<\/p><\/p>\n","protected":false},"excerpt":{"rendered":"<p>Vereadora M&aacute;rcia revela realidades distintas da estiagem e refor&ccedil;a cr&iacute;ticas contra &ldquo;uso eleitoreiro&rdquo; da &aacute;gua Se a estiagem deixa efeitos devastadores na regi&atilde;o, tamb&eacute;m provoca realidades distintas. Foi isso que a vereadora M&aacute;rcia Cavalcante (PSD) trouxe na semana passada, em discurso que pronunciou no plen&aacute;rio da Casa Pl&iacute;nio Amorim. Ela lembrou, nos dois casos, situa&ccedil;&otilde;es antag&ocirc;nicas de fam&iacute;lias que vivem na &aacute;rea rural de Petrolina. No primeiro, M&aacute;rcia enalteceu as 25 fam&iacute;lias do assentamento Gavi&atilde;o, que est&atilde;o &#8220;plantando e colhendo&#8221; o que v&ecirc;m produzindo com apoio do governo do estado e da Codevasf. Em plena situa&ccedil;&atilde;o de emerg&ecirc;ncia, segundo a vereadora, as fam&iacute;lias do assentamento tiram para seu sustento produtos como feij&atilde;o, tomate e goiaba (entre outros). No outro lado&hellip; <\/p>\n","protected":false},"author":0,"featured_media":0,"comment_status":"open","ping_status":"open","sticky":false,"template":"","format":"standard","meta":{"_acf_changed":false,"footnotes":""},"categories":[43],"tags":[],"class_list":["post-13605","post","type-post","status-publish","format-standard","hentry","category-sem-categoria"],"acf":[],"yoast_head":"<!-- This site is optimized with the Yoast SEO plugin v27.4 - https:\/\/yoast.com\/product\/yoast-seo-wordpress\/ -->\n<title>Vereadora M\u00e1rcia revela realidades distintas da estiagem e refor\u00e7a cr\u00edticas contra \u201cuso eleitoreiro\u201d da \u00e1gua  - Blog do Farn\u00e9sio<\/title>\n<meta name=\"robots\" content=\"index, follow, max-snippet:-1, max-image-preview:large, max-video-preview:-1\" \/>\n<link rel=\"canonical\" href=\"https:\/\/blogdofarnesio.com.br\/?p=13605\" \/>\n<meta property=\"og:locale\" content=\"pt_BR\" \/>\n<meta property=\"og:type\" content=\"article\" \/>\n<meta property=\"og:title\" content=\"Vereadora M\u00e1rcia revela realidades distintas da estiagem e refor\u00e7a cr\u00edticas contra \u201cuso eleitoreiro\u201d da \u00e1gua  - Blog do Farn\u00e9sio\" \/>\n<meta property=\"og:description\" content=\"Vereadora M&aacute;rcia revela realidades distintas da estiagem e refor&ccedil;a cr&iacute;ticas contra &ldquo;uso eleitoreiro&rdquo; da &aacute;gua Se a estiagem deixa efeitos devastadores na regi&atilde;o, tamb&eacute;m provoca realidades distintas. Foi isso que a vereadora M&aacute;rcia Cavalcante (PSD) trouxe na semana passada, em discurso que pronunciou no plen&aacute;rio da Casa Pl&iacute;nio Amorim. Ela lembrou, nos dois casos, situa&ccedil;&otilde;es antag&ocirc;nicas de fam&iacute;lias que vivem na &aacute;rea rural de Petrolina. No primeiro, M&aacute;rcia enalteceu as 25 fam&iacute;lias do assentamento Gavi&atilde;o, que est&atilde;o &#8220;plantando e colhendo&#8221; o que v&ecirc;m produzindo com apoio do governo do estado e da Codevasf. Em plena situa&ccedil;&atilde;o de emerg&ecirc;ncia, segundo a vereadora, as fam&iacute;lias do assentamento tiram para seu sustento produtos como feij&atilde;o, tomate e goiaba (entre outros). No outro lado&hellip;\" \/>\n<meta property=\"og:url\" content=\"https:\/\/blogdofarnesio.com.br\/?p=13605\" \/>\n<meta property=\"og:site_name\" content=\"Blog do Farn\u00e9sio\" \/>\n<meta property=\"article:publisher\" content=\"https:\/\/www.facebook.com\/BlogQuerSaberPolitica\/\" \/>\n<meta property=\"article:published_time\" content=\"2012-05-03T07:44:13+00:00\" \/>\n<meta property=\"og:image\" content=\"http:\/\/www.quersaberpolitica.com.br\/2016\/wp-content\/uploads\/2012\/12\/blogqspmarciaa_(1).jpg\" \/>\n<meta name=\"twitter:card\" content=\"summary_large_image\" \/>\n<meta name=\"twitter:label1\" content=\"Est. tempo de leitura\" \/>\n\t<meta name=\"twitter:data1\" content=\"2 minutos\" \/>\n<script type=\"application\/ld+json\" class=\"yoast-schema-graph\">{\"@context\":\"https:\\\/\\\/schema.org\",\"@graph\":[{\"@type\":\"Article\",\"@id\":\"https:\\\/\\\/blogdofarnesio.com.br\\\/?p=13605#article\",\"isPartOf\":{\"@id\":\"https:\\\/\\\/blogdofarnesio.com.br\\\/?p=13605\"},\"author\":{\"name\":\"\",\"@id\":\"\"},\"headline\":\"Vereadora M\u00e1rcia revela realidades distintas da estiagem e refor\u00e7a cr\u00edticas contra \u201cuso eleitoreiro\u201d da \u00e1gua\",\"datePublished\":\"2012-05-03T07:44:13+00:00\",\"mainEntityOfPage\":{\"@id\":\"https:\\\/\\\/blogdofarnesio.com.br\\\/?p=13605\"},\"wordCount\":379,\"commentCount\":0,\"publisher\":{\"@id\":\"https:\\\/\\\/blogdofarnesio.com.br\\\/#organization\"},\"image\":{\"@id\":\"https:\\\/\\\/blogdofarnesio.com.br\\\/?p=13605#primaryimage\"},\"thumbnailUrl\":\"http:\\\/\\\/www.quersaberpolitica.com.br\\\/2016\\\/wp-content\\\/uploads\\\/2012\\\/12\\\/blogqspmarciaa_(1).jpg\",\"inLanguage\":\"pt-BR\",\"potentialAction\":[{\"@type\":\"CommentAction\",\"name\":\"Comment\",\"target\":[\"https:\\\/\\\/blogdofarnesio.com.br\\\/?p=13605#respond\"]}]},{\"@type\":\"WebPage\",\"@id\":\"https:\\\/\\\/blogdofarnesio.com.br\\\/?p=13605\",\"url\":\"https:\\\/\\\/blogdofarnesio.com.br\\\/?p=13605\",\"name\":\"Vereadora M\u00e1rcia revela realidades distintas da estiagem e refor\u00e7a cr\u00edticas contra \u201cuso eleitoreiro\u201d da \u00e1gua - Blog do Farn\u00e9sio\",\"isPartOf\":{\"@id\":\"https:\\\/\\\/blogdofarnesio.com.br\\\/#website\"},\"primaryImageOfPage\":{\"@id\":\"https:\\\/\\\/blogdofarnesio.com.br\\\/?p=13605#primaryimage\"},\"image\":{\"@id\":\"https:\\\/\\\/blogdofarnesio.com.br\\\/?p=13605#primaryimage\"},\"thumbnailUrl\":\"http:\\\/\\\/www.quersaberpolitica.com.br\\\/2016\\\/wp-content\\\/uploads\\\/2012\\\/12\\\/blogqspmarciaa_(1).jpg\",\"datePublished\":\"2012-05-03T07:44:13+00:00\",\"breadcrumb\":{\"@id\":\"https:\\\/\\\/blogdofarnesio.com.br\\\/?p=13605#breadcrumb\"},\"inLanguage\":\"pt-BR\",\"potentialAction\":[{\"@type\":\"ReadAction\",\"target\":[\"https:\\\/\\\/blogdofarnesio.com.br\\\/?p=13605\"]}]},{\"@type\":\"ImageObject\",\"inLanguage\":\"pt-BR\",\"@id\":\"https:\\\/\\\/blogdofarnesio.com.br\\\/?p=13605#primaryimage\",\"url\":\"http:\\\/\\\/www.quersaberpolitica.com.br\\\/2016\\\/wp-content\\\/uploads\\\/2012\\\/12\\\/blogqspmarciaa_(1).jpg\",\"contentUrl\":\"http:\\\/\\\/www.quersaberpolitica.com.br\\\/2016\\\/wp-content\\\/uploads\\\/2012\\\/12\\\/blogqspmarciaa_(1).jpg\"},{\"@type\":\"BreadcrumbList\",\"@id\":\"https:\\\/\\\/blogdofarnesio.com.br\\\/?p=13605#breadcrumb\",\"itemListElement\":[{\"@type\":\"ListItem\",\"position\":1,\"name\":\"In\u00edcio\",\"item\":\"https:\\\/\\\/blogdofarnesio.com.br\\\/\"},{\"@type\":\"ListItem\",\"position\":2,\"name\":\"Vereadora M\u00e1rcia revela realidades distintas da estiagem e refor\u00e7a cr\u00edticas contra \u201cuso eleitoreiro\u201d da \u00e1gua\"}]},{\"@type\":\"WebSite\",\"@id\":\"https:\\\/\\\/blogdofarnesio.com.br\\\/#website\",\"url\":\"https:\\\/\\\/blogdofarnesio.com.br\\\/\",\"name\":\"Blog do Farn\u00e9sio\",\"description\":\"Quer Saber Pol\u00edtica?\",\"publisher\":{\"@id\":\"https:\\\/\\\/blogdofarnesio.com.br\\\/#organization\"},\"potentialAction\":[{\"@type\":\"SearchAction\",\"target\":{\"@type\":\"EntryPoint\",\"urlTemplate\":\"https:\\\/\\\/blogdofarnesio.com.br\\\/?s={search_term_string}\"},\"query-input\":{\"@type\":\"PropertyValueSpecification\",\"valueRequired\":true,\"valueName\":\"search_term_string\"}}],\"inLanguage\":\"pt-BR\"},{\"@type\":\"Organization\",\"@id\":\"https:\\\/\\\/blogdofarnesio.com.br\\\/#organization\",\"name\":\"Blog do Farn\u00e9sio\",\"url\":\"https:\\\/\\\/blogdofarnesio.com.br\\\/\",\"logo\":{\"@type\":\"ImageObject\",\"inLanguage\":\"pt-BR\",\"@id\":\"https:\\\/\\\/blogdofarnesio.com.br\\\/#\\\/schema\\\/logo\\\/image\\\/\",\"url\":\"https:\\\/\\\/blogdofarnesio.com.br\\\/wp-content\\\/uploads\\\/2026\\\/03\\\/cropped-logo_new-1.png\",\"contentUrl\":\"https:\\\/\\\/blogdofarnesio.com.br\\\/wp-content\\\/uploads\\\/2026\\\/03\\\/cropped-logo_new-1.png\",\"width\":881,\"height\":685,\"caption\":\"Blog do Farn\u00e9sio\"},\"image\":{\"@id\":\"https:\\\/\\\/blogdofarnesio.com.br\\\/#\\\/schema\\\/logo\\\/image\\\/\"},\"sameAs\":[\"https:\\\/\\\/www.facebook.com\\\/BlogQuerSaberPolitica\\\/\"]}]}<\/script>\n<!-- \/ Yoast SEO plugin. -->","yoast_head_json":{"title":"Vereadora M\u00e1rcia revela realidades distintas da estiagem e refor\u00e7a cr\u00edticas contra \u201cuso eleitoreiro\u201d da \u00e1gua  - Blog do Farn\u00e9sio","robots":{"index":"index","follow":"follow","max-snippet":"max-snippet:-1","max-image-preview":"max-image-preview:large","max-video-preview":"max-video-preview:-1"},"canonical":"https:\/\/blogdofarnesio.com.br\/?p=13605","og_locale":"pt_BR","og_type":"article","og_title":"Vereadora M\u00e1rcia revela realidades distintas da estiagem e refor\u00e7a cr\u00edticas contra \u201cuso eleitoreiro\u201d da \u00e1gua  - Blog do Farn\u00e9sio","og_description":"Vereadora M&aacute;rcia revela realidades distintas da estiagem e refor&ccedil;a cr&iacute;ticas contra &ldquo;uso eleitoreiro&rdquo; da &aacute;gua Se a estiagem deixa efeitos devastadores na regi&atilde;o, tamb&eacute;m provoca realidades distintas. Foi isso que a vereadora M&aacute;rcia Cavalcante (PSD) trouxe na semana passada, em discurso que pronunciou no plen&aacute;rio da Casa Pl&iacute;nio Amorim. Ela lembrou, nos dois casos, situa&ccedil;&otilde;es antag&ocirc;nicas de fam&iacute;lias que vivem na &aacute;rea rural de Petrolina. No primeiro, M&aacute;rcia enalteceu as 25 fam&iacute;lias do assentamento Gavi&atilde;o, que est&atilde;o &#8220;plantando e colhendo&#8221; o que v&ecirc;m produzindo com apoio do governo do estado e da Codevasf. Em plena situa&ccedil;&atilde;o de emerg&ecirc;ncia, segundo a vereadora, as fam&iacute;lias do assentamento tiram para seu sustento produtos como feij&atilde;o, tomate e goiaba (entre outros). No outro lado&hellip;","og_url":"https:\/\/blogdofarnesio.com.br\/?p=13605","og_site_name":"Blog do Farn\u00e9sio","article_publisher":"https:\/\/www.facebook.com\/BlogQuerSaberPolitica\/","article_published_time":"2012-05-03T07:44:13+00:00","og_image":[{"url":"http:\/\/www.quersaberpolitica.com.br\/2016\/wp-content\/uploads\/2012\/12\/blogqspmarciaa_(1).jpg","type":"","width":"","height":""}],"twitter_card":"summary_large_image","twitter_misc":{"Est. tempo de leitura":"2 minutos"},"schema":{"@context":"https:\/\/schema.org","@graph":[{"@type":"Article","@id":"https:\/\/blogdofarnesio.com.br\/?p=13605#article","isPartOf":{"@id":"https:\/\/blogdofarnesio.com.br\/?p=13605"},"author":{"name":"","@id":""},"headline":"Vereadora M\u00e1rcia revela realidades distintas da estiagem e refor\u00e7a cr\u00edticas contra \u201cuso eleitoreiro\u201d da \u00e1gua","datePublished":"2012-05-03T07:44:13+00:00","mainEntityOfPage":{"@id":"https:\/\/blogdofarnesio.com.br\/?p=13605"},"wordCount":379,"commentCount":0,"publisher":{"@id":"https:\/\/blogdofarnesio.com.br\/#organization"},"image":{"@id":"https:\/\/blogdofarnesio.com.br\/?p=13605#primaryimage"},"thumbnailUrl":"http:\/\/www.quersaberpolitica.com.br\/2016\/wp-content\/uploads\/2012\/12\/blogqspmarciaa_(1).jpg","inLanguage":"pt-BR","potentialAction":[{"@type":"CommentAction","name":"Comment","target":["https:\/\/blogdofarnesio.com.br\/?p=13605#respond"]}]},{"@type":"WebPage","@id":"https:\/\/blogdofarnesio.com.br\/?p=13605","url":"https:\/\/blogdofarnesio.com.br\/?p=13605","name":"Vereadora M\u00e1rcia revela realidades distintas da estiagem e refor\u00e7a cr\u00edticas contra \u201cuso eleitoreiro\u201d da \u00e1gua - Blog do Farn\u00e9sio","isPartOf":{"@id":"https:\/\/blogdofarnesio.com.br\/#website"},"primaryImageOfPage":{"@id":"https:\/\/blogdofarnesio.com.br\/?p=13605#primaryimage"},"image":{"@id":"https:\/\/blogdofarnesio.com.br\/?p=13605#primaryimage"},"thumbnailUrl":"http:\/\/www.quersaberpolitica.com.br\/2016\/wp-content\/uploads\/2012\/12\/blogqspmarciaa_(1).jpg","datePublished":"2012-05-03T07:44:13+00:00","breadcrumb":{"@id":"https:\/\/blogdofarnesio.com.br\/?p=13605#breadcrumb"},"inLanguage":"pt-BR","potentialAction":[{"@type":"ReadAction","target":["https:\/\/blogdofarnesio.com.br\/?p=13605"]}]},{"@type":"ImageObject","inLanguage":"pt-BR","@id":"https:\/\/blogdofarnesio.com.br\/?p=13605#primaryimage","url":"http:\/\/www.quersaberpolitica.com.br\/2016\/wp-content\/uploads\/2012\/12\/blogqspmarciaa_(1).jpg","contentUrl":"http:\/\/www.quersaberpolitica.com.br\/2016\/wp-content\/uploads\/2012\/12\/blogqspmarciaa_(1).jpg"},{"@type":"BreadcrumbList","@id":"https:\/\/blogdofarnesio.com.br\/?p=13605#breadcrumb","itemListElement":[{"@type":"ListItem","position":1,"name":"In\u00edcio","item":"https:\/\/blogdofarnesio.com.br\/"},{"@type":"ListItem","position":2,"name":"Vereadora M\u00e1rcia revela realidades distintas da estiagem e refor\u00e7a cr\u00edticas contra \u201cuso eleitoreiro\u201d da \u00e1gua"}]},{"@type":"WebSite","@id":"https:\/\/blogdofarnesio.com.br\/#website","url":"https:\/\/blogdofarnesio.com.br\/","name":"Blog do Farn\u00e9sio","description":"Quer Saber Pol\u00edtica?","publisher":{"@id":"https:\/\/blogdofarnesio.com.br\/#organization"},"potentialAction":[{"@type":"SearchAction","target":{"@type":"EntryPoint","urlTemplate":"https:\/\/blogdofarnesio.com.br\/?s={search_term_string}"},"query-input":{"@type":"PropertyValueSpecification","valueRequired":true,"valueName":"search_term_string"}}],"inLanguage":"pt-BR"},{"@type":"Organization","@id":"https:\/\/blogdofarnesio.com.br\/#organization","name":"Blog do Farn\u00e9sio","url":"https:\/\/blogdofarnesio.com.br\/","logo":{"@type":"ImageObject","inLanguage":"pt-BR","@id":"https:\/\/blogdofarnesio.com.br\/#\/schema\/logo\/image\/","url":"https:\/\/blogdofarnesio.com.br\/wp-content\/uploads\/2026\/03\/cropped-logo_new-1.png","contentUrl":"https:\/\/blogdofarnesio.com.br\/wp-content\/uploads\/2026\/03\/cropped-logo_new-1.png","width":881,"height":685,"caption":"Blog do Farn\u00e9sio"},"image":{"@id":"https:\/\/blogdofarnesio.com.br\/#\/schema\/logo\/image\/"},"sameAs":["https:\/\/www.facebook.com\/BlogQuerSaberPolitica\/"]}]}},"_links":{"self":[{"href":"https:\/\/blogdofarnesio.com.br\/index.php?rest_route=\/wp\/v2\/posts\/13605","targetHints":{"allow":["GET"]}}],"collection":[{"href":"https:\/\/blogdofarnesio.com.br\/index.php?rest_route=\/wp\/v2\/posts"}],"about":[{"href":"https:\/\/blogdofarnesio.com.br\/index.php?rest_route=\/wp\/v2\/types\/post"}],"replies":[{"embeddable":true,"href":"https:\/\/blogdofarnesio.com.br\/index.php?rest_route=%2Fwp%2Fv2%2Fcomments&post=13605"}],"version-history":[{"count":0,"href":"https:\/\/blogdofarnesio.com.br\/index.php?rest_route=\/wp\/v2\/posts\/13605\/revisions"}],"wp:attachment":[{"href":"https:\/\/blogdofarnesio.com.br\/index.php?rest_route=%2Fwp%2Fv2%2Fmedia&parent=13605"}],"wp:term":[{"taxonomy":"category","embeddable":true,"href":"https:\/\/blogdofarnesio.com.br\/index.php?rest_route=%2Fwp%2Fv2%2Fcategories&post=13605"},{"taxonomy":"post_tag","embeddable":true,"href":"https:\/\/blogdofarnesio.com.br\/index.php?rest_route=%2Fwp%2Fv2%2Ftags&post=13605"}],"curies":[{"name":"wp","href":"https:\/\/api.w.org\/{rel}","templated":true}]}}